{"id":50162,"date":"2021-02-03T12:11:20","date_gmt":"2021-02-03T17:11:20","guid":{"rendered":"https:\/\/pagina10.com\/web\/?p=50162"},"modified":"2021-02-04T03:39:55","modified_gmt":"2021-02-04T08:39:55","slug":"nuevo-asesor-de-la-renovacion-carismatica-catolica-rcc-en-pasto","status":"publish","type":"post","link":"https:\/\/pagina10.com\/web\/nuevo-asesor-de-la-renovacion-carismatica-catolica-rcc-en-pasto\/","title":{"rendered":"Nuevo asesor de la Renovaci\u00f3n Carism\u00e1tica Cat\u00f3lica ( RCC ) en Pasto"},"content":{"rendered":"<p style=\"text-align: justify;\">La Renovaci\u00f3n Carism\u00e1tica es un movimiento que se encuentra inmerso dentro de la comunidad cat\u00f3lica y cuenta con alrededor de 120.000.000 de fieles en todo el mundo. Este movimiento se caracteriza, como su nombre lo indica, por la exposici\u00f3n de carismas de alabanza y oraci\u00f3n hacia el esp\u00edritu santo. Otra manera como es redefinido este movimiento es \u201cUna corriente de gracia\u201d.<\/p>\n<p style=\"text-align: justify;\">\n<p style=\"text-align: justify;\">En Colombia son 2 millones de fieles aproximadamente quienes pertenecen a este movimiento, movimiento que se rige bajo la coordinaci\u00f3n de una comunidad de servidores denominada \u201c los siervos del esp\u00edritu santo\u201d quienes son los encargados de tomar decisiones en b\u00fasqueda del continuo progreso de dicha corriente. Ellos tambi\u00e9n son los encargados de designar y rotar asesores en cada ciudad del pa\u00eds cada determinado periodo de tiempo.<\/p>\n<p style=\"text-align: justify;\">\n<p style=\"text-align: justify;\">En pasto esta comunidad tiene su sede principal en la capilla Getseman\u00ed que est\u00e1 ubicada a una cuadra del parque infantil; All\u00ed se realizan diferentes actividades como: Grupo de oraci\u00f3n de ni\u00f1os, de j\u00f3venes, de parejas, vigilias, obras de labor social entre muchas otras actividades de evangelizaci\u00f3n. La comunidad siempre tiene sus puertas abiertas a quienes deseen pertenecer a ella.<\/p>\n<p style=\"text-align: justify;\">Ahora la Renovaci\u00f3n Carism\u00e1tica Cat\u00f3lica en Pasto se prepara para recibir a su nuevo asesor, el padre H\u00e9ctor Mario Salazar Londo\u00f1o, sacerdote de 36 a\u00f1os de edad procedente del municipio de La Ceja \u2013 Antioquia, quien llega con muchas expectativas a la ciudad de Pasto y espera trabajar muy de la mano con la comunidad.<\/p>\n<p style=\"text-align: justify;\">Este jueves\u00a0 4 de febrero a las 3 de la tarde se desarrollar\u00e1 una eucarist\u00eda de bienvenida para al nuevo asesor, est\u00e1 se realizar\u00e1 em la capilla de Getseman\u00ed y contar\u00e1 con un aforo limitado. Quienes est\u00e9n interesados y por cuesti\u00f3n de protocolos no puedan asistir de forma presencial, lo podr\u00e1n hacer de forma virtual comunic\u00e1ndose con Diana Bola\u00f1os, coordinadora de comunicaciones, al numero 3007772498. Ella les brindar\u00e1 el respectivo enlace.<\/p>\n<p style=\"text-align: justify;\">\n","protected":false},"excerpt":{"rendered":"<p>.<\/p>\n","protected":false},"author":1,"featured_media":50163,"comment_status":"open","ping_status":"open","sticky":false,"template":"","format":"standard","meta":{"footnotes":""},"categories":[109],"tags":[],"class_list":["post-50162","post","type-post","status-publish","format-standard","has-post-thumbnail","hentry","category-comunidades-ciudad-2"],"yoast_head":"<!-- This site is optimized with the Yoast SEO plugin v27.1.1 - https:\/\/yoast.com\/product\/yoast-seo-wordpress\/ -->\n<title>Nuevo asesor de la Renovaci\u00f3n Carism\u00e1tica Cat\u00f3lica ( RCC ) en Pasto | P\u00e1gina10<\/title>\n<meta name=\"robots\" content=\"index, follow, max-snippet:-1, max-image-preview:large, max-video-preview:-1\" \/>\n<link rel=\"canonical\" href=\"https:\/\/pagina10.com\/web\/nuevo-asesor-de-la-renovacion-carismatica-catolica-rcc-en-pasto\/\" \/>\n<meta property=\"og:locale\" content=\"es_ES\" \/>\n<meta property=\"og:type\" content=\"article\" \/>\n<meta property=\"og:title\" content=\"Nuevo asesor de la Renovaci\u00f3n Carism\u00e1tica Cat\u00f3lica ( RCC ) en Pasto | P\u00e1gina10\" \/>\n<meta property=\"og:description\" content=\".\" \/>\n<meta property=\"og:url\" content=\"https:\/\/pagina10.com\/web\/nuevo-asesor-de-la-renovacion-carismatica-catolica-rcc-en-pasto\/\" \/>\n<meta property=\"og:site_name\" content=\"P\u00e1gina10\" \/>\n<meta property=\"article:publisher\" content=\"https:\/\/www.facebook.com\/pag10com\" \/>\n<meta property=\"article:published_time\" content=\"2021-02-03T17:11:20+00:00\" \/>\n<meta property=\"article:modified_time\" content=\"2021-02-04T08:39:55+00:00\" \/>\n<meta property=\"og:image\" content=\"https:\/\/pagina10.com\/web\/wp-content\/uploads\/2021\/02\/15492492_384633995207798_156276760549977100_n.jpg\" \/>\n\t<meta property=\"og:image:width\" content=\"960\" \/>\n\t<meta property=\"og:image:height\" content=\"545\" \/>\n\t<meta property=\"og:image:type\" content=\"image\/jpeg\" \/>\n<meta name=\"author\" content=\"P\u00e1gina 10\" \/>\n<meta name=\"twitter:card\" content=\"summary_large_image\" \/>\n<meta name=\"twitter:creator\" content=\"@Pag10com\" \/>\n<meta name=\"twitter:site\" content=\"@Pag10com\" \/>\n<meta name=\"twitter:label1\" content=\"Escrito por\" \/>\n\t<meta name=\"twitter:data1\" content=\"P\u00e1gina 10\" \/>\n\t<meta name=\"twitter:label2\" content=\"Tiempo de lectura\" \/>\n\t<meta name=\"twitter:data2\" content=\"2 minutos\" \/>\n<script type=\"application\/ld+json\" class=\"yoast-schema-graph\">{\"@context\":\"https:\/\/schema.org\",\"@graph\":[{\"@type\":\"Article\",\"@id\":\"https:\/\/pagina10.com\/web\/nuevo-asesor-de-la-renovacion-carismatica-catolica-rcc-en-pasto\/#article\",\"isPartOf\":{\"@id\":\"https:\/\/pagina10.com\/web\/nuevo-asesor-de-la-renovacion-carismatica-catolica-rcc-en-pasto\/\"},\"author\":{\"name\":\"P\u00e1gina 10\",\"@id\":\"https:\/\/pagina10.com\/web\/#\/schema\/person\/2efc4a090d25b667d3bc796798a3a81b\"},\"headline\":\"Nuevo asesor de la Renovaci\u00f3n Carism\u00e1tica Cat\u00f3lica ( RCC ) en Pasto\",\"datePublished\":\"2021-02-03T17:11:20+00:00\",\"dateModified\":\"2021-02-04T08:39:55+00:00\",\"mainEntityOfPage\":{\"@id\":\"https:\/\/pagina10.com\/web\/nuevo-asesor-de-la-renovacion-carismatica-catolica-rcc-en-pasto\/\"},\"wordCount\":346,\"commentCount\":0,\"publisher\":{\"@id\":\"https:\/\/pagina10.com\/web\/#organization\"},\"image\":{\"@id\":\"https:\/\/pagina10.com\/web\/nuevo-asesor-de-la-renovacion-carismatica-catolica-rcc-en-pasto\/#primaryimage\"},\"thumbnailUrl\":\"https:\/\/pagina10.com\/web\/wp-content\/uploads\/2021\/02\/15492492_384633995207798_156276760549977100_n.jpg\",\"articleSection\":[\"Comunidades\"],\"inLanguage\":\"es\",\"potentialAction\":[{\"@type\":\"CommentAction\",\"name\":\"Comment\",\"target\":[\"https:\/\/pagina10.com\/web\/nuevo-asesor-de-la-renovacion-carismatica-catolica-rcc-en-pasto\/#respond\"]}]},{\"@type\":\"WebPage\",\"@id\":\"https:\/\/pagina10.com\/web\/nuevo-asesor-de-la-renovacion-carismatica-catolica-rcc-en-pasto\/\",\"url\":\"https:\/\/pagina10.com\/web\/nuevo-asesor-de-la-renovacion-carismatica-catolica-rcc-en-pasto\/\",\"name\":\"Nuevo asesor de la Renovaci\u00f3n Carism\u00e1tica Cat\u00f3lica ( RCC ) en Pasto | P\u00e1gina10\",\"isPartOf\":{\"@id\":\"https:\/\/pagina10.com\/web\/#website\"},\"primaryImageOfPage\":{\"@id\":\"https:\/\/pagina10.com\/web\/nuevo-asesor-de-la-renovacion-carismatica-catolica-rcc-en-pasto\/#primaryimage\"},\"image\":{\"@id\":\"https:\/\/pagina10.com\/web\/nuevo-asesor-de-la-renovacion-carismatica-catolica-rcc-en-pasto\/#primaryimage\"},\"thumbnailUrl\":\"https:\/\/pagina10.com\/web\/wp-content\/uploads\/2021\/02\/15492492_384633995207798_156276760549977100_n.jpg\",\"datePublished\":\"2021-02-03T17:11:20+00:00\",\"dateModified\":\"2021-02-04T08:39:55+00:00\",\"breadcrumb\":{\"@id\":\"https:\/\/pagina10.com\/web\/nuevo-asesor-de-la-renovacion-carismatica-catolica-rcc-en-pasto\/#breadcrumb\"},\"inLanguage\":\"es\",\"potentialAction\":[{\"@type\":\"ReadAction\",\"target\":[\"https:\/\/pagina10.com\/web\/nuevo-asesor-de-la-renovacion-carismatica-catolica-rcc-en-pasto\/\"]}]},{\"@type\":\"ImageObject\",\"inLanguage\":\"es\",\"@id\":\"https:\/\/pagina10.com\/web\/nuevo-asesor-de-la-renovacion-carismatica-catolica-rcc-en-pasto\/#primaryimage\",\"url\":\"https:\/\/pagina10.com\/web\/wp-content\/uploads\/2021\/02\/15492492_384633995207798_156276760549977100_n.jpg\",\"contentUrl\":\"https:\/\/pagina10.com\/web\/wp-content\/uploads\/2021\/02\/15492492_384633995207798_156276760549977100_n.jpg\",\"width\":960,\"height\":545},{\"@type\":\"BreadcrumbList\",\"@id\":\"https:\/\/pagina10.com\/web\/nuevo-asesor-de-la-renovacion-carismatica-catolica-rcc-en-pasto\/#breadcrumb\",\"itemListElement\":[{\"@type\":\"ListItem\",\"position\":1,\"name\":\"Portada\",\"item\":\"https:\/\/pagina10.com\/web\/\"},{\"@type\":\"ListItem\",\"position\":2,\"name\":\"Nuevo asesor de la Renovaci\u00f3n Carism\u00e1tica Cat\u00f3lica ( RCC ) en Pasto\"}]},{\"@type\":\"WebSite\",\"@id\":\"https:\/\/pagina10.com\/web\/#website\",\"url\":\"https:\/\/pagina10.com\/web\/\",\"name\":\"P\u00e1gina10\",\"description\":\"Peri\u00f3dico Regional\",\"publisher\":{\"@id\":\"https:\/\/pagina10.com\/web\/#organization\"},\"alternateName\":\"P\u00e1gina10 Peri\u00f3dico Regional\",\"potentialAction\":[{\"@type\":\"SearchAction\",\"target\":{\"@type\":\"EntryPoint\",\"urlTemplate\":\"https:\/\/pagina10.com\/web\/?s={search_term_string}\"},\"query-input\":{\"@type\":\"PropertyValueSpecification\",\"valueRequired\":true,\"valueName\":\"search_term_string\"}}],\"inLanguage\":\"es\"},{\"@type\":\"Organization\",\"@id\":\"https:\/\/pagina10.com\/web\/#organization\",\"name\":\"P\u00e1gina10\",\"alternateName\":\"P\u00e1gina10 Peri\u00f3dico Regional\",\"url\":\"https:\/\/pagina10.com\/web\/\",\"logo\":{\"@type\":\"ImageObject\",\"inLanguage\":\"es\",\"@id\":\"https:\/\/pagina10.com\/web\/#\/schema\/logo\/image\/\",\"url\":\"https:\/\/pagina10.com\/web\/wp-content\/uploads\/2024\/01\/40-pagina-10-periodico-regional-pasto.jpg\",\"contentUrl\":\"https:\/\/pagina10.com\/web\/wp-content\/uploads\/2024\/01\/40-pagina-10-periodico-regional-pasto.jpg\",\"width\":1280,\"height\":720,\"caption\":\"P\u00e1gina10\"},\"image\":{\"@id\":\"https:\/\/pagina10.com\/web\/#\/schema\/logo\/image\/\"},\"sameAs\":[\"https:\/\/www.facebook.com\/pag10com\",\"https:\/\/x.com\/Pag10com\",\"https:\/\/www.instagram.com\/pagina10col\/\",\"https:\/\/youtube.com\/channel\/pag10\",\"https:\/\/www.tiktok.com\/@p10col\"]},{\"@type\":\"Person\",\"@id\":\"https:\/\/pagina10.com\/web\/#\/schema\/person\/2efc4a090d25b667d3bc796798a3a81b\",\"name\":\"P\u00e1gina 10\",\"description\":\"P\u00e1gina 10 es un peri\u00f3dico regional que nace en Colombia, en el departamento de Nari\u00f1o, con un enfoque global, fundamentado en cuatro pilares esenciales: la libertad, el pluralismo, la inclusi\u00f3n y la independencia. P\u00e1gina 10 hace referencia a Nari\u00f1o como el d\u00e9cimo departamento creado en Colombia, despu\u00e9s de un proceso pol\u00edtico liderado por actores y actrices regionales con el fin de obtener la independencia y autonom\u00eda de nuestros territorios. Con la creaci\u00f3n de P\u00e1gina 10 se pretende abrir un escenario para el dialogo, la reflexi\u00f3n y el debate que se extienda a otras geograf\u00edas de Am\u00e9rica Latina y del planeta, en una apuesta por transformar colectivamente los desaf\u00edos de un mundo contempor\u00e1neo, m\u00e1s all\u00e1 de las fronteras impuestas.\",\"url\":\"https:\/\/pagina10.com\/web\/author\/pdiezadmin\/\"}]}<\/script>\n<!-- \/ Yoast SEO plugin. -->","yoast_head_json":{"title":"Nuevo asesor de la Renovaci\u00f3n Carism\u00e1tica Cat\u00f3lica ( RCC ) en Pasto | P\u00e1gina10","robots":{"index":"index","follow":"follow","max-snippet":"max-snippet:-1","max-image-preview":"max-image-preview:large","max-video-preview":"max-video-preview:-1"},"canonical":"https:\/\/pagina10.com\/web\/nuevo-asesor-de-la-renovacion-carismatica-catolica-rcc-en-pasto\/","og_locale":"es_ES","og_type":"article","og_title":"Nuevo asesor de la Renovaci\u00f3n Carism\u00e1tica Cat\u00f3lica ( RCC ) en Pasto | P\u00e1gina10","og_description":".","og_url":"https:\/\/pagina10.com\/web\/nuevo-asesor-de-la-renovacion-carismatica-catolica-rcc-en-pasto\/","og_site_name":"P\u00e1gina10","article_publisher":"https:\/\/www.facebook.com\/pag10com","article_published_time":"2021-02-03T17:11:20+00:00","article_modified_time":"2021-02-04T08:39:55+00:00","og_image":[{"width":960,"height":545,"url":"https:\/\/pagina10.com\/web\/wp-content\/uploads\/2021\/02\/15492492_384633995207798_156276760549977100_n.jpg","type":"image\/jpeg"}],"author":"P\u00e1gina 10","twitter_card":"summary_large_image","twitter_creator":"@Pag10com","twitter_site":"@Pag10com","twitter_misc":{"Escrito por":"P\u00e1gina 10","Tiempo de lectura":"2 minutos"},"schema":{"@context":"https:\/\/schema.org","@graph":[{"@type":"Article","@id":"https:\/\/pagina10.com\/web\/nuevo-asesor-de-la-renovacion-carismatica-catolica-rcc-en-pasto\/#article","isPartOf":{"@id":"https:\/\/pagina10.com\/web\/nuevo-asesor-de-la-renovacion-carismatica-catolica-rcc-en-pasto\/"},"author":{"name":"P\u00e1gina 10","@id":"https:\/\/pagina10.com\/web\/#\/schema\/person\/2efc4a090d25b667d3bc796798a3a81b"},"headline":"Nuevo asesor de la Renovaci\u00f3n Carism\u00e1tica Cat\u00f3lica ( RCC ) en Pasto","datePublished":"2021-02-03T17:11:20+00:00","dateModified":"2021-02-04T08:39:55+00:00","mainEntityOfPage":{"@id":"https:\/\/pagina10.com\/web\/nuevo-asesor-de-la-renovacion-carismatica-catolica-rcc-en-pasto\/"},"wordCount":346,"commentCount":0,"publisher":{"@id":"https:\/\/pagina10.com\/web\/#organization"},"image":{"@id":"https:\/\/pagina10.com\/web\/nuevo-asesor-de-la-renovacion-carismatica-catolica-rcc-en-pasto\/#primaryimage"},"thumbnailUrl":"https:\/\/pagina10.com\/web\/wp-content\/uploads\/2021\/02\/15492492_384633995207798_156276760549977100_n.jpg","articleSection":["Comunidades"],"inLanguage":"es","potentialAction":[{"@type":"CommentAction","name":"Comment","target":["https:\/\/pagina10.com\/web\/nuevo-asesor-de-la-renovacion-carismatica-catolica-rcc-en-pasto\/#respond"]}]},{"@type":"WebPage","@id":"https:\/\/pagina10.com\/web\/nuevo-asesor-de-la-renovacion-carismatica-catolica-rcc-en-pasto\/","url":"https:\/\/pagina10.com\/web\/nuevo-asesor-de-la-renovacion-carismatica-catolica-rcc-en-pasto\/","name":"Nuevo asesor de la Renovaci\u00f3n Carism\u00e1tica Cat\u00f3lica ( RCC ) en Pasto | P\u00e1gina10","isPartOf":{"@id":"https:\/\/pagina10.com\/web\/#website"},"primaryImageOfPage":{"@id":"https:\/\/pagina10.com\/web\/nuevo-asesor-de-la-renovacion-carismatica-catolica-rcc-en-pasto\/#primaryimage"},"image":{"@id":"https:\/\/pagina10.com\/web\/nuevo-asesor-de-la-renovacion-carismatica-catolica-rcc-en-pasto\/#primaryimage"},"thumbnailUrl":"https:\/\/pagina10.com\/web\/wp-content\/uploads\/2021\/02\/15492492_384633995207798_156276760549977100_n.jpg","datePublished":"2021-02-03T17:11:20+00:00","dateModified":"2021-02-04T08:39:55+00:00","breadcrumb":{"@id":"https:\/\/pagina10.com\/web\/nuevo-asesor-de-la-renovacion-carismatica-catolica-rcc-en-pasto\/#breadcrumb"},"inLanguage":"es","potentialAction":[{"@type":"ReadAction","target":["https:\/\/pagina10.com\/web\/nuevo-asesor-de-la-renovacion-carismatica-catolica-rcc-en-pasto\/"]}]},{"@type":"ImageObject","inLanguage":"es","@id":"https:\/\/pagina10.com\/web\/nuevo-asesor-de-la-renovacion-carismatica-catolica-rcc-en-pasto\/#primaryimage","url":"https:\/\/pagina10.com\/web\/wp-content\/uploads\/2021\/02\/15492492_384633995207798_156276760549977100_n.jpg","contentUrl":"https:\/\/pagina10.com\/web\/wp-content\/uploads\/2021\/02\/15492492_384633995207798_156276760549977100_n.jpg","width":960,"height":545},{"@type":"BreadcrumbList","@id":"https:\/\/pagina10.com\/web\/nuevo-asesor-de-la-renovacion-carismatica-catolica-rcc-en-pasto\/#breadcrumb","itemListElement":[{"@type":"ListItem","position":1,"name":"Portada","item":"https:\/\/pagina10.com\/web\/"},{"@type":"ListItem","position":2,"name":"Nuevo asesor de la Renovaci\u00f3n Carism\u00e1tica Cat\u00f3lica ( RCC ) en Pasto"}]},{"@type":"WebSite","@id":"https:\/\/pagina10.com\/web\/#website","url":"https:\/\/pagina10.com\/web\/","name":"P\u00e1gina10","description":"Peri\u00f3dico Regional","publisher":{"@id":"https:\/\/pagina10.com\/web\/#organization"},"alternateName":"P\u00e1gina10 Peri\u00f3dico Regional","potentialAction":[{"@type":"SearchAction","target":{"@type":"EntryPoint","urlTemplate":"https:\/\/pagina10.com\/web\/?s={search_term_string}"},"query-input":{"@type":"PropertyValueSpecification","valueRequired":true,"valueName":"search_term_string"}}],"inLanguage":"es"},{"@type":"Organization","@id":"https:\/\/pagina10.com\/web\/#organization","name":"P\u00e1gina10","alternateName":"P\u00e1gina10 Peri\u00f3dico Regional","url":"https:\/\/pagina10.com\/web\/","logo":{"@type":"ImageObject","inLanguage":"es","@id":"https:\/\/pagina10.com\/web\/#\/schema\/logo\/image\/","url":"https:\/\/pagina10.com\/web\/wp-content\/uploads\/2024\/01\/40-pagina-10-periodico-regional-pasto.jpg","contentUrl":"https:\/\/pagina10.com\/web\/wp-content\/uploads\/2024\/01\/40-pagina-10-periodico-regional-pasto.jpg","width":1280,"height":720,"caption":"P\u00e1gina10"},"image":{"@id":"https:\/\/pagina10.com\/web\/#\/schema\/logo\/image\/"},"sameAs":["https:\/\/www.facebook.com\/pag10com","https:\/\/x.com\/Pag10com","https:\/\/www.instagram.com\/pagina10col\/","https:\/\/youtube.com\/channel\/pag10","https:\/\/www.tiktok.com\/@p10col"]},{"@type":"Person","@id":"https:\/\/pagina10.com\/web\/#\/schema\/person\/2efc4a090d25b667d3bc796798a3a81b","name":"P\u00e1gina 10","description":"P\u00e1gina 10 es un peri\u00f3dico regional que nace en Colombia, en el departamento de Nari\u00f1o, con un enfoque global, fundamentado en cuatro pilares esenciales: la libertad, el pluralismo, la inclusi\u00f3n y la independencia. P\u00e1gina 10 hace referencia a Nari\u00f1o como el d\u00e9cimo departamento creado en Colombia, despu\u00e9s de un proceso pol\u00edtico liderado por actores y actrices regionales con el fin de obtener la independencia y autonom\u00eda de nuestros territorios. Con la creaci\u00f3n de P\u00e1gina 10 se pretende abrir un escenario para el dialogo, la reflexi\u00f3n y el debate que se extienda a otras geograf\u00edas de Am\u00e9rica Latina y del planeta, en una apuesta por transformar colectivamente los desaf\u00edos de un mundo contempor\u00e1neo, m\u00e1s all\u00e1 de las fronteras impuestas.","url":"https:\/\/pagina10.com\/web\/author\/pdiezadmin\/"}]}},"_links":{"self":[{"href":"https:\/\/pagina10.com\/web\/wp-json\/wp\/v2\/posts\/50162","targetHints":{"allow":["GET"]}}],"collection":[{"href":"https:\/\/pagina10.com\/web\/wp-json\/wp\/v2\/posts"}],"about":[{"href":"https:\/\/pagina10.com\/web\/wp-json\/wp\/v2\/types\/post"}],"author":[{"embeddable":true,"href":"https:\/\/pagina10.com\/web\/wp-json\/wp\/v2\/users\/1"}],"replies":[{"embeddable":true,"href":"https:\/\/pagina10.com\/web\/wp-json\/wp\/v2\/comments?post=50162"}],"version-history":[{"count":5,"href":"https:\/\/pagina10.com\/web\/wp-json\/wp\/v2\/posts\/50162\/revisions"}],"predecessor-version":[{"id":50211,"href":"https:\/\/pagina10.com\/web\/wp-json\/wp\/v2\/posts\/50162\/revisions\/50211"}],"wp:featuredmedia":[{"embeddable":true,"href":"https:\/\/pagina10.com\/web\/wp-json\/wp\/v2\/media\/50163"}],"wp:attachment":[{"href":"https:\/\/pagina10.com\/web\/wp-json\/wp\/v2\/media?parent=50162"}],"wp:term":[{"taxonomy":"category","embeddable":true,"href":"https:\/\/pagina10.com\/web\/wp-json\/wp\/v2\/categories?post=50162"},{"taxonomy":"post_tag","embeddable":true,"href":"https:\/\/pagina10.com\/web\/wp-json\/wp\/v2\/tags?post=50162"}],"curies":[{"name":"wp","href":"https:\/\/api.w.org\/{rel}","templated":true}]}}