{"id":50170,"date":"2021-02-03T12:22:16","date_gmt":"2021-02-03T17:22:16","guid":{"rendered":"https:\/\/pagina10.com\/web\/?p=50170"},"modified":"2021-02-03T12:36:48","modified_gmt":"2021-02-03T17:36:48","slug":"superman-and-lois-una-serie-de-cw-que-promete-impactar-en-los-amantes-del-comic","status":"publish","type":"post","link":"https:\/\/pagina10.com\/web\/superman-and-lois-una-serie-de-cw-que-promete-impactar-en-los-amantes-del-comic\/","title":{"rendered":"Superman and Lois, una serie de CW que promete impactar en los amantes del comic!"},"content":{"rendered":"<p style=\"text-align: justify;\">Sabemos que ac\u00e1 en nuestra tierra hay muchos amantes del mundo del comic, no por nada eventos grandes como la CIC (Convenci\u00f3n Internacional de Comic) o el Galeras Geek; tienen lugar cada a\u00f1o en nuestra ciudad con una respuesta masiva del p\u00fablico. Muchos est\u00e1n ansiosos por el estreno de la nueva serie televisiva basada en el m\u00edtico personaje de Superman , serie que llevara por titulo \u201c Superman and Lois\u201d ( Superman y luisa).<br \/>\nEsta serie llegar\u00e1 a las pantallas internacionales gracias a la cadena televisiva estadunidense CW, productora de otras grandes series como Flash, Supergirl, Legendas del ma\u00f1ana y Arrow; Series que junto a la pr\u00f3xima a estrenarse de Superman and Lois, se constituyen en el universo televisivo denominado como el \u201c Arrowverso\u201d.<br \/>\nLos fan\u00e1ticos esperan con ansias la llegada de esta serie el d\u00eda 28 de febrero, serie de la cual ya hemos podido observar algunos adelantos que prometen un producto con una gran calidad audiovisual y una gran fidelidad al personaje que comenz\u00f3 a instaurar de gran manera el muy bien recordado Christopher Reeve.<\/p>\n<p style=\"text-align: justify;\">Esta serie estar\u00e1 protagonizada por Tyler Hoechin como Superman, Elizabeth Tulloch como Luisa Lane, Jordan Elsass y Alexander Garfin como Jonathan y Jordan Kent respectivamente ( hijos de Clark). Ac\u00e1 el mas reciente tr\u00e1iler de esta serie. https:\/\/www.youtube.com\/watch?v=Q26q7Rs5edM<\/p>\n","protected":false},"excerpt":{"rendered":"<p>Sabemos que ac\u00e1 en nuestra tierra hay muchos amantes del mundo del comic, no por nada eventos grandes como la CIC (Convenci\u00f3n Internacional de Comic) o el Galeras Geek; tienen lugar cada a\u00f1o en nuestra ciudad con una respuesta masiva del p\u00fablico. Muchos est\u00e1n ansiosos por el estreno de la nueva serie televisiva basada en [&hellip;]<\/p>\n","protected":false},"author":1,"featured_media":50174,"comment_status":"open","ping_status":"open","sticky":false,"template":"","format":"standard","meta":{"footnotes":""},"categories":[41],"tags":[],"class_list":["post-50170","post","type-post","status-publish","format-standard","has-post-thumbnail","hentry","category-manga"],"yoast_head":"<!-- This site is optimized with the Yoast SEO plugin v27.1.1 - https:\/\/yoast.com\/product\/yoast-seo-wordpress\/ -->\n<title>Superman and Lois, una serie de CW que promete impactar en los amantes del comic! | P\u00e1gina10<\/title>\n<meta name=\"robots\" content=\"index, follow, max-snippet:-1, max-image-preview:large, max-video-preview:-1\" \/>\n<link rel=\"canonical\" href=\"https:\/\/pagina10.com\/web\/superman-and-lois-una-serie-de-cw-que-promete-impactar-en-los-amantes-del-comic\/\" \/>\n<meta property=\"og:locale\" content=\"es_ES\" \/>\n<meta property=\"og:type\" content=\"article\" \/>\n<meta property=\"og:title\" content=\"Superman and Lois, una serie de CW que promete impactar en los amantes del comic! | P\u00e1gina10\" \/>\n<meta property=\"og:description\" content=\"Sabemos que ac\u00e1 en nuestra tierra hay muchos amantes del mundo del comic, no por nada eventos grandes como la CIC (Convenci\u00f3n Internacional de Comic) o el Galeras Geek; tienen lugar cada a\u00f1o en nuestra ciudad con una respuesta masiva del p\u00fablico. Muchos est\u00e1n ansiosos por el estreno de la nueva serie televisiva basada en [&hellip;]\" \/>\n<meta property=\"og:url\" content=\"https:\/\/pagina10.com\/web\/superman-and-lois-una-serie-de-cw-que-promete-impactar-en-los-amantes-del-comic\/\" \/>\n<meta property=\"og:site_name\" content=\"P\u00e1gina10\" \/>\n<meta property=\"article:publisher\" content=\"https:\/\/www.facebook.com\/pag10com\" \/>\n<meta property=\"article:published_time\" content=\"2021-02-03T17:22:16+00:00\" \/>\n<meta property=\"article:modified_time\" content=\"2021-02-03T17:36:48+00:00\" \/>\n<meta property=\"og:image\" content=\"https:\/\/pagina10.com\/web\/wp-content\/uploads\/2021\/02\/WhatsApp-Image-2021-02-03-at-12.34.51-PM-copia.jpeg\" \/>\n\t<meta property=\"og:image:width\" content=\"1280\" \/>\n\t<meta property=\"og:image:height\" content=\"1280\" \/>\n\t<meta property=\"og:image:type\" content=\"image\/jpeg\" \/>\n<meta name=\"author\" content=\"P\u00e1gina 10\" \/>\n<meta name=\"twitter:card\" content=\"summary_large_image\" \/>\n<meta name=\"twitter:creator\" content=\"@Pag10com\" \/>\n<meta name=\"twitter:site\" content=\"@Pag10com\" \/>\n<meta name=\"twitter:label1\" content=\"Escrito por\" \/>\n\t<meta name=\"twitter:data1\" content=\"P\u00e1gina 10\" \/>\n\t<meta name=\"twitter:label2\" content=\"Tiempo de lectura\" \/>\n\t<meta name=\"twitter:data2\" content=\"1 minuto\" \/>\n<script type=\"application\/ld+json\" class=\"yoast-schema-graph\">{\"@context\":\"https:\/\/schema.org\",\"@graph\":[{\"@type\":\"Article\",\"@id\":\"https:\/\/pagina10.com\/web\/superman-and-lois-una-serie-de-cw-que-promete-impactar-en-los-amantes-del-comic\/#article\",\"isPartOf\":{\"@id\":\"https:\/\/pagina10.com\/web\/superman-and-lois-una-serie-de-cw-que-promete-impactar-en-los-amantes-del-comic\/\"},\"author\":{\"name\":\"P\u00e1gina 10\",\"@id\":\"https:\/\/pagina10.com\/web\/#\/schema\/person\/2efc4a090d25b667d3bc796798a3a81b\"},\"headline\":\"Superman and Lois, una serie de CW que promete impactar en los amantes del comic!\",\"datePublished\":\"2021-02-03T17:22:16+00:00\",\"dateModified\":\"2021-02-03T17:36:48+00:00\",\"mainEntityOfPage\":{\"@id\":\"https:\/\/pagina10.com\/web\/superman-and-lois-una-serie-de-cw-que-promete-impactar-en-los-amantes-del-comic\/\"},\"wordCount\":243,\"commentCount\":0,\"publisher\":{\"@id\":\"https:\/\/pagina10.com\/web\/#organization\"},\"image\":{\"@id\":\"https:\/\/pagina10.com\/web\/superman-and-lois-una-serie-de-cw-que-promete-impactar-en-los-amantes-del-comic\/#primaryimage\"},\"thumbnailUrl\":\"https:\/\/pagina10.com\/web\/wp-content\/uploads\/2021\/02\/WhatsApp-Image-2021-02-03-at-12.34.51-PM-copia.jpeg\",\"articleSection\":[\"manga\"],\"inLanguage\":\"es\",\"potentialAction\":[{\"@type\":\"CommentAction\",\"name\":\"Comment\",\"target\":[\"https:\/\/pagina10.com\/web\/superman-and-lois-una-serie-de-cw-que-promete-impactar-en-los-amantes-del-comic\/#respond\"]}]},{\"@type\":\"WebPage\",\"@id\":\"https:\/\/pagina10.com\/web\/superman-and-lois-una-serie-de-cw-que-promete-impactar-en-los-amantes-del-comic\/\",\"url\":\"https:\/\/pagina10.com\/web\/superman-and-lois-una-serie-de-cw-que-promete-impactar-en-los-amantes-del-comic\/\",\"name\":\"Superman and Lois, una serie de CW que promete impactar en los amantes del comic! | P\u00e1gina10\",\"isPartOf\":{\"@id\":\"https:\/\/pagina10.com\/web\/#website\"},\"primaryImageOfPage\":{\"@id\":\"https:\/\/pagina10.com\/web\/superman-and-lois-una-serie-de-cw-que-promete-impactar-en-los-amantes-del-comic\/#primaryimage\"},\"image\":{\"@id\":\"https:\/\/pagina10.com\/web\/superman-and-lois-una-serie-de-cw-que-promete-impactar-en-los-amantes-del-comic\/#primaryimage\"},\"thumbnailUrl\":\"https:\/\/pagina10.com\/web\/wp-content\/uploads\/2021\/02\/WhatsApp-Image-2021-02-03-at-12.34.51-PM-copia.jpeg\",\"datePublished\":\"2021-02-03T17:22:16+00:00\",\"dateModified\":\"2021-02-03T17:36:48+00:00\",\"breadcrumb\":{\"@id\":\"https:\/\/pagina10.com\/web\/superman-and-lois-una-serie-de-cw-que-promete-impactar-en-los-amantes-del-comic\/#breadcrumb\"},\"inLanguage\":\"es\",\"potentialAction\":[{\"@type\":\"ReadAction\",\"target\":[\"https:\/\/pagina10.com\/web\/superman-and-lois-una-serie-de-cw-que-promete-impactar-en-los-amantes-del-comic\/\"]}]},{\"@type\":\"ImageObject\",\"inLanguage\":\"es\",\"@id\":\"https:\/\/pagina10.com\/web\/superman-and-lois-una-serie-de-cw-que-promete-impactar-en-los-amantes-del-comic\/#primaryimage\",\"url\":\"https:\/\/pagina10.com\/web\/wp-content\/uploads\/2021\/02\/WhatsApp-Image-2021-02-03-at-12.34.51-PM-copia.jpeg\",\"contentUrl\":\"https:\/\/pagina10.com\/web\/wp-content\/uploads\/2021\/02\/WhatsApp-Image-2021-02-03-at-12.34.51-PM-copia.jpeg\",\"width\":1280,\"height\":1280},{\"@type\":\"BreadcrumbList\",\"@id\":\"https:\/\/pagina10.com\/web\/superman-and-lois-una-serie-de-cw-que-promete-impactar-en-los-amantes-del-comic\/#breadcrumb\",\"itemListElement\":[{\"@type\":\"ListItem\",\"position\":1,\"name\":\"Portada\",\"item\":\"https:\/\/pagina10.com\/web\/\"},{\"@type\":\"ListItem\",\"position\":2,\"name\":\"Superman and Lois, una serie de CW que promete impactar en los amantes del comic!\"}]},{\"@type\":\"WebSite\",\"@id\":\"https:\/\/pagina10.com\/web\/#website\",\"url\":\"https:\/\/pagina10.com\/web\/\",\"name\":\"P\u00e1gina10\",\"description\":\"Peri\u00f3dico Regional\",\"publisher\":{\"@id\":\"https:\/\/pagina10.com\/web\/#organization\"},\"alternateName\":\"P\u00e1gina10 Peri\u00f3dico Regional\",\"potentialAction\":[{\"@type\":\"SearchAction\",\"target\":{\"@type\":\"EntryPoint\",\"urlTemplate\":\"https:\/\/pagina10.com\/web\/?s={search_term_string}\"},\"query-input\":{\"@type\":\"PropertyValueSpecification\",\"valueRequired\":true,\"valueName\":\"search_term_string\"}}],\"inLanguage\":\"es\"},{\"@type\":\"Organization\",\"@id\":\"https:\/\/pagina10.com\/web\/#organization\",\"name\":\"P\u00e1gina10\",\"alternateName\":\"P\u00e1gina10 Peri\u00f3dico Regional\",\"url\":\"https:\/\/pagina10.com\/web\/\",\"logo\":{\"@type\":\"ImageObject\",\"inLanguage\":\"es\",\"@id\":\"https:\/\/pagina10.com\/web\/#\/schema\/logo\/image\/\",\"url\":\"https:\/\/pagina10.com\/web\/wp-content\/uploads\/2024\/01\/40-pagina-10-periodico-regional-pasto.jpg\",\"contentUrl\":\"https:\/\/pagina10.com\/web\/wp-content\/uploads\/2024\/01\/40-pagina-10-periodico-regional-pasto.jpg\",\"width\":1280,\"height\":720,\"caption\":\"P\u00e1gina10\"},\"image\":{\"@id\":\"https:\/\/pagina10.com\/web\/#\/schema\/logo\/image\/\"},\"sameAs\":[\"https:\/\/www.facebook.com\/pag10com\",\"https:\/\/x.com\/Pag10com\",\"https:\/\/www.instagram.com\/pagina10col\/\",\"https:\/\/youtube.com\/channel\/pag10\",\"https:\/\/www.tiktok.com\/@p10col\"]},{\"@type\":\"Person\",\"@id\":\"https:\/\/pagina10.com\/web\/#\/schema\/person\/2efc4a090d25b667d3bc796798a3a81b\",\"name\":\"P\u00e1gina 10\",\"description\":\"P\u00e1gina 10 es un peri\u00f3dico regional que nace en Colombia, en el departamento de Nari\u00f1o, con un enfoque global, fundamentado en cuatro pilares esenciales: la libertad, el pluralismo, la inclusi\u00f3n y la independencia. P\u00e1gina 10 hace referencia a Nari\u00f1o como el d\u00e9cimo departamento creado en Colombia, despu\u00e9s de un proceso pol\u00edtico liderado por actores y actrices regionales con el fin de obtener la independencia y autonom\u00eda de nuestros territorios. Con la creaci\u00f3n de P\u00e1gina 10 se pretende abrir un escenario para el dialogo, la reflexi\u00f3n y el debate que se extienda a otras geograf\u00edas de Am\u00e9rica Latina y del planeta, en una apuesta por transformar colectivamente los desaf\u00edos de un mundo contempor\u00e1neo, m\u00e1s all\u00e1 de las fronteras impuestas.\",\"url\":\"https:\/\/pagina10.com\/web\/author\/pdiezadmin\/\"}]}<\/script>\n<!-- \/ Yoast SEO plugin. -->","yoast_head_json":{"title":"Superman and Lois, una serie de CW que promete impactar en los amantes del comic! | P\u00e1gina10","robots":{"index":"index","follow":"follow","max-snippet":"max-snippet:-1","max-image-preview":"max-image-preview:large","max-video-preview":"max-video-preview:-1"},"canonical":"https:\/\/pagina10.com\/web\/superman-and-lois-una-serie-de-cw-que-promete-impactar-en-los-amantes-del-comic\/","og_locale":"es_ES","og_type":"article","og_title":"Superman and Lois, una serie de CW que promete impactar en los amantes del comic! | P\u00e1gina10","og_description":"Sabemos que ac\u00e1 en nuestra tierra hay muchos amantes del mundo del comic, no por nada eventos grandes como la CIC (Convenci\u00f3n Internacional de Comic) o el Galeras Geek; tienen lugar cada a\u00f1o en nuestra ciudad con una respuesta masiva del p\u00fablico. Muchos est\u00e1n ansiosos por el estreno de la nueva serie televisiva basada en [&hellip;]","og_url":"https:\/\/pagina10.com\/web\/superman-and-lois-una-serie-de-cw-que-promete-impactar-en-los-amantes-del-comic\/","og_site_name":"P\u00e1gina10","article_publisher":"https:\/\/www.facebook.com\/pag10com","article_published_time":"2021-02-03T17:22:16+00:00","article_modified_time":"2021-02-03T17:36:48+00:00","og_image":[{"width":1280,"height":1280,"url":"https:\/\/pagina10.com\/web\/wp-content\/uploads\/2021\/02\/WhatsApp-Image-2021-02-03-at-12.34.51-PM-copia.jpeg","type":"image\/jpeg"}],"author":"P\u00e1gina 10","twitter_card":"summary_large_image","twitter_creator":"@Pag10com","twitter_site":"@Pag10com","twitter_misc":{"Escrito por":"P\u00e1gina 10","Tiempo de lectura":"1 minuto"},"schema":{"@context":"https:\/\/schema.org","@graph":[{"@type":"Article","@id":"https:\/\/pagina10.com\/web\/superman-and-lois-una-serie-de-cw-que-promete-impactar-en-los-amantes-del-comic\/#article","isPartOf":{"@id":"https:\/\/pagina10.com\/web\/superman-and-lois-una-serie-de-cw-que-promete-impactar-en-los-amantes-del-comic\/"},"author":{"name":"P\u00e1gina 10","@id":"https:\/\/pagina10.com\/web\/#\/schema\/person\/2efc4a090d25b667d3bc796798a3a81b"},"headline":"Superman and Lois, una serie de CW que promete impactar en los amantes del comic!","datePublished":"2021-02-03T17:22:16+00:00","dateModified":"2021-02-03T17:36:48+00:00","mainEntityOfPage":{"@id":"https:\/\/pagina10.com\/web\/superman-and-lois-una-serie-de-cw-que-promete-impactar-en-los-amantes-del-comic\/"},"wordCount":243,"commentCount":0,"publisher":{"@id":"https:\/\/pagina10.com\/web\/#organization"},"image":{"@id":"https:\/\/pagina10.com\/web\/superman-and-lois-una-serie-de-cw-que-promete-impactar-en-los-amantes-del-comic\/#primaryimage"},"thumbnailUrl":"https:\/\/pagina10.com\/web\/wp-content\/uploads\/2021\/02\/WhatsApp-Image-2021-02-03-at-12.34.51-PM-copia.jpeg","articleSection":["manga"],"inLanguage":"es","potentialAction":[{"@type":"CommentAction","name":"Comment","target":["https:\/\/pagina10.com\/web\/superman-and-lois-una-serie-de-cw-que-promete-impactar-en-los-amantes-del-comic\/#respond"]}]},{"@type":"WebPage","@id":"https:\/\/pagina10.com\/web\/superman-and-lois-una-serie-de-cw-que-promete-impactar-en-los-amantes-del-comic\/","url":"https:\/\/pagina10.com\/web\/superman-and-lois-una-serie-de-cw-que-promete-impactar-en-los-amantes-del-comic\/","name":"Superman and Lois, una serie de CW que promete impactar en los amantes del comic! | P\u00e1gina10","isPartOf":{"@id":"https:\/\/pagina10.com\/web\/#website"},"primaryImageOfPage":{"@id":"https:\/\/pagina10.com\/web\/superman-and-lois-una-serie-de-cw-que-promete-impactar-en-los-amantes-del-comic\/#primaryimage"},"image":{"@id":"https:\/\/pagina10.com\/web\/superman-and-lois-una-serie-de-cw-que-promete-impactar-en-los-amantes-del-comic\/#primaryimage"},"thumbnailUrl":"https:\/\/pagina10.com\/web\/wp-content\/uploads\/2021\/02\/WhatsApp-Image-2021-02-03-at-12.34.51-PM-copia.jpeg","datePublished":"2021-02-03T17:22:16+00:00","dateModified":"2021-02-03T17:36:48+00:00","breadcrumb":{"@id":"https:\/\/pagina10.com\/web\/superman-and-lois-una-serie-de-cw-que-promete-impactar-en-los-amantes-del-comic\/#breadcrumb"},"inLanguage":"es","potentialAction":[{"@type":"ReadAction","target":["https:\/\/pagina10.com\/web\/superman-and-lois-una-serie-de-cw-que-promete-impactar-en-los-amantes-del-comic\/"]}]},{"@type":"ImageObject","inLanguage":"es","@id":"https:\/\/pagina10.com\/web\/superman-and-lois-una-serie-de-cw-que-promete-impactar-en-los-amantes-del-comic\/#primaryimage","url":"https:\/\/pagina10.com\/web\/wp-content\/uploads\/2021\/02\/WhatsApp-Image-2021-02-03-at-12.34.51-PM-copia.jpeg","contentUrl":"https:\/\/pagina10.com\/web\/wp-content\/uploads\/2021\/02\/WhatsApp-Image-2021-02-03-at-12.34.51-PM-copia.jpeg","width":1280,"height":1280},{"@type":"BreadcrumbList","@id":"https:\/\/pagina10.com\/web\/superman-and-lois-una-serie-de-cw-que-promete-impactar-en-los-amantes-del-comic\/#breadcrumb","itemListElement":[{"@type":"ListItem","position":1,"name":"Portada","item":"https:\/\/pagina10.com\/web\/"},{"@type":"ListItem","position":2,"name":"Superman and Lois, una serie de CW que promete impactar en los amantes del comic!"}]},{"@type":"WebSite","@id":"https:\/\/pagina10.com\/web\/#website","url":"https:\/\/pagina10.com\/web\/","name":"P\u00e1gina10","description":"Peri\u00f3dico Regional","publisher":{"@id":"https:\/\/pagina10.com\/web\/#organization"},"alternateName":"P\u00e1gina10 Peri\u00f3dico Regional","potentialAction":[{"@type":"SearchAction","target":{"@type":"EntryPoint","urlTemplate":"https:\/\/pagina10.com\/web\/?s={search_term_string}"},"query-input":{"@type":"PropertyValueSpecification","valueRequired":true,"valueName":"search_term_string"}}],"inLanguage":"es"},{"@type":"Organization","@id":"https:\/\/pagina10.com\/web\/#organization","name":"P\u00e1gina10","alternateName":"P\u00e1gina10 Peri\u00f3dico Regional","url":"https:\/\/pagina10.com\/web\/","logo":{"@type":"ImageObject","inLanguage":"es","@id":"https:\/\/pagina10.com\/web\/#\/schema\/logo\/image\/","url":"https:\/\/pagina10.com\/web\/wp-content\/uploads\/2024\/01\/40-pagina-10-periodico-regional-pasto.jpg","contentUrl":"https:\/\/pagina10.com\/web\/wp-content\/uploads\/2024\/01\/40-pagina-10-periodico-regional-pasto.jpg","width":1280,"height":720,"caption":"P\u00e1gina10"},"image":{"@id":"https:\/\/pagina10.com\/web\/#\/schema\/logo\/image\/"},"sameAs":["https:\/\/www.facebook.com\/pag10com","https:\/\/x.com\/Pag10com","https:\/\/www.instagram.com\/pagina10col\/","https:\/\/youtube.com\/channel\/pag10","https:\/\/www.tiktok.com\/@p10col"]},{"@type":"Person","@id":"https:\/\/pagina10.com\/web\/#\/schema\/person\/2efc4a090d25b667d3bc796798a3a81b","name":"P\u00e1gina 10","description":"P\u00e1gina 10 es un peri\u00f3dico regional que nace en Colombia, en el departamento de Nari\u00f1o, con un enfoque global, fundamentado en cuatro pilares esenciales: la libertad, el pluralismo, la inclusi\u00f3n y la independencia. P\u00e1gina 10 hace referencia a Nari\u00f1o como el d\u00e9cimo departamento creado en Colombia, despu\u00e9s de un proceso pol\u00edtico liderado por actores y actrices regionales con el fin de obtener la independencia y autonom\u00eda de nuestros territorios. Con la creaci\u00f3n de P\u00e1gina 10 se pretende abrir un escenario para el dialogo, la reflexi\u00f3n y el debate que se extienda a otras geograf\u00edas de Am\u00e9rica Latina y del planeta, en una apuesta por transformar colectivamente los desaf\u00edos de un mundo contempor\u00e1neo, m\u00e1s all\u00e1 de las fronteras impuestas.","url":"https:\/\/pagina10.com\/web\/author\/pdiezadmin\/"}]}},"_links":{"self":[{"href":"https:\/\/pagina10.com\/web\/wp-json\/wp\/v2\/posts\/50170","targetHints":{"allow":["GET"]}}],"collection":[{"href":"https:\/\/pagina10.com\/web\/wp-json\/wp\/v2\/posts"}],"about":[{"href":"https:\/\/pagina10.com\/web\/wp-json\/wp\/v2\/types\/post"}],"author":[{"embeddable":true,"href":"https:\/\/pagina10.com\/web\/wp-json\/wp\/v2\/users\/1"}],"replies":[{"embeddable":true,"href":"https:\/\/pagina10.com\/web\/wp-json\/wp\/v2\/comments?post=50170"}],"version-history":[{"count":1,"href":"https:\/\/pagina10.com\/web\/wp-json\/wp\/v2\/posts\/50170\/revisions"}],"predecessor-version":[{"id":50172,"href":"https:\/\/pagina10.com\/web\/wp-json\/wp\/v2\/posts\/50170\/revisions\/50172"}],"wp:featuredmedia":[{"embeddable":true,"href":"https:\/\/pagina10.com\/web\/wp-json\/wp\/v2\/media\/50174"}],"wp:attachment":[{"href":"https:\/\/pagina10.com\/web\/wp-json\/wp\/v2\/media?parent=50170"}],"wp:term":[{"taxonomy":"category","embeddable":true,"href":"https:\/\/pagina10.com\/web\/wp-json\/wp\/v2\/categories?post=50170"},{"taxonomy":"post_tag","embeddable":true,"href":"https:\/\/pagina10.com\/web\/wp-json\/wp\/v2\/tags?post=50170"}],"curies":[{"name":"wp","href":"https:\/\/api.w.org\/{rel}","templated":true}]}}