{"id":50340,"date":"2021-02-06T12:55:24","date_gmt":"2021-02-06T17:55:24","guid":{"rendered":"https:\/\/pagina10.com\/web\/?p=50340"},"modified":"2021-02-07T17:26:09","modified_gmt":"2021-02-07T22:26:09","slug":"colectivo-de-buses-de-la-ciudad-de-ipiales-pide-que-la-policia-rectifique-declaraciones","status":"publish","type":"post","link":"https:\/\/pagina10.com\/web\/colectivo-de-buses-de-la-ciudad-de-ipiales-pide-que-la-policia-rectifique-declaraciones\/","title":{"rendered":"Colectivo de buses de la ciudad de Ipiales pide que la polic\u00eda rectifique declaraciones"},"content":{"rendered":"<p style=\"text-align: justify;\">En d\u00edas pasados un conductor de uno de los buses colectivos de Ipiales fue detenido por la polic\u00eda y puesto a disposici\u00f3n de la Fiscal\u00eda General de la Naci\u00f3n al considerar que estaba cometiendo el delito de trafico de migrantes, tiempo despu\u00e9s tuvo que ser dejado en libertad al no obtener prueba alguna que lo comprometiera con esta acusaci\u00f3n.<\/p>\n<p style=\"text-align: justify;\">William Bastidas, gerente de la empresa de colectivos, manifest\u00f3 a los medios de comunicaci\u00f3n lo siguiente: \u201cEste es un procedimiento realizado de manera err\u00f3nea que demuestra claramente un abuso policial, tomaremos las medidas legales pertinentes pues se est\u00e1 difamando a una empresa que lleva mas de 50 a\u00f1os en servicio a la comunidad. nosotros no estamos transportando gente de un pa\u00eds a otro. Solicitaremos mediante acci\u00f3n judicial una reparaci\u00f3n directa a nuestro conductor y a nuestra empresa\u201d.<\/p>\n<p style=\"text-align: justify;\">Se espera que mediante la pronta y clara redacci\u00f3n de un comunicado de prensa, la polic\u00eda Nacional rectifique sus acciones\u00a0 y estos hechos no se vuelvan a presentar en la ciudad pues atentan contra el buen nombre de empresas o personas que son perjudicadas por acusaciones err\u00f3neas.<\/p>\n","protected":false},"excerpt":{"rendered":"<p>En d\u00edas pasados un conductor de uno de los buses colectivos de Ipiales fue detenido por la polic\u00eda y puesto a disposici\u00f3n de la Fiscal\u00eda General de la Naci\u00f3n al considerar que estaba cometiendo el delito de trafico de migrantes, tiempo despu\u00e9s tuvo que ser dejado en libertad al no obtener prueba alguna que lo [&hellip;]<\/p>\n","protected":false},"author":1,"featured_media":50341,"comment_status":"open","ping_status":"open","sticky":false,"template":"","format":"standard","meta":{"footnotes":""},"categories":[13],"tags":[],"class_list":["post-50340","post","type-post","status-publish","format-standard","has-post-thumbnail","hentry","category-economia"],"yoast_head":"<!-- This site is optimized with the Yoast SEO plugin v27.1.1 - https:\/\/yoast.com\/product\/yoast-seo-wordpress\/ -->\n<title>Colectivo de buses de la ciudad de Ipiales pide que la polic\u00eda rectifique declaraciones | P\u00e1gina10<\/title>\n<meta name=\"robots\" content=\"index, follow, max-snippet:-1, max-image-preview:large, max-video-preview:-1\" \/>\n<link rel=\"canonical\" href=\"https:\/\/pagina10.com\/web\/colectivo-de-buses-de-la-ciudad-de-ipiales-pide-que-la-policia-rectifique-declaraciones\/\" \/>\n<meta property=\"og:locale\" content=\"es_ES\" \/>\n<meta property=\"og:type\" content=\"article\" \/>\n<meta property=\"og:title\" content=\"Colectivo de buses de la ciudad de Ipiales pide que la polic\u00eda rectifique declaraciones | P\u00e1gina10\" \/>\n<meta property=\"og:description\" content=\"En d\u00edas pasados un conductor de uno de los buses colectivos de Ipiales fue detenido por la polic\u00eda y puesto a disposici\u00f3n de la Fiscal\u00eda General de la Naci\u00f3n al considerar que estaba cometiendo el delito de trafico de migrantes, tiempo despu\u00e9s tuvo que ser dejado en libertad al no obtener prueba alguna que lo [&hellip;]\" \/>\n<meta property=\"og:url\" content=\"https:\/\/pagina10.com\/web\/colectivo-de-buses-de-la-ciudad-de-ipiales-pide-que-la-policia-rectifique-declaraciones\/\" \/>\n<meta property=\"og:site_name\" content=\"P\u00e1gina10\" \/>\n<meta property=\"article:publisher\" content=\"https:\/\/www.facebook.com\/pag10com\" \/>\n<meta property=\"article:published_time\" content=\"2021-02-06T17:55:24+00:00\" \/>\n<meta property=\"article:modified_time\" content=\"2021-02-07T22:26:09+00:00\" \/>\n<meta property=\"og:image\" content=\"https:\/\/pagina10.com\/web\/wp-content\/uploads\/2021\/02\/ipiales.jpg\" \/>\n\t<meta property=\"og:image:width\" content=\"269\" \/>\n\t<meta property=\"og:image:height\" content=\"187\" \/>\n\t<meta property=\"og:image:type\" content=\"image\/jpeg\" \/>\n<meta name=\"author\" content=\"P\u00e1gina 10\" \/>\n<meta name=\"twitter:card\" content=\"summary_large_image\" \/>\n<meta name=\"twitter:creator\" content=\"@Pag10com\" \/>\n<meta name=\"twitter:site\" content=\"@Pag10com\" \/>\n<meta name=\"twitter:label1\" content=\"Escrito por\" \/>\n\t<meta name=\"twitter:data1\" content=\"P\u00e1gina 10\" \/>\n\t<meta name=\"twitter:label2\" content=\"Tiempo de lectura\" \/>\n\t<meta name=\"twitter:data2\" content=\"1 minuto\" \/>\n<script type=\"application\/ld+json\" class=\"yoast-schema-graph\">{\"@context\":\"https:\/\/schema.org\",\"@graph\":[{\"@type\":\"Article\",\"@id\":\"https:\/\/pagina10.com\/web\/colectivo-de-buses-de-la-ciudad-de-ipiales-pide-que-la-policia-rectifique-declaraciones\/#article\",\"isPartOf\":{\"@id\":\"https:\/\/pagina10.com\/web\/colectivo-de-buses-de-la-ciudad-de-ipiales-pide-que-la-policia-rectifique-declaraciones\/\"},\"author\":{\"name\":\"P\u00e1gina 10\",\"@id\":\"https:\/\/pagina10.com\/web\/#\/schema\/person\/2efc4a090d25b667d3bc796798a3a81b\"},\"headline\":\"Colectivo de buses de la ciudad de Ipiales pide que la polic\u00eda rectifique declaraciones\",\"datePublished\":\"2021-02-06T17:55:24+00:00\",\"dateModified\":\"2021-02-07T22:26:09+00:00\",\"mainEntityOfPage\":{\"@id\":\"https:\/\/pagina10.com\/web\/colectivo-de-buses-de-la-ciudad-de-ipiales-pide-que-la-policia-rectifique-declaraciones\/\"},\"wordCount\":213,\"commentCount\":0,\"publisher\":{\"@id\":\"https:\/\/pagina10.com\/web\/#organization\"},\"image\":{\"@id\":\"https:\/\/pagina10.com\/web\/colectivo-de-buses-de-la-ciudad-de-ipiales-pide-que-la-policia-rectifique-declaraciones\/#primaryimage\"},\"thumbnailUrl\":\"https:\/\/pagina10.com\/web\/wp-content\/uploads\/2021\/02\/ipiales.jpg\",\"articleSection\":[\"Econom\u00eda\"],\"inLanguage\":\"es\",\"potentialAction\":[{\"@type\":\"CommentAction\",\"name\":\"Comment\",\"target\":[\"https:\/\/pagina10.com\/web\/colectivo-de-buses-de-la-ciudad-de-ipiales-pide-que-la-policia-rectifique-declaraciones\/#respond\"]}]},{\"@type\":\"WebPage\",\"@id\":\"https:\/\/pagina10.com\/web\/colectivo-de-buses-de-la-ciudad-de-ipiales-pide-que-la-policia-rectifique-declaraciones\/\",\"url\":\"https:\/\/pagina10.com\/web\/colectivo-de-buses-de-la-ciudad-de-ipiales-pide-que-la-policia-rectifique-declaraciones\/\",\"name\":\"Colectivo de buses de la ciudad de Ipiales pide que la polic\u00eda rectifique declaraciones | P\u00e1gina10\",\"isPartOf\":{\"@id\":\"https:\/\/pagina10.com\/web\/#website\"},\"primaryImageOfPage\":{\"@id\":\"https:\/\/pagina10.com\/web\/colectivo-de-buses-de-la-ciudad-de-ipiales-pide-que-la-policia-rectifique-declaraciones\/#primaryimage\"},\"image\":{\"@id\":\"https:\/\/pagina10.com\/web\/colectivo-de-buses-de-la-ciudad-de-ipiales-pide-que-la-policia-rectifique-declaraciones\/#primaryimage\"},\"thumbnailUrl\":\"https:\/\/pagina10.com\/web\/wp-content\/uploads\/2021\/02\/ipiales.jpg\",\"datePublished\":\"2021-02-06T17:55:24+00:00\",\"dateModified\":\"2021-02-07T22:26:09+00:00\",\"breadcrumb\":{\"@id\":\"https:\/\/pagina10.com\/web\/colectivo-de-buses-de-la-ciudad-de-ipiales-pide-que-la-policia-rectifique-declaraciones\/#breadcrumb\"},\"inLanguage\":\"es\",\"potentialAction\":[{\"@type\":\"ReadAction\",\"target\":[\"https:\/\/pagina10.com\/web\/colectivo-de-buses-de-la-ciudad-de-ipiales-pide-que-la-policia-rectifique-declaraciones\/\"]}]},{\"@type\":\"ImageObject\",\"inLanguage\":\"es\",\"@id\":\"https:\/\/pagina10.com\/web\/colectivo-de-buses-de-la-ciudad-de-ipiales-pide-que-la-policia-rectifique-declaraciones\/#primaryimage\",\"url\":\"https:\/\/pagina10.com\/web\/wp-content\/uploads\/2021\/02\/ipiales.jpg\",\"contentUrl\":\"https:\/\/pagina10.com\/web\/wp-content\/uploads\/2021\/02\/ipiales.jpg\",\"width\":269,\"height\":187},{\"@type\":\"BreadcrumbList\",\"@id\":\"https:\/\/pagina10.com\/web\/colectivo-de-buses-de-la-ciudad-de-ipiales-pide-que-la-policia-rectifique-declaraciones\/#breadcrumb\",\"itemListElement\":[{\"@type\":\"ListItem\",\"position\":1,\"name\":\"Portada\",\"item\":\"https:\/\/pagina10.com\/web\/\"},{\"@type\":\"ListItem\",\"position\":2,\"name\":\"Colectivo de buses de la ciudad de Ipiales pide que la polic\u00eda rectifique declaraciones\"}]},{\"@type\":\"WebSite\",\"@id\":\"https:\/\/pagina10.com\/web\/#website\",\"url\":\"https:\/\/pagina10.com\/web\/\",\"name\":\"P\u00e1gina10\",\"description\":\"Peri\u00f3dico Regional\",\"publisher\":{\"@id\":\"https:\/\/pagina10.com\/web\/#organization\"},\"alternateName\":\"P\u00e1gina10 Peri\u00f3dico Regional\",\"potentialAction\":[{\"@type\":\"SearchAction\",\"target\":{\"@type\":\"EntryPoint\",\"urlTemplate\":\"https:\/\/pagina10.com\/web\/?s={search_term_string}\"},\"query-input\":{\"@type\":\"PropertyValueSpecification\",\"valueRequired\":true,\"valueName\":\"search_term_string\"}}],\"inLanguage\":\"es\"},{\"@type\":\"Organization\",\"@id\":\"https:\/\/pagina10.com\/web\/#organization\",\"name\":\"P\u00e1gina10\",\"alternateName\":\"P\u00e1gina10 Peri\u00f3dico Regional\",\"url\":\"https:\/\/pagina10.com\/web\/\",\"logo\":{\"@type\":\"ImageObject\",\"inLanguage\":\"es\",\"@id\":\"https:\/\/pagina10.com\/web\/#\/schema\/logo\/image\/\",\"url\":\"https:\/\/pagina10.com\/web\/wp-content\/uploads\/2024\/01\/40-pagina-10-periodico-regional-pasto.jpg\",\"contentUrl\":\"https:\/\/pagina10.com\/web\/wp-content\/uploads\/2024\/01\/40-pagina-10-periodico-regional-pasto.jpg\",\"width\":1280,\"height\":720,\"caption\":\"P\u00e1gina10\"},\"image\":{\"@id\":\"https:\/\/pagina10.com\/web\/#\/schema\/logo\/image\/\"},\"sameAs\":[\"https:\/\/www.facebook.com\/pag10com\",\"https:\/\/x.com\/Pag10com\",\"https:\/\/www.instagram.com\/pagina10col\/\",\"https:\/\/youtube.com\/channel\/pag10\",\"https:\/\/www.tiktok.com\/@p10col\"]},{\"@type\":\"Person\",\"@id\":\"https:\/\/pagina10.com\/web\/#\/schema\/person\/2efc4a090d25b667d3bc796798a3a81b\",\"name\":\"P\u00e1gina 10\",\"description\":\"P\u00e1gina 10 es un peri\u00f3dico regional que nace en Colombia, en el departamento de Nari\u00f1o, con un enfoque global, fundamentado en cuatro pilares esenciales: la libertad, el pluralismo, la inclusi\u00f3n y la independencia. P\u00e1gina 10 hace referencia a Nari\u00f1o como el d\u00e9cimo departamento creado en Colombia, despu\u00e9s de un proceso pol\u00edtico liderado por actores y actrices regionales con el fin de obtener la independencia y autonom\u00eda de nuestros territorios. Con la creaci\u00f3n de P\u00e1gina 10 se pretende abrir un escenario para el dialogo, la reflexi\u00f3n y el debate que se extienda a otras geograf\u00edas de Am\u00e9rica Latina y del planeta, en una apuesta por transformar colectivamente los desaf\u00edos de un mundo contempor\u00e1neo, m\u00e1s all\u00e1 de las fronteras impuestas.\",\"url\":\"https:\/\/pagina10.com\/web\/author\/pdiezadmin\/\"}]}<\/script>\n<!-- \/ Yoast SEO plugin. -->","yoast_head_json":{"title":"Colectivo de buses de la ciudad de Ipiales pide que la polic\u00eda rectifique declaraciones | P\u00e1gina10","robots":{"index":"index","follow":"follow","max-snippet":"max-snippet:-1","max-image-preview":"max-image-preview:large","max-video-preview":"max-video-preview:-1"},"canonical":"https:\/\/pagina10.com\/web\/colectivo-de-buses-de-la-ciudad-de-ipiales-pide-que-la-policia-rectifique-declaraciones\/","og_locale":"es_ES","og_type":"article","og_title":"Colectivo de buses de la ciudad de Ipiales pide que la polic\u00eda rectifique declaraciones | P\u00e1gina10","og_description":"En d\u00edas pasados un conductor de uno de los buses colectivos de Ipiales fue detenido por la polic\u00eda y puesto a disposici\u00f3n de la Fiscal\u00eda General de la Naci\u00f3n al considerar que estaba cometiendo el delito de trafico de migrantes, tiempo despu\u00e9s tuvo que ser dejado en libertad al no obtener prueba alguna que lo [&hellip;]","og_url":"https:\/\/pagina10.com\/web\/colectivo-de-buses-de-la-ciudad-de-ipiales-pide-que-la-policia-rectifique-declaraciones\/","og_site_name":"P\u00e1gina10","article_publisher":"https:\/\/www.facebook.com\/pag10com","article_published_time":"2021-02-06T17:55:24+00:00","article_modified_time":"2021-02-07T22:26:09+00:00","og_image":[{"width":269,"height":187,"url":"https:\/\/pagina10.com\/web\/wp-content\/uploads\/2021\/02\/ipiales.jpg","type":"image\/jpeg"}],"author":"P\u00e1gina 10","twitter_card":"summary_large_image","twitter_creator":"@Pag10com","twitter_site":"@Pag10com","twitter_misc":{"Escrito por":"P\u00e1gina 10","Tiempo de lectura":"1 minuto"},"schema":{"@context":"https:\/\/schema.org","@graph":[{"@type":"Article","@id":"https:\/\/pagina10.com\/web\/colectivo-de-buses-de-la-ciudad-de-ipiales-pide-que-la-policia-rectifique-declaraciones\/#article","isPartOf":{"@id":"https:\/\/pagina10.com\/web\/colectivo-de-buses-de-la-ciudad-de-ipiales-pide-que-la-policia-rectifique-declaraciones\/"},"author":{"name":"P\u00e1gina 10","@id":"https:\/\/pagina10.com\/web\/#\/schema\/person\/2efc4a090d25b667d3bc796798a3a81b"},"headline":"Colectivo de buses de la ciudad de Ipiales pide que la polic\u00eda rectifique declaraciones","datePublished":"2021-02-06T17:55:24+00:00","dateModified":"2021-02-07T22:26:09+00:00","mainEntityOfPage":{"@id":"https:\/\/pagina10.com\/web\/colectivo-de-buses-de-la-ciudad-de-ipiales-pide-que-la-policia-rectifique-declaraciones\/"},"wordCount":213,"commentCount":0,"publisher":{"@id":"https:\/\/pagina10.com\/web\/#organization"},"image":{"@id":"https:\/\/pagina10.com\/web\/colectivo-de-buses-de-la-ciudad-de-ipiales-pide-que-la-policia-rectifique-declaraciones\/#primaryimage"},"thumbnailUrl":"https:\/\/pagina10.com\/web\/wp-content\/uploads\/2021\/02\/ipiales.jpg","articleSection":["Econom\u00eda"],"inLanguage":"es","potentialAction":[{"@type":"CommentAction","name":"Comment","target":["https:\/\/pagina10.com\/web\/colectivo-de-buses-de-la-ciudad-de-ipiales-pide-que-la-policia-rectifique-declaraciones\/#respond"]}]},{"@type":"WebPage","@id":"https:\/\/pagina10.com\/web\/colectivo-de-buses-de-la-ciudad-de-ipiales-pide-que-la-policia-rectifique-declaraciones\/","url":"https:\/\/pagina10.com\/web\/colectivo-de-buses-de-la-ciudad-de-ipiales-pide-que-la-policia-rectifique-declaraciones\/","name":"Colectivo de buses de la ciudad de Ipiales pide que la polic\u00eda rectifique declaraciones | P\u00e1gina10","isPartOf":{"@id":"https:\/\/pagina10.com\/web\/#website"},"primaryImageOfPage":{"@id":"https:\/\/pagina10.com\/web\/colectivo-de-buses-de-la-ciudad-de-ipiales-pide-que-la-policia-rectifique-declaraciones\/#primaryimage"},"image":{"@id":"https:\/\/pagina10.com\/web\/colectivo-de-buses-de-la-ciudad-de-ipiales-pide-que-la-policia-rectifique-declaraciones\/#primaryimage"},"thumbnailUrl":"https:\/\/pagina10.com\/web\/wp-content\/uploads\/2021\/02\/ipiales.jpg","datePublished":"2021-02-06T17:55:24+00:00","dateModified":"2021-02-07T22:26:09+00:00","breadcrumb":{"@id":"https:\/\/pagina10.com\/web\/colectivo-de-buses-de-la-ciudad-de-ipiales-pide-que-la-policia-rectifique-declaraciones\/#breadcrumb"},"inLanguage":"es","potentialAction":[{"@type":"ReadAction","target":["https:\/\/pagina10.com\/web\/colectivo-de-buses-de-la-ciudad-de-ipiales-pide-que-la-policia-rectifique-declaraciones\/"]}]},{"@type":"ImageObject","inLanguage":"es","@id":"https:\/\/pagina10.com\/web\/colectivo-de-buses-de-la-ciudad-de-ipiales-pide-que-la-policia-rectifique-declaraciones\/#primaryimage","url":"https:\/\/pagina10.com\/web\/wp-content\/uploads\/2021\/02\/ipiales.jpg","contentUrl":"https:\/\/pagina10.com\/web\/wp-content\/uploads\/2021\/02\/ipiales.jpg","width":269,"height":187},{"@type":"BreadcrumbList","@id":"https:\/\/pagina10.com\/web\/colectivo-de-buses-de-la-ciudad-de-ipiales-pide-que-la-policia-rectifique-declaraciones\/#breadcrumb","itemListElement":[{"@type":"ListItem","position":1,"name":"Portada","item":"https:\/\/pagina10.com\/web\/"},{"@type":"ListItem","position":2,"name":"Colectivo de buses de la ciudad de Ipiales pide que la polic\u00eda rectifique declaraciones"}]},{"@type":"WebSite","@id":"https:\/\/pagina10.com\/web\/#website","url":"https:\/\/pagina10.com\/web\/","name":"P\u00e1gina10","description":"Peri\u00f3dico Regional","publisher":{"@id":"https:\/\/pagina10.com\/web\/#organization"},"alternateName":"P\u00e1gina10 Peri\u00f3dico Regional","potentialAction":[{"@type":"SearchAction","target":{"@type":"EntryPoint","urlTemplate":"https:\/\/pagina10.com\/web\/?s={search_term_string}"},"query-input":{"@type":"PropertyValueSpecification","valueRequired":true,"valueName":"search_term_string"}}],"inLanguage":"es"},{"@type":"Organization","@id":"https:\/\/pagina10.com\/web\/#organization","name":"P\u00e1gina10","alternateName":"P\u00e1gina10 Peri\u00f3dico Regional","url":"https:\/\/pagina10.com\/web\/","logo":{"@type":"ImageObject","inLanguage":"es","@id":"https:\/\/pagina10.com\/web\/#\/schema\/logo\/image\/","url":"https:\/\/pagina10.com\/web\/wp-content\/uploads\/2024\/01\/40-pagina-10-periodico-regional-pasto.jpg","contentUrl":"https:\/\/pagina10.com\/web\/wp-content\/uploads\/2024\/01\/40-pagina-10-periodico-regional-pasto.jpg","width":1280,"height":720,"caption":"P\u00e1gina10"},"image":{"@id":"https:\/\/pagina10.com\/web\/#\/schema\/logo\/image\/"},"sameAs":["https:\/\/www.facebook.com\/pag10com","https:\/\/x.com\/Pag10com","https:\/\/www.instagram.com\/pagina10col\/","https:\/\/youtube.com\/channel\/pag10","https:\/\/www.tiktok.com\/@p10col"]},{"@type":"Person","@id":"https:\/\/pagina10.com\/web\/#\/schema\/person\/2efc4a090d25b667d3bc796798a3a81b","name":"P\u00e1gina 10","description":"P\u00e1gina 10 es un peri\u00f3dico regional que nace en Colombia, en el departamento de Nari\u00f1o, con un enfoque global, fundamentado en cuatro pilares esenciales: la libertad, el pluralismo, la inclusi\u00f3n y la independencia. P\u00e1gina 10 hace referencia a Nari\u00f1o como el d\u00e9cimo departamento creado en Colombia, despu\u00e9s de un proceso pol\u00edtico liderado por actores y actrices regionales con el fin de obtener la independencia y autonom\u00eda de nuestros territorios. Con la creaci\u00f3n de P\u00e1gina 10 se pretende abrir un escenario para el dialogo, la reflexi\u00f3n y el debate que se extienda a otras geograf\u00edas de Am\u00e9rica Latina y del planeta, en una apuesta por transformar colectivamente los desaf\u00edos de un mundo contempor\u00e1neo, m\u00e1s all\u00e1 de las fronteras impuestas.","url":"https:\/\/pagina10.com\/web\/author\/pdiezadmin\/"}]}},"_links":{"self":[{"href":"https:\/\/pagina10.com\/web\/wp-json\/wp\/v2\/posts\/50340","targetHints":{"allow":["GET"]}}],"collection":[{"href":"https:\/\/pagina10.com\/web\/wp-json\/wp\/v2\/posts"}],"about":[{"href":"https:\/\/pagina10.com\/web\/wp-json\/wp\/v2\/types\/post"}],"author":[{"embeddable":true,"href":"https:\/\/pagina10.com\/web\/wp-json\/wp\/v2\/users\/1"}],"replies":[{"embeddable":true,"href":"https:\/\/pagina10.com\/web\/wp-json\/wp\/v2\/comments?post=50340"}],"version-history":[{"count":2,"href":"https:\/\/pagina10.com\/web\/wp-json\/wp\/v2\/posts\/50340\/revisions"}],"predecessor-version":[{"id":50413,"href":"https:\/\/pagina10.com\/web\/wp-json\/wp\/v2\/posts\/50340\/revisions\/50413"}],"wp:featuredmedia":[{"embeddable":true,"href":"https:\/\/pagina10.com\/web\/wp-json\/wp\/v2\/media\/50341"}],"wp:attachment":[{"href":"https:\/\/pagina10.com\/web\/wp-json\/wp\/v2\/media?parent=50340"}],"wp:term":[{"taxonomy":"category","embeddable":true,"href":"https:\/\/pagina10.com\/web\/wp-json\/wp\/v2\/categories?post=50340"},{"taxonomy":"post_tag","embeddable":true,"href":"https:\/\/pagina10.com\/web\/wp-json\/wp\/v2\/tags?post=50340"}],"curies":[{"name":"wp","href":"https:\/\/api.w.org\/{rel}","templated":true}]}}