{"id":50372,"date":"2021-02-07T14:50:21","date_gmt":"2021-02-07T19:50:21","guid":{"rendered":"https:\/\/pagina10.com\/web\/?p=50372"},"modified":"2021-02-07T14:50:21","modified_gmt":"2021-02-07T19:50:21","slug":"sigue-en-pie-condena-de-26-anos-contra-exdirector-de-das-por-crimen-de-jaime-garzon","status":"publish","type":"post","link":"https:\/\/pagina10.com\/web\/sigue-en-pie-condena-de-26-anos-contra-exdirector-de-das-por-crimen-de-jaime-garzon\/","title":{"rendered":"Sigue en pie condena de 26 a\u00f1os contra exdirector de DAS por crimen de Jaime Garz\u00f3n"},"content":{"rendered":"<p style=\"text-align: justify;\">Jos\u00e9 Miguel Narv\u00e1ez, ex subdirector del Das, fue condenado como uno de los actores intelectuales del ex humorista Jaime Garz\u00f3n al facilitar las cosas para que el exjefe de las AUC Carlos Casta\u00f1o cometiera el crimen en agosto de 1999; Dia que fue hist\u00f3rico para nuestro pa\u00eds ya que part\u00eda hacia la eternidad el mejor critico social que ten\u00eda Colombia.<\/p>\n<p style=\"text-align: justify;\">Hace poco Narv\u00e1ez present\u00f3 un recurso de apelaci\u00f3n ante el juzgado para que el tiempo condenatorio de su sentencia entrara a proceso de revisi\u00f3n; Sin embargo, la corte desestim\u00f3 esta petici\u00f3n al considerar que el recurso no reun\u00eda todos los requisitos para solicitar la revisi\u00f3n del caso y que tampoco hubo violaci\u00f3n de las garant\u00edas durante el proceso de judicializaci\u00f3n.<\/p>\n<p style=\"text-align: justify;\">De esta manera se ratifican los 26 a\u00f1os que Narv\u00e1ez debe pasar privado de la libertad como consecuencia del delito cometido hace ya 22 a\u00f1os, delito que aun sigue enlutando a todo el pa\u00eds siendo catalogado como uno de los cr\u00edmenes mas significativos de la historia de la naci\u00f3n.<\/p>\n<p>&nbsp;<\/p>\n","protected":false},"excerpt":{"rendered":"<p>Jos\u00e9 Miguel Narv\u00e1ez, ex subdirector del Das, fue condenado como uno de los actores intelectuales del ex humorista Jaime Garz\u00f3n al facilitar las cosas para que el exjefe de las AUC Carlos Casta\u00f1o cometiera el crimen en agosto de 1999; Dia que fue hist\u00f3rico para nuestro pa\u00eds ya que part\u00eda hacia la eternidad el mejor [&hellip;]<\/p>\n","protected":false},"author":1,"featured_media":50373,"comment_status":"open","ping_status":"open","sticky":false,"template":"","format":"standard","meta":{"footnotes":""},"categories":[2],"tags":[],"class_list":["post-50372","post","type-post","status-publish","format-standard","has-post-thumbnail","hentry","category-pagina10"],"yoast_head":"<!-- This site is optimized with the Yoast SEO plugin v27.1.1 - https:\/\/yoast.com\/product\/yoast-seo-wordpress\/ -->\n<title>Sigue en pie condena de 26 a\u00f1os contra exdirector de DAS por crimen de Jaime Garz\u00f3n | P\u00e1gina10<\/title>\n<meta name=\"robots\" content=\"index, follow, max-snippet:-1, max-image-preview:large, max-video-preview:-1\" \/>\n<link rel=\"canonical\" href=\"https:\/\/pagina10.com\/web\/sigue-en-pie-condena-de-26-anos-contra-exdirector-de-das-por-crimen-de-jaime-garzon\/\" \/>\n<meta property=\"og:locale\" content=\"es_ES\" \/>\n<meta property=\"og:type\" content=\"article\" \/>\n<meta property=\"og:title\" content=\"Sigue en pie condena de 26 a\u00f1os contra exdirector de DAS por crimen de Jaime Garz\u00f3n | P\u00e1gina10\" \/>\n<meta property=\"og:description\" content=\"Jos\u00e9 Miguel Narv\u00e1ez, ex subdirector del Das, fue condenado como uno de los actores intelectuales del ex humorista Jaime Garz\u00f3n al facilitar las cosas para que el exjefe de las AUC Carlos Casta\u00f1o cometiera el crimen en agosto de 1999; Dia que fue hist\u00f3rico para nuestro pa\u00eds ya que part\u00eda hacia la eternidad el mejor [&hellip;]\" \/>\n<meta property=\"og:url\" content=\"https:\/\/pagina10.com\/web\/sigue-en-pie-condena-de-26-anos-contra-exdirector-de-das-por-crimen-de-jaime-garzon\/\" \/>\n<meta property=\"og:site_name\" content=\"P\u00e1gina10\" \/>\n<meta property=\"article:publisher\" content=\"https:\/\/www.facebook.com\/pag10com\" \/>\n<meta property=\"article:published_time\" content=\"2021-02-07T19:50:21+00:00\" \/>\n<meta property=\"og:image\" content=\"https:\/\/pagina10.com\/web\/wp-content\/uploads\/2021\/02\/DAS.jpg\" \/>\n\t<meta property=\"og:image:width\" content=\"275\" \/>\n\t<meta property=\"og:image:height\" content=\"183\" \/>\n\t<meta property=\"og:image:type\" content=\"image\/jpeg\" \/>\n<meta name=\"author\" content=\"P\u00e1gina 10\" \/>\n<meta name=\"twitter:card\" content=\"summary_large_image\" \/>\n<meta name=\"twitter:creator\" content=\"@Pag10com\" \/>\n<meta name=\"twitter:site\" content=\"@Pag10com\" \/>\n<meta name=\"twitter:label1\" content=\"Escrito por\" \/>\n\t<meta name=\"twitter:data1\" content=\"P\u00e1gina 10\" \/>\n\t<meta name=\"twitter:label2\" content=\"Tiempo de lectura\" \/>\n\t<meta name=\"twitter:data2\" content=\"1 minuto\" \/>\n<script type=\"application\/ld+json\" class=\"yoast-schema-graph\">{\"@context\":\"https:\/\/schema.org\",\"@graph\":[{\"@type\":\"Article\",\"@id\":\"https:\/\/pagina10.com\/web\/sigue-en-pie-condena-de-26-anos-contra-exdirector-de-das-por-crimen-de-jaime-garzon\/#article\",\"isPartOf\":{\"@id\":\"https:\/\/pagina10.com\/web\/sigue-en-pie-condena-de-26-anos-contra-exdirector-de-das-por-crimen-de-jaime-garzon\/\"},\"author\":{\"name\":\"P\u00e1gina 10\",\"@id\":\"https:\/\/pagina10.com\/web\/#\/schema\/person\/2efc4a090d25b667d3bc796798a3a81b\"},\"headline\":\"Sigue en pie condena de 26 a\u00f1os contra exdirector de DAS por crimen de Jaime Garz\u00f3n\",\"datePublished\":\"2021-02-07T19:50:21+00:00\",\"mainEntityOfPage\":{\"@id\":\"https:\/\/pagina10.com\/web\/sigue-en-pie-condena-de-26-anos-contra-exdirector-de-das-por-crimen-de-jaime-garzon\/\"},\"wordCount\":206,\"commentCount\":0,\"publisher\":{\"@id\":\"https:\/\/pagina10.com\/web\/#organization\"},\"image\":{\"@id\":\"https:\/\/pagina10.com\/web\/sigue-en-pie-condena-de-26-anos-contra-exdirector-de-das-por-crimen-de-jaime-garzon\/#primaryimage\"},\"thumbnailUrl\":\"https:\/\/pagina10.com\/web\/wp-content\/uploads\/2021\/02\/DAS.jpg\",\"articleSection\":[\"P\u00e1gina10\"],\"inLanguage\":\"es\",\"potentialAction\":[{\"@type\":\"CommentAction\",\"name\":\"Comment\",\"target\":[\"https:\/\/pagina10.com\/web\/sigue-en-pie-condena-de-26-anos-contra-exdirector-de-das-por-crimen-de-jaime-garzon\/#respond\"]}]},{\"@type\":\"WebPage\",\"@id\":\"https:\/\/pagina10.com\/web\/sigue-en-pie-condena-de-26-anos-contra-exdirector-de-das-por-crimen-de-jaime-garzon\/\",\"url\":\"https:\/\/pagina10.com\/web\/sigue-en-pie-condena-de-26-anos-contra-exdirector-de-das-por-crimen-de-jaime-garzon\/\",\"name\":\"Sigue en pie condena de 26 a\u00f1os contra exdirector de DAS por crimen de Jaime Garz\u00f3n | P\u00e1gina10\",\"isPartOf\":{\"@id\":\"https:\/\/pagina10.com\/web\/#website\"},\"primaryImageOfPage\":{\"@id\":\"https:\/\/pagina10.com\/web\/sigue-en-pie-condena-de-26-anos-contra-exdirector-de-das-por-crimen-de-jaime-garzon\/#primaryimage\"},\"image\":{\"@id\":\"https:\/\/pagina10.com\/web\/sigue-en-pie-condena-de-26-anos-contra-exdirector-de-das-por-crimen-de-jaime-garzon\/#primaryimage\"},\"thumbnailUrl\":\"https:\/\/pagina10.com\/web\/wp-content\/uploads\/2021\/02\/DAS.jpg\",\"datePublished\":\"2021-02-07T19:50:21+00:00\",\"breadcrumb\":{\"@id\":\"https:\/\/pagina10.com\/web\/sigue-en-pie-condena-de-26-anos-contra-exdirector-de-das-por-crimen-de-jaime-garzon\/#breadcrumb\"},\"inLanguage\":\"es\",\"potentialAction\":[{\"@type\":\"ReadAction\",\"target\":[\"https:\/\/pagina10.com\/web\/sigue-en-pie-condena-de-26-anos-contra-exdirector-de-das-por-crimen-de-jaime-garzon\/\"]}]},{\"@type\":\"ImageObject\",\"inLanguage\":\"es\",\"@id\":\"https:\/\/pagina10.com\/web\/sigue-en-pie-condena-de-26-anos-contra-exdirector-de-das-por-crimen-de-jaime-garzon\/#primaryimage\",\"url\":\"https:\/\/pagina10.com\/web\/wp-content\/uploads\/2021\/02\/DAS.jpg\",\"contentUrl\":\"https:\/\/pagina10.com\/web\/wp-content\/uploads\/2021\/02\/DAS.jpg\",\"width\":275,\"height\":183},{\"@type\":\"BreadcrumbList\",\"@id\":\"https:\/\/pagina10.com\/web\/sigue-en-pie-condena-de-26-anos-contra-exdirector-de-das-por-crimen-de-jaime-garzon\/#breadcrumb\",\"itemListElement\":[{\"@type\":\"ListItem\",\"position\":1,\"name\":\"Portada\",\"item\":\"https:\/\/pagina10.com\/web\/\"},{\"@type\":\"ListItem\",\"position\":2,\"name\":\"Sigue en pie condena de 26 a\u00f1os contra exdirector de DAS por crimen de Jaime Garz\u00f3n\"}]},{\"@type\":\"WebSite\",\"@id\":\"https:\/\/pagina10.com\/web\/#website\",\"url\":\"https:\/\/pagina10.com\/web\/\",\"name\":\"P\u00e1gina10\",\"description\":\"Peri\u00f3dico Regional\",\"publisher\":{\"@id\":\"https:\/\/pagina10.com\/web\/#organization\"},\"alternateName\":\"P\u00e1gina10 Peri\u00f3dico Regional\",\"potentialAction\":[{\"@type\":\"SearchAction\",\"target\":{\"@type\":\"EntryPoint\",\"urlTemplate\":\"https:\/\/pagina10.com\/web\/?s={search_term_string}\"},\"query-input\":{\"@type\":\"PropertyValueSpecification\",\"valueRequired\":true,\"valueName\":\"search_term_string\"}}],\"inLanguage\":\"es\"},{\"@type\":\"Organization\",\"@id\":\"https:\/\/pagina10.com\/web\/#organization\",\"name\":\"P\u00e1gina10\",\"alternateName\":\"P\u00e1gina10 Peri\u00f3dico Regional\",\"url\":\"https:\/\/pagina10.com\/web\/\",\"logo\":{\"@type\":\"ImageObject\",\"inLanguage\":\"es\",\"@id\":\"https:\/\/pagina10.com\/web\/#\/schema\/logo\/image\/\",\"url\":\"https:\/\/pagina10.com\/web\/wp-content\/uploads\/2024\/01\/40-pagina-10-periodico-regional-pasto.jpg\",\"contentUrl\":\"https:\/\/pagina10.com\/web\/wp-content\/uploads\/2024\/01\/40-pagina-10-periodico-regional-pasto.jpg\",\"width\":1280,\"height\":720,\"caption\":\"P\u00e1gina10\"},\"image\":{\"@id\":\"https:\/\/pagina10.com\/web\/#\/schema\/logo\/image\/\"},\"sameAs\":[\"https:\/\/www.facebook.com\/pag10com\",\"https:\/\/x.com\/Pag10com\",\"https:\/\/www.instagram.com\/pagina10col\/\",\"https:\/\/youtube.com\/channel\/pag10\",\"https:\/\/www.tiktok.com\/@p10col\"]},{\"@type\":\"Person\",\"@id\":\"https:\/\/pagina10.com\/web\/#\/schema\/person\/2efc4a090d25b667d3bc796798a3a81b\",\"name\":\"P\u00e1gina 10\",\"description\":\"P\u00e1gina 10 es un peri\u00f3dico regional que nace en Colombia, en el departamento de Nari\u00f1o, con un enfoque global, fundamentado en cuatro pilares esenciales: la libertad, el pluralismo, la inclusi\u00f3n y la independencia. P\u00e1gina 10 hace referencia a Nari\u00f1o como el d\u00e9cimo departamento creado en Colombia, despu\u00e9s de un proceso pol\u00edtico liderado por actores y actrices regionales con el fin de obtener la independencia y autonom\u00eda de nuestros territorios. Con la creaci\u00f3n de P\u00e1gina 10 se pretende abrir un escenario para el dialogo, la reflexi\u00f3n y el debate que se extienda a otras geograf\u00edas de Am\u00e9rica Latina y del planeta, en una apuesta por transformar colectivamente los desaf\u00edos de un mundo contempor\u00e1neo, m\u00e1s all\u00e1 de las fronteras impuestas.\",\"url\":\"https:\/\/pagina10.com\/web\/author\/pdiezadmin\/\"}]}<\/script>\n<!-- \/ Yoast SEO plugin. -->","yoast_head_json":{"title":"Sigue en pie condena de 26 a\u00f1os contra exdirector de DAS por crimen de Jaime Garz\u00f3n | P\u00e1gina10","robots":{"index":"index","follow":"follow","max-snippet":"max-snippet:-1","max-image-preview":"max-image-preview:large","max-video-preview":"max-video-preview:-1"},"canonical":"https:\/\/pagina10.com\/web\/sigue-en-pie-condena-de-26-anos-contra-exdirector-de-das-por-crimen-de-jaime-garzon\/","og_locale":"es_ES","og_type":"article","og_title":"Sigue en pie condena de 26 a\u00f1os contra exdirector de DAS por crimen de Jaime Garz\u00f3n | P\u00e1gina10","og_description":"Jos\u00e9 Miguel Narv\u00e1ez, ex subdirector del Das, fue condenado como uno de los actores intelectuales del ex humorista Jaime Garz\u00f3n al facilitar las cosas para que el exjefe de las AUC Carlos Casta\u00f1o cometiera el crimen en agosto de 1999; Dia que fue hist\u00f3rico para nuestro pa\u00eds ya que part\u00eda hacia la eternidad el mejor [&hellip;]","og_url":"https:\/\/pagina10.com\/web\/sigue-en-pie-condena-de-26-anos-contra-exdirector-de-das-por-crimen-de-jaime-garzon\/","og_site_name":"P\u00e1gina10","article_publisher":"https:\/\/www.facebook.com\/pag10com","article_published_time":"2021-02-07T19:50:21+00:00","og_image":[{"width":275,"height":183,"url":"https:\/\/pagina10.com\/web\/wp-content\/uploads\/2021\/02\/DAS.jpg","type":"image\/jpeg"}],"author":"P\u00e1gina 10","twitter_card":"summary_large_image","twitter_creator":"@Pag10com","twitter_site":"@Pag10com","twitter_misc":{"Escrito por":"P\u00e1gina 10","Tiempo de lectura":"1 minuto"},"schema":{"@context":"https:\/\/schema.org","@graph":[{"@type":"Article","@id":"https:\/\/pagina10.com\/web\/sigue-en-pie-condena-de-26-anos-contra-exdirector-de-das-por-crimen-de-jaime-garzon\/#article","isPartOf":{"@id":"https:\/\/pagina10.com\/web\/sigue-en-pie-condena-de-26-anos-contra-exdirector-de-das-por-crimen-de-jaime-garzon\/"},"author":{"name":"P\u00e1gina 10","@id":"https:\/\/pagina10.com\/web\/#\/schema\/person\/2efc4a090d25b667d3bc796798a3a81b"},"headline":"Sigue en pie condena de 26 a\u00f1os contra exdirector de DAS por crimen de Jaime Garz\u00f3n","datePublished":"2021-02-07T19:50:21+00:00","mainEntityOfPage":{"@id":"https:\/\/pagina10.com\/web\/sigue-en-pie-condena-de-26-anos-contra-exdirector-de-das-por-crimen-de-jaime-garzon\/"},"wordCount":206,"commentCount":0,"publisher":{"@id":"https:\/\/pagina10.com\/web\/#organization"},"image":{"@id":"https:\/\/pagina10.com\/web\/sigue-en-pie-condena-de-26-anos-contra-exdirector-de-das-por-crimen-de-jaime-garzon\/#primaryimage"},"thumbnailUrl":"https:\/\/pagina10.com\/web\/wp-content\/uploads\/2021\/02\/DAS.jpg","articleSection":["P\u00e1gina10"],"inLanguage":"es","potentialAction":[{"@type":"CommentAction","name":"Comment","target":["https:\/\/pagina10.com\/web\/sigue-en-pie-condena-de-26-anos-contra-exdirector-de-das-por-crimen-de-jaime-garzon\/#respond"]}]},{"@type":"WebPage","@id":"https:\/\/pagina10.com\/web\/sigue-en-pie-condena-de-26-anos-contra-exdirector-de-das-por-crimen-de-jaime-garzon\/","url":"https:\/\/pagina10.com\/web\/sigue-en-pie-condena-de-26-anos-contra-exdirector-de-das-por-crimen-de-jaime-garzon\/","name":"Sigue en pie condena de 26 a\u00f1os contra exdirector de DAS por crimen de Jaime Garz\u00f3n | P\u00e1gina10","isPartOf":{"@id":"https:\/\/pagina10.com\/web\/#website"},"primaryImageOfPage":{"@id":"https:\/\/pagina10.com\/web\/sigue-en-pie-condena-de-26-anos-contra-exdirector-de-das-por-crimen-de-jaime-garzon\/#primaryimage"},"image":{"@id":"https:\/\/pagina10.com\/web\/sigue-en-pie-condena-de-26-anos-contra-exdirector-de-das-por-crimen-de-jaime-garzon\/#primaryimage"},"thumbnailUrl":"https:\/\/pagina10.com\/web\/wp-content\/uploads\/2021\/02\/DAS.jpg","datePublished":"2021-02-07T19:50:21+00:00","breadcrumb":{"@id":"https:\/\/pagina10.com\/web\/sigue-en-pie-condena-de-26-anos-contra-exdirector-de-das-por-crimen-de-jaime-garzon\/#breadcrumb"},"inLanguage":"es","potentialAction":[{"@type":"ReadAction","target":["https:\/\/pagina10.com\/web\/sigue-en-pie-condena-de-26-anos-contra-exdirector-de-das-por-crimen-de-jaime-garzon\/"]}]},{"@type":"ImageObject","inLanguage":"es","@id":"https:\/\/pagina10.com\/web\/sigue-en-pie-condena-de-26-anos-contra-exdirector-de-das-por-crimen-de-jaime-garzon\/#primaryimage","url":"https:\/\/pagina10.com\/web\/wp-content\/uploads\/2021\/02\/DAS.jpg","contentUrl":"https:\/\/pagina10.com\/web\/wp-content\/uploads\/2021\/02\/DAS.jpg","width":275,"height":183},{"@type":"BreadcrumbList","@id":"https:\/\/pagina10.com\/web\/sigue-en-pie-condena-de-26-anos-contra-exdirector-de-das-por-crimen-de-jaime-garzon\/#breadcrumb","itemListElement":[{"@type":"ListItem","position":1,"name":"Portada","item":"https:\/\/pagina10.com\/web\/"},{"@type":"ListItem","position":2,"name":"Sigue en pie condena de 26 a\u00f1os contra exdirector de DAS por crimen de Jaime Garz\u00f3n"}]},{"@type":"WebSite","@id":"https:\/\/pagina10.com\/web\/#website","url":"https:\/\/pagina10.com\/web\/","name":"P\u00e1gina10","description":"Peri\u00f3dico Regional","publisher":{"@id":"https:\/\/pagina10.com\/web\/#organization"},"alternateName":"P\u00e1gina10 Peri\u00f3dico Regional","potentialAction":[{"@type":"SearchAction","target":{"@type":"EntryPoint","urlTemplate":"https:\/\/pagina10.com\/web\/?s={search_term_string}"},"query-input":{"@type":"PropertyValueSpecification","valueRequired":true,"valueName":"search_term_string"}}],"inLanguage":"es"},{"@type":"Organization","@id":"https:\/\/pagina10.com\/web\/#organization","name":"P\u00e1gina10","alternateName":"P\u00e1gina10 Peri\u00f3dico Regional","url":"https:\/\/pagina10.com\/web\/","logo":{"@type":"ImageObject","inLanguage":"es","@id":"https:\/\/pagina10.com\/web\/#\/schema\/logo\/image\/","url":"https:\/\/pagina10.com\/web\/wp-content\/uploads\/2024\/01\/40-pagina-10-periodico-regional-pasto.jpg","contentUrl":"https:\/\/pagina10.com\/web\/wp-content\/uploads\/2024\/01\/40-pagina-10-periodico-regional-pasto.jpg","width":1280,"height":720,"caption":"P\u00e1gina10"},"image":{"@id":"https:\/\/pagina10.com\/web\/#\/schema\/logo\/image\/"},"sameAs":["https:\/\/www.facebook.com\/pag10com","https:\/\/x.com\/Pag10com","https:\/\/www.instagram.com\/pagina10col\/","https:\/\/youtube.com\/channel\/pag10","https:\/\/www.tiktok.com\/@p10col"]},{"@type":"Person","@id":"https:\/\/pagina10.com\/web\/#\/schema\/person\/2efc4a090d25b667d3bc796798a3a81b","name":"P\u00e1gina 10","description":"P\u00e1gina 10 es un peri\u00f3dico regional que nace en Colombia, en el departamento de Nari\u00f1o, con un enfoque global, fundamentado en cuatro pilares esenciales: la libertad, el pluralismo, la inclusi\u00f3n y la independencia. P\u00e1gina 10 hace referencia a Nari\u00f1o como el d\u00e9cimo departamento creado en Colombia, despu\u00e9s de un proceso pol\u00edtico liderado por actores y actrices regionales con el fin de obtener la independencia y autonom\u00eda de nuestros territorios. Con la creaci\u00f3n de P\u00e1gina 10 se pretende abrir un escenario para el dialogo, la reflexi\u00f3n y el debate que se extienda a otras geograf\u00edas de Am\u00e9rica Latina y del planeta, en una apuesta por transformar colectivamente los desaf\u00edos de un mundo contempor\u00e1neo, m\u00e1s all\u00e1 de las fronteras impuestas.","url":"https:\/\/pagina10.com\/web\/author\/pdiezadmin\/"}]}},"_links":{"self":[{"href":"https:\/\/pagina10.com\/web\/wp-json\/wp\/v2\/posts\/50372","targetHints":{"allow":["GET"]}}],"collection":[{"href":"https:\/\/pagina10.com\/web\/wp-json\/wp\/v2\/posts"}],"about":[{"href":"https:\/\/pagina10.com\/web\/wp-json\/wp\/v2\/types\/post"}],"author":[{"embeddable":true,"href":"https:\/\/pagina10.com\/web\/wp-json\/wp\/v2\/users\/1"}],"replies":[{"embeddable":true,"href":"https:\/\/pagina10.com\/web\/wp-json\/wp\/v2\/comments?post=50372"}],"version-history":[{"count":1,"href":"https:\/\/pagina10.com\/web\/wp-json\/wp\/v2\/posts\/50372\/revisions"}],"predecessor-version":[{"id":50374,"href":"https:\/\/pagina10.com\/web\/wp-json\/wp\/v2\/posts\/50372\/revisions\/50374"}],"wp:featuredmedia":[{"embeddable":true,"href":"https:\/\/pagina10.com\/web\/wp-json\/wp\/v2\/media\/50373"}],"wp:attachment":[{"href":"https:\/\/pagina10.com\/web\/wp-json\/wp\/v2\/media?parent=50372"}],"wp:term":[{"taxonomy":"category","embeddable":true,"href":"https:\/\/pagina10.com\/web\/wp-json\/wp\/v2\/categories?post=50372"},{"taxonomy":"post_tag","embeddable":true,"href":"https:\/\/pagina10.com\/web\/wp-json\/wp\/v2\/tags?post=50372"}],"curies":[{"name":"wp","href":"https:\/\/api.w.org\/{rel}","templated":true}]}}