{"id":50414,"date":"2021-02-08T12:46:33","date_gmt":"2021-02-08T17:46:33","guid":{"rendered":"https:\/\/pagina10.com\/web\/?p=50414"},"modified":"2021-02-08T12:46:33","modified_gmt":"2021-02-08T17:46:33","slug":"jornada-mundial-de-oracion-y-reflexion-contra-la-trata-de-personas-es-hoy","status":"publish","type":"post","link":"https:\/\/pagina10.com\/web\/jornada-mundial-de-oracion-y-reflexion-contra-la-trata-de-personas-es-hoy\/","title":{"rendered":"Jornada mundial de oraci\u00f3n y reflexi\u00f3n contra la trata de personas es hoy."},"content":{"rendered":"<p style=\"text-align: justify;\">Anualmente todos los 8 de febrero se celebra a nivel mundial la denominada Jornada mundial de oraci\u00f3n y reflexi\u00f3n contra la trata de personas, evento promovido por el papa Francisco desde el a\u00f1o 2015 cuyo lema este a\u00f1o es \u201cEconom\u00eda sin trata de personas, nuevas estrategias econ\u00f3micas que se opongan a toda forma de explotaci\u00f3n.<\/p>\n<p style=\"text-align: justify;\">El comit\u00e9 de organizaci\u00f3n de este evento de oraci\u00f3n de para este a\u00f1o es precedido por \u201c Talitha Kum\u201d quien pertenece a la \u201cRed de vida Consagrada contra la Trata de Personas\u00a0 de la Uni\u00f3n Internacional de Superiores Generales (UISG)\u201d, as\u00ed mismo el evento es apoyado por importantes organizaciones como: La Secci\u00f3n de Migrantes y Refugiados del Dicasterio para el Desarrollo Integral del Vaticano .Caritas Internationalis, Uni\u00f3n Mundial de Organizaciones de Mujeres Cat\u00f3licas entre muchas m\u00e1s.<\/p>\n<p style=\"text-align: justify;\">Debido\u00a0 \u00a0a las restricciones de la pandemia, el evento de hoy se desarrollar\u00e1 de una manera completamente virtual y podr\u00e1n observarse de manera completamente gratuita en los canales oficiales de las redes del vaticano a lo largo del d\u00eda; y para quienes no puedan asistir en vivo, podr\u00e1n observar las actividades de manera indefinida en estas mismas redes.<\/p>\n","protected":false},"excerpt":{"rendered":"<p>Anualmente todos los 8 de febrero se celebra a nivel mundial la denominada Jornada mundial de oraci\u00f3n y reflexi\u00f3n contra la trata de personas, evento promovido por el papa Francisco desde el a\u00f1o 2015 cuyo lema este a\u00f1o es \u201cEconom\u00eda sin trata de personas, nuevas estrategias econ\u00f3micas que se opongan a toda forma de explotaci\u00f3n. [&hellip;]<\/p>\n","protected":false},"author":1,"featured_media":50415,"comment_status":"open","ping_status":"open","sticky":false,"template":"","format":"standard","meta":{"footnotes":""},"categories":[2],"tags":[],"class_list":["post-50414","post","type-post","status-publish","format-standard","has-post-thumbnail","hentry","category-pagina10"],"yoast_head":"<!-- This site is optimized with the Yoast SEO plugin v27.1.1 - https:\/\/yoast.com\/product\/yoast-seo-wordpress\/ -->\n<title>Jornada mundial de oraci\u00f3n y reflexi\u00f3n contra la trata de personas es hoy. | P\u00e1gina10<\/title>\n<meta name=\"robots\" content=\"index, follow, max-snippet:-1, max-image-preview:large, max-video-preview:-1\" \/>\n<link rel=\"canonical\" href=\"https:\/\/pagina10.com\/web\/jornada-mundial-de-oracion-y-reflexion-contra-la-trata-de-personas-es-hoy\/\" \/>\n<meta property=\"og:locale\" content=\"es_ES\" \/>\n<meta property=\"og:type\" content=\"article\" \/>\n<meta property=\"og:title\" content=\"Jornada mundial de oraci\u00f3n y reflexi\u00f3n contra la trata de personas es hoy. | P\u00e1gina10\" \/>\n<meta property=\"og:description\" content=\"Anualmente todos los 8 de febrero se celebra a nivel mundial la denominada Jornada mundial de oraci\u00f3n y reflexi\u00f3n contra la trata de personas, evento promovido por el papa Francisco desde el a\u00f1o 2015 cuyo lema este a\u00f1o es \u201cEconom\u00eda sin trata de personas, nuevas estrategias econ\u00f3micas que se opongan a toda forma de explotaci\u00f3n. [&hellip;]\" \/>\n<meta property=\"og:url\" content=\"https:\/\/pagina10.com\/web\/jornada-mundial-de-oracion-y-reflexion-contra-la-trata-de-personas-es-hoy\/\" \/>\n<meta property=\"og:site_name\" content=\"P\u00e1gina10\" \/>\n<meta property=\"article:publisher\" content=\"https:\/\/www.facebook.com\/pag10com\" \/>\n<meta property=\"article:published_time\" content=\"2021-02-08T17:46:33+00:00\" \/>\n<meta property=\"og:image\" content=\"https:\/\/pagina10.com\/web\/wp-content\/uploads\/2021\/02\/jornada-contra-la-trata-de-personas.jpg\" \/>\n\t<meta property=\"og:image:width\" content=\"296\" \/>\n\t<meta property=\"og:image:height\" content=\"170\" \/>\n\t<meta property=\"og:image:type\" content=\"image\/jpeg\" \/>\n<meta name=\"author\" content=\"P\u00e1gina 10\" \/>\n<meta name=\"twitter:card\" content=\"summary_large_image\" \/>\n<meta name=\"twitter:creator\" content=\"@Pag10com\" \/>\n<meta name=\"twitter:site\" content=\"@Pag10com\" \/>\n<meta name=\"twitter:label1\" content=\"Escrito por\" \/>\n\t<meta name=\"twitter:data1\" content=\"P\u00e1gina 10\" \/>\n\t<meta name=\"twitter:label2\" content=\"Tiempo de lectura\" \/>\n\t<meta name=\"twitter:data2\" content=\"1 minuto\" \/>\n<script type=\"application\/ld+json\" class=\"yoast-schema-graph\">{\"@context\":\"https:\/\/schema.org\",\"@graph\":[{\"@type\":\"Article\",\"@id\":\"https:\/\/pagina10.com\/web\/jornada-mundial-de-oracion-y-reflexion-contra-la-trata-de-personas-es-hoy\/#article\",\"isPartOf\":{\"@id\":\"https:\/\/pagina10.com\/web\/jornada-mundial-de-oracion-y-reflexion-contra-la-trata-de-personas-es-hoy\/\"},\"author\":{\"name\":\"P\u00e1gina 10\",\"@id\":\"https:\/\/pagina10.com\/web\/#\/schema\/person\/2efc4a090d25b667d3bc796798a3a81b\"},\"headline\":\"Jornada mundial de oraci\u00f3n y reflexi\u00f3n contra la trata de personas es hoy.\",\"datePublished\":\"2021-02-08T17:46:33+00:00\",\"mainEntityOfPage\":{\"@id\":\"https:\/\/pagina10.com\/web\/jornada-mundial-de-oracion-y-reflexion-contra-la-trata-de-personas-es-hoy\/\"},\"wordCount\":219,\"commentCount\":0,\"publisher\":{\"@id\":\"https:\/\/pagina10.com\/web\/#organization\"},\"image\":{\"@id\":\"https:\/\/pagina10.com\/web\/jornada-mundial-de-oracion-y-reflexion-contra-la-trata-de-personas-es-hoy\/#primaryimage\"},\"thumbnailUrl\":\"https:\/\/pagina10.com\/web\/wp-content\/uploads\/2021\/02\/jornada-contra-la-trata-de-personas.jpg\",\"articleSection\":[\"P\u00e1gina10\"],\"inLanguage\":\"es\",\"potentialAction\":[{\"@type\":\"CommentAction\",\"name\":\"Comment\",\"target\":[\"https:\/\/pagina10.com\/web\/jornada-mundial-de-oracion-y-reflexion-contra-la-trata-de-personas-es-hoy\/#respond\"]}]},{\"@type\":\"WebPage\",\"@id\":\"https:\/\/pagina10.com\/web\/jornada-mundial-de-oracion-y-reflexion-contra-la-trata-de-personas-es-hoy\/\",\"url\":\"https:\/\/pagina10.com\/web\/jornada-mundial-de-oracion-y-reflexion-contra-la-trata-de-personas-es-hoy\/\",\"name\":\"Jornada mundial de oraci\u00f3n y reflexi\u00f3n contra la trata de personas es hoy. | P\u00e1gina10\",\"isPartOf\":{\"@id\":\"https:\/\/pagina10.com\/web\/#website\"},\"primaryImageOfPage\":{\"@id\":\"https:\/\/pagina10.com\/web\/jornada-mundial-de-oracion-y-reflexion-contra-la-trata-de-personas-es-hoy\/#primaryimage\"},\"image\":{\"@id\":\"https:\/\/pagina10.com\/web\/jornada-mundial-de-oracion-y-reflexion-contra-la-trata-de-personas-es-hoy\/#primaryimage\"},\"thumbnailUrl\":\"https:\/\/pagina10.com\/web\/wp-content\/uploads\/2021\/02\/jornada-contra-la-trata-de-personas.jpg\",\"datePublished\":\"2021-02-08T17:46:33+00:00\",\"breadcrumb\":{\"@id\":\"https:\/\/pagina10.com\/web\/jornada-mundial-de-oracion-y-reflexion-contra-la-trata-de-personas-es-hoy\/#breadcrumb\"},\"inLanguage\":\"es\",\"potentialAction\":[{\"@type\":\"ReadAction\",\"target\":[\"https:\/\/pagina10.com\/web\/jornada-mundial-de-oracion-y-reflexion-contra-la-trata-de-personas-es-hoy\/\"]}]},{\"@type\":\"ImageObject\",\"inLanguage\":\"es\",\"@id\":\"https:\/\/pagina10.com\/web\/jornada-mundial-de-oracion-y-reflexion-contra-la-trata-de-personas-es-hoy\/#primaryimage\",\"url\":\"https:\/\/pagina10.com\/web\/wp-content\/uploads\/2021\/02\/jornada-contra-la-trata-de-personas.jpg\",\"contentUrl\":\"https:\/\/pagina10.com\/web\/wp-content\/uploads\/2021\/02\/jornada-contra-la-trata-de-personas.jpg\",\"width\":296,\"height\":170},{\"@type\":\"BreadcrumbList\",\"@id\":\"https:\/\/pagina10.com\/web\/jornada-mundial-de-oracion-y-reflexion-contra-la-trata-de-personas-es-hoy\/#breadcrumb\",\"itemListElement\":[{\"@type\":\"ListItem\",\"position\":1,\"name\":\"Portada\",\"item\":\"https:\/\/pagina10.com\/web\/\"},{\"@type\":\"ListItem\",\"position\":2,\"name\":\"Jornada mundial de oraci\u00f3n y reflexi\u00f3n contra la trata de personas es hoy.\"}]},{\"@type\":\"WebSite\",\"@id\":\"https:\/\/pagina10.com\/web\/#website\",\"url\":\"https:\/\/pagina10.com\/web\/\",\"name\":\"P\u00e1gina10\",\"description\":\"Peri\u00f3dico Regional\",\"publisher\":{\"@id\":\"https:\/\/pagina10.com\/web\/#organization\"},\"alternateName\":\"P\u00e1gina10 Peri\u00f3dico Regional\",\"potentialAction\":[{\"@type\":\"SearchAction\",\"target\":{\"@type\":\"EntryPoint\",\"urlTemplate\":\"https:\/\/pagina10.com\/web\/?s={search_term_string}\"},\"query-input\":{\"@type\":\"PropertyValueSpecification\",\"valueRequired\":true,\"valueName\":\"search_term_string\"}}],\"inLanguage\":\"es\"},{\"@type\":\"Organization\",\"@id\":\"https:\/\/pagina10.com\/web\/#organization\",\"name\":\"P\u00e1gina10\",\"alternateName\":\"P\u00e1gina10 Peri\u00f3dico Regional\",\"url\":\"https:\/\/pagina10.com\/web\/\",\"logo\":{\"@type\":\"ImageObject\",\"inLanguage\":\"es\",\"@id\":\"https:\/\/pagina10.com\/web\/#\/schema\/logo\/image\/\",\"url\":\"https:\/\/pagina10.com\/web\/wp-content\/uploads\/2024\/01\/40-pagina-10-periodico-regional-pasto.jpg\",\"contentUrl\":\"https:\/\/pagina10.com\/web\/wp-content\/uploads\/2024\/01\/40-pagina-10-periodico-regional-pasto.jpg\",\"width\":1280,\"height\":720,\"caption\":\"P\u00e1gina10\"},\"image\":{\"@id\":\"https:\/\/pagina10.com\/web\/#\/schema\/logo\/image\/\"},\"sameAs\":[\"https:\/\/www.facebook.com\/pag10com\",\"https:\/\/x.com\/Pag10com\",\"https:\/\/www.instagram.com\/pagina10col\/\",\"https:\/\/youtube.com\/channel\/pag10\",\"https:\/\/www.tiktok.com\/@p10col\"]},{\"@type\":\"Person\",\"@id\":\"https:\/\/pagina10.com\/web\/#\/schema\/person\/2efc4a090d25b667d3bc796798a3a81b\",\"name\":\"P\u00e1gina 10\",\"description\":\"P\u00e1gina 10 es un peri\u00f3dico regional que nace en Colombia, en el departamento de Nari\u00f1o, con un enfoque global, fundamentado en cuatro pilares esenciales: la libertad, el pluralismo, la inclusi\u00f3n y la independencia. P\u00e1gina 10 hace referencia a Nari\u00f1o como el d\u00e9cimo departamento creado en Colombia, despu\u00e9s de un proceso pol\u00edtico liderado por actores y actrices regionales con el fin de obtener la independencia y autonom\u00eda de nuestros territorios. Con la creaci\u00f3n de P\u00e1gina 10 se pretende abrir un escenario para el dialogo, la reflexi\u00f3n y el debate que se extienda a otras geograf\u00edas de Am\u00e9rica Latina y del planeta, en una apuesta por transformar colectivamente los desaf\u00edos de un mundo contempor\u00e1neo, m\u00e1s all\u00e1 de las fronteras impuestas.\",\"url\":\"https:\/\/pagina10.com\/web\/author\/pdiezadmin\/\"}]}<\/script>\n<!-- \/ Yoast SEO plugin. -->","yoast_head_json":{"title":"Jornada mundial de oraci\u00f3n y reflexi\u00f3n contra la trata de personas es hoy. | P\u00e1gina10","robots":{"index":"index","follow":"follow","max-snippet":"max-snippet:-1","max-image-preview":"max-image-preview:large","max-video-preview":"max-video-preview:-1"},"canonical":"https:\/\/pagina10.com\/web\/jornada-mundial-de-oracion-y-reflexion-contra-la-trata-de-personas-es-hoy\/","og_locale":"es_ES","og_type":"article","og_title":"Jornada mundial de oraci\u00f3n y reflexi\u00f3n contra la trata de personas es hoy. | P\u00e1gina10","og_description":"Anualmente todos los 8 de febrero se celebra a nivel mundial la denominada Jornada mundial de oraci\u00f3n y reflexi\u00f3n contra la trata de personas, evento promovido por el papa Francisco desde el a\u00f1o 2015 cuyo lema este a\u00f1o es \u201cEconom\u00eda sin trata de personas, nuevas estrategias econ\u00f3micas que se opongan a toda forma de explotaci\u00f3n. [&hellip;]","og_url":"https:\/\/pagina10.com\/web\/jornada-mundial-de-oracion-y-reflexion-contra-la-trata-de-personas-es-hoy\/","og_site_name":"P\u00e1gina10","article_publisher":"https:\/\/www.facebook.com\/pag10com","article_published_time":"2021-02-08T17:46:33+00:00","og_image":[{"width":296,"height":170,"url":"https:\/\/pagina10.com\/web\/wp-content\/uploads\/2021\/02\/jornada-contra-la-trata-de-personas.jpg","type":"image\/jpeg"}],"author":"P\u00e1gina 10","twitter_card":"summary_large_image","twitter_creator":"@Pag10com","twitter_site":"@Pag10com","twitter_misc":{"Escrito por":"P\u00e1gina 10","Tiempo de lectura":"1 minuto"},"schema":{"@context":"https:\/\/schema.org","@graph":[{"@type":"Article","@id":"https:\/\/pagina10.com\/web\/jornada-mundial-de-oracion-y-reflexion-contra-la-trata-de-personas-es-hoy\/#article","isPartOf":{"@id":"https:\/\/pagina10.com\/web\/jornada-mundial-de-oracion-y-reflexion-contra-la-trata-de-personas-es-hoy\/"},"author":{"name":"P\u00e1gina 10","@id":"https:\/\/pagina10.com\/web\/#\/schema\/person\/2efc4a090d25b667d3bc796798a3a81b"},"headline":"Jornada mundial de oraci\u00f3n y reflexi\u00f3n contra la trata de personas es hoy.","datePublished":"2021-02-08T17:46:33+00:00","mainEntityOfPage":{"@id":"https:\/\/pagina10.com\/web\/jornada-mundial-de-oracion-y-reflexion-contra-la-trata-de-personas-es-hoy\/"},"wordCount":219,"commentCount":0,"publisher":{"@id":"https:\/\/pagina10.com\/web\/#organization"},"image":{"@id":"https:\/\/pagina10.com\/web\/jornada-mundial-de-oracion-y-reflexion-contra-la-trata-de-personas-es-hoy\/#primaryimage"},"thumbnailUrl":"https:\/\/pagina10.com\/web\/wp-content\/uploads\/2021\/02\/jornada-contra-la-trata-de-personas.jpg","articleSection":["P\u00e1gina10"],"inLanguage":"es","potentialAction":[{"@type":"CommentAction","name":"Comment","target":["https:\/\/pagina10.com\/web\/jornada-mundial-de-oracion-y-reflexion-contra-la-trata-de-personas-es-hoy\/#respond"]}]},{"@type":"WebPage","@id":"https:\/\/pagina10.com\/web\/jornada-mundial-de-oracion-y-reflexion-contra-la-trata-de-personas-es-hoy\/","url":"https:\/\/pagina10.com\/web\/jornada-mundial-de-oracion-y-reflexion-contra-la-trata-de-personas-es-hoy\/","name":"Jornada mundial de oraci\u00f3n y reflexi\u00f3n contra la trata de personas es hoy. | P\u00e1gina10","isPartOf":{"@id":"https:\/\/pagina10.com\/web\/#website"},"primaryImageOfPage":{"@id":"https:\/\/pagina10.com\/web\/jornada-mundial-de-oracion-y-reflexion-contra-la-trata-de-personas-es-hoy\/#primaryimage"},"image":{"@id":"https:\/\/pagina10.com\/web\/jornada-mundial-de-oracion-y-reflexion-contra-la-trata-de-personas-es-hoy\/#primaryimage"},"thumbnailUrl":"https:\/\/pagina10.com\/web\/wp-content\/uploads\/2021\/02\/jornada-contra-la-trata-de-personas.jpg","datePublished":"2021-02-08T17:46:33+00:00","breadcrumb":{"@id":"https:\/\/pagina10.com\/web\/jornada-mundial-de-oracion-y-reflexion-contra-la-trata-de-personas-es-hoy\/#breadcrumb"},"inLanguage":"es","potentialAction":[{"@type":"ReadAction","target":["https:\/\/pagina10.com\/web\/jornada-mundial-de-oracion-y-reflexion-contra-la-trata-de-personas-es-hoy\/"]}]},{"@type":"ImageObject","inLanguage":"es","@id":"https:\/\/pagina10.com\/web\/jornada-mundial-de-oracion-y-reflexion-contra-la-trata-de-personas-es-hoy\/#primaryimage","url":"https:\/\/pagina10.com\/web\/wp-content\/uploads\/2021\/02\/jornada-contra-la-trata-de-personas.jpg","contentUrl":"https:\/\/pagina10.com\/web\/wp-content\/uploads\/2021\/02\/jornada-contra-la-trata-de-personas.jpg","width":296,"height":170},{"@type":"BreadcrumbList","@id":"https:\/\/pagina10.com\/web\/jornada-mundial-de-oracion-y-reflexion-contra-la-trata-de-personas-es-hoy\/#breadcrumb","itemListElement":[{"@type":"ListItem","position":1,"name":"Portada","item":"https:\/\/pagina10.com\/web\/"},{"@type":"ListItem","position":2,"name":"Jornada mundial de oraci\u00f3n y reflexi\u00f3n contra la trata de personas es hoy."}]},{"@type":"WebSite","@id":"https:\/\/pagina10.com\/web\/#website","url":"https:\/\/pagina10.com\/web\/","name":"P\u00e1gina10","description":"Peri\u00f3dico Regional","publisher":{"@id":"https:\/\/pagina10.com\/web\/#organization"},"alternateName":"P\u00e1gina10 Peri\u00f3dico Regional","potentialAction":[{"@type":"SearchAction","target":{"@type":"EntryPoint","urlTemplate":"https:\/\/pagina10.com\/web\/?s={search_term_string}"},"query-input":{"@type":"PropertyValueSpecification","valueRequired":true,"valueName":"search_term_string"}}],"inLanguage":"es"},{"@type":"Organization","@id":"https:\/\/pagina10.com\/web\/#organization","name":"P\u00e1gina10","alternateName":"P\u00e1gina10 Peri\u00f3dico Regional","url":"https:\/\/pagina10.com\/web\/","logo":{"@type":"ImageObject","inLanguage":"es","@id":"https:\/\/pagina10.com\/web\/#\/schema\/logo\/image\/","url":"https:\/\/pagina10.com\/web\/wp-content\/uploads\/2024\/01\/40-pagina-10-periodico-regional-pasto.jpg","contentUrl":"https:\/\/pagina10.com\/web\/wp-content\/uploads\/2024\/01\/40-pagina-10-periodico-regional-pasto.jpg","width":1280,"height":720,"caption":"P\u00e1gina10"},"image":{"@id":"https:\/\/pagina10.com\/web\/#\/schema\/logo\/image\/"},"sameAs":["https:\/\/www.facebook.com\/pag10com","https:\/\/x.com\/Pag10com","https:\/\/www.instagram.com\/pagina10col\/","https:\/\/youtube.com\/channel\/pag10","https:\/\/www.tiktok.com\/@p10col"]},{"@type":"Person","@id":"https:\/\/pagina10.com\/web\/#\/schema\/person\/2efc4a090d25b667d3bc796798a3a81b","name":"P\u00e1gina 10","description":"P\u00e1gina 10 es un peri\u00f3dico regional que nace en Colombia, en el departamento de Nari\u00f1o, con un enfoque global, fundamentado en cuatro pilares esenciales: la libertad, el pluralismo, la inclusi\u00f3n y la independencia. P\u00e1gina 10 hace referencia a Nari\u00f1o como el d\u00e9cimo departamento creado en Colombia, despu\u00e9s de un proceso pol\u00edtico liderado por actores y actrices regionales con el fin de obtener la independencia y autonom\u00eda de nuestros territorios. Con la creaci\u00f3n de P\u00e1gina 10 se pretende abrir un escenario para el dialogo, la reflexi\u00f3n y el debate que se extienda a otras geograf\u00edas de Am\u00e9rica Latina y del planeta, en una apuesta por transformar colectivamente los desaf\u00edos de un mundo contempor\u00e1neo, m\u00e1s all\u00e1 de las fronteras impuestas.","url":"https:\/\/pagina10.com\/web\/author\/pdiezadmin\/"}]}},"_links":{"self":[{"href":"https:\/\/pagina10.com\/web\/wp-json\/wp\/v2\/posts\/50414","targetHints":{"allow":["GET"]}}],"collection":[{"href":"https:\/\/pagina10.com\/web\/wp-json\/wp\/v2\/posts"}],"about":[{"href":"https:\/\/pagina10.com\/web\/wp-json\/wp\/v2\/types\/post"}],"author":[{"embeddable":true,"href":"https:\/\/pagina10.com\/web\/wp-json\/wp\/v2\/users\/1"}],"replies":[{"embeddable":true,"href":"https:\/\/pagina10.com\/web\/wp-json\/wp\/v2\/comments?post=50414"}],"version-history":[{"count":1,"href":"https:\/\/pagina10.com\/web\/wp-json\/wp\/v2\/posts\/50414\/revisions"}],"predecessor-version":[{"id":50416,"href":"https:\/\/pagina10.com\/web\/wp-json\/wp\/v2\/posts\/50414\/revisions\/50416"}],"wp:featuredmedia":[{"embeddable":true,"href":"https:\/\/pagina10.com\/web\/wp-json\/wp\/v2\/media\/50415"}],"wp:attachment":[{"href":"https:\/\/pagina10.com\/web\/wp-json\/wp\/v2\/media?parent=50414"}],"wp:term":[{"taxonomy":"category","embeddable":true,"href":"https:\/\/pagina10.com\/web\/wp-json\/wp\/v2\/categories?post=50414"},{"taxonomy":"post_tag","embeddable":true,"href":"https:\/\/pagina10.com\/web\/wp-json\/wp\/v2\/tags?post=50414"}],"curies":[{"name":"wp","href":"https:\/\/api.w.org\/{rel}","templated":true}]}}