{"id":50432,"date":"2021-02-08T13:20:30","date_gmt":"2021-02-08T18:20:30","guid":{"rendered":"https:\/\/pagina10.com\/web\/?p=50432"},"modified":"2021-02-08T13:20:30","modified_gmt":"2021-02-08T18:20:30","slug":"pasto-hace-proyectos-de-fortalecimiento-en-beneficio-de-la-red-de-bomberos-de-la-ciudad","status":"publish","type":"post","link":"https:\/\/pagina10.com\/web\/pasto-hace-proyectos-de-fortalecimiento-en-beneficio-de-la-red-de-bomberos-de-la-ciudad\/","title":{"rendered":"Pasto hace proyectos de fortalecimiento en beneficio de la red de bomberos de la ciudad"},"content":{"rendered":"<p style=\"text-align: justify;\">Desde la actual administraci\u00f3n del alcalde German Chamorro de la Rosa se implementan algunos puntos en favor de la gesti\u00f3n de riesgo del cuerpo de bomberos voluntario de Pasto. Recordando la lucha pac\u00edfica que los representantes de los moveros han manifestado en torno el mejoramiento de condiciones en su trabajo.<\/p>\n<p style=\"text-align: justify;\">Se avanza en la construcci\u00f3n de la quinta estaci\u00f3n de bomberos en el barrio de torobajo; Punto donde tambi\u00e9n se levanta el Centro Integral de gesti\u00f3n del Riesgo, se capacita tambi\u00e9n a hombres y mujeres pertenecientes al cuerpo de bomberos en torno al actuar en cualquier situaci\u00f3n de riesgo en pro de salvar vidas y se entregan elementos de protecci\u00f3n personal para esta labor.<\/p>\n<p style=\"text-align: justify;\">Se espera la obtenci\u00f3n de mas recursos que permitan ampliar el n\u00famero de acciones realizadas con el fin de fortalecer el cuerpo de bomberos voluntarios en nuestra ciudad y as\u00ed lograr un mejoramiento en el servicio prestado por parte de la instituci\u00f3n que durante mucho tiempo ha sido la responsable de salvar muchas vidas de los pastusos y con quienes se ha desarrollado, y se espera seguir haci\u00e9ndolo, un trabajo que va muy de la mano con la alcald\u00eda municipal<\/p>\n","protected":false},"excerpt":{"rendered":"<p>Desde la actual administraci\u00f3n del alcalde German Chamorro de la Rosa se implementan algunos puntos en favor de la gesti\u00f3n de riesgo del cuerpo de bomberos voluntario de Pasto. Recordando la lucha pac\u00edfica que los representantes de los moveros han manifestado en torno el mejoramiento de condiciones en su trabajo. Se avanza en la construcci\u00f3n [&hellip;]<\/p>\n","protected":false},"author":1,"featured_media":50433,"comment_status":"open","ping_status":"open","sticky":false,"template":"","format":"standard","meta":{"footnotes":""},"categories":[2],"tags":[],"class_list":["post-50432","post","type-post","status-publish","format-standard","has-post-thumbnail","hentry","category-pagina10"],"yoast_head":"<!-- This site is optimized with the Yoast SEO plugin v27.1.1 - https:\/\/yoast.com\/product\/yoast-seo-wordpress\/ -->\n<title>Pasto hace proyectos de fortalecimiento en beneficio de la red de bomberos de la ciudad | P\u00e1gina10<\/title>\n<meta name=\"robots\" content=\"index, follow, max-snippet:-1, max-image-preview:large, max-video-preview:-1\" \/>\n<link rel=\"canonical\" href=\"https:\/\/pagina10.com\/web\/pasto-hace-proyectos-de-fortalecimiento-en-beneficio-de-la-red-de-bomberos-de-la-ciudad\/\" \/>\n<meta property=\"og:locale\" content=\"es_ES\" \/>\n<meta property=\"og:type\" content=\"article\" \/>\n<meta property=\"og:title\" content=\"Pasto hace proyectos de fortalecimiento en beneficio de la red de bomberos de la ciudad | P\u00e1gina10\" \/>\n<meta property=\"og:description\" content=\"Desde la actual administraci\u00f3n del alcalde German Chamorro de la Rosa se implementan algunos puntos en favor de la gesti\u00f3n de riesgo del cuerpo de bomberos voluntario de Pasto. Recordando la lucha pac\u00edfica que los representantes de los moveros han manifestado en torno el mejoramiento de condiciones en su trabajo. Se avanza en la construcci\u00f3n [&hellip;]\" \/>\n<meta property=\"og:url\" content=\"https:\/\/pagina10.com\/web\/pasto-hace-proyectos-de-fortalecimiento-en-beneficio-de-la-red-de-bomberos-de-la-ciudad\/\" \/>\n<meta property=\"og:site_name\" content=\"P\u00e1gina10\" \/>\n<meta property=\"article:publisher\" content=\"https:\/\/www.facebook.com\/pag10com\" \/>\n<meta property=\"article:published_time\" content=\"2021-02-08T18:20:30+00:00\" \/>\n<meta property=\"og:image\" content=\"https:\/\/pagina10.com\/web\/wp-content\/uploads\/2021\/02\/pasto-bomberos.jpg\" \/>\n\t<meta property=\"og:image:width\" content=\"318\" \/>\n\t<meta property=\"og:image:height\" content=\"159\" \/>\n\t<meta property=\"og:image:type\" content=\"image\/jpeg\" \/>\n<meta name=\"author\" content=\"P\u00e1gina 10\" \/>\n<meta name=\"twitter:card\" content=\"summary_large_image\" \/>\n<meta name=\"twitter:creator\" content=\"@Pag10com\" \/>\n<meta name=\"twitter:site\" content=\"@Pag10com\" \/>\n<meta name=\"twitter:label1\" content=\"Escrito por\" \/>\n\t<meta name=\"twitter:data1\" content=\"P\u00e1gina 10\" \/>\n\t<meta name=\"twitter:label2\" content=\"Tiempo de lectura\" \/>\n\t<meta name=\"twitter:data2\" content=\"1 minuto\" \/>\n<script type=\"application\/ld+json\" class=\"yoast-schema-graph\">{\"@context\":\"https:\/\/schema.org\",\"@graph\":[{\"@type\":\"Article\",\"@id\":\"https:\/\/pagina10.com\/web\/pasto-hace-proyectos-de-fortalecimiento-en-beneficio-de-la-red-de-bomberos-de-la-ciudad\/#article\",\"isPartOf\":{\"@id\":\"https:\/\/pagina10.com\/web\/pasto-hace-proyectos-de-fortalecimiento-en-beneficio-de-la-red-de-bomberos-de-la-ciudad\/\"},\"author\":{\"name\":\"P\u00e1gina 10\",\"@id\":\"https:\/\/pagina10.com\/web\/#\/schema\/person\/2efc4a090d25b667d3bc796798a3a81b\"},\"headline\":\"Pasto hace proyectos de fortalecimiento en beneficio de la red de bomberos de la ciudad\",\"datePublished\":\"2021-02-08T18:20:30+00:00\",\"mainEntityOfPage\":{\"@id\":\"https:\/\/pagina10.com\/web\/pasto-hace-proyectos-de-fortalecimiento-en-beneficio-de-la-red-de-bomberos-de-la-ciudad\/\"},\"wordCount\":224,\"commentCount\":0,\"publisher\":{\"@id\":\"https:\/\/pagina10.com\/web\/#organization\"},\"image\":{\"@id\":\"https:\/\/pagina10.com\/web\/pasto-hace-proyectos-de-fortalecimiento-en-beneficio-de-la-red-de-bomberos-de-la-ciudad\/#primaryimage\"},\"thumbnailUrl\":\"https:\/\/pagina10.com\/web\/wp-content\/uploads\/2021\/02\/pasto-bomberos.jpg\",\"articleSection\":[\"P\u00e1gina10\"],\"inLanguage\":\"es\",\"potentialAction\":[{\"@type\":\"CommentAction\",\"name\":\"Comment\",\"target\":[\"https:\/\/pagina10.com\/web\/pasto-hace-proyectos-de-fortalecimiento-en-beneficio-de-la-red-de-bomberos-de-la-ciudad\/#respond\"]}]},{\"@type\":\"WebPage\",\"@id\":\"https:\/\/pagina10.com\/web\/pasto-hace-proyectos-de-fortalecimiento-en-beneficio-de-la-red-de-bomberos-de-la-ciudad\/\",\"url\":\"https:\/\/pagina10.com\/web\/pasto-hace-proyectos-de-fortalecimiento-en-beneficio-de-la-red-de-bomberos-de-la-ciudad\/\",\"name\":\"Pasto hace proyectos de fortalecimiento en beneficio de la red de bomberos de la ciudad | P\u00e1gina10\",\"isPartOf\":{\"@id\":\"https:\/\/pagina10.com\/web\/#website\"},\"primaryImageOfPage\":{\"@id\":\"https:\/\/pagina10.com\/web\/pasto-hace-proyectos-de-fortalecimiento-en-beneficio-de-la-red-de-bomberos-de-la-ciudad\/#primaryimage\"},\"image\":{\"@id\":\"https:\/\/pagina10.com\/web\/pasto-hace-proyectos-de-fortalecimiento-en-beneficio-de-la-red-de-bomberos-de-la-ciudad\/#primaryimage\"},\"thumbnailUrl\":\"https:\/\/pagina10.com\/web\/wp-content\/uploads\/2021\/02\/pasto-bomberos.jpg\",\"datePublished\":\"2021-02-08T18:20:30+00:00\",\"breadcrumb\":{\"@id\":\"https:\/\/pagina10.com\/web\/pasto-hace-proyectos-de-fortalecimiento-en-beneficio-de-la-red-de-bomberos-de-la-ciudad\/#breadcrumb\"},\"inLanguage\":\"es\",\"potentialAction\":[{\"@type\":\"ReadAction\",\"target\":[\"https:\/\/pagina10.com\/web\/pasto-hace-proyectos-de-fortalecimiento-en-beneficio-de-la-red-de-bomberos-de-la-ciudad\/\"]}]},{\"@type\":\"ImageObject\",\"inLanguage\":\"es\",\"@id\":\"https:\/\/pagina10.com\/web\/pasto-hace-proyectos-de-fortalecimiento-en-beneficio-de-la-red-de-bomberos-de-la-ciudad\/#primaryimage\",\"url\":\"https:\/\/pagina10.com\/web\/wp-content\/uploads\/2021\/02\/pasto-bomberos.jpg\",\"contentUrl\":\"https:\/\/pagina10.com\/web\/wp-content\/uploads\/2021\/02\/pasto-bomberos.jpg\",\"width\":318,\"height\":159},{\"@type\":\"BreadcrumbList\",\"@id\":\"https:\/\/pagina10.com\/web\/pasto-hace-proyectos-de-fortalecimiento-en-beneficio-de-la-red-de-bomberos-de-la-ciudad\/#breadcrumb\",\"itemListElement\":[{\"@type\":\"ListItem\",\"position\":1,\"name\":\"Portada\",\"item\":\"https:\/\/pagina10.com\/web\/\"},{\"@type\":\"ListItem\",\"position\":2,\"name\":\"Pasto hace proyectos de fortalecimiento en beneficio de la red de bomberos de la ciudad\"}]},{\"@type\":\"WebSite\",\"@id\":\"https:\/\/pagina10.com\/web\/#website\",\"url\":\"https:\/\/pagina10.com\/web\/\",\"name\":\"P\u00e1gina10\",\"description\":\"Peri\u00f3dico Regional\",\"publisher\":{\"@id\":\"https:\/\/pagina10.com\/web\/#organization\"},\"alternateName\":\"P\u00e1gina10 Peri\u00f3dico Regional\",\"potentialAction\":[{\"@type\":\"SearchAction\",\"target\":{\"@type\":\"EntryPoint\",\"urlTemplate\":\"https:\/\/pagina10.com\/web\/?s={search_term_string}\"},\"query-input\":{\"@type\":\"PropertyValueSpecification\",\"valueRequired\":true,\"valueName\":\"search_term_string\"}}],\"inLanguage\":\"es\"},{\"@type\":\"Organization\",\"@id\":\"https:\/\/pagina10.com\/web\/#organization\",\"name\":\"P\u00e1gina10\",\"alternateName\":\"P\u00e1gina10 Peri\u00f3dico Regional\",\"url\":\"https:\/\/pagina10.com\/web\/\",\"logo\":{\"@type\":\"ImageObject\",\"inLanguage\":\"es\",\"@id\":\"https:\/\/pagina10.com\/web\/#\/schema\/logo\/image\/\",\"url\":\"https:\/\/pagina10.com\/web\/wp-content\/uploads\/2024\/01\/40-pagina-10-periodico-regional-pasto.jpg\",\"contentUrl\":\"https:\/\/pagina10.com\/web\/wp-content\/uploads\/2024\/01\/40-pagina-10-periodico-regional-pasto.jpg\",\"width\":1280,\"height\":720,\"caption\":\"P\u00e1gina10\"},\"image\":{\"@id\":\"https:\/\/pagina10.com\/web\/#\/schema\/logo\/image\/\"},\"sameAs\":[\"https:\/\/www.facebook.com\/pag10com\",\"https:\/\/x.com\/Pag10com\",\"https:\/\/www.instagram.com\/pagina10col\/\",\"https:\/\/youtube.com\/channel\/pag10\",\"https:\/\/www.tiktok.com\/@p10col\"]},{\"@type\":\"Person\",\"@id\":\"https:\/\/pagina10.com\/web\/#\/schema\/person\/2efc4a090d25b667d3bc796798a3a81b\",\"name\":\"P\u00e1gina 10\",\"description\":\"P\u00e1gina 10 es un peri\u00f3dico regional que nace en Colombia, en el departamento de Nari\u00f1o, con un enfoque global, fundamentado en cuatro pilares esenciales: la libertad, el pluralismo, la inclusi\u00f3n y la independencia. P\u00e1gina 10 hace referencia a Nari\u00f1o como el d\u00e9cimo departamento creado en Colombia, despu\u00e9s de un proceso pol\u00edtico liderado por actores y actrices regionales con el fin de obtener la independencia y autonom\u00eda de nuestros territorios. Con la creaci\u00f3n de P\u00e1gina 10 se pretende abrir un escenario para el dialogo, la reflexi\u00f3n y el debate que se extienda a otras geograf\u00edas de Am\u00e9rica Latina y del planeta, en una apuesta por transformar colectivamente los desaf\u00edos de un mundo contempor\u00e1neo, m\u00e1s all\u00e1 de las fronteras impuestas.\",\"url\":\"https:\/\/pagina10.com\/web\/author\/pdiezadmin\/\"}]}<\/script>\n<!-- \/ Yoast SEO plugin. -->","yoast_head_json":{"title":"Pasto hace proyectos de fortalecimiento en beneficio de la red de bomberos de la ciudad | P\u00e1gina10","robots":{"index":"index","follow":"follow","max-snippet":"max-snippet:-1","max-image-preview":"max-image-preview:large","max-video-preview":"max-video-preview:-1"},"canonical":"https:\/\/pagina10.com\/web\/pasto-hace-proyectos-de-fortalecimiento-en-beneficio-de-la-red-de-bomberos-de-la-ciudad\/","og_locale":"es_ES","og_type":"article","og_title":"Pasto hace proyectos de fortalecimiento en beneficio de la red de bomberos de la ciudad | P\u00e1gina10","og_description":"Desde la actual administraci\u00f3n del alcalde German Chamorro de la Rosa se implementan algunos puntos en favor de la gesti\u00f3n de riesgo del cuerpo de bomberos voluntario de Pasto. Recordando la lucha pac\u00edfica que los representantes de los moveros han manifestado en torno el mejoramiento de condiciones en su trabajo. Se avanza en la construcci\u00f3n [&hellip;]","og_url":"https:\/\/pagina10.com\/web\/pasto-hace-proyectos-de-fortalecimiento-en-beneficio-de-la-red-de-bomberos-de-la-ciudad\/","og_site_name":"P\u00e1gina10","article_publisher":"https:\/\/www.facebook.com\/pag10com","article_published_time":"2021-02-08T18:20:30+00:00","og_image":[{"width":318,"height":159,"url":"https:\/\/pagina10.com\/web\/wp-content\/uploads\/2021\/02\/pasto-bomberos.jpg","type":"image\/jpeg"}],"author":"P\u00e1gina 10","twitter_card":"summary_large_image","twitter_creator":"@Pag10com","twitter_site":"@Pag10com","twitter_misc":{"Escrito por":"P\u00e1gina 10","Tiempo de lectura":"1 minuto"},"schema":{"@context":"https:\/\/schema.org","@graph":[{"@type":"Article","@id":"https:\/\/pagina10.com\/web\/pasto-hace-proyectos-de-fortalecimiento-en-beneficio-de-la-red-de-bomberos-de-la-ciudad\/#article","isPartOf":{"@id":"https:\/\/pagina10.com\/web\/pasto-hace-proyectos-de-fortalecimiento-en-beneficio-de-la-red-de-bomberos-de-la-ciudad\/"},"author":{"name":"P\u00e1gina 10","@id":"https:\/\/pagina10.com\/web\/#\/schema\/person\/2efc4a090d25b667d3bc796798a3a81b"},"headline":"Pasto hace proyectos de fortalecimiento en beneficio de la red de bomberos de la ciudad","datePublished":"2021-02-08T18:20:30+00:00","mainEntityOfPage":{"@id":"https:\/\/pagina10.com\/web\/pasto-hace-proyectos-de-fortalecimiento-en-beneficio-de-la-red-de-bomberos-de-la-ciudad\/"},"wordCount":224,"commentCount":0,"publisher":{"@id":"https:\/\/pagina10.com\/web\/#organization"},"image":{"@id":"https:\/\/pagina10.com\/web\/pasto-hace-proyectos-de-fortalecimiento-en-beneficio-de-la-red-de-bomberos-de-la-ciudad\/#primaryimage"},"thumbnailUrl":"https:\/\/pagina10.com\/web\/wp-content\/uploads\/2021\/02\/pasto-bomberos.jpg","articleSection":["P\u00e1gina10"],"inLanguage":"es","potentialAction":[{"@type":"CommentAction","name":"Comment","target":["https:\/\/pagina10.com\/web\/pasto-hace-proyectos-de-fortalecimiento-en-beneficio-de-la-red-de-bomberos-de-la-ciudad\/#respond"]}]},{"@type":"WebPage","@id":"https:\/\/pagina10.com\/web\/pasto-hace-proyectos-de-fortalecimiento-en-beneficio-de-la-red-de-bomberos-de-la-ciudad\/","url":"https:\/\/pagina10.com\/web\/pasto-hace-proyectos-de-fortalecimiento-en-beneficio-de-la-red-de-bomberos-de-la-ciudad\/","name":"Pasto hace proyectos de fortalecimiento en beneficio de la red de bomberos de la ciudad | P\u00e1gina10","isPartOf":{"@id":"https:\/\/pagina10.com\/web\/#website"},"primaryImageOfPage":{"@id":"https:\/\/pagina10.com\/web\/pasto-hace-proyectos-de-fortalecimiento-en-beneficio-de-la-red-de-bomberos-de-la-ciudad\/#primaryimage"},"image":{"@id":"https:\/\/pagina10.com\/web\/pasto-hace-proyectos-de-fortalecimiento-en-beneficio-de-la-red-de-bomberos-de-la-ciudad\/#primaryimage"},"thumbnailUrl":"https:\/\/pagina10.com\/web\/wp-content\/uploads\/2021\/02\/pasto-bomberos.jpg","datePublished":"2021-02-08T18:20:30+00:00","breadcrumb":{"@id":"https:\/\/pagina10.com\/web\/pasto-hace-proyectos-de-fortalecimiento-en-beneficio-de-la-red-de-bomberos-de-la-ciudad\/#breadcrumb"},"inLanguage":"es","potentialAction":[{"@type":"ReadAction","target":["https:\/\/pagina10.com\/web\/pasto-hace-proyectos-de-fortalecimiento-en-beneficio-de-la-red-de-bomberos-de-la-ciudad\/"]}]},{"@type":"ImageObject","inLanguage":"es","@id":"https:\/\/pagina10.com\/web\/pasto-hace-proyectos-de-fortalecimiento-en-beneficio-de-la-red-de-bomberos-de-la-ciudad\/#primaryimage","url":"https:\/\/pagina10.com\/web\/wp-content\/uploads\/2021\/02\/pasto-bomberos.jpg","contentUrl":"https:\/\/pagina10.com\/web\/wp-content\/uploads\/2021\/02\/pasto-bomberos.jpg","width":318,"height":159},{"@type":"BreadcrumbList","@id":"https:\/\/pagina10.com\/web\/pasto-hace-proyectos-de-fortalecimiento-en-beneficio-de-la-red-de-bomberos-de-la-ciudad\/#breadcrumb","itemListElement":[{"@type":"ListItem","position":1,"name":"Portada","item":"https:\/\/pagina10.com\/web\/"},{"@type":"ListItem","position":2,"name":"Pasto hace proyectos de fortalecimiento en beneficio de la red de bomberos de la ciudad"}]},{"@type":"WebSite","@id":"https:\/\/pagina10.com\/web\/#website","url":"https:\/\/pagina10.com\/web\/","name":"P\u00e1gina10","description":"Peri\u00f3dico Regional","publisher":{"@id":"https:\/\/pagina10.com\/web\/#organization"},"alternateName":"P\u00e1gina10 Peri\u00f3dico Regional","potentialAction":[{"@type":"SearchAction","target":{"@type":"EntryPoint","urlTemplate":"https:\/\/pagina10.com\/web\/?s={search_term_string}"},"query-input":{"@type":"PropertyValueSpecification","valueRequired":true,"valueName":"search_term_string"}}],"inLanguage":"es"},{"@type":"Organization","@id":"https:\/\/pagina10.com\/web\/#organization","name":"P\u00e1gina10","alternateName":"P\u00e1gina10 Peri\u00f3dico Regional","url":"https:\/\/pagina10.com\/web\/","logo":{"@type":"ImageObject","inLanguage":"es","@id":"https:\/\/pagina10.com\/web\/#\/schema\/logo\/image\/","url":"https:\/\/pagina10.com\/web\/wp-content\/uploads\/2024\/01\/40-pagina-10-periodico-regional-pasto.jpg","contentUrl":"https:\/\/pagina10.com\/web\/wp-content\/uploads\/2024\/01\/40-pagina-10-periodico-regional-pasto.jpg","width":1280,"height":720,"caption":"P\u00e1gina10"},"image":{"@id":"https:\/\/pagina10.com\/web\/#\/schema\/logo\/image\/"},"sameAs":["https:\/\/www.facebook.com\/pag10com","https:\/\/x.com\/Pag10com","https:\/\/www.instagram.com\/pagina10col\/","https:\/\/youtube.com\/channel\/pag10","https:\/\/www.tiktok.com\/@p10col"]},{"@type":"Person","@id":"https:\/\/pagina10.com\/web\/#\/schema\/person\/2efc4a090d25b667d3bc796798a3a81b","name":"P\u00e1gina 10","description":"P\u00e1gina 10 es un peri\u00f3dico regional que nace en Colombia, en el departamento de Nari\u00f1o, con un enfoque global, fundamentado en cuatro pilares esenciales: la libertad, el pluralismo, la inclusi\u00f3n y la independencia. P\u00e1gina 10 hace referencia a Nari\u00f1o como el d\u00e9cimo departamento creado en Colombia, despu\u00e9s de un proceso pol\u00edtico liderado por actores y actrices regionales con el fin de obtener la independencia y autonom\u00eda de nuestros territorios. Con la creaci\u00f3n de P\u00e1gina 10 se pretende abrir un escenario para el dialogo, la reflexi\u00f3n y el debate que se extienda a otras geograf\u00edas de Am\u00e9rica Latina y del planeta, en una apuesta por transformar colectivamente los desaf\u00edos de un mundo contempor\u00e1neo, m\u00e1s all\u00e1 de las fronteras impuestas.","url":"https:\/\/pagina10.com\/web\/author\/pdiezadmin\/"}]}},"_links":{"self":[{"href":"https:\/\/pagina10.com\/web\/wp-json\/wp\/v2\/posts\/50432","targetHints":{"allow":["GET"]}}],"collection":[{"href":"https:\/\/pagina10.com\/web\/wp-json\/wp\/v2\/posts"}],"about":[{"href":"https:\/\/pagina10.com\/web\/wp-json\/wp\/v2\/types\/post"}],"author":[{"embeddable":true,"href":"https:\/\/pagina10.com\/web\/wp-json\/wp\/v2\/users\/1"}],"replies":[{"embeddable":true,"href":"https:\/\/pagina10.com\/web\/wp-json\/wp\/v2\/comments?post=50432"}],"version-history":[{"count":1,"href":"https:\/\/pagina10.com\/web\/wp-json\/wp\/v2\/posts\/50432\/revisions"}],"predecessor-version":[{"id":50434,"href":"https:\/\/pagina10.com\/web\/wp-json\/wp\/v2\/posts\/50432\/revisions\/50434"}],"wp:featuredmedia":[{"embeddable":true,"href":"https:\/\/pagina10.com\/web\/wp-json\/wp\/v2\/media\/50433"}],"wp:attachment":[{"href":"https:\/\/pagina10.com\/web\/wp-json\/wp\/v2\/media?parent=50432"}],"wp:term":[{"taxonomy":"category","embeddable":true,"href":"https:\/\/pagina10.com\/web\/wp-json\/wp\/v2\/categories?post=50432"},{"taxonomy":"post_tag","embeddable":true,"href":"https:\/\/pagina10.com\/web\/wp-json\/wp\/v2\/tags?post=50432"}],"curies":[{"name":"wp","href":"https:\/\/api.w.org\/{rel}","templated":true}]}}