{"id":50439,"date":"2021-02-08T13:32:15","date_gmt":"2021-02-08T18:32:15","guid":{"rendered":"https:\/\/pagina10.com\/web\/?p=50439"},"modified":"2021-02-08T13:32:15","modified_gmt":"2021-02-08T18:32:15","slug":"deportivo-pasto-se-prepara-para-enfrentar-a-aguilas-doradas","status":"publish","type":"post","link":"https:\/\/pagina10.com\/web\/deportivo-pasto-se-prepara-para-enfrentar-a-aguilas-doradas\/","title":{"rendered":"Deportivo Pasto se prepara para enfrentar a \u00c1guilas Doradas"},"content":{"rendered":"<p style=\"text-align: justify;\">Ya sali\u00f3 la nomina de jugadores convocados para enfrentar a \u00c1guilas Doradas en la ciudad de Rionegro por la quinta fecha de la liga Betplay -1 del presente a\u00f1o, siendo las principales novedades las ausencias de Oswaldo Enr\u00edquez y Leonardo Aponte por lesi\u00f3n y tambi\u00e9n la no presencia de Ray Vanegas y Ederson Moreno por decisi\u00f3n t\u00e9cnica.<\/p>\n<p style=\"text-align: justify;\">Los convocados son: Jos\u00e9 David Contreras, Diego Mart\u00ednez, Hern\u00e1n Pertuz, Cristian Tovar, Almir Soto, Tom\u00e1s \u00a0Maya, Camilo Amaya, Cesar Quintero, Francisco Rodr\u00edguez, Iv\u00e1n Rivas, Arlex Hurtado, Duban Palacio, Jeison Medina, Sebasti\u00e1n Herrera, Sneyder Mena, Miguel Camargo, Cristian Diaz y Luis P\u00e9rez.<\/p>\n<p style=\"text-align: justify;\">El encuentro se desarrollar\u00e1 en el estadio Alberto Grisales de Rionegro partir de las 7 :40 pm y ser\u00e1 transmitido por el canal Win Sports en su se\u00f1al b\u00e1sica. Se espera la consecuci\u00f3n de un buen resultado por parte del equipo nari\u00f1ense, resultado que le permita seguir creciendo dentro de la competencia del rentado nacional.<\/p>\n","protected":false},"excerpt":{"rendered":"<p>Ya sali\u00f3 la nomina de jugadores convocados para enfrentar a \u00c1guilas Doradas en la ciudad de Rionegro por la quinta fecha de la liga Betplay -1 del presente a\u00f1o, siendo las principales novedades las ausencias de Oswaldo Enr\u00edquez y Leonardo Aponte por lesi\u00f3n y tambi\u00e9n la no presencia de Ray Vanegas y Ederson Moreno por [&hellip;]<\/p>\n","protected":false},"author":1,"featured_media":50440,"comment_status":"open","ping_status":"open","sticky":false,"template":"","format":"standard","meta":{"footnotes":""},"categories":[86],"tags":[],"class_list":["post-50439","post","type-post","status-publish","format-standard","has-post-thumbnail","hentry","category-deportes-2"],"yoast_head":"<!-- This site is optimized with the Yoast SEO plugin v27.1.1 - https:\/\/yoast.com\/product\/yoast-seo-wordpress\/ -->\n<title>Deportivo Pasto se prepara para enfrentar a \u00c1guilas Doradas | P\u00e1gina10<\/title>\n<meta name=\"robots\" content=\"index, follow, max-snippet:-1, max-image-preview:large, max-video-preview:-1\" \/>\n<link rel=\"canonical\" href=\"https:\/\/pagina10.com\/web\/deportivo-pasto-se-prepara-para-enfrentar-a-aguilas-doradas\/\" \/>\n<meta property=\"og:locale\" content=\"es_ES\" \/>\n<meta property=\"og:type\" content=\"article\" \/>\n<meta property=\"og:title\" content=\"Deportivo Pasto se prepara para enfrentar a \u00c1guilas Doradas | P\u00e1gina10\" \/>\n<meta property=\"og:description\" content=\"Ya sali\u00f3 la nomina de jugadores convocados para enfrentar a \u00c1guilas Doradas en la ciudad de Rionegro por la quinta fecha de la liga Betplay -1 del presente a\u00f1o, siendo las principales novedades las ausencias de Oswaldo Enr\u00edquez y Leonardo Aponte por lesi\u00f3n y tambi\u00e9n la no presencia de Ray Vanegas y Ederson Moreno por [&hellip;]\" \/>\n<meta property=\"og:url\" content=\"https:\/\/pagina10.com\/web\/deportivo-pasto-se-prepara-para-enfrentar-a-aguilas-doradas\/\" \/>\n<meta property=\"og:site_name\" content=\"P\u00e1gina10\" \/>\n<meta property=\"article:publisher\" content=\"https:\/\/www.facebook.com\/pag10com\" \/>\n<meta property=\"article:published_time\" content=\"2021-02-08T18:32:15+00:00\" \/>\n<meta property=\"og:image\" content=\"https:\/\/pagina10.com\/web\/wp-content\/uploads\/2021\/02\/pasto-vs-aguilas.jpg\" \/>\n\t<meta property=\"og:image:width\" content=\"308\" \/>\n\t<meta property=\"og:image:height\" content=\"164\" \/>\n\t<meta property=\"og:image:type\" content=\"image\/jpeg\" \/>\n<meta name=\"author\" content=\"P\u00e1gina 10\" \/>\n<meta name=\"twitter:card\" content=\"summary_large_image\" \/>\n<meta name=\"twitter:creator\" content=\"@Pag10com\" \/>\n<meta name=\"twitter:site\" content=\"@Pag10com\" \/>\n<meta name=\"twitter:label1\" content=\"Escrito por\" \/>\n\t<meta name=\"twitter:data1\" content=\"P\u00e1gina 10\" \/>\n\t<meta name=\"twitter:label2\" content=\"Tiempo de lectura\" \/>\n\t<meta name=\"twitter:data2\" content=\"1 minuto\" \/>\n<script type=\"application\/ld+json\" class=\"yoast-schema-graph\">{\"@context\":\"https:\/\/schema.org\",\"@graph\":[{\"@type\":\"Article\",\"@id\":\"https:\/\/pagina10.com\/web\/deportivo-pasto-se-prepara-para-enfrentar-a-aguilas-doradas\/#article\",\"isPartOf\":{\"@id\":\"https:\/\/pagina10.com\/web\/deportivo-pasto-se-prepara-para-enfrentar-a-aguilas-doradas\/\"},\"author\":{\"name\":\"P\u00e1gina 10\",\"@id\":\"https:\/\/pagina10.com\/web\/#\/schema\/person\/2efc4a090d25b667d3bc796798a3a81b\"},\"headline\":\"Deportivo Pasto se prepara para enfrentar a \u00c1guilas Doradas\",\"datePublished\":\"2021-02-08T18:32:15+00:00\",\"mainEntityOfPage\":{\"@id\":\"https:\/\/pagina10.com\/web\/deportivo-pasto-se-prepara-para-enfrentar-a-aguilas-doradas\/\"},\"wordCount\":177,\"commentCount\":0,\"publisher\":{\"@id\":\"https:\/\/pagina10.com\/web\/#organization\"},\"image\":{\"@id\":\"https:\/\/pagina10.com\/web\/deportivo-pasto-se-prepara-para-enfrentar-a-aguilas-doradas\/#primaryimage\"},\"thumbnailUrl\":\"https:\/\/pagina10.com\/web\/wp-content\/uploads\/2021\/02\/pasto-vs-aguilas.jpg\",\"articleSection\":[\"Deportes\"],\"inLanguage\":\"es\",\"potentialAction\":[{\"@type\":\"CommentAction\",\"name\":\"Comment\",\"target\":[\"https:\/\/pagina10.com\/web\/deportivo-pasto-se-prepara-para-enfrentar-a-aguilas-doradas\/#respond\"]}]},{\"@type\":\"WebPage\",\"@id\":\"https:\/\/pagina10.com\/web\/deportivo-pasto-se-prepara-para-enfrentar-a-aguilas-doradas\/\",\"url\":\"https:\/\/pagina10.com\/web\/deportivo-pasto-se-prepara-para-enfrentar-a-aguilas-doradas\/\",\"name\":\"Deportivo Pasto se prepara para enfrentar a \u00c1guilas Doradas | P\u00e1gina10\",\"isPartOf\":{\"@id\":\"https:\/\/pagina10.com\/web\/#website\"},\"primaryImageOfPage\":{\"@id\":\"https:\/\/pagina10.com\/web\/deportivo-pasto-se-prepara-para-enfrentar-a-aguilas-doradas\/#primaryimage\"},\"image\":{\"@id\":\"https:\/\/pagina10.com\/web\/deportivo-pasto-se-prepara-para-enfrentar-a-aguilas-doradas\/#primaryimage\"},\"thumbnailUrl\":\"https:\/\/pagina10.com\/web\/wp-content\/uploads\/2021\/02\/pasto-vs-aguilas.jpg\",\"datePublished\":\"2021-02-08T18:32:15+00:00\",\"breadcrumb\":{\"@id\":\"https:\/\/pagina10.com\/web\/deportivo-pasto-se-prepara-para-enfrentar-a-aguilas-doradas\/#breadcrumb\"},\"inLanguage\":\"es\",\"potentialAction\":[{\"@type\":\"ReadAction\",\"target\":[\"https:\/\/pagina10.com\/web\/deportivo-pasto-se-prepara-para-enfrentar-a-aguilas-doradas\/\"]}]},{\"@type\":\"ImageObject\",\"inLanguage\":\"es\",\"@id\":\"https:\/\/pagina10.com\/web\/deportivo-pasto-se-prepara-para-enfrentar-a-aguilas-doradas\/#primaryimage\",\"url\":\"https:\/\/pagina10.com\/web\/wp-content\/uploads\/2021\/02\/pasto-vs-aguilas.jpg\",\"contentUrl\":\"https:\/\/pagina10.com\/web\/wp-content\/uploads\/2021\/02\/pasto-vs-aguilas.jpg\",\"width\":308,\"height\":164},{\"@type\":\"BreadcrumbList\",\"@id\":\"https:\/\/pagina10.com\/web\/deportivo-pasto-se-prepara-para-enfrentar-a-aguilas-doradas\/#breadcrumb\",\"itemListElement\":[{\"@type\":\"ListItem\",\"position\":1,\"name\":\"Portada\",\"item\":\"https:\/\/pagina10.com\/web\/\"},{\"@type\":\"ListItem\",\"position\":2,\"name\":\"Deportivo Pasto se prepara para enfrentar a \u00c1guilas Doradas\"}]},{\"@type\":\"WebSite\",\"@id\":\"https:\/\/pagina10.com\/web\/#website\",\"url\":\"https:\/\/pagina10.com\/web\/\",\"name\":\"P\u00e1gina10\",\"description\":\"Peri\u00f3dico Regional\",\"publisher\":{\"@id\":\"https:\/\/pagina10.com\/web\/#organization\"},\"alternateName\":\"P\u00e1gina10 Peri\u00f3dico Regional\",\"potentialAction\":[{\"@type\":\"SearchAction\",\"target\":{\"@type\":\"EntryPoint\",\"urlTemplate\":\"https:\/\/pagina10.com\/web\/?s={search_term_string}\"},\"query-input\":{\"@type\":\"PropertyValueSpecification\",\"valueRequired\":true,\"valueName\":\"search_term_string\"}}],\"inLanguage\":\"es\"},{\"@type\":\"Organization\",\"@id\":\"https:\/\/pagina10.com\/web\/#organization\",\"name\":\"P\u00e1gina10\",\"alternateName\":\"P\u00e1gina10 Peri\u00f3dico Regional\",\"url\":\"https:\/\/pagina10.com\/web\/\",\"logo\":{\"@type\":\"ImageObject\",\"inLanguage\":\"es\",\"@id\":\"https:\/\/pagina10.com\/web\/#\/schema\/logo\/image\/\",\"url\":\"https:\/\/pagina10.com\/web\/wp-content\/uploads\/2024\/01\/40-pagina-10-periodico-regional-pasto.jpg\",\"contentUrl\":\"https:\/\/pagina10.com\/web\/wp-content\/uploads\/2024\/01\/40-pagina-10-periodico-regional-pasto.jpg\",\"width\":1280,\"height\":720,\"caption\":\"P\u00e1gina10\"},\"image\":{\"@id\":\"https:\/\/pagina10.com\/web\/#\/schema\/logo\/image\/\"},\"sameAs\":[\"https:\/\/www.facebook.com\/pag10com\",\"https:\/\/x.com\/Pag10com\",\"https:\/\/www.instagram.com\/pagina10col\/\",\"https:\/\/youtube.com\/channel\/pag10\",\"https:\/\/www.tiktok.com\/@p10col\"]},{\"@type\":\"Person\",\"@id\":\"https:\/\/pagina10.com\/web\/#\/schema\/person\/2efc4a090d25b667d3bc796798a3a81b\",\"name\":\"P\u00e1gina 10\",\"description\":\"P\u00e1gina 10 es un peri\u00f3dico regional que nace en Colombia, en el departamento de Nari\u00f1o, con un enfoque global, fundamentado en cuatro pilares esenciales: la libertad, el pluralismo, la inclusi\u00f3n y la independencia. P\u00e1gina 10 hace referencia a Nari\u00f1o como el d\u00e9cimo departamento creado en Colombia, despu\u00e9s de un proceso pol\u00edtico liderado por actores y actrices regionales con el fin de obtener la independencia y autonom\u00eda de nuestros territorios. Con la creaci\u00f3n de P\u00e1gina 10 se pretende abrir un escenario para el dialogo, la reflexi\u00f3n y el debate que se extienda a otras geograf\u00edas de Am\u00e9rica Latina y del planeta, en una apuesta por transformar colectivamente los desaf\u00edos de un mundo contempor\u00e1neo, m\u00e1s all\u00e1 de las fronteras impuestas.\",\"url\":\"https:\/\/pagina10.com\/web\/author\/pdiezadmin\/\"}]}<\/script>\n<!-- \/ Yoast SEO plugin. -->","yoast_head_json":{"title":"Deportivo Pasto se prepara para enfrentar a \u00c1guilas Doradas | P\u00e1gina10","robots":{"index":"index","follow":"follow","max-snippet":"max-snippet:-1","max-image-preview":"max-image-preview:large","max-video-preview":"max-video-preview:-1"},"canonical":"https:\/\/pagina10.com\/web\/deportivo-pasto-se-prepara-para-enfrentar-a-aguilas-doradas\/","og_locale":"es_ES","og_type":"article","og_title":"Deportivo Pasto se prepara para enfrentar a \u00c1guilas Doradas | P\u00e1gina10","og_description":"Ya sali\u00f3 la nomina de jugadores convocados para enfrentar a \u00c1guilas Doradas en la ciudad de Rionegro por la quinta fecha de la liga Betplay -1 del presente a\u00f1o, siendo las principales novedades las ausencias de Oswaldo Enr\u00edquez y Leonardo Aponte por lesi\u00f3n y tambi\u00e9n la no presencia de Ray Vanegas y Ederson Moreno por [&hellip;]","og_url":"https:\/\/pagina10.com\/web\/deportivo-pasto-se-prepara-para-enfrentar-a-aguilas-doradas\/","og_site_name":"P\u00e1gina10","article_publisher":"https:\/\/www.facebook.com\/pag10com","article_published_time":"2021-02-08T18:32:15+00:00","og_image":[{"width":308,"height":164,"url":"https:\/\/pagina10.com\/web\/wp-content\/uploads\/2021\/02\/pasto-vs-aguilas.jpg","type":"image\/jpeg"}],"author":"P\u00e1gina 10","twitter_card":"summary_large_image","twitter_creator":"@Pag10com","twitter_site":"@Pag10com","twitter_misc":{"Escrito por":"P\u00e1gina 10","Tiempo de lectura":"1 minuto"},"schema":{"@context":"https:\/\/schema.org","@graph":[{"@type":"Article","@id":"https:\/\/pagina10.com\/web\/deportivo-pasto-se-prepara-para-enfrentar-a-aguilas-doradas\/#article","isPartOf":{"@id":"https:\/\/pagina10.com\/web\/deportivo-pasto-se-prepara-para-enfrentar-a-aguilas-doradas\/"},"author":{"name":"P\u00e1gina 10","@id":"https:\/\/pagina10.com\/web\/#\/schema\/person\/2efc4a090d25b667d3bc796798a3a81b"},"headline":"Deportivo Pasto se prepara para enfrentar a \u00c1guilas Doradas","datePublished":"2021-02-08T18:32:15+00:00","mainEntityOfPage":{"@id":"https:\/\/pagina10.com\/web\/deportivo-pasto-se-prepara-para-enfrentar-a-aguilas-doradas\/"},"wordCount":177,"commentCount":0,"publisher":{"@id":"https:\/\/pagina10.com\/web\/#organization"},"image":{"@id":"https:\/\/pagina10.com\/web\/deportivo-pasto-se-prepara-para-enfrentar-a-aguilas-doradas\/#primaryimage"},"thumbnailUrl":"https:\/\/pagina10.com\/web\/wp-content\/uploads\/2021\/02\/pasto-vs-aguilas.jpg","articleSection":["Deportes"],"inLanguage":"es","potentialAction":[{"@type":"CommentAction","name":"Comment","target":["https:\/\/pagina10.com\/web\/deportivo-pasto-se-prepara-para-enfrentar-a-aguilas-doradas\/#respond"]}]},{"@type":"WebPage","@id":"https:\/\/pagina10.com\/web\/deportivo-pasto-se-prepara-para-enfrentar-a-aguilas-doradas\/","url":"https:\/\/pagina10.com\/web\/deportivo-pasto-se-prepara-para-enfrentar-a-aguilas-doradas\/","name":"Deportivo Pasto se prepara para enfrentar a \u00c1guilas Doradas | P\u00e1gina10","isPartOf":{"@id":"https:\/\/pagina10.com\/web\/#website"},"primaryImageOfPage":{"@id":"https:\/\/pagina10.com\/web\/deportivo-pasto-se-prepara-para-enfrentar-a-aguilas-doradas\/#primaryimage"},"image":{"@id":"https:\/\/pagina10.com\/web\/deportivo-pasto-se-prepara-para-enfrentar-a-aguilas-doradas\/#primaryimage"},"thumbnailUrl":"https:\/\/pagina10.com\/web\/wp-content\/uploads\/2021\/02\/pasto-vs-aguilas.jpg","datePublished":"2021-02-08T18:32:15+00:00","breadcrumb":{"@id":"https:\/\/pagina10.com\/web\/deportivo-pasto-se-prepara-para-enfrentar-a-aguilas-doradas\/#breadcrumb"},"inLanguage":"es","potentialAction":[{"@type":"ReadAction","target":["https:\/\/pagina10.com\/web\/deportivo-pasto-se-prepara-para-enfrentar-a-aguilas-doradas\/"]}]},{"@type":"ImageObject","inLanguage":"es","@id":"https:\/\/pagina10.com\/web\/deportivo-pasto-se-prepara-para-enfrentar-a-aguilas-doradas\/#primaryimage","url":"https:\/\/pagina10.com\/web\/wp-content\/uploads\/2021\/02\/pasto-vs-aguilas.jpg","contentUrl":"https:\/\/pagina10.com\/web\/wp-content\/uploads\/2021\/02\/pasto-vs-aguilas.jpg","width":308,"height":164},{"@type":"BreadcrumbList","@id":"https:\/\/pagina10.com\/web\/deportivo-pasto-se-prepara-para-enfrentar-a-aguilas-doradas\/#breadcrumb","itemListElement":[{"@type":"ListItem","position":1,"name":"Portada","item":"https:\/\/pagina10.com\/web\/"},{"@type":"ListItem","position":2,"name":"Deportivo Pasto se prepara para enfrentar a \u00c1guilas Doradas"}]},{"@type":"WebSite","@id":"https:\/\/pagina10.com\/web\/#website","url":"https:\/\/pagina10.com\/web\/","name":"P\u00e1gina10","description":"Peri\u00f3dico Regional","publisher":{"@id":"https:\/\/pagina10.com\/web\/#organization"},"alternateName":"P\u00e1gina10 Peri\u00f3dico Regional","potentialAction":[{"@type":"SearchAction","target":{"@type":"EntryPoint","urlTemplate":"https:\/\/pagina10.com\/web\/?s={search_term_string}"},"query-input":{"@type":"PropertyValueSpecification","valueRequired":true,"valueName":"search_term_string"}}],"inLanguage":"es"},{"@type":"Organization","@id":"https:\/\/pagina10.com\/web\/#organization","name":"P\u00e1gina10","alternateName":"P\u00e1gina10 Peri\u00f3dico Regional","url":"https:\/\/pagina10.com\/web\/","logo":{"@type":"ImageObject","inLanguage":"es","@id":"https:\/\/pagina10.com\/web\/#\/schema\/logo\/image\/","url":"https:\/\/pagina10.com\/web\/wp-content\/uploads\/2024\/01\/40-pagina-10-periodico-regional-pasto.jpg","contentUrl":"https:\/\/pagina10.com\/web\/wp-content\/uploads\/2024\/01\/40-pagina-10-periodico-regional-pasto.jpg","width":1280,"height":720,"caption":"P\u00e1gina10"},"image":{"@id":"https:\/\/pagina10.com\/web\/#\/schema\/logo\/image\/"},"sameAs":["https:\/\/www.facebook.com\/pag10com","https:\/\/x.com\/Pag10com","https:\/\/www.instagram.com\/pagina10col\/","https:\/\/youtube.com\/channel\/pag10","https:\/\/www.tiktok.com\/@p10col"]},{"@type":"Person","@id":"https:\/\/pagina10.com\/web\/#\/schema\/person\/2efc4a090d25b667d3bc796798a3a81b","name":"P\u00e1gina 10","description":"P\u00e1gina 10 es un peri\u00f3dico regional que nace en Colombia, en el departamento de Nari\u00f1o, con un enfoque global, fundamentado en cuatro pilares esenciales: la libertad, el pluralismo, la inclusi\u00f3n y la independencia. P\u00e1gina 10 hace referencia a Nari\u00f1o como el d\u00e9cimo departamento creado en Colombia, despu\u00e9s de un proceso pol\u00edtico liderado por actores y actrices regionales con el fin de obtener la independencia y autonom\u00eda de nuestros territorios. Con la creaci\u00f3n de P\u00e1gina 10 se pretende abrir un escenario para el dialogo, la reflexi\u00f3n y el debate que se extienda a otras geograf\u00edas de Am\u00e9rica Latina y del planeta, en una apuesta por transformar colectivamente los desaf\u00edos de un mundo contempor\u00e1neo, m\u00e1s all\u00e1 de las fronteras impuestas.","url":"https:\/\/pagina10.com\/web\/author\/pdiezadmin\/"}]}},"_links":{"self":[{"href":"https:\/\/pagina10.com\/web\/wp-json\/wp\/v2\/posts\/50439","targetHints":{"allow":["GET"]}}],"collection":[{"href":"https:\/\/pagina10.com\/web\/wp-json\/wp\/v2\/posts"}],"about":[{"href":"https:\/\/pagina10.com\/web\/wp-json\/wp\/v2\/types\/post"}],"author":[{"embeddable":true,"href":"https:\/\/pagina10.com\/web\/wp-json\/wp\/v2\/users\/1"}],"replies":[{"embeddable":true,"href":"https:\/\/pagina10.com\/web\/wp-json\/wp\/v2\/comments?post=50439"}],"version-history":[{"count":1,"href":"https:\/\/pagina10.com\/web\/wp-json\/wp\/v2\/posts\/50439\/revisions"}],"predecessor-version":[{"id":50441,"href":"https:\/\/pagina10.com\/web\/wp-json\/wp\/v2\/posts\/50439\/revisions\/50441"}],"wp:featuredmedia":[{"embeddable":true,"href":"https:\/\/pagina10.com\/web\/wp-json\/wp\/v2\/media\/50440"}],"wp:attachment":[{"href":"https:\/\/pagina10.com\/web\/wp-json\/wp\/v2\/media?parent=50439"}],"wp:term":[{"taxonomy":"category","embeddable":true,"href":"https:\/\/pagina10.com\/web\/wp-json\/wp\/v2\/categories?post=50439"},{"taxonomy":"post_tag","embeddable":true,"href":"https:\/\/pagina10.com\/web\/wp-json\/wp\/v2\/tags?post=50439"}],"curies":[{"name":"wp","href":"https:\/\/api.w.org\/{rel}","templated":true}]}}