{"id":50442,"date":"2021-02-08T13:37:32","date_gmt":"2021-02-08T18:37:32","guid":{"rendered":"https:\/\/pagina10.com\/web\/?p=50442"},"modified":"2021-02-08T14:03:24","modified_gmt":"2021-02-08T19:03:24","slug":"cae-un-abusador-mas-en-ipiales","status":"publish","type":"post","link":"https:\/\/pagina10.com\/web\/cae-un-abusador-mas-en-ipiales\/","title":{"rendered":"Cae un abusador m\u00e1s en Ipiales"},"content":{"rendered":"<p style=\"text-align: justify;\">Como Libio Jubenal Chapid fue identificado el hombre al que el d\u00eda de ayer se le imput\u00f3 el delito de \u201cActo sexual con menor de 14 a\u00f1os agravado\u201d despu\u00e9s de descubrir que durante varios a\u00f1os venia realizando este tipo de practicas indebidas en la vereda Alizales del municipio de Puerres \u2013 Nari\u00f1o.<\/p>\n<p style=\"text-align: justify;\">Tal parece que el hoy capturado, manipulo las partes intimas de dos menores de edad en varias ocasiones, lo que llev\u00f3 a hombres del cuerpo de investigaci\u00f3n ( CTI) a realizar una investigaci\u00f3n que permitiese dar con su paradero y legalizar una orden de captura en su contra, dicha investigaci\u00f3n se desarroll\u00f3 seg\u00fan lineamientos tratados por la Fiscal\u00eda General de la Naci\u00f3n.<\/p>\n<p style=\"text-align: justify;\">La polic\u00eda Nacional recalca que es importante seguir trabajando en el fortalecimiento de medidas restrictivas contra responsables de hechos que atentas contra la integridad y la formaci\u00f3n sexual de ni\u00f1os, ni\u00f1as y adolescentes. Todo esto con el fin de velar por la protecci\u00f3n de sus derechos fundamentales\u201d<\/p>\n<p>&nbsp;<\/p>\n<p>&nbsp;<\/p>\n","protected":false},"excerpt":{"rendered":"<p>Como Libio Jubenal Chapid fue identificado el hombre al que el d\u00eda de ayer se le imput\u00f3 el delito de \u201cActo sexual con menor de 14 a\u00f1os agravado\u201d despu\u00e9s de descubrir que durante varios a\u00f1os venia realizando este tipo de practicas indebidas en la vereda Alizales del municipio de Puerres \u2013 Nari\u00f1o. Tal parece que [&hellip;]<\/p>\n","protected":false},"author":1,"featured_media":50449,"comment_status":"open","ping_status":"open","sticky":false,"template":"","format":"status","meta":{"footnotes":""},"categories":[2],"tags":[],"class_list":["post-50442","post","type-post","status-publish","format-status","has-post-thumbnail","hentry","category-pagina10","post_format-post-format-status"],"yoast_head":"<!-- This site is optimized with the Yoast SEO plugin v27.1.1 - https:\/\/yoast.com\/product\/yoast-seo-wordpress\/ -->\n<title>Cae un abusador m\u00e1s en Ipiales | P\u00e1gina10<\/title>\n<meta name=\"robots\" content=\"index, follow, max-snippet:-1, max-image-preview:large, max-video-preview:-1\" \/>\n<link rel=\"canonical\" href=\"https:\/\/pagina10.com\/web\/cae-un-abusador-mas-en-ipiales\/\" \/>\n<meta property=\"og:locale\" content=\"es_ES\" \/>\n<meta property=\"og:type\" content=\"article\" \/>\n<meta property=\"og:title\" content=\"Cae un abusador m\u00e1s en Ipiales | P\u00e1gina10\" \/>\n<meta property=\"og:description\" content=\"Como Libio Jubenal Chapid fue identificado el hombre al que el d\u00eda de ayer se le imput\u00f3 el delito de \u201cActo sexual con menor de 14 a\u00f1os agravado\u201d despu\u00e9s de descubrir que durante varios a\u00f1os venia realizando este tipo de practicas indebidas en la vereda Alizales del municipio de Puerres \u2013 Nari\u00f1o. Tal parece que [&hellip;]\" \/>\n<meta property=\"og:url\" content=\"https:\/\/pagina10.com\/web\/cae-un-abusador-mas-en-ipiales\/\" \/>\n<meta property=\"og:site_name\" content=\"P\u00e1gina10\" \/>\n<meta property=\"article:publisher\" content=\"https:\/\/www.facebook.com\/pag10com\" \/>\n<meta property=\"article:published_time\" content=\"2021-02-08T18:37:32+00:00\" \/>\n<meta property=\"article:modified_time\" content=\"2021-02-08T19:03:24+00:00\" \/>\n<meta property=\"og:image\" content=\"https:\/\/pagina10.com\/web\/wp-content\/uploads\/2021\/02\/inbound3962122693187359531.jpg\" \/>\n\t<meta property=\"og:image:width\" content=\"300\" \/>\n\t<meta property=\"og:image:height\" content=\"168\" \/>\n\t<meta property=\"og:image:type\" content=\"image\/jpeg\" \/>\n<meta name=\"author\" content=\"P\u00e1gina 10\" \/>\n<meta name=\"twitter:card\" content=\"summary_large_image\" \/>\n<meta name=\"twitter:creator\" content=\"@Pag10com\" \/>\n<meta name=\"twitter:site\" content=\"@Pag10com\" \/>\n<meta name=\"twitter:label1\" content=\"Escrito por\" \/>\n\t<meta name=\"twitter:data1\" content=\"P\u00e1gina 10\" \/>\n\t<meta name=\"twitter:label2\" content=\"Tiempo de lectura\" \/>\n\t<meta name=\"twitter:data2\" content=\"1 minuto\" \/>\n<script type=\"application\/ld+json\" class=\"yoast-schema-graph\">{\"@context\":\"https:\/\/schema.org\",\"@graph\":[{\"@type\":\"Article\",\"@id\":\"https:\/\/pagina10.com\/web\/cae-un-abusador-mas-en-ipiales\/#article\",\"isPartOf\":{\"@id\":\"https:\/\/pagina10.com\/web\/cae-un-abusador-mas-en-ipiales\/\"},\"author\":{\"name\":\"P\u00e1gina 10\",\"@id\":\"https:\/\/pagina10.com\/web\/#\/schema\/person\/2efc4a090d25b667d3bc796798a3a81b\"},\"headline\":\"Cae un abusador m\u00e1s en Ipiales\",\"datePublished\":\"2021-02-08T18:37:32+00:00\",\"dateModified\":\"2021-02-08T19:03:24+00:00\",\"mainEntityOfPage\":{\"@id\":\"https:\/\/pagina10.com\/web\/cae-un-abusador-mas-en-ipiales\/\"},\"wordCount\":183,\"commentCount\":0,\"publisher\":{\"@id\":\"https:\/\/pagina10.com\/web\/#organization\"},\"image\":{\"@id\":\"https:\/\/pagina10.com\/web\/cae-un-abusador-mas-en-ipiales\/#primaryimage\"},\"thumbnailUrl\":\"https:\/\/pagina10.com\/web\/wp-content\/uploads\/2021\/02\/inbound3962122693187359531.jpg\",\"articleSection\":[\"P\u00e1gina10\"],\"inLanguage\":\"es\",\"potentialAction\":[{\"@type\":\"CommentAction\",\"name\":\"Comment\",\"target\":[\"https:\/\/pagina10.com\/web\/cae-un-abusador-mas-en-ipiales\/#respond\"]}]},{\"@type\":\"WebPage\",\"@id\":\"https:\/\/pagina10.com\/web\/cae-un-abusador-mas-en-ipiales\/\",\"url\":\"https:\/\/pagina10.com\/web\/cae-un-abusador-mas-en-ipiales\/\",\"name\":\"Cae un abusador m\u00e1s en Ipiales | P\u00e1gina10\",\"isPartOf\":{\"@id\":\"https:\/\/pagina10.com\/web\/#website\"},\"primaryImageOfPage\":{\"@id\":\"https:\/\/pagina10.com\/web\/cae-un-abusador-mas-en-ipiales\/#primaryimage\"},\"image\":{\"@id\":\"https:\/\/pagina10.com\/web\/cae-un-abusador-mas-en-ipiales\/#primaryimage\"},\"thumbnailUrl\":\"https:\/\/pagina10.com\/web\/wp-content\/uploads\/2021\/02\/inbound3962122693187359531.jpg\",\"datePublished\":\"2021-02-08T18:37:32+00:00\",\"dateModified\":\"2021-02-08T19:03:24+00:00\",\"breadcrumb\":{\"@id\":\"https:\/\/pagina10.com\/web\/cae-un-abusador-mas-en-ipiales\/#breadcrumb\"},\"inLanguage\":\"es\",\"potentialAction\":[{\"@type\":\"ReadAction\",\"target\":[\"https:\/\/pagina10.com\/web\/cae-un-abusador-mas-en-ipiales\/\"]}]},{\"@type\":\"ImageObject\",\"inLanguage\":\"es\",\"@id\":\"https:\/\/pagina10.com\/web\/cae-un-abusador-mas-en-ipiales\/#primaryimage\",\"url\":\"https:\/\/pagina10.com\/web\/wp-content\/uploads\/2021\/02\/inbound3962122693187359531.jpg\",\"contentUrl\":\"https:\/\/pagina10.com\/web\/wp-content\/uploads\/2021\/02\/inbound3962122693187359531.jpg\",\"width\":300,\"height\":168},{\"@type\":\"BreadcrumbList\",\"@id\":\"https:\/\/pagina10.com\/web\/cae-un-abusador-mas-en-ipiales\/#breadcrumb\",\"itemListElement\":[{\"@type\":\"ListItem\",\"position\":1,\"name\":\"Portada\",\"item\":\"https:\/\/pagina10.com\/web\/\"},{\"@type\":\"ListItem\",\"position\":2,\"name\":\"Cae un abusador m\u00e1s en Ipiales\"}]},{\"@type\":\"WebSite\",\"@id\":\"https:\/\/pagina10.com\/web\/#website\",\"url\":\"https:\/\/pagina10.com\/web\/\",\"name\":\"P\u00e1gina10\",\"description\":\"Peri\u00f3dico Regional\",\"publisher\":{\"@id\":\"https:\/\/pagina10.com\/web\/#organization\"},\"alternateName\":\"P\u00e1gina10 Peri\u00f3dico Regional\",\"potentialAction\":[{\"@type\":\"SearchAction\",\"target\":{\"@type\":\"EntryPoint\",\"urlTemplate\":\"https:\/\/pagina10.com\/web\/?s={search_term_string}\"},\"query-input\":{\"@type\":\"PropertyValueSpecification\",\"valueRequired\":true,\"valueName\":\"search_term_string\"}}],\"inLanguage\":\"es\"},{\"@type\":\"Organization\",\"@id\":\"https:\/\/pagina10.com\/web\/#organization\",\"name\":\"P\u00e1gina10\",\"alternateName\":\"P\u00e1gina10 Peri\u00f3dico Regional\",\"url\":\"https:\/\/pagina10.com\/web\/\",\"logo\":{\"@type\":\"ImageObject\",\"inLanguage\":\"es\",\"@id\":\"https:\/\/pagina10.com\/web\/#\/schema\/logo\/image\/\",\"url\":\"https:\/\/pagina10.com\/web\/wp-content\/uploads\/2024\/01\/40-pagina-10-periodico-regional-pasto.jpg\",\"contentUrl\":\"https:\/\/pagina10.com\/web\/wp-content\/uploads\/2024\/01\/40-pagina-10-periodico-regional-pasto.jpg\",\"width\":1280,\"height\":720,\"caption\":\"P\u00e1gina10\"},\"image\":{\"@id\":\"https:\/\/pagina10.com\/web\/#\/schema\/logo\/image\/\"},\"sameAs\":[\"https:\/\/www.facebook.com\/pag10com\",\"https:\/\/x.com\/Pag10com\",\"https:\/\/www.instagram.com\/pagina10col\/\",\"https:\/\/youtube.com\/channel\/pag10\",\"https:\/\/www.tiktok.com\/@p10col\"]},{\"@type\":\"Person\",\"@id\":\"https:\/\/pagina10.com\/web\/#\/schema\/person\/2efc4a090d25b667d3bc796798a3a81b\",\"name\":\"P\u00e1gina 10\",\"description\":\"P\u00e1gina 10 es un peri\u00f3dico regional que nace en Colombia, en el departamento de Nari\u00f1o, con un enfoque global, fundamentado en cuatro pilares esenciales: la libertad, el pluralismo, la inclusi\u00f3n y la independencia. P\u00e1gina 10 hace referencia a Nari\u00f1o como el d\u00e9cimo departamento creado en Colombia, despu\u00e9s de un proceso pol\u00edtico liderado por actores y actrices regionales con el fin de obtener la independencia y autonom\u00eda de nuestros territorios. Con la creaci\u00f3n de P\u00e1gina 10 se pretende abrir un escenario para el dialogo, la reflexi\u00f3n y el debate que se extienda a otras geograf\u00edas de Am\u00e9rica Latina y del planeta, en una apuesta por transformar colectivamente los desaf\u00edos de un mundo contempor\u00e1neo, m\u00e1s all\u00e1 de las fronteras impuestas.\",\"url\":\"https:\/\/pagina10.com\/web\/author\/pdiezadmin\/\"}]}<\/script>\n<!-- \/ Yoast SEO plugin. -->","yoast_head_json":{"title":"Cae un abusador m\u00e1s en Ipiales | P\u00e1gina10","robots":{"index":"index","follow":"follow","max-snippet":"max-snippet:-1","max-image-preview":"max-image-preview:large","max-video-preview":"max-video-preview:-1"},"canonical":"https:\/\/pagina10.com\/web\/cae-un-abusador-mas-en-ipiales\/","og_locale":"es_ES","og_type":"article","og_title":"Cae un abusador m\u00e1s en Ipiales | P\u00e1gina10","og_description":"Como Libio Jubenal Chapid fue identificado el hombre al que el d\u00eda de ayer se le imput\u00f3 el delito de \u201cActo sexual con menor de 14 a\u00f1os agravado\u201d despu\u00e9s de descubrir que durante varios a\u00f1os venia realizando este tipo de practicas indebidas en la vereda Alizales del municipio de Puerres \u2013 Nari\u00f1o. Tal parece que [&hellip;]","og_url":"https:\/\/pagina10.com\/web\/cae-un-abusador-mas-en-ipiales\/","og_site_name":"P\u00e1gina10","article_publisher":"https:\/\/www.facebook.com\/pag10com","article_published_time":"2021-02-08T18:37:32+00:00","article_modified_time":"2021-02-08T19:03:24+00:00","og_image":[{"width":300,"height":168,"url":"https:\/\/pagina10.com\/web\/wp-content\/uploads\/2021\/02\/inbound3962122693187359531.jpg","type":"image\/jpeg"}],"author":"P\u00e1gina 10","twitter_card":"summary_large_image","twitter_creator":"@Pag10com","twitter_site":"@Pag10com","twitter_misc":{"Escrito por":"P\u00e1gina 10","Tiempo de lectura":"1 minuto"},"schema":{"@context":"https:\/\/schema.org","@graph":[{"@type":"Article","@id":"https:\/\/pagina10.com\/web\/cae-un-abusador-mas-en-ipiales\/#article","isPartOf":{"@id":"https:\/\/pagina10.com\/web\/cae-un-abusador-mas-en-ipiales\/"},"author":{"name":"P\u00e1gina 10","@id":"https:\/\/pagina10.com\/web\/#\/schema\/person\/2efc4a090d25b667d3bc796798a3a81b"},"headline":"Cae un abusador m\u00e1s en Ipiales","datePublished":"2021-02-08T18:37:32+00:00","dateModified":"2021-02-08T19:03:24+00:00","mainEntityOfPage":{"@id":"https:\/\/pagina10.com\/web\/cae-un-abusador-mas-en-ipiales\/"},"wordCount":183,"commentCount":0,"publisher":{"@id":"https:\/\/pagina10.com\/web\/#organization"},"image":{"@id":"https:\/\/pagina10.com\/web\/cae-un-abusador-mas-en-ipiales\/#primaryimage"},"thumbnailUrl":"https:\/\/pagina10.com\/web\/wp-content\/uploads\/2021\/02\/inbound3962122693187359531.jpg","articleSection":["P\u00e1gina10"],"inLanguage":"es","potentialAction":[{"@type":"CommentAction","name":"Comment","target":["https:\/\/pagina10.com\/web\/cae-un-abusador-mas-en-ipiales\/#respond"]}]},{"@type":"WebPage","@id":"https:\/\/pagina10.com\/web\/cae-un-abusador-mas-en-ipiales\/","url":"https:\/\/pagina10.com\/web\/cae-un-abusador-mas-en-ipiales\/","name":"Cae un abusador m\u00e1s en Ipiales | P\u00e1gina10","isPartOf":{"@id":"https:\/\/pagina10.com\/web\/#website"},"primaryImageOfPage":{"@id":"https:\/\/pagina10.com\/web\/cae-un-abusador-mas-en-ipiales\/#primaryimage"},"image":{"@id":"https:\/\/pagina10.com\/web\/cae-un-abusador-mas-en-ipiales\/#primaryimage"},"thumbnailUrl":"https:\/\/pagina10.com\/web\/wp-content\/uploads\/2021\/02\/inbound3962122693187359531.jpg","datePublished":"2021-02-08T18:37:32+00:00","dateModified":"2021-02-08T19:03:24+00:00","breadcrumb":{"@id":"https:\/\/pagina10.com\/web\/cae-un-abusador-mas-en-ipiales\/#breadcrumb"},"inLanguage":"es","potentialAction":[{"@type":"ReadAction","target":["https:\/\/pagina10.com\/web\/cae-un-abusador-mas-en-ipiales\/"]}]},{"@type":"ImageObject","inLanguage":"es","@id":"https:\/\/pagina10.com\/web\/cae-un-abusador-mas-en-ipiales\/#primaryimage","url":"https:\/\/pagina10.com\/web\/wp-content\/uploads\/2021\/02\/inbound3962122693187359531.jpg","contentUrl":"https:\/\/pagina10.com\/web\/wp-content\/uploads\/2021\/02\/inbound3962122693187359531.jpg","width":300,"height":168},{"@type":"BreadcrumbList","@id":"https:\/\/pagina10.com\/web\/cae-un-abusador-mas-en-ipiales\/#breadcrumb","itemListElement":[{"@type":"ListItem","position":1,"name":"Portada","item":"https:\/\/pagina10.com\/web\/"},{"@type":"ListItem","position":2,"name":"Cae un abusador m\u00e1s en Ipiales"}]},{"@type":"WebSite","@id":"https:\/\/pagina10.com\/web\/#website","url":"https:\/\/pagina10.com\/web\/","name":"P\u00e1gina10","description":"Peri\u00f3dico Regional","publisher":{"@id":"https:\/\/pagina10.com\/web\/#organization"},"alternateName":"P\u00e1gina10 Peri\u00f3dico Regional","potentialAction":[{"@type":"SearchAction","target":{"@type":"EntryPoint","urlTemplate":"https:\/\/pagina10.com\/web\/?s={search_term_string}"},"query-input":{"@type":"PropertyValueSpecification","valueRequired":true,"valueName":"search_term_string"}}],"inLanguage":"es"},{"@type":"Organization","@id":"https:\/\/pagina10.com\/web\/#organization","name":"P\u00e1gina10","alternateName":"P\u00e1gina10 Peri\u00f3dico Regional","url":"https:\/\/pagina10.com\/web\/","logo":{"@type":"ImageObject","inLanguage":"es","@id":"https:\/\/pagina10.com\/web\/#\/schema\/logo\/image\/","url":"https:\/\/pagina10.com\/web\/wp-content\/uploads\/2024\/01\/40-pagina-10-periodico-regional-pasto.jpg","contentUrl":"https:\/\/pagina10.com\/web\/wp-content\/uploads\/2024\/01\/40-pagina-10-periodico-regional-pasto.jpg","width":1280,"height":720,"caption":"P\u00e1gina10"},"image":{"@id":"https:\/\/pagina10.com\/web\/#\/schema\/logo\/image\/"},"sameAs":["https:\/\/www.facebook.com\/pag10com","https:\/\/x.com\/Pag10com","https:\/\/www.instagram.com\/pagina10col\/","https:\/\/youtube.com\/channel\/pag10","https:\/\/www.tiktok.com\/@p10col"]},{"@type":"Person","@id":"https:\/\/pagina10.com\/web\/#\/schema\/person\/2efc4a090d25b667d3bc796798a3a81b","name":"P\u00e1gina 10","description":"P\u00e1gina 10 es un peri\u00f3dico regional que nace en Colombia, en el departamento de Nari\u00f1o, con un enfoque global, fundamentado en cuatro pilares esenciales: la libertad, el pluralismo, la inclusi\u00f3n y la independencia. P\u00e1gina 10 hace referencia a Nari\u00f1o como el d\u00e9cimo departamento creado en Colombia, despu\u00e9s de un proceso pol\u00edtico liderado por actores y actrices regionales con el fin de obtener la independencia y autonom\u00eda de nuestros territorios. Con la creaci\u00f3n de P\u00e1gina 10 se pretende abrir un escenario para el dialogo, la reflexi\u00f3n y el debate que se extienda a otras geograf\u00edas de Am\u00e9rica Latina y del planeta, en una apuesta por transformar colectivamente los desaf\u00edos de un mundo contempor\u00e1neo, m\u00e1s all\u00e1 de las fronteras impuestas.","url":"https:\/\/pagina10.com\/web\/author\/pdiezadmin\/"}]}},"_links":{"self":[{"href":"https:\/\/pagina10.com\/web\/wp-json\/wp\/v2\/posts\/50442","targetHints":{"allow":["GET"]}}],"collection":[{"href":"https:\/\/pagina10.com\/web\/wp-json\/wp\/v2\/posts"}],"about":[{"href":"https:\/\/pagina10.com\/web\/wp-json\/wp\/v2\/types\/post"}],"author":[{"embeddable":true,"href":"https:\/\/pagina10.com\/web\/wp-json\/wp\/v2\/users\/1"}],"replies":[{"embeddable":true,"href":"https:\/\/pagina10.com\/web\/wp-json\/wp\/v2\/comments?post=50442"}],"version-history":[{"count":1,"href":"https:\/\/pagina10.com\/web\/wp-json\/wp\/v2\/posts\/50442\/revisions"}],"predecessor-version":[{"id":50444,"href":"https:\/\/pagina10.com\/web\/wp-json\/wp\/v2\/posts\/50442\/revisions\/50444"}],"wp:featuredmedia":[{"embeddable":true,"href":"https:\/\/pagina10.com\/web\/wp-json\/wp\/v2\/media\/50449"}],"wp:attachment":[{"href":"https:\/\/pagina10.com\/web\/wp-json\/wp\/v2\/media?parent=50442"}],"wp:term":[{"taxonomy":"category","embeddable":true,"href":"https:\/\/pagina10.com\/web\/wp-json\/wp\/v2\/categories?post=50442"},{"taxonomy":"post_tag","embeddable":true,"href":"https:\/\/pagina10.com\/web\/wp-json\/wp\/v2\/tags?post=50442"}],"curies":[{"name":"wp","href":"https:\/\/api.w.org\/{rel}","templated":true}]}}