{"id":50468,"date":"2021-02-09T13:07:14","date_gmt":"2021-02-09T18:07:14","guid":{"rendered":"https:\/\/pagina10.com\/web\/?p=50468"},"modified":"2021-02-09T13:09:09","modified_gmt":"2021-02-09T18:09:09","slug":"conductor-detenido-por-transportar-de-manera-ilegal-guaduas","status":"publish","type":"post","link":"https:\/\/pagina10.com\/web\/conductor-detenido-por-transportar-de-manera-ilegal-guaduas\/","title":{"rendered":"Conductor detenido por transportar de manera ilegal Guaduas"},"content":{"rendered":"<p style=\"text-align: justify;\">Se logr\u00f3 la captura de un traficante de madera, gracias a operativos de control enfocados a quienes infringen normas del medio ambiente por parte de la Polic\u00eda Metropolitana de Pasto. El operativo donde fue detenido este conductor se realiz\u00f3 en el kil\u00f3metro 11 v\u00eda Catambuco, donde su cami\u00f3n fue interceptado.<\/p>\n<p style=\"text-align: justify;\">Al verificar el cargamento del cami\u00f3n, la polic\u00eda descubri\u00f3 600 unidades de Guadua, la Guadua se define como\u201d Planta gram\u00ednea parecida al bamb\u00fa que tiene un tallo arb\u00f3reo, espinoso y lleno de agua, que suele medir hasta 20 m de alto por 20 cm de ancho\u201d. El conductor transportaba dicha sustancia natural de manera ilegal, es decir sin ning\u00fan documento que soporte su propiedad.<\/p>\n<p style=\"text-align: justify;\">A este conductor identificado como An\u00edbal Mu\u00f1os Erazo le ser\u00e1 imputado el delito de Il\u00edcito aprovechamiento de los recursos naturales, delito contemplado en el art\u00edculo 328 del c\u00f3digo penal nacional.<\/p>\n<p>&nbsp;<\/p>\n","protected":false},"excerpt":{"rendered":"<p>Se logr\u00f3 la captura de un traficante de madera, gracias a operativos de control enfocados a quienes infringen normas del medio ambiente por parte de la Polic\u00eda Metropolitana de Pasto. El operativo donde fue detenido este conductor se realiz\u00f3 en el kil\u00f3metro 11 v\u00eda Catambuco, donde su cami\u00f3n fue interceptado. Al verificar el cargamento del [&hellip;]<\/p>\n","protected":false},"author":1,"featured_media":50469,"comment_status":"open","ping_status":"open","sticky":false,"template":"","format":"standard","meta":{"footnotes":""},"categories":[2],"tags":[],"class_list":["post-50468","post","type-post","status-publish","format-standard","has-post-thumbnail","hentry","category-pagina10"],"yoast_head":"<!-- This site is optimized with the Yoast SEO plugin v27.1.1 - https:\/\/yoast.com\/product\/yoast-seo-wordpress\/ -->\n<title>Conductor detenido por transportar de manera ilegal Guaduas | P\u00e1gina10<\/title>\n<meta name=\"robots\" content=\"index, follow, max-snippet:-1, max-image-preview:large, max-video-preview:-1\" \/>\n<link rel=\"canonical\" href=\"https:\/\/pagina10.com\/web\/conductor-detenido-por-transportar-de-manera-ilegal-guaduas\/\" \/>\n<meta property=\"og:locale\" content=\"es_ES\" \/>\n<meta property=\"og:type\" content=\"article\" \/>\n<meta property=\"og:title\" content=\"Conductor detenido por transportar de manera ilegal Guaduas | P\u00e1gina10\" \/>\n<meta property=\"og:description\" content=\"Se logr\u00f3 la captura de un traficante de madera, gracias a operativos de control enfocados a quienes infringen normas del medio ambiente por parte de la Polic\u00eda Metropolitana de Pasto. El operativo donde fue detenido este conductor se realiz\u00f3 en el kil\u00f3metro 11 v\u00eda Catambuco, donde su cami\u00f3n fue interceptado. Al verificar el cargamento del [&hellip;]\" \/>\n<meta property=\"og:url\" content=\"https:\/\/pagina10.com\/web\/conductor-detenido-por-transportar-de-manera-ilegal-guaduas\/\" \/>\n<meta property=\"og:site_name\" content=\"P\u00e1gina10\" \/>\n<meta property=\"article:publisher\" content=\"https:\/\/www.facebook.com\/pag10com\" \/>\n<meta property=\"article:published_time\" content=\"2021-02-09T18:07:14+00:00\" \/>\n<meta property=\"article:modified_time\" content=\"2021-02-09T18:09:09+00:00\" \/>\n<meta property=\"og:image\" content=\"https:\/\/pagina10.com\/web\/wp-content\/uploads\/2021\/02\/guadua-decomisada.jpg\" \/>\n\t<meta property=\"og:image:width\" content=\"942\" \/>\n\t<meta property=\"og:image:height\" content=\"673\" \/>\n\t<meta property=\"og:image:type\" content=\"image\/jpeg\" \/>\n<meta name=\"author\" content=\"P\u00e1gina 10\" \/>\n<meta name=\"twitter:card\" content=\"summary_large_image\" \/>\n<meta name=\"twitter:creator\" content=\"@Pag10com\" \/>\n<meta name=\"twitter:site\" content=\"@Pag10com\" \/>\n<meta name=\"twitter:label1\" content=\"Escrito por\" \/>\n\t<meta name=\"twitter:data1\" content=\"P\u00e1gina 10\" \/>\n\t<meta name=\"twitter:label2\" content=\"Tiempo de lectura\" \/>\n\t<meta name=\"twitter:data2\" content=\"1 minuto\" \/>\n<script type=\"application\/ld+json\" class=\"yoast-schema-graph\">{\"@context\":\"https:\/\/schema.org\",\"@graph\":[{\"@type\":\"Article\",\"@id\":\"https:\/\/pagina10.com\/web\/conductor-detenido-por-transportar-de-manera-ilegal-guaduas\/#article\",\"isPartOf\":{\"@id\":\"https:\/\/pagina10.com\/web\/conductor-detenido-por-transportar-de-manera-ilegal-guaduas\/\"},\"author\":{\"name\":\"P\u00e1gina 10\",\"@id\":\"https:\/\/pagina10.com\/web\/#\/schema\/person\/2efc4a090d25b667d3bc796798a3a81b\"},\"headline\":\"Conductor detenido por transportar de manera ilegal Guaduas\",\"datePublished\":\"2021-02-09T18:07:14+00:00\",\"dateModified\":\"2021-02-09T18:09:09+00:00\",\"mainEntityOfPage\":{\"@id\":\"https:\/\/pagina10.com\/web\/conductor-detenido-por-transportar-de-manera-ilegal-guaduas\/\"},\"wordCount\":162,\"commentCount\":0,\"publisher\":{\"@id\":\"https:\/\/pagina10.com\/web\/#organization\"},\"image\":{\"@id\":\"https:\/\/pagina10.com\/web\/conductor-detenido-por-transportar-de-manera-ilegal-guaduas\/#primaryimage\"},\"thumbnailUrl\":\"https:\/\/pagina10.com\/web\/wp-content\/uploads\/2021\/02\/guadua-decomisada.jpg\",\"articleSection\":[\"P\u00e1gina10\"],\"inLanguage\":\"es\",\"potentialAction\":[{\"@type\":\"CommentAction\",\"name\":\"Comment\",\"target\":[\"https:\/\/pagina10.com\/web\/conductor-detenido-por-transportar-de-manera-ilegal-guaduas\/#respond\"]}]},{\"@type\":\"WebPage\",\"@id\":\"https:\/\/pagina10.com\/web\/conductor-detenido-por-transportar-de-manera-ilegal-guaduas\/\",\"url\":\"https:\/\/pagina10.com\/web\/conductor-detenido-por-transportar-de-manera-ilegal-guaduas\/\",\"name\":\"Conductor detenido por transportar de manera ilegal Guaduas | P\u00e1gina10\",\"isPartOf\":{\"@id\":\"https:\/\/pagina10.com\/web\/#website\"},\"primaryImageOfPage\":{\"@id\":\"https:\/\/pagina10.com\/web\/conductor-detenido-por-transportar-de-manera-ilegal-guaduas\/#primaryimage\"},\"image\":{\"@id\":\"https:\/\/pagina10.com\/web\/conductor-detenido-por-transportar-de-manera-ilegal-guaduas\/#primaryimage\"},\"thumbnailUrl\":\"https:\/\/pagina10.com\/web\/wp-content\/uploads\/2021\/02\/guadua-decomisada.jpg\",\"datePublished\":\"2021-02-09T18:07:14+00:00\",\"dateModified\":\"2021-02-09T18:09:09+00:00\",\"breadcrumb\":{\"@id\":\"https:\/\/pagina10.com\/web\/conductor-detenido-por-transportar-de-manera-ilegal-guaduas\/#breadcrumb\"},\"inLanguage\":\"es\",\"potentialAction\":[{\"@type\":\"ReadAction\",\"target\":[\"https:\/\/pagina10.com\/web\/conductor-detenido-por-transportar-de-manera-ilegal-guaduas\/\"]}]},{\"@type\":\"ImageObject\",\"inLanguage\":\"es\",\"@id\":\"https:\/\/pagina10.com\/web\/conductor-detenido-por-transportar-de-manera-ilegal-guaduas\/#primaryimage\",\"url\":\"https:\/\/pagina10.com\/web\/wp-content\/uploads\/2021\/02\/guadua-decomisada.jpg\",\"contentUrl\":\"https:\/\/pagina10.com\/web\/wp-content\/uploads\/2021\/02\/guadua-decomisada.jpg\",\"width\":942,\"height\":673},{\"@type\":\"BreadcrumbList\",\"@id\":\"https:\/\/pagina10.com\/web\/conductor-detenido-por-transportar-de-manera-ilegal-guaduas\/#breadcrumb\",\"itemListElement\":[{\"@type\":\"ListItem\",\"position\":1,\"name\":\"Portada\",\"item\":\"https:\/\/pagina10.com\/web\/\"},{\"@type\":\"ListItem\",\"position\":2,\"name\":\"Conductor detenido por transportar de manera ilegal Guaduas\"}]},{\"@type\":\"WebSite\",\"@id\":\"https:\/\/pagina10.com\/web\/#website\",\"url\":\"https:\/\/pagina10.com\/web\/\",\"name\":\"P\u00e1gina10\",\"description\":\"Peri\u00f3dico Regional\",\"publisher\":{\"@id\":\"https:\/\/pagina10.com\/web\/#organization\"},\"alternateName\":\"P\u00e1gina10 Peri\u00f3dico Regional\",\"potentialAction\":[{\"@type\":\"SearchAction\",\"target\":{\"@type\":\"EntryPoint\",\"urlTemplate\":\"https:\/\/pagina10.com\/web\/?s={search_term_string}\"},\"query-input\":{\"@type\":\"PropertyValueSpecification\",\"valueRequired\":true,\"valueName\":\"search_term_string\"}}],\"inLanguage\":\"es\"},{\"@type\":\"Organization\",\"@id\":\"https:\/\/pagina10.com\/web\/#organization\",\"name\":\"P\u00e1gina10\",\"alternateName\":\"P\u00e1gina10 Peri\u00f3dico Regional\",\"url\":\"https:\/\/pagina10.com\/web\/\",\"logo\":{\"@type\":\"ImageObject\",\"inLanguage\":\"es\",\"@id\":\"https:\/\/pagina10.com\/web\/#\/schema\/logo\/image\/\",\"url\":\"https:\/\/pagina10.com\/web\/wp-content\/uploads\/2024\/01\/40-pagina-10-periodico-regional-pasto.jpg\",\"contentUrl\":\"https:\/\/pagina10.com\/web\/wp-content\/uploads\/2024\/01\/40-pagina-10-periodico-regional-pasto.jpg\",\"width\":1280,\"height\":720,\"caption\":\"P\u00e1gina10\"},\"image\":{\"@id\":\"https:\/\/pagina10.com\/web\/#\/schema\/logo\/image\/\"},\"sameAs\":[\"https:\/\/www.facebook.com\/pag10com\",\"https:\/\/x.com\/Pag10com\",\"https:\/\/www.instagram.com\/pagina10col\/\",\"https:\/\/youtube.com\/channel\/pag10\",\"https:\/\/www.tiktok.com\/@p10col\"]},{\"@type\":\"Person\",\"@id\":\"https:\/\/pagina10.com\/web\/#\/schema\/person\/2efc4a090d25b667d3bc796798a3a81b\",\"name\":\"P\u00e1gina 10\",\"description\":\"P\u00e1gina 10 es un peri\u00f3dico regional que nace en Colombia, en el departamento de Nari\u00f1o, con un enfoque global, fundamentado en cuatro pilares esenciales: la libertad, el pluralismo, la inclusi\u00f3n y la independencia. P\u00e1gina 10 hace referencia a Nari\u00f1o como el d\u00e9cimo departamento creado en Colombia, despu\u00e9s de un proceso pol\u00edtico liderado por actores y actrices regionales con el fin de obtener la independencia y autonom\u00eda de nuestros territorios. Con la creaci\u00f3n de P\u00e1gina 10 se pretende abrir un escenario para el dialogo, la reflexi\u00f3n y el debate que se extienda a otras geograf\u00edas de Am\u00e9rica Latina y del planeta, en una apuesta por transformar colectivamente los desaf\u00edos de un mundo contempor\u00e1neo, m\u00e1s all\u00e1 de las fronteras impuestas.\",\"url\":\"https:\/\/pagina10.com\/web\/author\/pdiezadmin\/\"}]}<\/script>\n<!-- \/ Yoast SEO plugin. -->","yoast_head_json":{"title":"Conductor detenido por transportar de manera ilegal Guaduas | P\u00e1gina10","robots":{"index":"index","follow":"follow","max-snippet":"max-snippet:-1","max-image-preview":"max-image-preview:large","max-video-preview":"max-video-preview:-1"},"canonical":"https:\/\/pagina10.com\/web\/conductor-detenido-por-transportar-de-manera-ilegal-guaduas\/","og_locale":"es_ES","og_type":"article","og_title":"Conductor detenido por transportar de manera ilegal Guaduas | P\u00e1gina10","og_description":"Se logr\u00f3 la captura de un traficante de madera, gracias a operativos de control enfocados a quienes infringen normas del medio ambiente por parte de la Polic\u00eda Metropolitana de Pasto. El operativo donde fue detenido este conductor se realiz\u00f3 en el kil\u00f3metro 11 v\u00eda Catambuco, donde su cami\u00f3n fue interceptado. Al verificar el cargamento del [&hellip;]","og_url":"https:\/\/pagina10.com\/web\/conductor-detenido-por-transportar-de-manera-ilegal-guaduas\/","og_site_name":"P\u00e1gina10","article_publisher":"https:\/\/www.facebook.com\/pag10com","article_published_time":"2021-02-09T18:07:14+00:00","article_modified_time":"2021-02-09T18:09:09+00:00","og_image":[{"width":942,"height":673,"url":"https:\/\/pagina10.com\/web\/wp-content\/uploads\/2021\/02\/guadua-decomisada.jpg","type":"image\/jpeg"}],"author":"P\u00e1gina 10","twitter_card":"summary_large_image","twitter_creator":"@Pag10com","twitter_site":"@Pag10com","twitter_misc":{"Escrito por":"P\u00e1gina 10","Tiempo de lectura":"1 minuto"},"schema":{"@context":"https:\/\/schema.org","@graph":[{"@type":"Article","@id":"https:\/\/pagina10.com\/web\/conductor-detenido-por-transportar-de-manera-ilegal-guaduas\/#article","isPartOf":{"@id":"https:\/\/pagina10.com\/web\/conductor-detenido-por-transportar-de-manera-ilegal-guaduas\/"},"author":{"name":"P\u00e1gina 10","@id":"https:\/\/pagina10.com\/web\/#\/schema\/person\/2efc4a090d25b667d3bc796798a3a81b"},"headline":"Conductor detenido por transportar de manera ilegal Guaduas","datePublished":"2021-02-09T18:07:14+00:00","dateModified":"2021-02-09T18:09:09+00:00","mainEntityOfPage":{"@id":"https:\/\/pagina10.com\/web\/conductor-detenido-por-transportar-de-manera-ilegal-guaduas\/"},"wordCount":162,"commentCount":0,"publisher":{"@id":"https:\/\/pagina10.com\/web\/#organization"},"image":{"@id":"https:\/\/pagina10.com\/web\/conductor-detenido-por-transportar-de-manera-ilegal-guaduas\/#primaryimage"},"thumbnailUrl":"https:\/\/pagina10.com\/web\/wp-content\/uploads\/2021\/02\/guadua-decomisada.jpg","articleSection":["P\u00e1gina10"],"inLanguage":"es","potentialAction":[{"@type":"CommentAction","name":"Comment","target":["https:\/\/pagina10.com\/web\/conductor-detenido-por-transportar-de-manera-ilegal-guaduas\/#respond"]}]},{"@type":"WebPage","@id":"https:\/\/pagina10.com\/web\/conductor-detenido-por-transportar-de-manera-ilegal-guaduas\/","url":"https:\/\/pagina10.com\/web\/conductor-detenido-por-transportar-de-manera-ilegal-guaduas\/","name":"Conductor detenido por transportar de manera ilegal Guaduas | P\u00e1gina10","isPartOf":{"@id":"https:\/\/pagina10.com\/web\/#website"},"primaryImageOfPage":{"@id":"https:\/\/pagina10.com\/web\/conductor-detenido-por-transportar-de-manera-ilegal-guaduas\/#primaryimage"},"image":{"@id":"https:\/\/pagina10.com\/web\/conductor-detenido-por-transportar-de-manera-ilegal-guaduas\/#primaryimage"},"thumbnailUrl":"https:\/\/pagina10.com\/web\/wp-content\/uploads\/2021\/02\/guadua-decomisada.jpg","datePublished":"2021-02-09T18:07:14+00:00","dateModified":"2021-02-09T18:09:09+00:00","breadcrumb":{"@id":"https:\/\/pagina10.com\/web\/conductor-detenido-por-transportar-de-manera-ilegal-guaduas\/#breadcrumb"},"inLanguage":"es","potentialAction":[{"@type":"ReadAction","target":["https:\/\/pagina10.com\/web\/conductor-detenido-por-transportar-de-manera-ilegal-guaduas\/"]}]},{"@type":"ImageObject","inLanguage":"es","@id":"https:\/\/pagina10.com\/web\/conductor-detenido-por-transportar-de-manera-ilegal-guaduas\/#primaryimage","url":"https:\/\/pagina10.com\/web\/wp-content\/uploads\/2021\/02\/guadua-decomisada.jpg","contentUrl":"https:\/\/pagina10.com\/web\/wp-content\/uploads\/2021\/02\/guadua-decomisada.jpg","width":942,"height":673},{"@type":"BreadcrumbList","@id":"https:\/\/pagina10.com\/web\/conductor-detenido-por-transportar-de-manera-ilegal-guaduas\/#breadcrumb","itemListElement":[{"@type":"ListItem","position":1,"name":"Portada","item":"https:\/\/pagina10.com\/web\/"},{"@type":"ListItem","position":2,"name":"Conductor detenido por transportar de manera ilegal Guaduas"}]},{"@type":"WebSite","@id":"https:\/\/pagina10.com\/web\/#website","url":"https:\/\/pagina10.com\/web\/","name":"P\u00e1gina10","description":"Peri\u00f3dico Regional","publisher":{"@id":"https:\/\/pagina10.com\/web\/#organization"},"alternateName":"P\u00e1gina10 Peri\u00f3dico Regional","potentialAction":[{"@type":"SearchAction","target":{"@type":"EntryPoint","urlTemplate":"https:\/\/pagina10.com\/web\/?s={search_term_string}"},"query-input":{"@type":"PropertyValueSpecification","valueRequired":true,"valueName":"search_term_string"}}],"inLanguage":"es"},{"@type":"Organization","@id":"https:\/\/pagina10.com\/web\/#organization","name":"P\u00e1gina10","alternateName":"P\u00e1gina10 Peri\u00f3dico Regional","url":"https:\/\/pagina10.com\/web\/","logo":{"@type":"ImageObject","inLanguage":"es","@id":"https:\/\/pagina10.com\/web\/#\/schema\/logo\/image\/","url":"https:\/\/pagina10.com\/web\/wp-content\/uploads\/2024\/01\/40-pagina-10-periodico-regional-pasto.jpg","contentUrl":"https:\/\/pagina10.com\/web\/wp-content\/uploads\/2024\/01\/40-pagina-10-periodico-regional-pasto.jpg","width":1280,"height":720,"caption":"P\u00e1gina10"},"image":{"@id":"https:\/\/pagina10.com\/web\/#\/schema\/logo\/image\/"},"sameAs":["https:\/\/www.facebook.com\/pag10com","https:\/\/x.com\/Pag10com","https:\/\/www.instagram.com\/pagina10col\/","https:\/\/youtube.com\/channel\/pag10","https:\/\/www.tiktok.com\/@p10col"]},{"@type":"Person","@id":"https:\/\/pagina10.com\/web\/#\/schema\/person\/2efc4a090d25b667d3bc796798a3a81b","name":"P\u00e1gina 10","description":"P\u00e1gina 10 es un peri\u00f3dico regional que nace en Colombia, en el departamento de Nari\u00f1o, con un enfoque global, fundamentado en cuatro pilares esenciales: la libertad, el pluralismo, la inclusi\u00f3n y la independencia. P\u00e1gina 10 hace referencia a Nari\u00f1o como el d\u00e9cimo departamento creado en Colombia, despu\u00e9s de un proceso pol\u00edtico liderado por actores y actrices regionales con el fin de obtener la independencia y autonom\u00eda de nuestros territorios. Con la creaci\u00f3n de P\u00e1gina 10 se pretende abrir un escenario para el dialogo, la reflexi\u00f3n y el debate que se extienda a otras geograf\u00edas de Am\u00e9rica Latina y del planeta, en una apuesta por transformar colectivamente los desaf\u00edos de un mundo contempor\u00e1neo, m\u00e1s all\u00e1 de las fronteras impuestas.","url":"https:\/\/pagina10.com\/web\/author\/pdiezadmin\/"}]}},"_links":{"self":[{"href":"https:\/\/pagina10.com\/web\/wp-json\/wp\/v2\/posts\/50468","targetHints":{"allow":["GET"]}}],"collection":[{"href":"https:\/\/pagina10.com\/web\/wp-json\/wp\/v2\/posts"}],"about":[{"href":"https:\/\/pagina10.com\/web\/wp-json\/wp\/v2\/types\/post"}],"author":[{"embeddable":true,"href":"https:\/\/pagina10.com\/web\/wp-json\/wp\/v2\/users\/1"}],"replies":[{"embeddable":true,"href":"https:\/\/pagina10.com\/web\/wp-json\/wp\/v2\/comments?post=50468"}],"version-history":[{"count":2,"href":"https:\/\/pagina10.com\/web\/wp-json\/wp\/v2\/posts\/50468\/revisions"}],"predecessor-version":[{"id":50471,"href":"https:\/\/pagina10.com\/web\/wp-json\/wp\/v2\/posts\/50468\/revisions\/50471"}],"wp:featuredmedia":[{"embeddable":true,"href":"https:\/\/pagina10.com\/web\/wp-json\/wp\/v2\/media\/50469"}],"wp:attachment":[{"href":"https:\/\/pagina10.com\/web\/wp-json\/wp\/v2\/media?parent=50468"}],"wp:term":[{"taxonomy":"category","embeddable":true,"href":"https:\/\/pagina10.com\/web\/wp-json\/wp\/v2\/categories?post=50468"},{"taxonomy":"post_tag","embeddable":true,"href":"https:\/\/pagina10.com\/web\/wp-json\/wp\/v2\/tags?post=50468"}],"curies":[{"name":"wp","href":"https:\/\/api.w.org\/{rel}","templated":true}]}}