{"id":50472,"date":"2021-02-09T13:13:08","date_gmt":"2021-02-09T18:13:08","guid":{"rendered":"https:\/\/pagina10.com\/web\/?p=50472"},"modified":"2021-02-09T13:13:08","modified_gmt":"2021-02-09T18:13:08","slug":"llegaran-nuevos-equipos-telefonicos-para-ser-puestos-a-disposicion-de-estudiantes-que-quieran-seguir-en-virtualidad","status":"publish","type":"post","link":"https:\/\/pagina10.com\/web\/llegaran-nuevos-equipos-telefonicos-para-ser-puestos-a-disposicion-de-estudiantes-que-quieran-seguir-en-virtualidad\/","title":{"rendered":"Llegar\u00e1n nuevos equipos telef\u00f3nicos para ser puestos a disposici\u00f3n de estudiantes que quieran seguir en virtualidad."},"content":{"rendered":"<p style=\"text-align: justify;\">As\u00ed lo manifest\u00f3 la nueva secretaria de educaci\u00f3n del municipio Gloria\u00a0 Jurado Erazo ,quien adem\u00e1s recalc\u00f3 que aunque se comience con la alternancia educativa en la ciudad de Pasto, los padres de familia que no quieran enviar aun a sus hijos al colegio no estar\u00e1n obligados a hacerlo; Sus hijos podr\u00e1n continuar en la virtualidad.<\/p>\n<p style=\"text-align: justify;\">Pensando justamente en estos casos, se hizo la adquisici\u00f3n de un total de 1.000 tel\u00e9fonos celulares para ser puestos a disposici\u00f3n de aquellos estudiantes que sigan en la virtualidad y que requieran de apoyo en recursos econ\u00f3micos podr\u00e1n hacer solicitud de un equipo m\u00f3vil a su instituci\u00f3n educativa quien se lo prestar\u00e1 a trav\u00e9s de un compromiso firmado por los padres de familia donde se comprometan a hacer un buen uso del mismo.<\/p>\n<p style=\"text-align: justify;\">\u00a0Con esto la alcald\u00eda municipal de la regi\u00f3n pretende mejorar el acceso a la educaci\u00f3n virtual que ha tra\u00eddo muchos inconvenientes en familias de escasos recursos que no poseen algunas herramientas necesarias como una buena conectividad o un buen equipo para poder entablar una comunicaci\u00f3n de manera \u00f3ptima.<\/p>\n<p>&nbsp;<\/p>\n","protected":false},"excerpt":{"rendered":"<p>As\u00ed lo manifest\u00f3 la nueva secretaria de educaci\u00f3n del municipio Gloria\u00a0 Jurado Erazo ,quien adem\u00e1s recalc\u00f3 que aunque se comience con la alternancia educativa en la ciudad de Pasto, los padres de familia que no quieran enviar aun a sus hijos al colegio no estar\u00e1n obligados a hacerlo; Sus hijos podr\u00e1n continuar en la virtualidad. [&hellip;]<\/p>\n","protected":false},"author":1,"featured_media":50473,"comment_status":"open","ping_status":"open","sticky":false,"template":"","format":"standard","meta":{"footnotes":""},"categories":[1580],"tags":[],"class_list":["post-50472","post","type-post","status-publish","format-standard","has-post-thumbnail","hentry","category-educacion-innovacion"],"yoast_head":"<!-- This site is optimized with the Yoast SEO plugin v27.1.1 - https:\/\/yoast.com\/product\/yoast-seo-wordpress\/ -->\n<title>Llegar\u00e1n nuevos equipos telef\u00f3nicos para ser puestos a disposici\u00f3n de estudiantes que quieran seguir en virtualidad. | P\u00e1gina10<\/title>\n<meta name=\"robots\" content=\"index, follow, max-snippet:-1, max-image-preview:large, max-video-preview:-1\" \/>\n<link rel=\"canonical\" href=\"https:\/\/pagina10.com\/web\/llegaran-nuevos-equipos-telefonicos-para-ser-puestos-a-disposicion-de-estudiantes-que-quieran-seguir-en-virtualidad\/\" \/>\n<meta property=\"og:locale\" content=\"es_ES\" \/>\n<meta property=\"og:type\" content=\"article\" \/>\n<meta property=\"og:title\" content=\"Llegar\u00e1n nuevos equipos telef\u00f3nicos para ser puestos a disposici\u00f3n de estudiantes que quieran seguir en virtualidad. | P\u00e1gina10\" \/>\n<meta property=\"og:description\" content=\"As\u00ed lo manifest\u00f3 la nueva secretaria de educaci\u00f3n del municipio Gloria Jurado Erazo ,quien adem\u00e1s recalc\u00f3 que aunque se comience con la alternancia educativa en la ciudad de Pasto, los padres de familia que no quieran enviar aun a sus hijos al colegio no estar\u00e1n obligados a hacerlo; Sus hijos podr\u00e1n continuar en la virtualidad. [&hellip;]\" \/>\n<meta property=\"og:url\" content=\"https:\/\/pagina10.com\/web\/llegaran-nuevos-equipos-telefonicos-para-ser-puestos-a-disposicion-de-estudiantes-que-quieran-seguir-en-virtualidad\/\" \/>\n<meta property=\"og:site_name\" content=\"P\u00e1gina10\" \/>\n<meta property=\"article:publisher\" content=\"https:\/\/www.facebook.com\/pag10com\" \/>\n<meta property=\"article:published_time\" content=\"2021-02-09T18:13:08+00:00\" \/>\n<meta property=\"og:image\" content=\"https:\/\/pagina10.com\/web\/wp-content\/uploads\/2021\/02\/descarga-3.jpg\" \/>\n\t<meta property=\"og:image:width\" content=\"194\" \/>\n\t<meta property=\"og:image:height\" content=\"259\" \/>\n\t<meta property=\"og:image:type\" content=\"image\/jpeg\" \/>\n<meta name=\"author\" content=\"P\u00e1gina 10\" \/>\n<meta name=\"twitter:card\" content=\"summary_large_image\" \/>\n<meta name=\"twitter:creator\" content=\"@Pag10com\" \/>\n<meta name=\"twitter:site\" content=\"@Pag10com\" \/>\n<meta name=\"twitter:label1\" content=\"Escrito por\" \/>\n\t<meta name=\"twitter:data1\" content=\"P\u00e1gina 10\" \/>\n\t<meta name=\"twitter:label2\" content=\"Tiempo de lectura\" \/>\n\t<meta name=\"twitter:data2\" content=\"1 minuto\" \/>\n<script type=\"application\/ld+json\" class=\"yoast-schema-graph\">{\"@context\":\"https:\/\/schema.org\",\"@graph\":[{\"@type\":\"Article\",\"@id\":\"https:\/\/pagina10.com\/web\/llegaran-nuevos-equipos-telefonicos-para-ser-puestos-a-disposicion-de-estudiantes-que-quieran-seguir-en-virtualidad\/#article\",\"isPartOf\":{\"@id\":\"https:\/\/pagina10.com\/web\/llegaran-nuevos-equipos-telefonicos-para-ser-puestos-a-disposicion-de-estudiantes-que-quieran-seguir-en-virtualidad\/\"},\"author\":{\"name\":\"P\u00e1gina 10\",\"@id\":\"https:\/\/pagina10.com\/web\/#\/schema\/person\/2efc4a090d25b667d3bc796798a3a81b\"},\"headline\":\"Llegar\u00e1n nuevos equipos telef\u00f3nicos para ser puestos a disposici\u00f3n de estudiantes que quieran seguir en virtualidad.\",\"datePublished\":\"2021-02-09T18:13:08+00:00\",\"mainEntityOfPage\":{\"@id\":\"https:\/\/pagina10.com\/web\/llegaran-nuevos-equipos-telefonicos-para-ser-puestos-a-disposicion-de-estudiantes-que-quieran-seguir-en-virtualidad\/\"},\"wordCount\":212,\"commentCount\":0,\"publisher\":{\"@id\":\"https:\/\/pagina10.com\/web\/#organization\"},\"image\":{\"@id\":\"https:\/\/pagina10.com\/web\/llegaran-nuevos-equipos-telefonicos-para-ser-puestos-a-disposicion-de-estudiantes-que-quieran-seguir-en-virtualidad\/#primaryimage\"},\"thumbnailUrl\":\"https:\/\/pagina10.com\/web\/wp-content\/uploads\/2021\/02\/descarga-3.jpg\",\"articleSection\":[\"Educaci\u00f3n\"],\"inLanguage\":\"es\",\"potentialAction\":[{\"@type\":\"CommentAction\",\"name\":\"Comment\",\"target\":[\"https:\/\/pagina10.com\/web\/llegaran-nuevos-equipos-telefonicos-para-ser-puestos-a-disposicion-de-estudiantes-que-quieran-seguir-en-virtualidad\/#respond\"]}]},{\"@type\":\"WebPage\",\"@id\":\"https:\/\/pagina10.com\/web\/llegaran-nuevos-equipos-telefonicos-para-ser-puestos-a-disposicion-de-estudiantes-que-quieran-seguir-en-virtualidad\/\",\"url\":\"https:\/\/pagina10.com\/web\/llegaran-nuevos-equipos-telefonicos-para-ser-puestos-a-disposicion-de-estudiantes-que-quieran-seguir-en-virtualidad\/\",\"name\":\"Llegar\u00e1n nuevos equipos telef\u00f3nicos para ser puestos a disposici\u00f3n de estudiantes que quieran seguir en virtualidad. | P\u00e1gina10\",\"isPartOf\":{\"@id\":\"https:\/\/pagina10.com\/web\/#website\"},\"primaryImageOfPage\":{\"@id\":\"https:\/\/pagina10.com\/web\/llegaran-nuevos-equipos-telefonicos-para-ser-puestos-a-disposicion-de-estudiantes-que-quieran-seguir-en-virtualidad\/#primaryimage\"},\"image\":{\"@id\":\"https:\/\/pagina10.com\/web\/llegaran-nuevos-equipos-telefonicos-para-ser-puestos-a-disposicion-de-estudiantes-que-quieran-seguir-en-virtualidad\/#primaryimage\"},\"thumbnailUrl\":\"https:\/\/pagina10.com\/web\/wp-content\/uploads\/2021\/02\/descarga-3.jpg\",\"datePublished\":\"2021-02-09T18:13:08+00:00\",\"breadcrumb\":{\"@id\":\"https:\/\/pagina10.com\/web\/llegaran-nuevos-equipos-telefonicos-para-ser-puestos-a-disposicion-de-estudiantes-que-quieran-seguir-en-virtualidad\/#breadcrumb\"},\"inLanguage\":\"es\",\"potentialAction\":[{\"@type\":\"ReadAction\",\"target\":[\"https:\/\/pagina10.com\/web\/llegaran-nuevos-equipos-telefonicos-para-ser-puestos-a-disposicion-de-estudiantes-que-quieran-seguir-en-virtualidad\/\"]}]},{\"@type\":\"ImageObject\",\"inLanguage\":\"es\",\"@id\":\"https:\/\/pagina10.com\/web\/llegaran-nuevos-equipos-telefonicos-para-ser-puestos-a-disposicion-de-estudiantes-que-quieran-seguir-en-virtualidad\/#primaryimage\",\"url\":\"https:\/\/pagina10.com\/web\/wp-content\/uploads\/2021\/02\/descarga-3.jpg\",\"contentUrl\":\"https:\/\/pagina10.com\/web\/wp-content\/uploads\/2021\/02\/descarga-3.jpg\",\"width\":194,\"height\":259},{\"@type\":\"BreadcrumbList\",\"@id\":\"https:\/\/pagina10.com\/web\/llegaran-nuevos-equipos-telefonicos-para-ser-puestos-a-disposicion-de-estudiantes-que-quieran-seguir-en-virtualidad\/#breadcrumb\",\"itemListElement\":[{\"@type\":\"ListItem\",\"position\":1,\"name\":\"Portada\",\"item\":\"https:\/\/pagina10.com\/web\/\"},{\"@type\":\"ListItem\",\"position\":2,\"name\":\"Llegar\u00e1n nuevos equipos telef\u00f3nicos para ser puestos a disposici\u00f3n de estudiantes que quieran seguir en virtualidad.\"}]},{\"@type\":\"WebSite\",\"@id\":\"https:\/\/pagina10.com\/web\/#website\",\"url\":\"https:\/\/pagina10.com\/web\/\",\"name\":\"P\u00e1gina10\",\"description\":\"Peri\u00f3dico Regional\",\"publisher\":{\"@id\":\"https:\/\/pagina10.com\/web\/#organization\"},\"alternateName\":\"P\u00e1gina10 Peri\u00f3dico Regional\",\"potentialAction\":[{\"@type\":\"SearchAction\",\"target\":{\"@type\":\"EntryPoint\",\"urlTemplate\":\"https:\/\/pagina10.com\/web\/?s={search_term_string}\"},\"query-input\":{\"@type\":\"PropertyValueSpecification\",\"valueRequired\":true,\"valueName\":\"search_term_string\"}}],\"inLanguage\":\"es\"},{\"@type\":\"Organization\",\"@id\":\"https:\/\/pagina10.com\/web\/#organization\",\"name\":\"P\u00e1gina10\",\"alternateName\":\"P\u00e1gina10 Peri\u00f3dico Regional\",\"url\":\"https:\/\/pagina10.com\/web\/\",\"logo\":{\"@type\":\"ImageObject\",\"inLanguage\":\"es\",\"@id\":\"https:\/\/pagina10.com\/web\/#\/schema\/logo\/image\/\",\"url\":\"https:\/\/pagina10.com\/web\/wp-content\/uploads\/2024\/01\/40-pagina-10-periodico-regional-pasto.jpg\",\"contentUrl\":\"https:\/\/pagina10.com\/web\/wp-content\/uploads\/2024\/01\/40-pagina-10-periodico-regional-pasto.jpg\",\"width\":1280,\"height\":720,\"caption\":\"P\u00e1gina10\"},\"image\":{\"@id\":\"https:\/\/pagina10.com\/web\/#\/schema\/logo\/image\/\"},\"sameAs\":[\"https:\/\/www.facebook.com\/pag10com\",\"https:\/\/x.com\/Pag10com\",\"https:\/\/www.instagram.com\/pagina10col\/\",\"https:\/\/youtube.com\/channel\/pag10\",\"https:\/\/www.tiktok.com\/@p10col\"]},{\"@type\":\"Person\",\"@id\":\"https:\/\/pagina10.com\/web\/#\/schema\/person\/2efc4a090d25b667d3bc796798a3a81b\",\"name\":\"P\u00e1gina 10\",\"description\":\"P\u00e1gina 10 es un peri\u00f3dico regional que nace en Colombia, en el departamento de Nari\u00f1o, con un enfoque global, fundamentado en cuatro pilares esenciales: la libertad, el pluralismo, la inclusi\u00f3n y la independencia. P\u00e1gina 10 hace referencia a Nari\u00f1o como el d\u00e9cimo departamento creado en Colombia, despu\u00e9s de un proceso pol\u00edtico liderado por actores y actrices regionales con el fin de obtener la independencia y autonom\u00eda de nuestros territorios. Con la creaci\u00f3n de P\u00e1gina 10 se pretende abrir un escenario para el dialogo, la reflexi\u00f3n y el debate que se extienda a otras geograf\u00edas de Am\u00e9rica Latina y del planeta, en una apuesta por transformar colectivamente los desaf\u00edos de un mundo contempor\u00e1neo, m\u00e1s all\u00e1 de las fronteras impuestas.\",\"url\":\"https:\/\/pagina10.com\/web\/author\/pdiezadmin\/\"}]}<\/script>\n<!-- \/ Yoast SEO plugin. -->","yoast_head_json":{"title":"Llegar\u00e1n nuevos equipos telef\u00f3nicos para ser puestos a disposici\u00f3n de estudiantes que quieran seguir en virtualidad. | P\u00e1gina10","robots":{"index":"index","follow":"follow","max-snippet":"max-snippet:-1","max-image-preview":"max-image-preview:large","max-video-preview":"max-video-preview:-1"},"canonical":"https:\/\/pagina10.com\/web\/llegaran-nuevos-equipos-telefonicos-para-ser-puestos-a-disposicion-de-estudiantes-que-quieran-seguir-en-virtualidad\/","og_locale":"es_ES","og_type":"article","og_title":"Llegar\u00e1n nuevos equipos telef\u00f3nicos para ser puestos a disposici\u00f3n de estudiantes que quieran seguir en virtualidad. | P\u00e1gina10","og_description":"As\u00ed lo manifest\u00f3 la nueva secretaria de educaci\u00f3n del municipio Gloria Jurado Erazo ,quien adem\u00e1s recalc\u00f3 que aunque se comience con la alternancia educativa en la ciudad de Pasto, los padres de familia que no quieran enviar aun a sus hijos al colegio no estar\u00e1n obligados a hacerlo; Sus hijos podr\u00e1n continuar en la virtualidad. [&hellip;]","og_url":"https:\/\/pagina10.com\/web\/llegaran-nuevos-equipos-telefonicos-para-ser-puestos-a-disposicion-de-estudiantes-que-quieran-seguir-en-virtualidad\/","og_site_name":"P\u00e1gina10","article_publisher":"https:\/\/www.facebook.com\/pag10com","article_published_time":"2021-02-09T18:13:08+00:00","og_image":[{"width":194,"height":259,"url":"https:\/\/pagina10.com\/web\/wp-content\/uploads\/2021\/02\/descarga-3.jpg","type":"image\/jpeg"}],"author":"P\u00e1gina 10","twitter_card":"summary_large_image","twitter_creator":"@Pag10com","twitter_site":"@Pag10com","twitter_misc":{"Escrito por":"P\u00e1gina 10","Tiempo de lectura":"1 minuto"},"schema":{"@context":"https:\/\/schema.org","@graph":[{"@type":"Article","@id":"https:\/\/pagina10.com\/web\/llegaran-nuevos-equipos-telefonicos-para-ser-puestos-a-disposicion-de-estudiantes-que-quieran-seguir-en-virtualidad\/#article","isPartOf":{"@id":"https:\/\/pagina10.com\/web\/llegaran-nuevos-equipos-telefonicos-para-ser-puestos-a-disposicion-de-estudiantes-que-quieran-seguir-en-virtualidad\/"},"author":{"name":"P\u00e1gina 10","@id":"https:\/\/pagina10.com\/web\/#\/schema\/person\/2efc4a090d25b667d3bc796798a3a81b"},"headline":"Llegar\u00e1n nuevos equipos telef\u00f3nicos para ser puestos a disposici\u00f3n de estudiantes que quieran seguir en virtualidad.","datePublished":"2021-02-09T18:13:08+00:00","mainEntityOfPage":{"@id":"https:\/\/pagina10.com\/web\/llegaran-nuevos-equipos-telefonicos-para-ser-puestos-a-disposicion-de-estudiantes-que-quieran-seguir-en-virtualidad\/"},"wordCount":212,"commentCount":0,"publisher":{"@id":"https:\/\/pagina10.com\/web\/#organization"},"image":{"@id":"https:\/\/pagina10.com\/web\/llegaran-nuevos-equipos-telefonicos-para-ser-puestos-a-disposicion-de-estudiantes-que-quieran-seguir-en-virtualidad\/#primaryimage"},"thumbnailUrl":"https:\/\/pagina10.com\/web\/wp-content\/uploads\/2021\/02\/descarga-3.jpg","articleSection":["Educaci\u00f3n"],"inLanguage":"es","potentialAction":[{"@type":"CommentAction","name":"Comment","target":["https:\/\/pagina10.com\/web\/llegaran-nuevos-equipos-telefonicos-para-ser-puestos-a-disposicion-de-estudiantes-que-quieran-seguir-en-virtualidad\/#respond"]}]},{"@type":"WebPage","@id":"https:\/\/pagina10.com\/web\/llegaran-nuevos-equipos-telefonicos-para-ser-puestos-a-disposicion-de-estudiantes-que-quieran-seguir-en-virtualidad\/","url":"https:\/\/pagina10.com\/web\/llegaran-nuevos-equipos-telefonicos-para-ser-puestos-a-disposicion-de-estudiantes-que-quieran-seguir-en-virtualidad\/","name":"Llegar\u00e1n nuevos equipos telef\u00f3nicos para ser puestos a disposici\u00f3n de estudiantes que quieran seguir en virtualidad. | P\u00e1gina10","isPartOf":{"@id":"https:\/\/pagina10.com\/web\/#website"},"primaryImageOfPage":{"@id":"https:\/\/pagina10.com\/web\/llegaran-nuevos-equipos-telefonicos-para-ser-puestos-a-disposicion-de-estudiantes-que-quieran-seguir-en-virtualidad\/#primaryimage"},"image":{"@id":"https:\/\/pagina10.com\/web\/llegaran-nuevos-equipos-telefonicos-para-ser-puestos-a-disposicion-de-estudiantes-que-quieran-seguir-en-virtualidad\/#primaryimage"},"thumbnailUrl":"https:\/\/pagina10.com\/web\/wp-content\/uploads\/2021\/02\/descarga-3.jpg","datePublished":"2021-02-09T18:13:08+00:00","breadcrumb":{"@id":"https:\/\/pagina10.com\/web\/llegaran-nuevos-equipos-telefonicos-para-ser-puestos-a-disposicion-de-estudiantes-que-quieran-seguir-en-virtualidad\/#breadcrumb"},"inLanguage":"es","potentialAction":[{"@type":"ReadAction","target":["https:\/\/pagina10.com\/web\/llegaran-nuevos-equipos-telefonicos-para-ser-puestos-a-disposicion-de-estudiantes-que-quieran-seguir-en-virtualidad\/"]}]},{"@type":"ImageObject","inLanguage":"es","@id":"https:\/\/pagina10.com\/web\/llegaran-nuevos-equipos-telefonicos-para-ser-puestos-a-disposicion-de-estudiantes-que-quieran-seguir-en-virtualidad\/#primaryimage","url":"https:\/\/pagina10.com\/web\/wp-content\/uploads\/2021\/02\/descarga-3.jpg","contentUrl":"https:\/\/pagina10.com\/web\/wp-content\/uploads\/2021\/02\/descarga-3.jpg","width":194,"height":259},{"@type":"BreadcrumbList","@id":"https:\/\/pagina10.com\/web\/llegaran-nuevos-equipos-telefonicos-para-ser-puestos-a-disposicion-de-estudiantes-que-quieran-seguir-en-virtualidad\/#breadcrumb","itemListElement":[{"@type":"ListItem","position":1,"name":"Portada","item":"https:\/\/pagina10.com\/web\/"},{"@type":"ListItem","position":2,"name":"Llegar\u00e1n nuevos equipos telef\u00f3nicos para ser puestos a disposici\u00f3n de estudiantes que quieran seguir en virtualidad."}]},{"@type":"WebSite","@id":"https:\/\/pagina10.com\/web\/#website","url":"https:\/\/pagina10.com\/web\/","name":"P\u00e1gina10","description":"Peri\u00f3dico Regional","publisher":{"@id":"https:\/\/pagina10.com\/web\/#organization"},"alternateName":"P\u00e1gina10 Peri\u00f3dico Regional","potentialAction":[{"@type":"SearchAction","target":{"@type":"EntryPoint","urlTemplate":"https:\/\/pagina10.com\/web\/?s={search_term_string}"},"query-input":{"@type":"PropertyValueSpecification","valueRequired":true,"valueName":"search_term_string"}}],"inLanguage":"es"},{"@type":"Organization","@id":"https:\/\/pagina10.com\/web\/#organization","name":"P\u00e1gina10","alternateName":"P\u00e1gina10 Peri\u00f3dico Regional","url":"https:\/\/pagina10.com\/web\/","logo":{"@type":"ImageObject","inLanguage":"es","@id":"https:\/\/pagina10.com\/web\/#\/schema\/logo\/image\/","url":"https:\/\/pagina10.com\/web\/wp-content\/uploads\/2024\/01\/40-pagina-10-periodico-regional-pasto.jpg","contentUrl":"https:\/\/pagina10.com\/web\/wp-content\/uploads\/2024\/01\/40-pagina-10-periodico-regional-pasto.jpg","width":1280,"height":720,"caption":"P\u00e1gina10"},"image":{"@id":"https:\/\/pagina10.com\/web\/#\/schema\/logo\/image\/"},"sameAs":["https:\/\/www.facebook.com\/pag10com","https:\/\/x.com\/Pag10com","https:\/\/www.instagram.com\/pagina10col\/","https:\/\/youtube.com\/channel\/pag10","https:\/\/www.tiktok.com\/@p10col"]},{"@type":"Person","@id":"https:\/\/pagina10.com\/web\/#\/schema\/person\/2efc4a090d25b667d3bc796798a3a81b","name":"P\u00e1gina 10","description":"P\u00e1gina 10 es un peri\u00f3dico regional que nace en Colombia, en el departamento de Nari\u00f1o, con un enfoque global, fundamentado en cuatro pilares esenciales: la libertad, el pluralismo, la inclusi\u00f3n y la independencia. P\u00e1gina 10 hace referencia a Nari\u00f1o como el d\u00e9cimo departamento creado en Colombia, despu\u00e9s de un proceso pol\u00edtico liderado por actores y actrices regionales con el fin de obtener la independencia y autonom\u00eda de nuestros territorios. Con la creaci\u00f3n de P\u00e1gina 10 se pretende abrir un escenario para el dialogo, la reflexi\u00f3n y el debate que se extienda a otras geograf\u00edas de Am\u00e9rica Latina y del planeta, en una apuesta por transformar colectivamente los desaf\u00edos de un mundo contempor\u00e1neo, m\u00e1s all\u00e1 de las fronteras impuestas.","url":"https:\/\/pagina10.com\/web\/author\/pdiezadmin\/"}]}},"_links":{"self":[{"href":"https:\/\/pagina10.com\/web\/wp-json\/wp\/v2\/posts\/50472","targetHints":{"allow":["GET"]}}],"collection":[{"href":"https:\/\/pagina10.com\/web\/wp-json\/wp\/v2\/posts"}],"about":[{"href":"https:\/\/pagina10.com\/web\/wp-json\/wp\/v2\/types\/post"}],"author":[{"embeddable":true,"href":"https:\/\/pagina10.com\/web\/wp-json\/wp\/v2\/users\/1"}],"replies":[{"embeddable":true,"href":"https:\/\/pagina10.com\/web\/wp-json\/wp\/v2\/comments?post=50472"}],"version-history":[{"count":1,"href":"https:\/\/pagina10.com\/web\/wp-json\/wp\/v2\/posts\/50472\/revisions"}],"predecessor-version":[{"id":50474,"href":"https:\/\/pagina10.com\/web\/wp-json\/wp\/v2\/posts\/50472\/revisions\/50474"}],"wp:featuredmedia":[{"embeddable":true,"href":"https:\/\/pagina10.com\/web\/wp-json\/wp\/v2\/media\/50473"}],"wp:attachment":[{"href":"https:\/\/pagina10.com\/web\/wp-json\/wp\/v2\/media?parent=50472"}],"wp:term":[{"taxonomy":"category","embeddable":true,"href":"https:\/\/pagina10.com\/web\/wp-json\/wp\/v2\/categories?post=50472"},{"taxonomy":"post_tag","embeddable":true,"href":"https:\/\/pagina10.com\/web\/wp-json\/wp\/v2\/tags?post=50472"}],"curies":[{"name":"wp","href":"https:\/\/api.w.org\/{rel}","templated":true}]}}