{"id":50475,"date":"2021-02-09T13:21:10","date_gmt":"2021-02-09T18:21:10","guid":{"rendered":"https:\/\/pagina10.com\/web\/?p=50475"},"modified":"2021-02-09T13:21:10","modified_gmt":"2021-02-09T18:21:10","slug":"dian-establece-plazo-para-actualizacion-de-rut","status":"publish","type":"post","link":"https:\/\/pagina10.com\/web\/dian-establece-plazo-para-actualizacion-de-rut\/","title":{"rendered":"Dian establece plazo para actualizaci\u00f3n de RUT"},"content":{"rendered":"<p style=\"text-align: justify;\">Hasta el 30 de junio los colombianos tendr\u00e1n plazo para realizar su actualizaci\u00f3n del RUT en la parte de \u201cClasificaci\u00f3n de actividades econ\u00f3micas, establecidas por el DANE (Departamento Administrativo Nacional de Estad\u00edstica). Cabe resaltar que para los pensionados esta actualizaci\u00f3n se dar\u00e1 de forma autom\u00e1tica pero el resto de colombianos lo deber\u00e1n hacer por sus propios medios.<\/p>\n<p style=\"text-align: justify;\">Los pasos para hacer esta actualizaci\u00f3n son los siguientes: Ingresar a la plataforma virtual Muisca de la Dian y hacer click en \u201cservicios en l\u00ednea\u201d, si es persona natural elegir la opci\u00f3n \u201c Nombre propio\u201d o escribir NIT si se trata de empresa, escoger la opci\u00f3n \u201c Actualizacion RUT\u201dy dar click en continuar, seleccionar la opci\u00f3n \u201c Cargar documento\u201d, redactar datos nuevos a cambiar y seleccionar la opci\u00f3n \u201c Borrador\u201d y por ultimo firmar el documento utilizando su firma electr\u00f3nica<\/p>\n<p style=\"text-align: justify;\">Cabe recordar que este procedimiento tambi\u00e9n se puede hacer de manera presencial en las instalaciones de la DIAN, Sin embargo, por cuesti\u00f3n de protocolos de bioseguridad la entidad prefiere que este tr\u00e1mite se realice de manera virtual.<\/p>\n","protected":false},"excerpt":{"rendered":"<p>Hasta el 30 de junio los colombianos tendr\u00e1n plazo para realizar su actualizaci\u00f3n del RUT en la parte de \u201cClasificaci\u00f3n de actividades econ\u00f3micas, establecidas por el DANE (Departamento Administrativo Nacional de Estad\u00edstica). Cabe resaltar que para los pensionados esta actualizaci\u00f3n se dar\u00e1 de forma autom\u00e1tica pero el resto de colombianos lo deber\u00e1n hacer por sus [&hellip;]<\/p>\n","protected":false},"author":1,"featured_media":50476,"comment_status":"open","ping_status":"open","sticky":false,"template":"","format":"standard","meta":{"footnotes":""},"categories":[2],"tags":[],"class_list":["post-50475","post","type-post","status-publish","format-standard","has-post-thumbnail","hentry","category-pagina10"],"yoast_head":"<!-- This site is optimized with the Yoast SEO plugin v27.1.1 - https:\/\/yoast.com\/product\/yoast-seo-wordpress\/ -->\n<title>Dian establece plazo para actualizaci\u00f3n de RUT | P\u00e1gina10<\/title>\n<meta name=\"robots\" content=\"index, follow, max-snippet:-1, max-image-preview:large, max-video-preview:-1\" \/>\n<link rel=\"canonical\" href=\"https:\/\/pagina10.com\/web\/dian-establece-plazo-para-actualizacion-de-rut\/\" \/>\n<meta property=\"og:locale\" content=\"es_ES\" \/>\n<meta property=\"og:type\" content=\"article\" \/>\n<meta property=\"og:title\" content=\"Dian establece plazo para actualizaci\u00f3n de RUT | P\u00e1gina10\" \/>\n<meta property=\"og:description\" content=\"Hasta el 30 de junio los colombianos tendr\u00e1n plazo para realizar su actualizaci\u00f3n del RUT en la parte de \u201cClasificaci\u00f3n de actividades econ\u00f3micas, establecidas por el DANE (Departamento Administrativo Nacional de Estad\u00edstica). Cabe resaltar que para los pensionados esta actualizaci\u00f3n se dar\u00e1 de forma autom\u00e1tica pero el resto de colombianos lo deber\u00e1n hacer por sus [&hellip;]\" \/>\n<meta property=\"og:url\" content=\"https:\/\/pagina10.com\/web\/dian-establece-plazo-para-actualizacion-de-rut\/\" \/>\n<meta property=\"og:site_name\" content=\"P\u00e1gina10\" \/>\n<meta property=\"article:publisher\" content=\"https:\/\/www.facebook.com\/pag10com\" \/>\n<meta property=\"article:published_time\" content=\"2021-02-09T18:21:10+00:00\" \/>\n<meta property=\"og:image\" content=\"https:\/\/pagina10.com\/web\/wp-content\/uploads\/2021\/02\/rut.jpg\" \/>\n\t<meta property=\"og:image:width\" content=\"300\" \/>\n\t<meta property=\"og:image:height\" content=\"168\" \/>\n\t<meta property=\"og:image:type\" content=\"image\/jpeg\" \/>\n<meta name=\"author\" content=\"P\u00e1gina 10\" \/>\n<meta name=\"twitter:card\" content=\"summary_large_image\" \/>\n<meta name=\"twitter:creator\" content=\"@Pag10com\" \/>\n<meta name=\"twitter:site\" content=\"@Pag10com\" \/>\n<meta name=\"twitter:label1\" content=\"Escrito por\" \/>\n\t<meta name=\"twitter:data1\" content=\"P\u00e1gina 10\" \/>\n\t<meta name=\"twitter:label2\" content=\"Tiempo de lectura\" \/>\n\t<meta name=\"twitter:data2\" content=\"1 minuto\" \/>\n<script type=\"application\/ld+json\" class=\"yoast-schema-graph\">{\"@context\":\"https:\/\/schema.org\",\"@graph\":[{\"@type\":\"Article\",\"@id\":\"https:\/\/pagina10.com\/web\/dian-establece-plazo-para-actualizacion-de-rut\/#article\",\"isPartOf\":{\"@id\":\"https:\/\/pagina10.com\/web\/dian-establece-plazo-para-actualizacion-de-rut\/\"},\"author\":{\"name\":\"P\u00e1gina 10\",\"@id\":\"https:\/\/pagina10.com\/web\/#\/schema\/person\/2efc4a090d25b667d3bc796798a3a81b\"},\"headline\":\"Dian establece plazo para actualizaci\u00f3n de RUT\",\"datePublished\":\"2021-02-09T18:21:10+00:00\",\"mainEntityOfPage\":{\"@id\":\"https:\/\/pagina10.com\/web\/dian-establece-plazo-para-actualizacion-de-rut\/\"},\"wordCount\":196,\"commentCount\":0,\"publisher\":{\"@id\":\"https:\/\/pagina10.com\/web\/#organization\"},\"image\":{\"@id\":\"https:\/\/pagina10.com\/web\/dian-establece-plazo-para-actualizacion-de-rut\/#primaryimage\"},\"thumbnailUrl\":\"https:\/\/pagina10.com\/web\/wp-content\/uploads\/2021\/02\/rut.jpg\",\"articleSection\":[\"P\u00e1gina10\"],\"inLanguage\":\"es\",\"potentialAction\":[{\"@type\":\"CommentAction\",\"name\":\"Comment\",\"target\":[\"https:\/\/pagina10.com\/web\/dian-establece-plazo-para-actualizacion-de-rut\/#respond\"]}]},{\"@type\":\"WebPage\",\"@id\":\"https:\/\/pagina10.com\/web\/dian-establece-plazo-para-actualizacion-de-rut\/\",\"url\":\"https:\/\/pagina10.com\/web\/dian-establece-plazo-para-actualizacion-de-rut\/\",\"name\":\"Dian establece plazo para actualizaci\u00f3n de RUT | P\u00e1gina10\",\"isPartOf\":{\"@id\":\"https:\/\/pagina10.com\/web\/#website\"},\"primaryImageOfPage\":{\"@id\":\"https:\/\/pagina10.com\/web\/dian-establece-plazo-para-actualizacion-de-rut\/#primaryimage\"},\"image\":{\"@id\":\"https:\/\/pagina10.com\/web\/dian-establece-plazo-para-actualizacion-de-rut\/#primaryimage\"},\"thumbnailUrl\":\"https:\/\/pagina10.com\/web\/wp-content\/uploads\/2021\/02\/rut.jpg\",\"datePublished\":\"2021-02-09T18:21:10+00:00\",\"breadcrumb\":{\"@id\":\"https:\/\/pagina10.com\/web\/dian-establece-plazo-para-actualizacion-de-rut\/#breadcrumb\"},\"inLanguage\":\"es\",\"potentialAction\":[{\"@type\":\"ReadAction\",\"target\":[\"https:\/\/pagina10.com\/web\/dian-establece-plazo-para-actualizacion-de-rut\/\"]}]},{\"@type\":\"ImageObject\",\"inLanguage\":\"es\",\"@id\":\"https:\/\/pagina10.com\/web\/dian-establece-plazo-para-actualizacion-de-rut\/#primaryimage\",\"url\":\"https:\/\/pagina10.com\/web\/wp-content\/uploads\/2021\/02\/rut.jpg\",\"contentUrl\":\"https:\/\/pagina10.com\/web\/wp-content\/uploads\/2021\/02\/rut.jpg\",\"width\":300,\"height\":168},{\"@type\":\"BreadcrumbList\",\"@id\":\"https:\/\/pagina10.com\/web\/dian-establece-plazo-para-actualizacion-de-rut\/#breadcrumb\",\"itemListElement\":[{\"@type\":\"ListItem\",\"position\":1,\"name\":\"Portada\",\"item\":\"https:\/\/pagina10.com\/web\/\"},{\"@type\":\"ListItem\",\"position\":2,\"name\":\"Dian establece plazo para actualizaci\u00f3n de RUT\"}]},{\"@type\":\"WebSite\",\"@id\":\"https:\/\/pagina10.com\/web\/#website\",\"url\":\"https:\/\/pagina10.com\/web\/\",\"name\":\"P\u00e1gina10\",\"description\":\"Peri\u00f3dico Regional\",\"publisher\":{\"@id\":\"https:\/\/pagina10.com\/web\/#organization\"},\"alternateName\":\"P\u00e1gina10 Peri\u00f3dico Regional\",\"potentialAction\":[{\"@type\":\"SearchAction\",\"target\":{\"@type\":\"EntryPoint\",\"urlTemplate\":\"https:\/\/pagina10.com\/web\/?s={search_term_string}\"},\"query-input\":{\"@type\":\"PropertyValueSpecification\",\"valueRequired\":true,\"valueName\":\"search_term_string\"}}],\"inLanguage\":\"es\"},{\"@type\":\"Organization\",\"@id\":\"https:\/\/pagina10.com\/web\/#organization\",\"name\":\"P\u00e1gina10\",\"alternateName\":\"P\u00e1gina10 Peri\u00f3dico Regional\",\"url\":\"https:\/\/pagina10.com\/web\/\",\"logo\":{\"@type\":\"ImageObject\",\"inLanguage\":\"es\",\"@id\":\"https:\/\/pagina10.com\/web\/#\/schema\/logo\/image\/\",\"url\":\"https:\/\/pagina10.com\/web\/wp-content\/uploads\/2024\/01\/40-pagina-10-periodico-regional-pasto.jpg\",\"contentUrl\":\"https:\/\/pagina10.com\/web\/wp-content\/uploads\/2024\/01\/40-pagina-10-periodico-regional-pasto.jpg\",\"width\":1280,\"height\":720,\"caption\":\"P\u00e1gina10\"},\"image\":{\"@id\":\"https:\/\/pagina10.com\/web\/#\/schema\/logo\/image\/\"},\"sameAs\":[\"https:\/\/www.facebook.com\/pag10com\",\"https:\/\/x.com\/Pag10com\",\"https:\/\/www.instagram.com\/pagina10col\/\",\"https:\/\/youtube.com\/channel\/pag10\",\"https:\/\/www.tiktok.com\/@p10col\"]},{\"@type\":\"Person\",\"@id\":\"https:\/\/pagina10.com\/web\/#\/schema\/person\/2efc4a090d25b667d3bc796798a3a81b\",\"name\":\"P\u00e1gina 10\",\"description\":\"P\u00e1gina 10 es un peri\u00f3dico regional que nace en Colombia, en el departamento de Nari\u00f1o, con un enfoque global, fundamentado en cuatro pilares esenciales: la libertad, el pluralismo, la inclusi\u00f3n y la independencia. P\u00e1gina 10 hace referencia a Nari\u00f1o como el d\u00e9cimo departamento creado en Colombia, despu\u00e9s de un proceso pol\u00edtico liderado por actores y actrices regionales con el fin de obtener la independencia y autonom\u00eda de nuestros territorios. Con la creaci\u00f3n de P\u00e1gina 10 se pretende abrir un escenario para el dialogo, la reflexi\u00f3n y el debate que se extienda a otras geograf\u00edas de Am\u00e9rica Latina y del planeta, en una apuesta por transformar colectivamente los desaf\u00edos de un mundo contempor\u00e1neo, m\u00e1s all\u00e1 de las fronteras impuestas.\",\"url\":\"https:\/\/pagina10.com\/web\/author\/pdiezadmin\/\"}]}<\/script>\n<!-- \/ Yoast SEO plugin. -->","yoast_head_json":{"title":"Dian establece plazo para actualizaci\u00f3n de RUT | P\u00e1gina10","robots":{"index":"index","follow":"follow","max-snippet":"max-snippet:-1","max-image-preview":"max-image-preview:large","max-video-preview":"max-video-preview:-1"},"canonical":"https:\/\/pagina10.com\/web\/dian-establece-plazo-para-actualizacion-de-rut\/","og_locale":"es_ES","og_type":"article","og_title":"Dian establece plazo para actualizaci\u00f3n de RUT | P\u00e1gina10","og_description":"Hasta el 30 de junio los colombianos tendr\u00e1n plazo para realizar su actualizaci\u00f3n del RUT en la parte de \u201cClasificaci\u00f3n de actividades econ\u00f3micas, establecidas por el DANE (Departamento Administrativo Nacional de Estad\u00edstica). Cabe resaltar que para los pensionados esta actualizaci\u00f3n se dar\u00e1 de forma autom\u00e1tica pero el resto de colombianos lo deber\u00e1n hacer por sus [&hellip;]","og_url":"https:\/\/pagina10.com\/web\/dian-establece-plazo-para-actualizacion-de-rut\/","og_site_name":"P\u00e1gina10","article_publisher":"https:\/\/www.facebook.com\/pag10com","article_published_time":"2021-02-09T18:21:10+00:00","og_image":[{"width":300,"height":168,"url":"https:\/\/pagina10.com\/web\/wp-content\/uploads\/2021\/02\/rut.jpg","type":"image\/jpeg"}],"author":"P\u00e1gina 10","twitter_card":"summary_large_image","twitter_creator":"@Pag10com","twitter_site":"@Pag10com","twitter_misc":{"Escrito por":"P\u00e1gina 10","Tiempo de lectura":"1 minuto"},"schema":{"@context":"https:\/\/schema.org","@graph":[{"@type":"Article","@id":"https:\/\/pagina10.com\/web\/dian-establece-plazo-para-actualizacion-de-rut\/#article","isPartOf":{"@id":"https:\/\/pagina10.com\/web\/dian-establece-plazo-para-actualizacion-de-rut\/"},"author":{"name":"P\u00e1gina 10","@id":"https:\/\/pagina10.com\/web\/#\/schema\/person\/2efc4a090d25b667d3bc796798a3a81b"},"headline":"Dian establece plazo para actualizaci\u00f3n de RUT","datePublished":"2021-02-09T18:21:10+00:00","mainEntityOfPage":{"@id":"https:\/\/pagina10.com\/web\/dian-establece-plazo-para-actualizacion-de-rut\/"},"wordCount":196,"commentCount":0,"publisher":{"@id":"https:\/\/pagina10.com\/web\/#organization"},"image":{"@id":"https:\/\/pagina10.com\/web\/dian-establece-plazo-para-actualizacion-de-rut\/#primaryimage"},"thumbnailUrl":"https:\/\/pagina10.com\/web\/wp-content\/uploads\/2021\/02\/rut.jpg","articleSection":["P\u00e1gina10"],"inLanguage":"es","potentialAction":[{"@type":"CommentAction","name":"Comment","target":["https:\/\/pagina10.com\/web\/dian-establece-plazo-para-actualizacion-de-rut\/#respond"]}]},{"@type":"WebPage","@id":"https:\/\/pagina10.com\/web\/dian-establece-plazo-para-actualizacion-de-rut\/","url":"https:\/\/pagina10.com\/web\/dian-establece-plazo-para-actualizacion-de-rut\/","name":"Dian establece plazo para actualizaci\u00f3n de RUT | P\u00e1gina10","isPartOf":{"@id":"https:\/\/pagina10.com\/web\/#website"},"primaryImageOfPage":{"@id":"https:\/\/pagina10.com\/web\/dian-establece-plazo-para-actualizacion-de-rut\/#primaryimage"},"image":{"@id":"https:\/\/pagina10.com\/web\/dian-establece-plazo-para-actualizacion-de-rut\/#primaryimage"},"thumbnailUrl":"https:\/\/pagina10.com\/web\/wp-content\/uploads\/2021\/02\/rut.jpg","datePublished":"2021-02-09T18:21:10+00:00","breadcrumb":{"@id":"https:\/\/pagina10.com\/web\/dian-establece-plazo-para-actualizacion-de-rut\/#breadcrumb"},"inLanguage":"es","potentialAction":[{"@type":"ReadAction","target":["https:\/\/pagina10.com\/web\/dian-establece-plazo-para-actualizacion-de-rut\/"]}]},{"@type":"ImageObject","inLanguage":"es","@id":"https:\/\/pagina10.com\/web\/dian-establece-plazo-para-actualizacion-de-rut\/#primaryimage","url":"https:\/\/pagina10.com\/web\/wp-content\/uploads\/2021\/02\/rut.jpg","contentUrl":"https:\/\/pagina10.com\/web\/wp-content\/uploads\/2021\/02\/rut.jpg","width":300,"height":168},{"@type":"BreadcrumbList","@id":"https:\/\/pagina10.com\/web\/dian-establece-plazo-para-actualizacion-de-rut\/#breadcrumb","itemListElement":[{"@type":"ListItem","position":1,"name":"Portada","item":"https:\/\/pagina10.com\/web\/"},{"@type":"ListItem","position":2,"name":"Dian establece plazo para actualizaci\u00f3n de RUT"}]},{"@type":"WebSite","@id":"https:\/\/pagina10.com\/web\/#website","url":"https:\/\/pagina10.com\/web\/","name":"P\u00e1gina10","description":"Peri\u00f3dico Regional","publisher":{"@id":"https:\/\/pagina10.com\/web\/#organization"},"alternateName":"P\u00e1gina10 Peri\u00f3dico Regional","potentialAction":[{"@type":"SearchAction","target":{"@type":"EntryPoint","urlTemplate":"https:\/\/pagina10.com\/web\/?s={search_term_string}"},"query-input":{"@type":"PropertyValueSpecification","valueRequired":true,"valueName":"search_term_string"}}],"inLanguage":"es"},{"@type":"Organization","@id":"https:\/\/pagina10.com\/web\/#organization","name":"P\u00e1gina10","alternateName":"P\u00e1gina10 Peri\u00f3dico Regional","url":"https:\/\/pagina10.com\/web\/","logo":{"@type":"ImageObject","inLanguage":"es","@id":"https:\/\/pagina10.com\/web\/#\/schema\/logo\/image\/","url":"https:\/\/pagina10.com\/web\/wp-content\/uploads\/2024\/01\/40-pagina-10-periodico-regional-pasto.jpg","contentUrl":"https:\/\/pagina10.com\/web\/wp-content\/uploads\/2024\/01\/40-pagina-10-periodico-regional-pasto.jpg","width":1280,"height":720,"caption":"P\u00e1gina10"},"image":{"@id":"https:\/\/pagina10.com\/web\/#\/schema\/logo\/image\/"},"sameAs":["https:\/\/www.facebook.com\/pag10com","https:\/\/x.com\/Pag10com","https:\/\/www.instagram.com\/pagina10col\/","https:\/\/youtube.com\/channel\/pag10","https:\/\/www.tiktok.com\/@p10col"]},{"@type":"Person","@id":"https:\/\/pagina10.com\/web\/#\/schema\/person\/2efc4a090d25b667d3bc796798a3a81b","name":"P\u00e1gina 10","description":"P\u00e1gina 10 es un peri\u00f3dico regional que nace en Colombia, en el departamento de Nari\u00f1o, con un enfoque global, fundamentado en cuatro pilares esenciales: la libertad, el pluralismo, la inclusi\u00f3n y la independencia. P\u00e1gina 10 hace referencia a Nari\u00f1o como el d\u00e9cimo departamento creado en Colombia, despu\u00e9s de un proceso pol\u00edtico liderado por actores y actrices regionales con el fin de obtener la independencia y autonom\u00eda de nuestros territorios. Con la creaci\u00f3n de P\u00e1gina 10 se pretende abrir un escenario para el dialogo, la reflexi\u00f3n y el debate que se extienda a otras geograf\u00edas de Am\u00e9rica Latina y del planeta, en una apuesta por transformar colectivamente los desaf\u00edos de un mundo contempor\u00e1neo, m\u00e1s all\u00e1 de las fronteras impuestas.","url":"https:\/\/pagina10.com\/web\/author\/pdiezadmin\/"}]}},"_links":{"self":[{"href":"https:\/\/pagina10.com\/web\/wp-json\/wp\/v2\/posts\/50475","targetHints":{"allow":["GET"]}}],"collection":[{"href":"https:\/\/pagina10.com\/web\/wp-json\/wp\/v2\/posts"}],"about":[{"href":"https:\/\/pagina10.com\/web\/wp-json\/wp\/v2\/types\/post"}],"author":[{"embeddable":true,"href":"https:\/\/pagina10.com\/web\/wp-json\/wp\/v2\/users\/1"}],"replies":[{"embeddable":true,"href":"https:\/\/pagina10.com\/web\/wp-json\/wp\/v2\/comments?post=50475"}],"version-history":[{"count":1,"href":"https:\/\/pagina10.com\/web\/wp-json\/wp\/v2\/posts\/50475\/revisions"}],"predecessor-version":[{"id":50477,"href":"https:\/\/pagina10.com\/web\/wp-json\/wp\/v2\/posts\/50475\/revisions\/50477"}],"wp:featuredmedia":[{"embeddable":true,"href":"https:\/\/pagina10.com\/web\/wp-json\/wp\/v2\/media\/50476"}],"wp:attachment":[{"href":"https:\/\/pagina10.com\/web\/wp-json\/wp\/v2\/media?parent=50475"}],"wp:term":[{"taxonomy":"category","embeddable":true,"href":"https:\/\/pagina10.com\/web\/wp-json\/wp\/v2\/categories?post=50475"},{"taxonomy":"post_tag","embeddable":true,"href":"https:\/\/pagina10.com\/web\/wp-json\/wp\/v2\/tags?post=50475"}],"curies":[{"name":"wp","href":"https:\/\/api.w.org\/{rel}","templated":true}]}}