{"id":50478,"date":"2021-02-09T13:25:45","date_gmt":"2021-02-09T18:25:45","guid":{"rendered":"https:\/\/pagina10.com\/web\/?p=50478"},"modified":"2021-02-09T13:25:45","modified_gmt":"2021-02-09T18:25:45","slug":"atrapados-con-50-kilos-de-heroina","status":"publish","type":"post","link":"https:\/\/pagina10.com\/web\/atrapados-con-50-kilos-de-heroina\/","title":{"rendered":"Atrapados con 50 kilos de hero\u00edna"},"content":{"rendered":"<p style=\"text-align: justify;\">En el municipio de La cruz, Nari\u00f1o, se encontraba uno de los principales centros de distribuci\u00f3n de hero\u00edna del pa\u00eds donde 3 hombres se encargaban de la distribuci\u00f3n y el transporte del alucin\u00f3geno quienes enviaban la sustancia a Ipiales para posteriormente desviarla hacia el Ecuador utilizando pasos fronterizos ilegales<\/p>\n<p style=\"text-align: justify;\">Agentes de la provincia de Carchi en Ecuador fueron los encargados de decomisar la sustancia il\u00edcita entrante al vecino pa\u00eds a trav\u00e9s de un carro con una cavidad frontal de tama\u00f1o irregular, cuando fue abierta esta cavidad la polic\u00eda encontr\u00f3 varias dosis de Hero\u00edna con un objetivo de ser enviada hasta la ciudad de Guayaquil en el vecino pa\u00eds.<\/p>\n<p style=\"text-align: justify;\">Entre Colombia y Ecuador en total fueron encontrados 58 paquetes que esta banda pretend\u00eda comercializar por un valor cercano a los 660.000 d\u00f3lares que serian aproximadamente unos 2.500 millones de pesos colombianos<\/p>\n","protected":false},"excerpt":{"rendered":"<p>En el municipio de La cruz, Nari\u00f1o, se encontraba uno de los principales centros de distribuci\u00f3n de hero\u00edna del pa\u00eds donde 3 hombres se encargaban de la distribuci\u00f3n y el transporte del alucin\u00f3geno quienes enviaban la sustancia a Ipiales para posteriormente desviarla hacia el Ecuador utilizando pasos fronterizos ilegales Agentes de la provincia de Carchi [&hellip;]<\/p>\n","protected":false},"author":1,"featured_media":50479,"comment_status":"open","ping_status":"open","sticky":false,"template":"","format":"standard","meta":{"footnotes":""},"categories":[2],"tags":[],"class_list":["post-50478","post","type-post","status-publish","format-standard","has-post-thumbnail","hentry","category-pagina10"],"yoast_head":"<!-- This site is optimized with the Yoast SEO plugin v27.1.1 - https:\/\/yoast.com\/product\/yoast-seo-wordpress\/ -->\n<title>Atrapados con 50 kilos de hero\u00edna | P\u00e1gina10<\/title>\n<meta name=\"robots\" content=\"index, follow, max-snippet:-1, max-image-preview:large, max-video-preview:-1\" \/>\n<link rel=\"canonical\" href=\"https:\/\/pagina10.com\/web\/atrapados-con-50-kilos-de-heroina\/\" \/>\n<meta property=\"og:locale\" content=\"es_ES\" \/>\n<meta property=\"og:type\" content=\"article\" \/>\n<meta property=\"og:title\" content=\"Atrapados con 50 kilos de hero\u00edna | P\u00e1gina10\" \/>\n<meta property=\"og:description\" content=\"En el municipio de La cruz, Nari\u00f1o, se encontraba uno de los principales centros de distribuci\u00f3n de hero\u00edna del pa\u00eds donde 3 hombres se encargaban de la distribuci\u00f3n y el transporte del alucin\u00f3geno quienes enviaban la sustancia a Ipiales para posteriormente desviarla hacia el Ecuador utilizando pasos fronterizos ilegales Agentes de la provincia de Carchi [&hellip;]\" \/>\n<meta property=\"og:url\" content=\"https:\/\/pagina10.com\/web\/atrapados-con-50-kilos-de-heroina\/\" \/>\n<meta property=\"og:site_name\" content=\"P\u00e1gina10\" \/>\n<meta property=\"article:publisher\" content=\"https:\/\/www.facebook.com\/pag10com\" \/>\n<meta property=\"article:published_time\" content=\"2021-02-09T18:25:45+00:00\" \/>\n<meta property=\"og:image\" content=\"https:\/\/pagina10.com\/web\/wp-content\/uploads\/2021\/02\/descarga-1-1.jpg\" \/>\n\t<meta property=\"og:image:width\" content=\"300\" \/>\n\t<meta property=\"og:image:height\" content=\"168\" \/>\n\t<meta property=\"og:image:type\" content=\"image\/jpeg\" \/>\n<meta name=\"author\" content=\"P\u00e1gina 10\" \/>\n<meta name=\"twitter:card\" content=\"summary_large_image\" \/>\n<meta name=\"twitter:creator\" content=\"@Pag10com\" \/>\n<meta name=\"twitter:site\" content=\"@Pag10com\" \/>\n<meta name=\"twitter:label1\" content=\"Escrito por\" \/>\n\t<meta name=\"twitter:data1\" content=\"P\u00e1gina 10\" \/>\n\t<meta name=\"twitter:label2\" content=\"Tiempo de lectura\" \/>\n\t<meta name=\"twitter:data2\" content=\"1 minuto\" \/>\n<script type=\"application\/ld+json\" class=\"yoast-schema-graph\">{\"@context\":\"https:\/\/schema.org\",\"@graph\":[{\"@type\":\"Article\",\"@id\":\"https:\/\/pagina10.com\/web\/atrapados-con-50-kilos-de-heroina\/#article\",\"isPartOf\":{\"@id\":\"https:\/\/pagina10.com\/web\/atrapados-con-50-kilos-de-heroina\/\"},\"author\":{\"name\":\"P\u00e1gina 10\",\"@id\":\"https:\/\/pagina10.com\/web\/#\/schema\/person\/2efc4a090d25b667d3bc796798a3a81b\"},\"headline\":\"Atrapados con 50 kilos de hero\u00edna\",\"datePublished\":\"2021-02-09T18:25:45+00:00\",\"mainEntityOfPage\":{\"@id\":\"https:\/\/pagina10.com\/web\/atrapados-con-50-kilos-de-heroina\/\"},\"wordCount\":157,\"commentCount\":0,\"publisher\":{\"@id\":\"https:\/\/pagina10.com\/web\/#organization\"},\"image\":{\"@id\":\"https:\/\/pagina10.com\/web\/atrapados-con-50-kilos-de-heroina\/#primaryimage\"},\"thumbnailUrl\":\"https:\/\/pagina10.com\/web\/wp-content\/uploads\/2021\/02\/descarga-1-1.jpg\",\"articleSection\":[\"P\u00e1gina10\"],\"inLanguage\":\"es\",\"potentialAction\":[{\"@type\":\"CommentAction\",\"name\":\"Comment\",\"target\":[\"https:\/\/pagina10.com\/web\/atrapados-con-50-kilos-de-heroina\/#respond\"]}]},{\"@type\":\"WebPage\",\"@id\":\"https:\/\/pagina10.com\/web\/atrapados-con-50-kilos-de-heroina\/\",\"url\":\"https:\/\/pagina10.com\/web\/atrapados-con-50-kilos-de-heroina\/\",\"name\":\"Atrapados con 50 kilos de hero\u00edna | P\u00e1gina10\",\"isPartOf\":{\"@id\":\"https:\/\/pagina10.com\/web\/#website\"},\"primaryImageOfPage\":{\"@id\":\"https:\/\/pagina10.com\/web\/atrapados-con-50-kilos-de-heroina\/#primaryimage\"},\"image\":{\"@id\":\"https:\/\/pagina10.com\/web\/atrapados-con-50-kilos-de-heroina\/#primaryimage\"},\"thumbnailUrl\":\"https:\/\/pagina10.com\/web\/wp-content\/uploads\/2021\/02\/descarga-1-1.jpg\",\"datePublished\":\"2021-02-09T18:25:45+00:00\",\"breadcrumb\":{\"@id\":\"https:\/\/pagina10.com\/web\/atrapados-con-50-kilos-de-heroina\/#breadcrumb\"},\"inLanguage\":\"es\",\"potentialAction\":[{\"@type\":\"ReadAction\",\"target\":[\"https:\/\/pagina10.com\/web\/atrapados-con-50-kilos-de-heroina\/\"]}]},{\"@type\":\"ImageObject\",\"inLanguage\":\"es\",\"@id\":\"https:\/\/pagina10.com\/web\/atrapados-con-50-kilos-de-heroina\/#primaryimage\",\"url\":\"https:\/\/pagina10.com\/web\/wp-content\/uploads\/2021\/02\/descarga-1-1.jpg\",\"contentUrl\":\"https:\/\/pagina10.com\/web\/wp-content\/uploads\/2021\/02\/descarga-1-1.jpg\",\"width\":300,\"height\":168},{\"@type\":\"BreadcrumbList\",\"@id\":\"https:\/\/pagina10.com\/web\/atrapados-con-50-kilos-de-heroina\/#breadcrumb\",\"itemListElement\":[{\"@type\":\"ListItem\",\"position\":1,\"name\":\"Portada\",\"item\":\"https:\/\/pagina10.com\/web\/\"},{\"@type\":\"ListItem\",\"position\":2,\"name\":\"Atrapados con 50 kilos de hero\u00edna\"}]},{\"@type\":\"WebSite\",\"@id\":\"https:\/\/pagina10.com\/web\/#website\",\"url\":\"https:\/\/pagina10.com\/web\/\",\"name\":\"P\u00e1gina10\",\"description\":\"Peri\u00f3dico Regional\",\"publisher\":{\"@id\":\"https:\/\/pagina10.com\/web\/#organization\"},\"alternateName\":\"P\u00e1gina10 Peri\u00f3dico Regional\",\"potentialAction\":[{\"@type\":\"SearchAction\",\"target\":{\"@type\":\"EntryPoint\",\"urlTemplate\":\"https:\/\/pagina10.com\/web\/?s={search_term_string}\"},\"query-input\":{\"@type\":\"PropertyValueSpecification\",\"valueRequired\":true,\"valueName\":\"search_term_string\"}}],\"inLanguage\":\"es\"},{\"@type\":\"Organization\",\"@id\":\"https:\/\/pagina10.com\/web\/#organization\",\"name\":\"P\u00e1gina10\",\"alternateName\":\"P\u00e1gina10 Peri\u00f3dico Regional\",\"url\":\"https:\/\/pagina10.com\/web\/\",\"logo\":{\"@type\":\"ImageObject\",\"inLanguage\":\"es\",\"@id\":\"https:\/\/pagina10.com\/web\/#\/schema\/logo\/image\/\",\"url\":\"https:\/\/pagina10.com\/web\/wp-content\/uploads\/2024\/01\/40-pagina-10-periodico-regional-pasto.jpg\",\"contentUrl\":\"https:\/\/pagina10.com\/web\/wp-content\/uploads\/2024\/01\/40-pagina-10-periodico-regional-pasto.jpg\",\"width\":1280,\"height\":720,\"caption\":\"P\u00e1gina10\"},\"image\":{\"@id\":\"https:\/\/pagina10.com\/web\/#\/schema\/logo\/image\/\"},\"sameAs\":[\"https:\/\/www.facebook.com\/pag10com\",\"https:\/\/x.com\/Pag10com\",\"https:\/\/www.instagram.com\/pagina10col\/\",\"https:\/\/youtube.com\/channel\/pag10\",\"https:\/\/www.tiktok.com\/@p10col\"]},{\"@type\":\"Person\",\"@id\":\"https:\/\/pagina10.com\/web\/#\/schema\/person\/2efc4a090d25b667d3bc796798a3a81b\",\"name\":\"P\u00e1gina 10\",\"description\":\"P\u00e1gina 10 es un peri\u00f3dico regional que nace en Colombia, en el departamento de Nari\u00f1o, con un enfoque global, fundamentado en cuatro pilares esenciales: la libertad, el pluralismo, la inclusi\u00f3n y la independencia. P\u00e1gina 10 hace referencia a Nari\u00f1o como el d\u00e9cimo departamento creado en Colombia, despu\u00e9s de un proceso pol\u00edtico liderado por actores y actrices regionales con el fin de obtener la independencia y autonom\u00eda de nuestros territorios. Con la creaci\u00f3n de P\u00e1gina 10 se pretende abrir un escenario para el dialogo, la reflexi\u00f3n y el debate que se extienda a otras geograf\u00edas de Am\u00e9rica Latina y del planeta, en una apuesta por transformar colectivamente los desaf\u00edos de un mundo contempor\u00e1neo, m\u00e1s all\u00e1 de las fronteras impuestas.\",\"url\":\"https:\/\/pagina10.com\/web\/author\/pdiezadmin\/\"}]}<\/script>\n<!-- \/ Yoast SEO plugin. -->","yoast_head_json":{"title":"Atrapados con 50 kilos de hero\u00edna | P\u00e1gina10","robots":{"index":"index","follow":"follow","max-snippet":"max-snippet:-1","max-image-preview":"max-image-preview:large","max-video-preview":"max-video-preview:-1"},"canonical":"https:\/\/pagina10.com\/web\/atrapados-con-50-kilos-de-heroina\/","og_locale":"es_ES","og_type":"article","og_title":"Atrapados con 50 kilos de hero\u00edna | P\u00e1gina10","og_description":"En el municipio de La cruz, Nari\u00f1o, se encontraba uno de los principales centros de distribuci\u00f3n de hero\u00edna del pa\u00eds donde 3 hombres se encargaban de la distribuci\u00f3n y el transporte del alucin\u00f3geno quienes enviaban la sustancia a Ipiales para posteriormente desviarla hacia el Ecuador utilizando pasos fronterizos ilegales Agentes de la provincia de Carchi [&hellip;]","og_url":"https:\/\/pagina10.com\/web\/atrapados-con-50-kilos-de-heroina\/","og_site_name":"P\u00e1gina10","article_publisher":"https:\/\/www.facebook.com\/pag10com","article_published_time":"2021-02-09T18:25:45+00:00","og_image":[{"width":300,"height":168,"url":"https:\/\/pagina10.com\/web\/wp-content\/uploads\/2021\/02\/descarga-1-1.jpg","type":"image\/jpeg"}],"author":"P\u00e1gina 10","twitter_card":"summary_large_image","twitter_creator":"@Pag10com","twitter_site":"@Pag10com","twitter_misc":{"Escrito por":"P\u00e1gina 10","Tiempo de lectura":"1 minuto"},"schema":{"@context":"https:\/\/schema.org","@graph":[{"@type":"Article","@id":"https:\/\/pagina10.com\/web\/atrapados-con-50-kilos-de-heroina\/#article","isPartOf":{"@id":"https:\/\/pagina10.com\/web\/atrapados-con-50-kilos-de-heroina\/"},"author":{"name":"P\u00e1gina 10","@id":"https:\/\/pagina10.com\/web\/#\/schema\/person\/2efc4a090d25b667d3bc796798a3a81b"},"headline":"Atrapados con 50 kilos de hero\u00edna","datePublished":"2021-02-09T18:25:45+00:00","mainEntityOfPage":{"@id":"https:\/\/pagina10.com\/web\/atrapados-con-50-kilos-de-heroina\/"},"wordCount":157,"commentCount":0,"publisher":{"@id":"https:\/\/pagina10.com\/web\/#organization"},"image":{"@id":"https:\/\/pagina10.com\/web\/atrapados-con-50-kilos-de-heroina\/#primaryimage"},"thumbnailUrl":"https:\/\/pagina10.com\/web\/wp-content\/uploads\/2021\/02\/descarga-1-1.jpg","articleSection":["P\u00e1gina10"],"inLanguage":"es","potentialAction":[{"@type":"CommentAction","name":"Comment","target":["https:\/\/pagina10.com\/web\/atrapados-con-50-kilos-de-heroina\/#respond"]}]},{"@type":"WebPage","@id":"https:\/\/pagina10.com\/web\/atrapados-con-50-kilos-de-heroina\/","url":"https:\/\/pagina10.com\/web\/atrapados-con-50-kilos-de-heroina\/","name":"Atrapados con 50 kilos de hero\u00edna | P\u00e1gina10","isPartOf":{"@id":"https:\/\/pagina10.com\/web\/#website"},"primaryImageOfPage":{"@id":"https:\/\/pagina10.com\/web\/atrapados-con-50-kilos-de-heroina\/#primaryimage"},"image":{"@id":"https:\/\/pagina10.com\/web\/atrapados-con-50-kilos-de-heroina\/#primaryimage"},"thumbnailUrl":"https:\/\/pagina10.com\/web\/wp-content\/uploads\/2021\/02\/descarga-1-1.jpg","datePublished":"2021-02-09T18:25:45+00:00","breadcrumb":{"@id":"https:\/\/pagina10.com\/web\/atrapados-con-50-kilos-de-heroina\/#breadcrumb"},"inLanguage":"es","potentialAction":[{"@type":"ReadAction","target":["https:\/\/pagina10.com\/web\/atrapados-con-50-kilos-de-heroina\/"]}]},{"@type":"ImageObject","inLanguage":"es","@id":"https:\/\/pagina10.com\/web\/atrapados-con-50-kilos-de-heroina\/#primaryimage","url":"https:\/\/pagina10.com\/web\/wp-content\/uploads\/2021\/02\/descarga-1-1.jpg","contentUrl":"https:\/\/pagina10.com\/web\/wp-content\/uploads\/2021\/02\/descarga-1-1.jpg","width":300,"height":168},{"@type":"BreadcrumbList","@id":"https:\/\/pagina10.com\/web\/atrapados-con-50-kilos-de-heroina\/#breadcrumb","itemListElement":[{"@type":"ListItem","position":1,"name":"Portada","item":"https:\/\/pagina10.com\/web\/"},{"@type":"ListItem","position":2,"name":"Atrapados con 50 kilos de hero\u00edna"}]},{"@type":"WebSite","@id":"https:\/\/pagina10.com\/web\/#website","url":"https:\/\/pagina10.com\/web\/","name":"P\u00e1gina10","description":"Peri\u00f3dico Regional","publisher":{"@id":"https:\/\/pagina10.com\/web\/#organization"},"alternateName":"P\u00e1gina10 Peri\u00f3dico Regional","potentialAction":[{"@type":"SearchAction","target":{"@type":"EntryPoint","urlTemplate":"https:\/\/pagina10.com\/web\/?s={search_term_string}"},"query-input":{"@type":"PropertyValueSpecification","valueRequired":true,"valueName":"search_term_string"}}],"inLanguage":"es"},{"@type":"Organization","@id":"https:\/\/pagina10.com\/web\/#organization","name":"P\u00e1gina10","alternateName":"P\u00e1gina10 Peri\u00f3dico Regional","url":"https:\/\/pagina10.com\/web\/","logo":{"@type":"ImageObject","inLanguage":"es","@id":"https:\/\/pagina10.com\/web\/#\/schema\/logo\/image\/","url":"https:\/\/pagina10.com\/web\/wp-content\/uploads\/2024\/01\/40-pagina-10-periodico-regional-pasto.jpg","contentUrl":"https:\/\/pagina10.com\/web\/wp-content\/uploads\/2024\/01\/40-pagina-10-periodico-regional-pasto.jpg","width":1280,"height":720,"caption":"P\u00e1gina10"},"image":{"@id":"https:\/\/pagina10.com\/web\/#\/schema\/logo\/image\/"},"sameAs":["https:\/\/www.facebook.com\/pag10com","https:\/\/x.com\/Pag10com","https:\/\/www.instagram.com\/pagina10col\/","https:\/\/youtube.com\/channel\/pag10","https:\/\/www.tiktok.com\/@p10col"]},{"@type":"Person","@id":"https:\/\/pagina10.com\/web\/#\/schema\/person\/2efc4a090d25b667d3bc796798a3a81b","name":"P\u00e1gina 10","description":"P\u00e1gina 10 es un peri\u00f3dico regional que nace en Colombia, en el departamento de Nari\u00f1o, con un enfoque global, fundamentado en cuatro pilares esenciales: la libertad, el pluralismo, la inclusi\u00f3n y la independencia. P\u00e1gina 10 hace referencia a Nari\u00f1o como el d\u00e9cimo departamento creado en Colombia, despu\u00e9s de un proceso pol\u00edtico liderado por actores y actrices regionales con el fin de obtener la independencia y autonom\u00eda de nuestros territorios. Con la creaci\u00f3n de P\u00e1gina 10 se pretende abrir un escenario para el dialogo, la reflexi\u00f3n y el debate que se extienda a otras geograf\u00edas de Am\u00e9rica Latina y del planeta, en una apuesta por transformar colectivamente los desaf\u00edos de un mundo contempor\u00e1neo, m\u00e1s all\u00e1 de las fronteras impuestas.","url":"https:\/\/pagina10.com\/web\/author\/pdiezadmin\/"}]}},"_links":{"self":[{"href":"https:\/\/pagina10.com\/web\/wp-json\/wp\/v2\/posts\/50478","targetHints":{"allow":["GET"]}}],"collection":[{"href":"https:\/\/pagina10.com\/web\/wp-json\/wp\/v2\/posts"}],"about":[{"href":"https:\/\/pagina10.com\/web\/wp-json\/wp\/v2\/types\/post"}],"author":[{"embeddable":true,"href":"https:\/\/pagina10.com\/web\/wp-json\/wp\/v2\/users\/1"}],"replies":[{"embeddable":true,"href":"https:\/\/pagina10.com\/web\/wp-json\/wp\/v2\/comments?post=50478"}],"version-history":[{"count":1,"href":"https:\/\/pagina10.com\/web\/wp-json\/wp\/v2\/posts\/50478\/revisions"}],"predecessor-version":[{"id":50480,"href":"https:\/\/pagina10.com\/web\/wp-json\/wp\/v2\/posts\/50478\/revisions\/50480"}],"wp:featuredmedia":[{"embeddable":true,"href":"https:\/\/pagina10.com\/web\/wp-json\/wp\/v2\/media\/50479"}],"wp:attachment":[{"href":"https:\/\/pagina10.com\/web\/wp-json\/wp\/v2\/media?parent=50478"}],"wp:term":[{"taxonomy":"category","embeddable":true,"href":"https:\/\/pagina10.com\/web\/wp-json\/wp\/v2\/categories?post=50478"},{"taxonomy":"post_tag","embeddable":true,"href":"https:\/\/pagina10.com\/web\/wp-json\/wp\/v2\/tags?post=50478"}],"curies":[{"name":"wp","href":"https:\/\/api.w.org\/{rel}","templated":true}]}}