{"id":50491,"date":"2021-02-09T13:36:04","date_gmt":"2021-02-09T18:36:04","guid":{"rendered":"https:\/\/pagina10.com\/web\/?p=50491"},"modified":"2021-02-09T13:36:04","modified_gmt":"2021-02-09T18:36:04","slug":"camara-de-comercio-de-pasto-continua-invitando-a-personas-a-unirse-a-campana-teleperformance","status":"publish","type":"post","link":"https:\/\/pagina10.com\/web\/camara-de-comercio-de-pasto-continua-invitando-a-personas-a-unirse-a-campana-teleperformance\/","title":{"rendered":"C\u00e1mara de comercio de Pasto continua invitando a personas a unirse a Campa\u00f1a \u201cTeleperformance\u201d"},"content":{"rendered":"<p style=\"text-align: justify;\">Todos saben que la crisis econ\u00f3mica a causa de la pandemia del covid -19 ha afectado en gran medida la econom\u00eda de nuestra ciudad, dejando a muchas personas sin la posibilidad de tener un empleo con el cual cubrir algunas necesidades b\u00e1sicas o aportar en el lugar donde residen. La campa\u00f1a Teleperfomance es una campa\u00f1a internacional que busca personas con un buen nivel de ingl\u00e9s para trabajar como call center de diferentes empresas o marcas<\/p>\n<p style=\"text-align: justify;\">Desde hace un tiempo ya esta empresa lanzo convocatoria en Colombia para 20.000 personas que est\u00e9n interesadas en aplicar. De esa cifra hay un buen numero de vacantes disponibles en Pasto, vacantes cuya gesti\u00f3n de aplicaci\u00f3n se da gracias a la C\u00e1mara de Comercio de nuestra ciudad. Las personas interesadas en esta oportunidad pueden acercarse a las instalaciones del lugar y preguntar por la campa\u00f1a o tambi\u00e9n pueden comunicarse al numero 3016252174 donde una de las encargadas les dar\u00e1 mayor informaci\u00f3n al respecto.<\/p>\n<p style=\"text-align: justify;\">Esta oportunidad de trabajo te permitir\u00e1 generar una cantidad considerable de ingresos mensuales, mientras practicas tu ingl\u00e9s conociendo e interactuando con personas de distintas partes del mundo. \u00a1No esperes m\u00e1s y an\u00edmate a aplicar!<\/p>\n<p>&nbsp;<\/p>\n","protected":false},"excerpt":{"rendered":"<p>Todos saben que la crisis econ\u00f3mica a causa de la pandemia del covid -19 ha afectado en gran medida la econom\u00eda de nuestra ciudad, dejando a muchas personas sin la posibilidad de tener un empleo con el cual cubrir algunas necesidades b\u00e1sicas o aportar en el lugar donde residen. La campa\u00f1a Teleperfomance es una campa\u00f1a [&hellip;]<\/p>\n","protected":false},"author":1,"featured_media":50492,"comment_status":"open","ping_status":"open","sticky":false,"template":"","format":"standard","meta":{"footnotes":""},"categories":[2],"tags":[],"class_list":["post-50491","post","type-post","status-publish","format-standard","has-post-thumbnail","hentry","category-pagina10"],"yoast_head":"<!-- This site is optimized with the Yoast SEO plugin v27.1.1 - https:\/\/yoast.com\/product\/yoast-seo-wordpress\/ -->\n<title>C\u00e1mara de comercio de Pasto continua invitando a personas a unirse a Campa\u00f1a \u201cTeleperformance\u201d | P\u00e1gina10<\/title>\n<meta name=\"robots\" content=\"index, follow, max-snippet:-1, max-image-preview:large, max-video-preview:-1\" \/>\n<link rel=\"canonical\" href=\"https:\/\/pagina10.com\/web\/camara-de-comercio-de-pasto-continua-invitando-a-personas-a-unirse-a-campana-teleperformance\/\" \/>\n<meta property=\"og:locale\" content=\"es_ES\" \/>\n<meta property=\"og:type\" content=\"article\" \/>\n<meta property=\"og:title\" content=\"C\u00e1mara de comercio de Pasto continua invitando a personas a unirse a Campa\u00f1a \u201cTeleperformance\u201d | P\u00e1gina10\" \/>\n<meta property=\"og:description\" content=\"Todos saben que la crisis econ\u00f3mica a causa de la pandemia del covid -19 ha afectado en gran medida la econom\u00eda de nuestra ciudad, dejando a muchas personas sin la posibilidad de tener un empleo con el cual cubrir algunas necesidades b\u00e1sicas o aportar en el lugar donde residen. La campa\u00f1a Teleperfomance es una campa\u00f1a [&hellip;]\" \/>\n<meta property=\"og:url\" content=\"https:\/\/pagina10.com\/web\/camara-de-comercio-de-pasto-continua-invitando-a-personas-a-unirse-a-campana-teleperformance\/\" \/>\n<meta property=\"og:site_name\" content=\"P\u00e1gina10\" \/>\n<meta property=\"article:publisher\" content=\"https:\/\/www.facebook.com\/pag10com\" \/>\n<meta property=\"article:published_time\" content=\"2021-02-09T18:36:04+00:00\" \/>\n<meta property=\"og:image\" content=\"https:\/\/pagina10.com\/web\/wp-content\/uploads\/2021\/02\/teleperformance.jpg\" \/>\n\t<meta property=\"og:image:width\" content=\"200\" \/>\n\t<meta property=\"og:image:height\" content=\"200\" \/>\n\t<meta property=\"og:image:type\" content=\"image\/jpeg\" \/>\n<meta name=\"author\" content=\"P\u00e1gina 10\" \/>\n<meta name=\"twitter:card\" content=\"summary_large_image\" \/>\n<meta name=\"twitter:creator\" content=\"@Pag10com\" \/>\n<meta name=\"twitter:site\" content=\"@Pag10com\" \/>\n<meta name=\"twitter:label1\" content=\"Escrito por\" \/>\n\t<meta name=\"twitter:data1\" content=\"P\u00e1gina 10\" \/>\n\t<meta name=\"twitter:label2\" content=\"Tiempo de lectura\" \/>\n\t<meta name=\"twitter:data2\" content=\"1 minuto\" \/>\n<script type=\"application\/ld+json\" class=\"yoast-schema-graph\">{\"@context\":\"https:\/\/schema.org\",\"@graph\":[{\"@type\":\"Article\",\"@id\":\"https:\/\/pagina10.com\/web\/camara-de-comercio-de-pasto-continua-invitando-a-personas-a-unirse-a-campana-teleperformance\/#article\",\"isPartOf\":{\"@id\":\"https:\/\/pagina10.com\/web\/camara-de-comercio-de-pasto-continua-invitando-a-personas-a-unirse-a-campana-teleperformance\/\"},\"author\":{\"name\":\"P\u00e1gina 10\",\"@id\":\"https:\/\/pagina10.com\/web\/#\/schema\/person\/2efc4a090d25b667d3bc796798a3a81b\"},\"headline\":\"C\u00e1mara de comercio de Pasto continua invitando a personas a unirse a Campa\u00f1a \u201cTeleperformance\u201d\",\"datePublished\":\"2021-02-09T18:36:04+00:00\",\"mainEntityOfPage\":{\"@id\":\"https:\/\/pagina10.com\/web\/camara-de-comercio-de-pasto-continua-invitando-a-personas-a-unirse-a-campana-teleperformance\/\"},\"wordCount\":223,\"commentCount\":0,\"publisher\":{\"@id\":\"https:\/\/pagina10.com\/web\/#organization\"},\"image\":{\"@id\":\"https:\/\/pagina10.com\/web\/camara-de-comercio-de-pasto-continua-invitando-a-personas-a-unirse-a-campana-teleperformance\/#primaryimage\"},\"thumbnailUrl\":\"https:\/\/pagina10.com\/web\/wp-content\/uploads\/2021\/02\/teleperformance.jpg\",\"articleSection\":[\"P\u00e1gina10\"],\"inLanguage\":\"es\",\"potentialAction\":[{\"@type\":\"CommentAction\",\"name\":\"Comment\",\"target\":[\"https:\/\/pagina10.com\/web\/camara-de-comercio-de-pasto-continua-invitando-a-personas-a-unirse-a-campana-teleperformance\/#respond\"]}]},{\"@type\":\"WebPage\",\"@id\":\"https:\/\/pagina10.com\/web\/camara-de-comercio-de-pasto-continua-invitando-a-personas-a-unirse-a-campana-teleperformance\/\",\"url\":\"https:\/\/pagina10.com\/web\/camara-de-comercio-de-pasto-continua-invitando-a-personas-a-unirse-a-campana-teleperformance\/\",\"name\":\"C\u00e1mara de comercio de Pasto continua invitando a personas a unirse a Campa\u00f1a \u201cTeleperformance\u201d | P\u00e1gina10\",\"isPartOf\":{\"@id\":\"https:\/\/pagina10.com\/web\/#website\"},\"primaryImageOfPage\":{\"@id\":\"https:\/\/pagina10.com\/web\/camara-de-comercio-de-pasto-continua-invitando-a-personas-a-unirse-a-campana-teleperformance\/#primaryimage\"},\"image\":{\"@id\":\"https:\/\/pagina10.com\/web\/camara-de-comercio-de-pasto-continua-invitando-a-personas-a-unirse-a-campana-teleperformance\/#primaryimage\"},\"thumbnailUrl\":\"https:\/\/pagina10.com\/web\/wp-content\/uploads\/2021\/02\/teleperformance.jpg\",\"datePublished\":\"2021-02-09T18:36:04+00:00\",\"breadcrumb\":{\"@id\":\"https:\/\/pagina10.com\/web\/camara-de-comercio-de-pasto-continua-invitando-a-personas-a-unirse-a-campana-teleperformance\/#breadcrumb\"},\"inLanguage\":\"es\",\"potentialAction\":[{\"@type\":\"ReadAction\",\"target\":[\"https:\/\/pagina10.com\/web\/camara-de-comercio-de-pasto-continua-invitando-a-personas-a-unirse-a-campana-teleperformance\/\"]}]},{\"@type\":\"ImageObject\",\"inLanguage\":\"es\",\"@id\":\"https:\/\/pagina10.com\/web\/camara-de-comercio-de-pasto-continua-invitando-a-personas-a-unirse-a-campana-teleperformance\/#primaryimage\",\"url\":\"https:\/\/pagina10.com\/web\/wp-content\/uploads\/2021\/02\/teleperformance.jpg\",\"contentUrl\":\"https:\/\/pagina10.com\/web\/wp-content\/uploads\/2021\/02\/teleperformance.jpg\",\"width\":200,\"height\":200},{\"@type\":\"BreadcrumbList\",\"@id\":\"https:\/\/pagina10.com\/web\/camara-de-comercio-de-pasto-continua-invitando-a-personas-a-unirse-a-campana-teleperformance\/#breadcrumb\",\"itemListElement\":[{\"@type\":\"ListItem\",\"position\":1,\"name\":\"Portada\",\"item\":\"https:\/\/pagina10.com\/web\/\"},{\"@type\":\"ListItem\",\"position\":2,\"name\":\"C\u00e1mara de comercio de Pasto continua invitando a personas a unirse a Campa\u00f1a \u201cTeleperformance\u201d\"}]},{\"@type\":\"WebSite\",\"@id\":\"https:\/\/pagina10.com\/web\/#website\",\"url\":\"https:\/\/pagina10.com\/web\/\",\"name\":\"P\u00e1gina10\",\"description\":\"Peri\u00f3dico Regional\",\"publisher\":{\"@id\":\"https:\/\/pagina10.com\/web\/#organization\"},\"alternateName\":\"P\u00e1gina10 Peri\u00f3dico Regional\",\"potentialAction\":[{\"@type\":\"SearchAction\",\"target\":{\"@type\":\"EntryPoint\",\"urlTemplate\":\"https:\/\/pagina10.com\/web\/?s={search_term_string}\"},\"query-input\":{\"@type\":\"PropertyValueSpecification\",\"valueRequired\":true,\"valueName\":\"search_term_string\"}}],\"inLanguage\":\"es\"},{\"@type\":\"Organization\",\"@id\":\"https:\/\/pagina10.com\/web\/#organization\",\"name\":\"P\u00e1gina10\",\"alternateName\":\"P\u00e1gina10 Peri\u00f3dico Regional\",\"url\":\"https:\/\/pagina10.com\/web\/\",\"logo\":{\"@type\":\"ImageObject\",\"inLanguage\":\"es\",\"@id\":\"https:\/\/pagina10.com\/web\/#\/schema\/logo\/image\/\",\"url\":\"https:\/\/pagina10.com\/web\/wp-content\/uploads\/2024\/01\/40-pagina-10-periodico-regional-pasto.jpg\",\"contentUrl\":\"https:\/\/pagina10.com\/web\/wp-content\/uploads\/2024\/01\/40-pagina-10-periodico-regional-pasto.jpg\",\"width\":1280,\"height\":720,\"caption\":\"P\u00e1gina10\"},\"image\":{\"@id\":\"https:\/\/pagina10.com\/web\/#\/schema\/logo\/image\/\"},\"sameAs\":[\"https:\/\/www.facebook.com\/pag10com\",\"https:\/\/x.com\/Pag10com\",\"https:\/\/www.instagram.com\/pagina10col\/\",\"https:\/\/youtube.com\/channel\/pag10\",\"https:\/\/www.tiktok.com\/@p10col\"]},{\"@type\":\"Person\",\"@id\":\"https:\/\/pagina10.com\/web\/#\/schema\/person\/2efc4a090d25b667d3bc796798a3a81b\",\"name\":\"P\u00e1gina 10\",\"description\":\"P\u00e1gina 10 es un peri\u00f3dico regional que nace en Colombia, en el departamento de Nari\u00f1o, con un enfoque global, fundamentado en cuatro pilares esenciales: la libertad, el pluralismo, la inclusi\u00f3n y la independencia. P\u00e1gina 10 hace referencia a Nari\u00f1o como el d\u00e9cimo departamento creado en Colombia, despu\u00e9s de un proceso pol\u00edtico liderado por actores y actrices regionales con el fin de obtener la independencia y autonom\u00eda de nuestros territorios. Con la creaci\u00f3n de P\u00e1gina 10 se pretende abrir un escenario para el dialogo, la reflexi\u00f3n y el debate que se extienda a otras geograf\u00edas de Am\u00e9rica Latina y del planeta, en una apuesta por transformar colectivamente los desaf\u00edos de un mundo contempor\u00e1neo, m\u00e1s all\u00e1 de las fronteras impuestas.\",\"url\":\"https:\/\/pagina10.com\/web\/author\/pdiezadmin\/\"}]}<\/script>\n<!-- \/ Yoast SEO plugin. -->","yoast_head_json":{"title":"C\u00e1mara de comercio de Pasto continua invitando a personas a unirse a Campa\u00f1a \u201cTeleperformance\u201d | P\u00e1gina10","robots":{"index":"index","follow":"follow","max-snippet":"max-snippet:-1","max-image-preview":"max-image-preview:large","max-video-preview":"max-video-preview:-1"},"canonical":"https:\/\/pagina10.com\/web\/camara-de-comercio-de-pasto-continua-invitando-a-personas-a-unirse-a-campana-teleperformance\/","og_locale":"es_ES","og_type":"article","og_title":"C\u00e1mara de comercio de Pasto continua invitando a personas a unirse a Campa\u00f1a \u201cTeleperformance\u201d | P\u00e1gina10","og_description":"Todos saben que la crisis econ\u00f3mica a causa de la pandemia del covid -19 ha afectado en gran medida la econom\u00eda de nuestra ciudad, dejando a muchas personas sin la posibilidad de tener un empleo con el cual cubrir algunas necesidades b\u00e1sicas o aportar en el lugar donde residen. La campa\u00f1a Teleperfomance es una campa\u00f1a [&hellip;]","og_url":"https:\/\/pagina10.com\/web\/camara-de-comercio-de-pasto-continua-invitando-a-personas-a-unirse-a-campana-teleperformance\/","og_site_name":"P\u00e1gina10","article_publisher":"https:\/\/www.facebook.com\/pag10com","article_published_time":"2021-02-09T18:36:04+00:00","og_image":[{"width":200,"height":200,"url":"https:\/\/pagina10.com\/web\/wp-content\/uploads\/2021\/02\/teleperformance.jpg","type":"image\/jpeg"}],"author":"P\u00e1gina 10","twitter_card":"summary_large_image","twitter_creator":"@Pag10com","twitter_site":"@Pag10com","twitter_misc":{"Escrito por":"P\u00e1gina 10","Tiempo de lectura":"1 minuto"},"schema":{"@context":"https:\/\/schema.org","@graph":[{"@type":"Article","@id":"https:\/\/pagina10.com\/web\/camara-de-comercio-de-pasto-continua-invitando-a-personas-a-unirse-a-campana-teleperformance\/#article","isPartOf":{"@id":"https:\/\/pagina10.com\/web\/camara-de-comercio-de-pasto-continua-invitando-a-personas-a-unirse-a-campana-teleperformance\/"},"author":{"name":"P\u00e1gina 10","@id":"https:\/\/pagina10.com\/web\/#\/schema\/person\/2efc4a090d25b667d3bc796798a3a81b"},"headline":"C\u00e1mara de comercio de Pasto continua invitando a personas a unirse a Campa\u00f1a \u201cTeleperformance\u201d","datePublished":"2021-02-09T18:36:04+00:00","mainEntityOfPage":{"@id":"https:\/\/pagina10.com\/web\/camara-de-comercio-de-pasto-continua-invitando-a-personas-a-unirse-a-campana-teleperformance\/"},"wordCount":223,"commentCount":0,"publisher":{"@id":"https:\/\/pagina10.com\/web\/#organization"},"image":{"@id":"https:\/\/pagina10.com\/web\/camara-de-comercio-de-pasto-continua-invitando-a-personas-a-unirse-a-campana-teleperformance\/#primaryimage"},"thumbnailUrl":"https:\/\/pagina10.com\/web\/wp-content\/uploads\/2021\/02\/teleperformance.jpg","articleSection":["P\u00e1gina10"],"inLanguage":"es","potentialAction":[{"@type":"CommentAction","name":"Comment","target":["https:\/\/pagina10.com\/web\/camara-de-comercio-de-pasto-continua-invitando-a-personas-a-unirse-a-campana-teleperformance\/#respond"]}]},{"@type":"WebPage","@id":"https:\/\/pagina10.com\/web\/camara-de-comercio-de-pasto-continua-invitando-a-personas-a-unirse-a-campana-teleperformance\/","url":"https:\/\/pagina10.com\/web\/camara-de-comercio-de-pasto-continua-invitando-a-personas-a-unirse-a-campana-teleperformance\/","name":"C\u00e1mara de comercio de Pasto continua invitando a personas a unirse a Campa\u00f1a \u201cTeleperformance\u201d | P\u00e1gina10","isPartOf":{"@id":"https:\/\/pagina10.com\/web\/#website"},"primaryImageOfPage":{"@id":"https:\/\/pagina10.com\/web\/camara-de-comercio-de-pasto-continua-invitando-a-personas-a-unirse-a-campana-teleperformance\/#primaryimage"},"image":{"@id":"https:\/\/pagina10.com\/web\/camara-de-comercio-de-pasto-continua-invitando-a-personas-a-unirse-a-campana-teleperformance\/#primaryimage"},"thumbnailUrl":"https:\/\/pagina10.com\/web\/wp-content\/uploads\/2021\/02\/teleperformance.jpg","datePublished":"2021-02-09T18:36:04+00:00","breadcrumb":{"@id":"https:\/\/pagina10.com\/web\/camara-de-comercio-de-pasto-continua-invitando-a-personas-a-unirse-a-campana-teleperformance\/#breadcrumb"},"inLanguage":"es","potentialAction":[{"@type":"ReadAction","target":["https:\/\/pagina10.com\/web\/camara-de-comercio-de-pasto-continua-invitando-a-personas-a-unirse-a-campana-teleperformance\/"]}]},{"@type":"ImageObject","inLanguage":"es","@id":"https:\/\/pagina10.com\/web\/camara-de-comercio-de-pasto-continua-invitando-a-personas-a-unirse-a-campana-teleperformance\/#primaryimage","url":"https:\/\/pagina10.com\/web\/wp-content\/uploads\/2021\/02\/teleperformance.jpg","contentUrl":"https:\/\/pagina10.com\/web\/wp-content\/uploads\/2021\/02\/teleperformance.jpg","width":200,"height":200},{"@type":"BreadcrumbList","@id":"https:\/\/pagina10.com\/web\/camara-de-comercio-de-pasto-continua-invitando-a-personas-a-unirse-a-campana-teleperformance\/#breadcrumb","itemListElement":[{"@type":"ListItem","position":1,"name":"Portada","item":"https:\/\/pagina10.com\/web\/"},{"@type":"ListItem","position":2,"name":"C\u00e1mara de comercio de Pasto continua invitando a personas a unirse a Campa\u00f1a \u201cTeleperformance\u201d"}]},{"@type":"WebSite","@id":"https:\/\/pagina10.com\/web\/#website","url":"https:\/\/pagina10.com\/web\/","name":"P\u00e1gina10","description":"Peri\u00f3dico Regional","publisher":{"@id":"https:\/\/pagina10.com\/web\/#organization"},"alternateName":"P\u00e1gina10 Peri\u00f3dico Regional","potentialAction":[{"@type":"SearchAction","target":{"@type":"EntryPoint","urlTemplate":"https:\/\/pagina10.com\/web\/?s={search_term_string}"},"query-input":{"@type":"PropertyValueSpecification","valueRequired":true,"valueName":"search_term_string"}}],"inLanguage":"es"},{"@type":"Organization","@id":"https:\/\/pagina10.com\/web\/#organization","name":"P\u00e1gina10","alternateName":"P\u00e1gina10 Peri\u00f3dico Regional","url":"https:\/\/pagina10.com\/web\/","logo":{"@type":"ImageObject","inLanguage":"es","@id":"https:\/\/pagina10.com\/web\/#\/schema\/logo\/image\/","url":"https:\/\/pagina10.com\/web\/wp-content\/uploads\/2024\/01\/40-pagina-10-periodico-regional-pasto.jpg","contentUrl":"https:\/\/pagina10.com\/web\/wp-content\/uploads\/2024\/01\/40-pagina-10-periodico-regional-pasto.jpg","width":1280,"height":720,"caption":"P\u00e1gina10"},"image":{"@id":"https:\/\/pagina10.com\/web\/#\/schema\/logo\/image\/"},"sameAs":["https:\/\/www.facebook.com\/pag10com","https:\/\/x.com\/Pag10com","https:\/\/www.instagram.com\/pagina10col\/","https:\/\/youtube.com\/channel\/pag10","https:\/\/www.tiktok.com\/@p10col"]},{"@type":"Person","@id":"https:\/\/pagina10.com\/web\/#\/schema\/person\/2efc4a090d25b667d3bc796798a3a81b","name":"P\u00e1gina 10","description":"P\u00e1gina 10 es un peri\u00f3dico regional que nace en Colombia, en el departamento de Nari\u00f1o, con un enfoque global, fundamentado en cuatro pilares esenciales: la libertad, el pluralismo, la inclusi\u00f3n y la independencia. P\u00e1gina 10 hace referencia a Nari\u00f1o como el d\u00e9cimo departamento creado en Colombia, despu\u00e9s de un proceso pol\u00edtico liderado por actores y actrices regionales con el fin de obtener la independencia y autonom\u00eda de nuestros territorios. Con la creaci\u00f3n de P\u00e1gina 10 se pretende abrir un escenario para el dialogo, la reflexi\u00f3n y el debate que se extienda a otras geograf\u00edas de Am\u00e9rica Latina y del planeta, en una apuesta por transformar colectivamente los desaf\u00edos de un mundo contempor\u00e1neo, m\u00e1s all\u00e1 de las fronteras impuestas.","url":"https:\/\/pagina10.com\/web\/author\/pdiezadmin\/"}]}},"_links":{"self":[{"href":"https:\/\/pagina10.com\/web\/wp-json\/wp\/v2\/posts\/50491","targetHints":{"allow":["GET"]}}],"collection":[{"href":"https:\/\/pagina10.com\/web\/wp-json\/wp\/v2\/posts"}],"about":[{"href":"https:\/\/pagina10.com\/web\/wp-json\/wp\/v2\/types\/post"}],"author":[{"embeddable":true,"href":"https:\/\/pagina10.com\/web\/wp-json\/wp\/v2\/users\/1"}],"replies":[{"embeddable":true,"href":"https:\/\/pagina10.com\/web\/wp-json\/wp\/v2\/comments?post=50491"}],"version-history":[{"count":1,"href":"https:\/\/pagina10.com\/web\/wp-json\/wp\/v2\/posts\/50491\/revisions"}],"predecessor-version":[{"id":50493,"href":"https:\/\/pagina10.com\/web\/wp-json\/wp\/v2\/posts\/50491\/revisions\/50493"}],"wp:featuredmedia":[{"embeddable":true,"href":"https:\/\/pagina10.com\/web\/wp-json\/wp\/v2\/media\/50492"}],"wp:attachment":[{"href":"https:\/\/pagina10.com\/web\/wp-json\/wp\/v2\/media?parent=50491"}],"wp:term":[{"taxonomy":"category","embeddable":true,"href":"https:\/\/pagina10.com\/web\/wp-json\/wp\/v2\/categories?post=50491"},{"taxonomy":"post_tag","embeddable":true,"href":"https:\/\/pagina10.com\/web\/wp-json\/wp\/v2\/tags?post=50491"}],"curies":[{"name":"wp","href":"https:\/\/api.w.org\/{rel}","templated":true}]}}