{"id":50510,"date":"2021-02-10T13:36:53","date_gmt":"2021-02-10T18:36:53","guid":{"rendered":"https:\/\/pagina10.com\/web\/?p=50510"},"modified":"2021-02-10T13:36:53","modified_gmt":"2021-02-10T18:36:53","slug":"se-avanza-con-proyectos-de-desarrollo-de-enfoque-territorial-en-narino","status":"publish","type":"post","link":"https:\/\/pagina10.com\/web\/se-avanza-con-proyectos-de-desarrollo-de-enfoque-territorial-en-narino\/","title":{"rendered":"Se avanza con Proyectos de Desarrollo de Enfoque Territorial en Nari\u00f1o"},"content":{"rendered":"<p style=\"text-align: justify;\">El gobernador de Nari\u00f1o Jhon Rojas tuvo una reuni\u00f3n el Gabinete Departamental y el equipo de la agencia de Renovaci\u00f3n del Territorio en pro de realizar una evaluaci\u00f3n de los avances de los municipios donde se aplican los Programas de Desarrollo con Enfoque Territorial en el departamento<\/p>\n<p style=\"text-align: justify;\">Recordemos que estos proyectos buscan la evoluci\u00f3n social, econ\u00f3mica y convivencial en Nari\u00f1o. Existen ya 16 municipios donde se aplica el PDET , municipios donde se han desarrollado estrategias de alto impacto en diversos aspectos donde el progreso ha sido evidente y se destaca el apoyo del Gobierno Nacional, Gobierno Departamental, autoridades locales y habitantes de comunidades beneficiadas.<\/p>\n<p style=\"text-align: justify;\">\u201cEs importante que la Gobernaci\u00f3n de Nari\u00f1o, en coordinaci\u00f3n de los PDET, trabajemos en equipo para construir las obras m\u00e1s importantes que se han priorizado en las regiones y ante todo para construir un camino hacia la paz\u201d manifest\u00f3 el gobernador. Se espera seguir trabajando para el avance de las estrategias que se est\u00e1n aplicando en estos territorios.<\/p>\n","protected":false},"excerpt":{"rendered":"<p>El gobernador de Nari\u00f1o Jhon Rojas tuvo una reuni\u00f3n el Gabinete Departamental y el equipo de la agencia de Renovaci\u00f3n del Territorio en pro de realizar una evaluaci\u00f3n de los avances de los municipios donde se aplican los Programas de Desarrollo con Enfoque Territorial en el departamento Recordemos que estos proyectos buscan la evoluci\u00f3n social, [&hellip;]<\/p>\n","protected":false},"author":1,"featured_media":50511,"comment_status":"open","ping_status":"open","sticky":false,"template":"","format":"standard","meta":{"footnotes":""},"categories":[2],"tags":[],"class_list":["post-50510","post","type-post","status-publish","format-standard","has-post-thumbnail","hentry","category-pagina10"],"yoast_head":"<!-- This site is optimized with the Yoast SEO plugin v27.1.1 - https:\/\/yoast.com\/product\/yoast-seo-wordpress\/ -->\n<title>Se avanza con Proyectos de Desarrollo de Enfoque Territorial en Nari\u00f1o | P\u00e1gina10<\/title>\n<meta name=\"robots\" content=\"index, follow, max-snippet:-1, max-image-preview:large, max-video-preview:-1\" \/>\n<link rel=\"canonical\" href=\"https:\/\/pagina10.com\/web\/se-avanza-con-proyectos-de-desarrollo-de-enfoque-territorial-en-narino\/\" \/>\n<meta property=\"og:locale\" content=\"es_ES\" \/>\n<meta property=\"og:type\" content=\"article\" \/>\n<meta property=\"og:title\" content=\"Se avanza con Proyectos de Desarrollo de Enfoque Territorial en Nari\u00f1o | P\u00e1gina10\" \/>\n<meta property=\"og:description\" content=\"El gobernador de Nari\u00f1o Jhon Rojas tuvo una reuni\u00f3n el Gabinete Departamental y el equipo de la agencia de Renovaci\u00f3n del Territorio en pro de realizar una evaluaci\u00f3n de los avances de los municipios donde se aplican los Programas de Desarrollo con Enfoque Territorial en el departamento Recordemos que estos proyectos buscan la evoluci\u00f3n social, [&hellip;]\" \/>\n<meta property=\"og:url\" content=\"https:\/\/pagina10.com\/web\/se-avanza-con-proyectos-de-desarrollo-de-enfoque-territorial-en-narino\/\" \/>\n<meta property=\"og:site_name\" content=\"P\u00e1gina10\" \/>\n<meta property=\"article:publisher\" content=\"https:\/\/www.facebook.com\/pag10com\" \/>\n<meta property=\"article:published_time\" content=\"2021-02-10T18:36:53+00:00\" \/>\n<meta property=\"og:image\" content=\"https:\/\/pagina10.com\/web\/wp-content\/uploads\/2021\/02\/0481-800x445-2.jpg\" \/>\n\t<meta property=\"og:image:width\" content=\"800\" \/>\n\t<meta property=\"og:image:height\" content=\"445\" \/>\n\t<meta property=\"og:image:type\" content=\"image\/jpeg\" \/>\n<meta name=\"author\" content=\"P\u00e1gina 10\" \/>\n<meta name=\"twitter:card\" content=\"summary_large_image\" \/>\n<meta name=\"twitter:creator\" content=\"@Pag10com\" \/>\n<meta name=\"twitter:site\" content=\"@Pag10com\" \/>\n<meta name=\"twitter:label1\" content=\"Escrito por\" \/>\n\t<meta name=\"twitter:data1\" content=\"P\u00e1gina 10\" \/>\n\t<meta name=\"twitter:label2\" content=\"Tiempo de lectura\" \/>\n\t<meta name=\"twitter:data2\" content=\"1 minuto\" \/>\n<script type=\"application\/ld+json\" class=\"yoast-schema-graph\">{\"@context\":\"https:\/\/schema.org\",\"@graph\":[{\"@type\":\"Article\",\"@id\":\"https:\/\/pagina10.com\/web\/se-avanza-con-proyectos-de-desarrollo-de-enfoque-territorial-en-narino\/#article\",\"isPartOf\":{\"@id\":\"https:\/\/pagina10.com\/web\/se-avanza-con-proyectos-de-desarrollo-de-enfoque-territorial-en-narino\/\"},\"author\":{\"name\":\"P\u00e1gina 10\",\"@id\":\"https:\/\/pagina10.com\/web\/#\/schema\/person\/2efc4a090d25b667d3bc796798a3a81b\"},\"headline\":\"Se avanza con Proyectos de Desarrollo de Enfoque Territorial en Nari\u00f1o\",\"datePublished\":\"2021-02-10T18:36:53+00:00\",\"mainEntityOfPage\":{\"@id\":\"https:\/\/pagina10.com\/web\/se-avanza-con-proyectos-de-desarrollo-de-enfoque-territorial-en-narino\/\"},\"wordCount\":185,\"commentCount\":0,\"publisher\":{\"@id\":\"https:\/\/pagina10.com\/web\/#organization\"},\"image\":{\"@id\":\"https:\/\/pagina10.com\/web\/se-avanza-con-proyectos-de-desarrollo-de-enfoque-territorial-en-narino\/#primaryimage\"},\"thumbnailUrl\":\"https:\/\/pagina10.com\/web\/wp-content\/uploads\/2021\/02\/0481-800x445-2.jpg\",\"articleSection\":[\"P\u00e1gina10\"],\"inLanguage\":\"es\",\"potentialAction\":[{\"@type\":\"CommentAction\",\"name\":\"Comment\",\"target\":[\"https:\/\/pagina10.com\/web\/se-avanza-con-proyectos-de-desarrollo-de-enfoque-territorial-en-narino\/#respond\"]}]},{\"@type\":\"WebPage\",\"@id\":\"https:\/\/pagina10.com\/web\/se-avanza-con-proyectos-de-desarrollo-de-enfoque-territorial-en-narino\/\",\"url\":\"https:\/\/pagina10.com\/web\/se-avanza-con-proyectos-de-desarrollo-de-enfoque-territorial-en-narino\/\",\"name\":\"Se avanza con Proyectos de Desarrollo de Enfoque Territorial en Nari\u00f1o | P\u00e1gina10\",\"isPartOf\":{\"@id\":\"https:\/\/pagina10.com\/web\/#website\"},\"primaryImageOfPage\":{\"@id\":\"https:\/\/pagina10.com\/web\/se-avanza-con-proyectos-de-desarrollo-de-enfoque-territorial-en-narino\/#primaryimage\"},\"image\":{\"@id\":\"https:\/\/pagina10.com\/web\/se-avanza-con-proyectos-de-desarrollo-de-enfoque-territorial-en-narino\/#primaryimage\"},\"thumbnailUrl\":\"https:\/\/pagina10.com\/web\/wp-content\/uploads\/2021\/02\/0481-800x445-2.jpg\",\"datePublished\":\"2021-02-10T18:36:53+00:00\",\"breadcrumb\":{\"@id\":\"https:\/\/pagina10.com\/web\/se-avanza-con-proyectos-de-desarrollo-de-enfoque-territorial-en-narino\/#breadcrumb\"},\"inLanguage\":\"es\",\"potentialAction\":[{\"@type\":\"ReadAction\",\"target\":[\"https:\/\/pagina10.com\/web\/se-avanza-con-proyectos-de-desarrollo-de-enfoque-territorial-en-narino\/\"]}]},{\"@type\":\"ImageObject\",\"inLanguage\":\"es\",\"@id\":\"https:\/\/pagina10.com\/web\/se-avanza-con-proyectos-de-desarrollo-de-enfoque-territorial-en-narino\/#primaryimage\",\"url\":\"https:\/\/pagina10.com\/web\/wp-content\/uploads\/2021\/02\/0481-800x445-2.jpg\",\"contentUrl\":\"https:\/\/pagina10.com\/web\/wp-content\/uploads\/2021\/02\/0481-800x445-2.jpg\",\"width\":800,\"height\":445},{\"@type\":\"BreadcrumbList\",\"@id\":\"https:\/\/pagina10.com\/web\/se-avanza-con-proyectos-de-desarrollo-de-enfoque-territorial-en-narino\/#breadcrumb\",\"itemListElement\":[{\"@type\":\"ListItem\",\"position\":1,\"name\":\"Portada\",\"item\":\"https:\/\/pagina10.com\/web\/\"},{\"@type\":\"ListItem\",\"position\":2,\"name\":\"Se avanza con Proyectos de Desarrollo de Enfoque Territorial en Nari\u00f1o\"}]},{\"@type\":\"WebSite\",\"@id\":\"https:\/\/pagina10.com\/web\/#website\",\"url\":\"https:\/\/pagina10.com\/web\/\",\"name\":\"P\u00e1gina10\",\"description\":\"Peri\u00f3dico Regional\",\"publisher\":{\"@id\":\"https:\/\/pagina10.com\/web\/#organization\"},\"alternateName\":\"P\u00e1gina10 Peri\u00f3dico Regional\",\"potentialAction\":[{\"@type\":\"SearchAction\",\"target\":{\"@type\":\"EntryPoint\",\"urlTemplate\":\"https:\/\/pagina10.com\/web\/?s={search_term_string}\"},\"query-input\":{\"@type\":\"PropertyValueSpecification\",\"valueRequired\":true,\"valueName\":\"search_term_string\"}}],\"inLanguage\":\"es\"},{\"@type\":\"Organization\",\"@id\":\"https:\/\/pagina10.com\/web\/#organization\",\"name\":\"P\u00e1gina10\",\"alternateName\":\"P\u00e1gina10 Peri\u00f3dico Regional\",\"url\":\"https:\/\/pagina10.com\/web\/\",\"logo\":{\"@type\":\"ImageObject\",\"inLanguage\":\"es\",\"@id\":\"https:\/\/pagina10.com\/web\/#\/schema\/logo\/image\/\",\"url\":\"https:\/\/pagina10.com\/web\/wp-content\/uploads\/2024\/01\/40-pagina-10-periodico-regional-pasto.jpg\",\"contentUrl\":\"https:\/\/pagina10.com\/web\/wp-content\/uploads\/2024\/01\/40-pagina-10-periodico-regional-pasto.jpg\",\"width\":1280,\"height\":720,\"caption\":\"P\u00e1gina10\"},\"image\":{\"@id\":\"https:\/\/pagina10.com\/web\/#\/schema\/logo\/image\/\"},\"sameAs\":[\"https:\/\/www.facebook.com\/pag10com\",\"https:\/\/x.com\/Pag10com\",\"https:\/\/www.instagram.com\/pagina10col\/\",\"https:\/\/youtube.com\/channel\/pag10\",\"https:\/\/www.tiktok.com\/@p10col\"]},{\"@type\":\"Person\",\"@id\":\"https:\/\/pagina10.com\/web\/#\/schema\/person\/2efc4a090d25b667d3bc796798a3a81b\",\"name\":\"P\u00e1gina 10\",\"description\":\"P\u00e1gina 10 es un peri\u00f3dico regional que nace en Colombia, en el departamento de Nari\u00f1o, con un enfoque global, fundamentado en cuatro pilares esenciales: la libertad, el pluralismo, la inclusi\u00f3n y la independencia. P\u00e1gina 10 hace referencia a Nari\u00f1o como el d\u00e9cimo departamento creado en Colombia, despu\u00e9s de un proceso pol\u00edtico liderado por actores y actrices regionales con el fin de obtener la independencia y autonom\u00eda de nuestros territorios. Con la creaci\u00f3n de P\u00e1gina 10 se pretende abrir un escenario para el dialogo, la reflexi\u00f3n y el debate que se extienda a otras geograf\u00edas de Am\u00e9rica Latina y del planeta, en una apuesta por transformar colectivamente los desaf\u00edos de un mundo contempor\u00e1neo, m\u00e1s all\u00e1 de las fronteras impuestas.\",\"url\":\"https:\/\/pagina10.com\/web\/author\/pdiezadmin\/\"}]}<\/script>\n<!-- \/ Yoast SEO plugin. -->","yoast_head_json":{"title":"Se avanza con Proyectos de Desarrollo de Enfoque Territorial en Nari\u00f1o | P\u00e1gina10","robots":{"index":"index","follow":"follow","max-snippet":"max-snippet:-1","max-image-preview":"max-image-preview:large","max-video-preview":"max-video-preview:-1"},"canonical":"https:\/\/pagina10.com\/web\/se-avanza-con-proyectos-de-desarrollo-de-enfoque-territorial-en-narino\/","og_locale":"es_ES","og_type":"article","og_title":"Se avanza con Proyectos de Desarrollo de Enfoque Territorial en Nari\u00f1o | P\u00e1gina10","og_description":"El gobernador de Nari\u00f1o Jhon Rojas tuvo una reuni\u00f3n el Gabinete Departamental y el equipo de la agencia de Renovaci\u00f3n del Territorio en pro de realizar una evaluaci\u00f3n de los avances de los municipios donde se aplican los Programas de Desarrollo con Enfoque Territorial en el departamento Recordemos que estos proyectos buscan la evoluci\u00f3n social, [&hellip;]","og_url":"https:\/\/pagina10.com\/web\/se-avanza-con-proyectos-de-desarrollo-de-enfoque-territorial-en-narino\/","og_site_name":"P\u00e1gina10","article_publisher":"https:\/\/www.facebook.com\/pag10com","article_published_time":"2021-02-10T18:36:53+00:00","og_image":[{"width":800,"height":445,"url":"https:\/\/pagina10.com\/web\/wp-content\/uploads\/2021\/02\/0481-800x445-2.jpg","type":"image\/jpeg"}],"author":"P\u00e1gina 10","twitter_card":"summary_large_image","twitter_creator":"@Pag10com","twitter_site":"@Pag10com","twitter_misc":{"Escrito por":"P\u00e1gina 10","Tiempo de lectura":"1 minuto"},"schema":{"@context":"https:\/\/schema.org","@graph":[{"@type":"Article","@id":"https:\/\/pagina10.com\/web\/se-avanza-con-proyectos-de-desarrollo-de-enfoque-territorial-en-narino\/#article","isPartOf":{"@id":"https:\/\/pagina10.com\/web\/se-avanza-con-proyectos-de-desarrollo-de-enfoque-territorial-en-narino\/"},"author":{"name":"P\u00e1gina 10","@id":"https:\/\/pagina10.com\/web\/#\/schema\/person\/2efc4a090d25b667d3bc796798a3a81b"},"headline":"Se avanza con Proyectos de Desarrollo de Enfoque Territorial en Nari\u00f1o","datePublished":"2021-02-10T18:36:53+00:00","mainEntityOfPage":{"@id":"https:\/\/pagina10.com\/web\/se-avanza-con-proyectos-de-desarrollo-de-enfoque-territorial-en-narino\/"},"wordCount":185,"commentCount":0,"publisher":{"@id":"https:\/\/pagina10.com\/web\/#organization"},"image":{"@id":"https:\/\/pagina10.com\/web\/se-avanza-con-proyectos-de-desarrollo-de-enfoque-territorial-en-narino\/#primaryimage"},"thumbnailUrl":"https:\/\/pagina10.com\/web\/wp-content\/uploads\/2021\/02\/0481-800x445-2.jpg","articleSection":["P\u00e1gina10"],"inLanguage":"es","potentialAction":[{"@type":"CommentAction","name":"Comment","target":["https:\/\/pagina10.com\/web\/se-avanza-con-proyectos-de-desarrollo-de-enfoque-territorial-en-narino\/#respond"]}]},{"@type":"WebPage","@id":"https:\/\/pagina10.com\/web\/se-avanza-con-proyectos-de-desarrollo-de-enfoque-territorial-en-narino\/","url":"https:\/\/pagina10.com\/web\/se-avanza-con-proyectos-de-desarrollo-de-enfoque-territorial-en-narino\/","name":"Se avanza con Proyectos de Desarrollo de Enfoque Territorial en Nari\u00f1o | P\u00e1gina10","isPartOf":{"@id":"https:\/\/pagina10.com\/web\/#website"},"primaryImageOfPage":{"@id":"https:\/\/pagina10.com\/web\/se-avanza-con-proyectos-de-desarrollo-de-enfoque-territorial-en-narino\/#primaryimage"},"image":{"@id":"https:\/\/pagina10.com\/web\/se-avanza-con-proyectos-de-desarrollo-de-enfoque-territorial-en-narino\/#primaryimage"},"thumbnailUrl":"https:\/\/pagina10.com\/web\/wp-content\/uploads\/2021\/02\/0481-800x445-2.jpg","datePublished":"2021-02-10T18:36:53+00:00","breadcrumb":{"@id":"https:\/\/pagina10.com\/web\/se-avanza-con-proyectos-de-desarrollo-de-enfoque-territorial-en-narino\/#breadcrumb"},"inLanguage":"es","potentialAction":[{"@type":"ReadAction","target":["https:\/\/pagina10.com\/web\/se-avanza-con-proyectos-de-desarrollo-de-enfoque-territorial-en-narino\/"]}]},{"@type":"ImageObject","inLanguage":"es","@id":"https:\/\/pagina10.com\/web\/se-avanza-con-proyectos-de-desarrollo-de-enfoque-territorial-en-narino\/#primaryimage","url":"https:\/\/pagina10.com\/web\/wp-content\/uploads\/2021\/02\/0481-800x445-2.jpg","contentUrl":"https:\/\/pagina10.com\/web\/wp-content\/uploads\/2021\/02\/0481-800x445-2.jpg","width":800,"height":445},{"@type":"BreadcrumbList","@id":"https:\/\/pagina10.com\/web\/se-avanza-con-proyectos-de-desarrollo-de-enfoque-territorial-en-narino\/#breadcrumb","itemListElement":[{"@type":"ListItem","position":1,"name":"Portada","item":"https:\/\/pagina10.com\/web\/"},{"@type":"ListItem","position":2,"name":"Se avanza con Proyectos de Desarrollo de Enfoque Territorial en Nari\u00f1o"}]},{"@type":"WebSite","@id":"https:\/\/pagina10.com\/web\/#website","url":"https:\/\/pagina10.com\/web\/","name":"P\u00e1gina10","description":"Peri\u00f3dico Regional","publisher":{"@id":"https:\/\/pagina10.com\/web\/#organization"},"alternateName":"P\u00e1gina10 Peri\u00f3dico Regional","potentialAction":[{"@type":"SearchAction","target":{"@type":"EntryPoint","urlTemplate":"https:\/\/pagina10.com\/web\/?s={search_term_string}"},"query-input":{"@type":"PropertyValueSpecification","valueRequired":true,"valueName":"search_term_string"}}],"inLanguage":"es"},{"@type":"Organization","@id":"https:\/\/pagina10.com\/web\/#organization","name":"P\u00e1gina10","alternateName":"P\u00e1gina10 Peri\u00f3dico Regional","url":"https:\/\/pagina10.com\/web\/","logo":{"@type":"ImageObject","inLanguage":"es","@id":"https:\/\/pagina10.com\/web\/#\/schema\/logo\/image\/","url":"https:\/\/pagina10.com\/web\/wp-content\/uploads\/2024\/01\/40-pagina-10-periodico-regional-pasto.jpg","contentUrl":"https:\/\/pagina10.com\/web\/wp-content\/uploads\/2024\/01\/40-pagina-10-periodico-regional-pasto.jpg","width":1280,"height":720,"caption":"P\u00e1gina10"},"image":{"@id":"https:\/\/pagina10.com\/web\/#\/schema\/logo\/image\/"},"sameAs":["https:\/\/www.facebook.com\/pag10com","https:\/\/x.com\/Pag10com","https:\/\/www.instagram.com\/pagina10col\/","https:\/\/youtube.com\/channel\/pag10","https:\/\/www.tiktok.com\/@p10col"]},{"@type":"Person","@id":"https:\/\/pagina10.com\/web\/#\/schema\/person\/2efc4a090d25b667d3bc796798a3a81b","name":"P\u00e1gina 10","description":"P\u00e1gina 10 es un peri\u00f3dico regional que nace en Colombia, en el departamento de Nari\u00f1o, con un enfoque global, fundamentado en cuatro pilares esenciales: la libertad, el pluralismo, la inclusi\u00f3n y la independencia. P\u00e1gina 10 hace referencia a Nari\u00f1o como el d\u00e9cimo departamento creado en Colombia, despu\u00e9s de un proceso pol\u00edtico liderado por actores y actrices regionales con el fin de obtener la independencia y autonom\u00eda de nuestros territorios. Con la creaci\u00f3n de P\u00e1gina 10 se pretende abrir un escenario para el dialogo, la reflexi\u00f3n y el debate que se extienda a otras geograf\u00edas de Am\u00e9rica Latina y del planeta, en una apuesta por transformar colectivamente los desaf\u00edos de un mundo contempor\u00e1neo, m\u00e1s all\u00e1 de las fronteras impuestas.","url":"https:\/\/pagina10.com\/web\/author\/pdiezadmin\/"}]}},"_links":{"self":[{"href":"https:\/\/pagina10.com\/web\/wp-json\/wp\/v2\/posts\/50510","targetHints":{"allow":["GET"]}}],"collection":[{"href":"https:\/\/pagina10.com\/web\/wp-json\/wp\/v2\/posts"}],"about":[{"href":"https:\/\/pagina10.com\/web\/wp-json\/wp\/v2\/types\/post"}],"author":[{"embeddable":true,"href":"https:\/\/pagina10.com\/web\/wp-json\/wp\/v2\/users\/1"}],"replies":[{"embeddable":true,"href":"https:\/\/pagina10.com\/web\/wp-json\/wp\/v2\/comments?post=50510"}],"version-history":[{"count":1,"href":"https:\/\/pagina10.com\/web\/wp-json\/wp\/v2\/posts\/50510\/revisions"}],"predecessor-version":[{"id":50512,"href":"https:\/\/pagina10.com\/web\/wp-json\/wp\/v2\/posts\/50510\/revisions\/50512"}],"wp:featuredmedia":[{"embeddable":true,"href":"https:\/\/pagina10.com\/web\/wp-json\/wp\/v2\/media\/50511"}],"wp:attachment":[{"href":"https:\/\/pagina10.com\/web\/wp-json\/wp\/v2\/media?parent=50510"}],"wp:term":[{"taxonomy":"category","embeddable":true,"href":"https:\/\/pagina10.com\/web\/wp-json\/wp\/v2\/categories?post=50510"},{"taxonomy":"post_tag","embeddable":true,"href":"https:\/\/pagina10.com\/web\/wp-json\/wp\/v2\/tags?post=50510"}],"curies":[{"name":"wp","href":"https:\/\/api.w.org\/{rel}","templated":true}]}}