{"id":50513,"date":"2021-02-10T13:39:25","date_gmt":"2021-02-10T18:39:25","guid":{"rendered":"https:\/\/pagina10.com\/web\/?p=50513"},"modified":"2021-02-10T13:39:25","modified_gmt":"2021-02-10T18:39:25","slug":"54-anos-de-la-renovacion-carismatica-catolica-en-el-mundo","status":"publish","type":"post","link":"https:\/\/pagina10.com\/web\/54-anos-de-la-renovacion-carismatica-catolica-en-el-mundo\/","title":{"rendered":"54 a\u00f1os de la Renovaci\u00f3n Carism\u00e1tica Cat\u00f3lica en el mundo!"},"content":{"rendered":"<p style=\"text-align: justify;\">La renovaci\u00f3n Carism\u00e1tica cat\u00f3lica es un movimiento dentro del catolicismo que se caracteriza por la exposici\u00f3n de carismas hacia el esp\u00edritu santo, cuenta con aproximadamente 120.000.000 de seguidores en el mundo de los cuales 2.000.000 est\u00e1n en Colombia. El pr\u00f3ximo viernes 12 de febrero este movimiento cumplir\u00e1 54 a\u00f1os desde su creaci\u00f3n.<\/p>\n<p style=\"text-align: justify;\">\u00a0Por eso el consejo latinoamericano de la RCC extiende la invitaci\u00f3n\u00a0 \u00a0a \u00a0todo el continente a una\u00a0 unirse a una celebraci\u00f3n de car\u00e1cter virtual donde participaran algunos exponentes del movimiento como: El padre Diego Jaramilllo,Danielle Almeida,John Bertucci , Vinicious Rodreiguez Simoes ,Alicia Hartle,Olivia Ferreira, Jim Murphy,Andres Arango entre muchos otros.<\/p>\n<p style=\"text-align: justify;\">El evento ser\u00e1 conducido desde Miami, se desarrollar\u00e1 de manera virtual y podr\u00e1 verse en Ingl\u00e9s, espa\u00f1ol y portugu\u00e9s de manera simult\u00e1nea a trav\u00e9s de las redes sociales de \u201c The ark and the Dove\u201d sitio que funcionar\u00e1 como sede del evento. Compartimos el link de Facebook para quienes est\u00e9n interesados en asistir a las actividades los d\u00edas 12 y 13 de febrero de 7pm a 10 pm y de 10 am a 9 pm respectivamente. <a href=\"https:\/\/www.facebook.com\/thearkandthedoveworldwide\/\">https:\/\/www.facebook.com\/thearkandthedoveworldwide\/<\/a>.<\/p>\n<p>&nbsp;<\/p>\n","protected":false},"excerpt":{"rendered":"<p>La renovaci\u00f3n Carism\u00e1tica cat\u00f3lica es un movimiento dentro del catolicismo que se caracteriza por la exposici\u00f3n de carismas hacia el esp\u00edritu santo, cuenta con aproximadamente 120.000.000 de seguidores en el mundo de los cuales 2.000.000 est\u00e1n en Colombia. El pr\u00f3ximo viernes 12 de febrero este movimiento cumplir\u00e1 54 a\u00f1os desde su creaci\u00f3n. \u00a0Por eso el [&hellip;]<\/p>\n","protected":false},"author":1,"featured_media":50514,"comment_status":"open","ping_status":"open","sticky":false,"template":"","format":"standard","meta":{"footnotes":""},"categories":[2],"tags":[],"class_list":["post-50513","post","type-post","status-publish","format-standard","has-post-thumbnail","hentry","category-pagina10"],"yoast_head":"<!-- This site is optimized with the Yoast SEO plugin v27.1.1 - https:\/\/yoast.com\/product\/yoast-seo-wordpress\/ -->\n<title>54 a\u00f1os de la Renovaci\u00f3n Carism\u00e1tica Cat\u00f3lica en el mundo! | P\u00e1gina10<\/title>\n<meta name=\"robots\" content=\"index, follow, max-snippet:-1, max-image-preview:large, max-video-preview:-1\" \/>\n<link rel=\"canonical\" href=\"https:\/\/pagina10.com\/web\/54-anos-de-la-renovacion-carismatica-catolica-en-el-mundo\/\" \/>\n<meta property=\"og:locale\" content=\"es_ES\" \/>\n<meta property=\"og:type\" content=\"article\" \/>\n<meta property=\"og:title\" content=\"54 a\u00f1os de la Renovaci\u00f3n Carism\u00e1tica Cat\u00f3lica en el mundo! | P\u00e1gina10\" \/>\n<meta property=\"og:description\" content=\"La renovaci\u00f3n Carism\u00e1tica cat\u00f3lica es un movimiento dentro del catolicismo que se caracteriza por la exposici\u00f3n de carismas hacia el esp\u00edritu santo, cuenta con aproximadamente 120.000.000 de seguidores en el mundo de los cuales 2.000.000 est\u00e1n en Colombia. El pr\u00f3ximo viernes 12 de febrero este movimiento cumplir\u00e1 54 a\u00f1os desde su creaci\u00f3n. Por eso el [&hellip;]\" \/>\n<meta property=\"og:url\" content=\"https:\/\/pagina10.com\/web\/54-anos-de-la-renovacion-carismatica-catolica-en-el-mundo\/\" \/>\n<meta property=\"og:site_name\" content=\"P\u00e1gina10\" \/>\n<meta property=\"article:publisher\" content=\"https:\/\/www.facebook.com\/pag10com\" \/>\n<meta property=\"article:published_time\" content=\"2021-02-10T18:39:25+00:00\" \/>\n<meta property=\"og:image\" content=\"https:\/\/pagina10.com\/web\/wp-content\/uploads\/2021\/02\/descarga-2-2.jpg\" \/>\n\t<meta property=\"og:image:width\" content=\"240\" \/>\n\t<meta property=\"og:image:height\" content=\"210\" \/>\n\t<meta property=\"og:image:type\" content=\"image\/jpeg\" \/>\n<meta name=\"author\" content=\"P\u00e1gina 10\" \/>\n<meta name=\"twitter:card\" content=\"summary_large_image\" \/>\n<meta name=\"twitter:creator\" content=\"@Pag10com\" \/>\n<meta name=\"twitter:site\" content=\"@Pag10com\" \/>\n<meta name=\"twitter:label1\" content=\"Escrito por\" \/>\n\t<meta name=\"twitter:data1\" content=\"P\u00e1gina 10\" \/>\n\t<meta name=\"twitter:label2\" content=\"Tiempo de lectura\" \/>\n\t<meta name=\"twitter:data2\" content=\"1 minuto\" \/>\n<script type=\"application\/ld+json\" class=\"yoast-schema-graph\">{\"@context\":\"https:\/\/schema.org\",\"@graph\":[{\"@type\":\"Article\",\"@id\":\"https:\/\/pagina10.com\/web\/54-anos-de-la-renovacion-carismatica-catolica-en-el-mundo\/#article\",\"isPartOf\":{\"@id\":\"https:\/\/pagina10.com\/web\/54-anos-de-la-renovacion-carismatica-catolica-en-el-mundo\/\"},\"author\":{\"name\":\"P\u00e1gina 10\",\"@id\":\"https:\/\/pagina10.com\/web\/#\/schema\/person\/2efc4a090d25b667d3bc796798a3a81b\"},\"headline\":\"54 a\u00f1os de la Renovaci\u00f3n Carism\u00e1tica Cat\u00f3lica en el mundo!\",\"datePublished\":\"2021-02-10T18:39:25+00:00\",\"mainEntityOfPage\":{\"@id\":\"https:\/\/pagina10.com\/web\/54-anos-de-la-renovacion-carismatica-catolica-en-el-mundo\/\"},\"wordCount\":209,\"commentCount\":0,\"publisher\":{\"@id\":\"https:\/\/pagina10.com\/web\/#organization\"},\"image\":{\"@id\":\"https:\/\/pagina10.com\/web\/54-anos-de-la-renovacion-carismatica-catolica-en-el-mundo\/#primaryimage\"},\"thumbnailUrl\":\"https:\/\/pagina10.com\/web\/wp-content\/uploads\/2021\/02\/descarga-2-2.jpg\",\"articleSection\":[\"P\u00e1gina10\"],\"inLanguage\":\"es\",\"potentialAction\":[{\"@type\":\"CommentAction\",\"name\":\"Comment\",\"target\":[\"https:\/\/pagina10.com\/web\/54-anos-de-la-renovacion-carismatica-catolica-en-el-mundo\/#respond\"]}]},{\"@type\":\"WebPage\",\"@id\":\"https:\/\/pagina10.com\/web\/54-anos-de-la-renovacion-carismatica-catolica-en-el-mundo\/\",\"url\":\"https:\/\/pagina10.com\/web\/54-anos-de-la-renovacion-carismatica-catolica-en-el-mundo\/\",\"name\":\"54 a\u00f1os de la Renovaci\u00f3n Carism\u00e1tica Cat\u00f3lica en el mundo! | P\u00e1gina10\",\"isPartOf\":{\"@id\":\"https:\/\/pagina10.com\/web\/#website\"},\"primaryImageOfPage\":{\"@id\":\"https:\/\/pagina10.com\/web\/54-anos-de-la-renovacion-carismatica-catolica-en-el-mundo\/#primaryimage\"},\"image\":{\"@id\":\"https:\/\/pagina10.com\/web\/54-anos-de-la-renovacion-carismatica-catolica-en-el-mundo\/#primaryimage\"},\"thumbnailUrl\":\"https:\/\/pagina10.com\/web\/wp-content\/uploads\/2021\/02\/descarga-2-2.jpg\",\"datePublished\":\"2021-02-10T18:39:25+00:00\",\"breadcrumb\":{\"@id\":\"https:\/\/pagina10.com\/web\/54-anos-de-la-renovacion-carismatica-catolica-en-el-mundo\/#breadcrumb\"},\"inLanguage\":\"es\",\"potentialAction\":[{\"@type\":\"ReadAction\",\"target\":[\"https:\/\/pagina10.com\/web\/54-anos-de-la-renovacion-carismatica-catolica-en-el-mundo\/\"]}]},{\"@type\":\"ImageObject\",\"inLanguage\":\"es\",\"@id\":\"https:\/\/pagina10.com\/web\/54-anos-de-la-renovacion-carismatica-catolica-en-el-mundo\/#primaryimage\",\"url\":\"https:\/\/pagina10.com\/web\/wp-content\/uploads\/2021\/02\/descarga-2-2.jpg\",\"contentUrl\":\"https:\/\/pagina10.com\/web\/wp-content\/uploads\/2021\/02\/descarga-2-2.jpg\",\"width\":240,\"height\":210},{\"@type\":\"BreadcrumbList\",\"@id\":\"https:\/\/pagina10.com\/web\/54-anos-de-la-renovacion-carismatica-catolica-en-el-mundo\/#breadcrumb\",\"itemListElement\":[{\"@type\":\"ListItem\",\"position\":1,\"name\":\"Portada\",\"item\":\"https:\/\/pagina10.com\/web\/\"},{\"@type\":\"ListItem\",\"position\":2,\"name\":\"54 a\u00f1os de la Renovaci\u00f3n Carism\u00e1tica Cat\u00f3lica en el mundo!\"}]},{\"@type\":\"WebSite\",\"@id\":\"https:\/\/pagina10.com\/web\/#website\",\"url\":\"https:\/\/pagina10.com\/web\/\",\"name\":\"P\u00e1gina10\",\"description\":\"Peri\u00f3dico Regional\",\"publisher\":{\"@id\":\"https:\/\/pagina10.com\/web\/#organization\"},\"alternateName\":\"P\u00e1gina10 Peri\u00f3dico Regional\",\"potentialAction\":[{\"@type\":\"SearchAction\",\"target\":{\"@type\":\"EntryPoint\",\"urlTemplate\":\"https:\/\/pagina10.com\/web\/?s={search_term_string}\"},\"query-input\":{\"@type\":\"PropertyValueSpecification\",\"valueRequired\":true,\"valueName\":\"search_term_string\"}}],\"inLanguage\":\"es\"},{\"@type\":\"Organization\",\"@id\":\"https:\/\/pagina10.com\/web\/#organization\",\"name\":\"P\u00e1gina10\",\"alternateName\":\"P\u00e1gina10 Peri\u00f3dico Regional\",\"url\":\"https:\/\/pagina10.com\/web\/\",\"logo\":{\"@type\":\"ImageObject\",\"inLanguage\":\"es\",\"@id\":\"https:\/\/pagina10.com\/web\/#\/schema\/logo\/image\/\",\"url\":\"https:\/\/pagina10.com\/web\/wp-content\/uploads\/2024\/01\/40-pagina-10-periodico-regional-pasto.jpg\",\"contentUrl\":\"https:\/\/pagina10.com\/web\/wp-content\/uploads\/2024\/01\/40-pagina-10-periodico-regional-pasto.jpg\",\"width\":1280,\"height\":720,\"caption\":\"P\u00e1gina10\"},\"image\":{\"@id\":\"https:\/\/pagina10.com\/web\/#\/schema\/logo\/image\/\"},\"sameAs\":[\"https:\/\/www.facebook.com\/pag10com\",\"https:\/\/x.com\/Pag10com\",\"https:\/\/www.instagram.com\/pagina10col\/\",\"https:\/\/youtube.com\/channel\/pag10\",\"https:\/\/www.tiktok.com\/@p10col\"]},{\"@type\":\"Person\",\"@id\":\"https:\/\/pagina10.com\/web\/#\/schema\/person\/2efc4a090d25b667d3bc796798a3a81b\",\"name\":\"P\u00e1gina 10\",\"description\":\"P\u00e1gina 10 es un peri\u00f3dico regional que nace en Colombia, en el departamento de Nari\u00f1o, con un enfoque global, fundamentado en cuatro pilares esenciales: la libertad, el pluralismo, la inclusi\u00f3n y la independencia. P\u00e1gina 10 hace referencia a Nari\u00f1o como el d\u00e9cimo departamento creado en Colombia, despu\u00e9s de un proceso pol\u00edtico liderado por actores y actrices regionales con el fin de obtener la independencia y autonom\u00eda de nuestros territorios. Con la creaci\u00f3n de P\u00e1gina 10 se pretende abrir un escenario para el dialogo, la reflexi\u00f3n y el debate que se extienda a otras geograf\u00edas de Am\u00e9rica Latina y del planeta, en una apuesta por transformar colectivamente los desaf\u00edos de un mundo contempor\u00e1neo, m\u00e1s all\u00e1 de las fronteras impuestas.\",\"url\":\"https:\/\/pagina10.com\/web\/author\/pdiezadmin\/\"}]}<\/script>\n<!-- \/ Yoast SEO plugin. -->","yoast_head_json":{"title":"54 a\u00f1os de la Renovaci\u00f3n Carism\u00e1tica Cat\u00f3lica en el mundo! | P\u00e1gina10","robots":{"index":"index","follow":"follow","max-snippet":"max-snippet:-1","max-image-preview":"max-image-preview:large","max-video-preview":"max-video-preview:-1"},"canonical":"https:\/\/pagina10.com\/web\/54-anos-de-la-renovacion-carismatica-catolica-en-el-mundo\/","og_locale":"es_ES","og_type":"article","og_title":"54 a\u00f1os de la Renovaci\u00f3n Carism\u00e1tica Cat\u00f3lica en el mundo! | P\u00e1gina10","og_description":"La renovaci\u00f3n Carism\u00e1tica cat\u00f3lica es un movimiento dentro del catolicismo que se caracteriza por la exposici\u00f3n de carismas hacia el esp\u00edritu santo, cuenta con aproximadamente 120.000.000 de seguidores en el mundo de los cuales 2.000.000 est\u00e1n en Colombia. El pr\u00f3ximo viernes 12 de febrero este movimiento cumplir\u00e1 54 a\u00f1os desde su creaci\u00f3n. Por eso el [&hellip;]","og_url":"https:\/\/pagina10.com\/web\/54-anos-de-la-renovacion-carismatica-catolica-en-el-mundo\/","og_site_name":"P\u00e1gina10","article_publisher":"https:\/\/www.facebook.com\/pag10com","article_published_time":"2021-02-10T18:39:25+00:00","og_image":[{"width":240,"height":210,"url":"https:\/\/pagina10.com\/web\/wp-content\/uploads\/2021\/02\/descarga-2-2.jpg","type":"image\/jpeg"}],"author":"P\u00e1gina 10","twitter_card":"summary_large_image","twitter_creator":"@Pag10com","twitter_site":"@Pag10com","twitter_misc":{"Escrito por":"P\u00e1gina 10","Tiempo de lectura":"1 minuto"},"schema":{"@context":"https:\/\/schema.org","@graph":[{"@type":"Article","@id":"https:\/\/pagina10.com\/web\/54-anos-de-la-renovacion-carismatica-catolica-en-el-mundo\/#article","isPartOf":{"@id":"https:\/\/pagina10.com\/web\/54-anos-de-la-renovacion-carismatica-catolica-en-el-mundo\/"},"author":{"name":"P\u00e1gina 10","@id":"https:\/\/pagina10.com\/web\/#\/schema\/person\/2efc4a090d25b667d3bc796798a3a81b"},"headline":"54 a\u00f1os de la Renovaci\u00f3n Carism\u00e1tica Cat\u00f3lica en el mundo!","datePublished":"2021-02-10T18:39:25+00:00","mainEntityOfPage":{"@id":"https:\/\/pagina10.com\/web\/54-anos-de-la-renovacion-carismatica-catolica-en-el-mundo\/"},"wordCount":209,"commentCount":0,"publisher":{"@id":"https:\/\/pagina10.com\/web\/#organization"},"image":{"@id":"https:\/\/pagina10.com\/web\/54-anos-de-la-renovacion-carismatica-catolica-en-el-mundo\/#primaryimage"},"thumbnailUrl":"https:\/\/pagina10.com\/web\/wp-content\/uploads\/2021\/02\/descarga-2-2.jpg","articleSection":["P\u00e1gina10"],"inLanguage":"es","potentialAction":[{"@type":"CommentAction","name":"Comment","target":["https:\/\/pagina10.com\/web\/54-anos-de-la-renovacion-carismatica-catolica-en-el-mundo\/#respond"]}]},{"@type":"WebPage","@id":"https:\/\/pagina10.com\/web\/54-anos-de-la-renovacion-carismatica-catolica-en-el-mundo\/","url":"https:\/\/pagina10.com\/web\/54-anos-de-la-renovacion-carismatica-catolica-en-el-mundo\/","name":"54 a\u00f1os de la Renovaci\u00f3n Carism\u00e1tica Cat\u00f3lica en el mundo! | P\u00e1gina10","isPartOf":{"@id":"https:\/\/pagina10.com\/web\/#website"},"primaryImageOfPage":{"@id":"https:\/\/pagina10.com\/web\/54-anos-de-la-renovacion-carismatica-catolica-en-el-mundo\/#primaryimage"},"image":{"@id":"https:\/\/pagina10.com\/web\/54-anos-de-la-renovacion-carismatica-catolica-en-el-mundo\/#primaryimage"},"thumbnailUrl":"https:\/\/pagina10.com\/web\/wp-content\/uploads\/2021\/02\/descarga-2-2.jpg","datePublished":"2021-02-10T18:39:25+00:00","breadcrumb":{"@id":"https:\/\/pagina10.com\/web\/54-anos-de-la-renovacion-carismatica-catolica-en-el-mundo\/#breadcrumb"},"inLanguage":"es","potentialAction":[{"@type":"ReadAction","target":["https:\/\/pagina10.com\/web\/54-anos-de-la-renovacion-carismatica-catolica-en-el-mundo\/"]}]},{"@type":"ImageObject","inLanguage":"es","@id":"https:\/\/pagina10.com\/web\/54-anos-de-la-renovacion-carismatica-catolica-en-el-mundo\/#primaryimage","url":"https:\/\/pagina10.com\/web\/wp-content\/uploads\/2021\/02\/descarga-2-2.jpg","contentUrl":"https:\/\/pagina10.com\/web\/wp-content\/uploads\/2021\/02\/descarga-2-2.jpg","width":240,"height":210},{"@type":"BreadcrumbList","@id":"https:\/\/pagina10.com\/web\/54-anos-de-la-renovacion-carismatica-catolica-en-el-mundo\/#breadcrumb","itemListElement":[{"@type":"ListItem","position":1,"name":"Portada","item":"https:\/\/pagina10.com\/web\/"},{"@type":"ListItem","position":2,"name":"54 a\u00f1os de la Renovaci\u00f3n Carism\u00e1tica Cat\u00f3lica en el mundo!"}]},{"@type":"WebSite","@id":"https:\/\/pagina10.com\/web\/#website","url":"https:\/\/pagina10.com\/web\/","name":"P\u00e1gina10","description":"Peri\u00f3dico Regional","publisher":{"@id":"https:\/\/pagina10.com\/web\/#organization"},"alternateName":"P\u00e1gina10 Peri\u00f3dico Regional","potentialAction":[{"@type":"SearchAction","target":{"@type":"EntryPoint","urlTemplate":"https:\/\/pagina10.com\/web\/?s={search_term_string}"},"query-input":{"@type":"PropertyValueSpecification","valueRequired":true,"valueName":"search_term_string"}}],"inLanguage":"es"},{"@type":"Organization","@id":"https:\/\/pagina10.com\/web\/#organization","name":"P\u00e1gina10","alternateName":"P\u00e1gina10 Peri\u00f3dico Regional","url":"https:\/\/pagina10.com\/web\/","logo":{"@type":"ImageObject","inLanguage":"es","@id":"https:\/\/pagina10.com\/web\/#\/schema\/logo\/image\/","url":"https:\/\/pagina10.com\/web\/wp-content\/uploads\/2024\/01\/40-pagina-10-periodico-regional-pasto.jpg","contentUrl":"https:\/\/pagina10.com\/web\/wp-content\/uploads\/2024\/01\/40-pagina-10-periodico-regional-pasto.jpg","width":1280,"height":720,"caption":"P\u00e1gina10"},"image":{"@id":"https:\/\/pagina10.com\/web\/#\/schema\/logo\/image\/"},"sameAs":["https:\/\/www.facebook.com\/pag10com","https:\/\/x.com\/Pag10com","https:\/\/www.instagram.com\/pagina10col\/","https:\/\/youtube.com\/channel\/pag10","https:\/\/www.tiktok.com\/@p10col"]},{"@type":"Person","@id":"https:\/\/pagina10.com\/web\/#\/schema\/person\/2efc4a090d25b667d3bc796798a3a81b","name":"P\u00e1gina 10","description":"P\u00e1gina 10 es un peri\u00f3dico regional que nace en Colombia, en el departamento de Nari\u00f1o, con un enfoque global, fundamentado en cuatro pilares esenciales: la libertad, el pluralismo, la inclusi\u00f3n y la independencia. P\u00e1gina 10 hace referencia a Nari\u00f1o como el d\u00e9cimo departamento creado en Colombia, despu\u00e9s de un proceso pol\u00edtico liderado por actores y actrices regionales con el fin de obtener la independencia y autonom\u00eda de nuestros territorios. Con la creaci\u00f3n de P\u00e1gina 10 se pretende abrir un escenario para el dialogo, la reflexi\u00f3n y el debate que se extienda a otras geograf\u00edas de Am\u00e9rica Latina y del planeta, en una apuesta por transformar colectivamente los desaf\u00edos de un mundo contempor\u00e1neo, m\u00e1s all\u00e1 de las fronteras impuestas.","url":"https:\/\/pagina10.com\/web\/author\/pdiezadmin\/"}]}},"_links":{"self":[{"href":"https:\/\/pagina10.com\/web\/wp-json\/wp\/v2\/posts\/50513","targetHints":{"allow":["GET"]}}],"collection":[{"href":"https:\/\/pagina10.com\/web\/wp-json\/wp\/v2\/posts"}],"about":[{"href":"https:\/\/pagina10.com\/web\/wp-json\/wp\/v2\/types\/post"}],"author":[{"embeddable":true,"href":"https:\/\/pagina10.com\/web\/wp-json\/wp\/v2\/users\/1"}],"replies":[{"embeddable":true,"href":"https:\/\/pagina10.com\/web\/wp-json\/wp\/v2\/comments?post=50513"}],"version-history":[{"count":1,"href":"https:\/\/pagina10.com\/web\/wp-json\/wp\/v2\/posts\/50513\/revisions"}],"predecessor-version":[{"id":50515,"href":"https:\/\/pagina10.com\/web\/wp-json\/wp\/v2\/posts\/50513\/revisions\/50515"}],"wp:featuredmedia":[{"embeddable":true,"href":"https:\/\/pagina10.com\/web\/wp-json\/wp\/v2\/media\/50514"}],"wp:attachment":[{"href":"https:\/\/pagina10.com\/web\/wp-json\/wp\/v2\/media?parent=50513"}],"wp:term":[{"taxonomy":"category","embeddable":true,"href":"https:\/\/pagina10.com\/web\/wp-json\/wp\/v2\/categories?post=50513"},{"taxonomy":"post_tag","embeddable":true,"href":"https:\/\/pagina10.com\/web\/wp-json\/wp\/v2\/tags?post=50513"}],"curies":[{"name":"wp","href":"https:\/\/api.w.org\/{rel}","templated":true}]}}