{"id":50516,"date":"2021-02-10T13:43:07","date_gmt":"2021-02-10T18:43:07","guid":{"rendered":"https:\/\/pagina10.com\/web\/?p=50516"},"modified":"2021-02-10T13:43:07","modified_gmt":"2021-02-10T18:43:07","slug":"empieza-a-funcionar-terminal-de-transporte-en-pupiales","status":"publish","type":"post","link":"https:\/\/pagina10.com\/web\/empieza-a-funcionar-terminal-de-transporte-en-pupiales\/","title":{"rendered":"Empieza a funcionar terminal de transporte en Pupiales"},"content":{"rendered":"<p><strong>\u00a0<\/strong><\/p>\n<p style=\"text-align: justify;\">Ayer lunes muy temprano en la ma\u00f1ana se inaugur\u00f3 oficialmente el primer terminal de transporte del municipio de Pupiales, cuando sali\u00f3 un primer veh\u00edculo de la empresa Taxandina con destino a la ciudad de Ipiales. Por el momento ser\u00e1n veh\u00edculos de la empresa Taxandina, Expreso las Lajas y Expunar;Quienes presten el servicio a la comunidad<\/p>\n<p style=\"text-align: justify;\">Anteriormente estos veh\u00edculos prestaban sus servicios congreg\u00e1ndose en la plaza Sim\u00f3n Bol\u00edvar \u00a0del municipio; Ahora gracias a importantes gestiones de la Alcald\u00eda Municipal ya cuentan con una instalaci\u00f3n f\u00edsica para hacer su labor. \u00a0Esto tambi\u00e9n genera, seg\u00fan el alcalde del municipio, que el parque sea un entorno algo mas limpio y seguro sobre todo en este tiempo de pandemia que estamos viviendo.<\/p>\n<p style=\"text-align: justify;\">Se esperan que muchas mas empresas puedan lograr la afiliaci\u00f3n correspondiente para prestar sus servicios desde este nuevo terminal del departamento y que tanto trabajadores como ciudadan\u00eda hagan un uso adecuado y pertinente de sus instalaciones. \u00a1Enhorabuena por la gente de Pupiales por este nuevo servicio!<\/p>\n","protected":false},"excerpt":{"rendered":"<p>\u00a0 Ayer lunes muy temprano en la ma\u00f1ana se inaugur\u00f3 oficialmente el primer terminal de transporte del municipio de Pupiales, cuando sali\u00f3 un primer veh\u00edculo de la empresa Taxandina con destino a la ciudad de Ipiales. Por el momento ser\u00e1n veh\u00edculos de la empresa Taxandina, Expreso las Lajas y Expunar;Quienes presten el servicio a la [&hellip;]<\/p>\n","protected":false},"author":1,"featured_media":50517,"comment_status":"open","ping_status":"open","sticky":false,"template":"","format":"standard","meta":{"footnotes":""},"categories":[2],"tags":[],"class_list":["post-50516","post","type-post","status-publish","format-standard","has-post-thumbnail","hentry","category-pagina10"],"yoast_head":"<!-- This site is optimized with the Yoast SEO plugin v27.1.1 - https:\/\/yoast.com\/product\/yoast-seo-wordpress\/ -->\n<title>Empieza a funcionar terminal de transporte en Pupiales | P\u00e1gina10<\/title>\n<meta name=\"robots\" content=\"index, follow, max-snippet:-1, max-image-preview:large, max-video-preview:-1\" \/>\n<link rel=\"canonical\" href=\"https:\/\/pagina10.com\/web\/empieza-a-funcionar-terminal-de-transporte-en-pupiales\/\" \/>\n<meta property=\"og:locale\" content=\"es_ES\" \/>\n<meta property=\"og:type\" content=\"article\" \/>\n<meta property=\"og:title\" content=\"Empieza a funcionar terminal de transporte en Pupiales | P\u00e1gina10\" \/>\n<meta property=\"og:description\" content=\"Ayer lunes muy temprano en la ma\u00f1ana se inaugur\u00f3 oficialmente el primer terminal de transporte del municipio de Pupiales, cuando sali\u00f3 un primer veh\u00edculo de la empresa Taxandina con destino a la ciudad de Ipiales. Por el momento ser\u00e1n veh\u00edculos de la empresa Taxandina, Expreso las Lajas y Expunar;Quienes presten el servicio a la [&hellip;]\" \/>\n<meta property=\"og:url\" content=\"https:\/\/pagina10.com\/web\/empieza-a-funcionar-terminal-de-transporte-en-pupiales\/\" \/>\n<meta property=\"og:site_name\" content=\"P\u00e1gina10\" \/>\n<meta property=\"article:publisher\" content=\"https:\/\/www.facebook.com\/pag10com\" \/>\n<meta property=\"article:published_time\" content=\"2021-02-10T18:43:07+00:00\" \/>\n<meta property=\"og:image\" content=\"https:\/\/pagina10.com\/web\/wp-content\/uploads\/2021\/02\/descarga-1-2.jpg\" \/>\n\t<meta property=\"og:image:width\" content=\"301\" \/>\n\t<meta property=\"og:image:height\" content=\"167\" \/>\n\t<meta property=\"og:image:type\" content=\"image\/jpeg\" \/>\n<meta name=\"author\" content=\"P\u00e1gina 10\" \/>\n<meta name=\"twitter:card\" content=\"summary_large_image\" \/>\n<meta name=\"twitter:creator\" content=\"@Pag10com\" \/>\n<meta name=\"twitter:site\" content=\"@Pag10com\" \/>\n<meta name=\"twitter:label1\" content=\"Escrito por\" \/>\n\t<meta name=\"twitter:data1\" content=\"P\u00e1gina 10\" \/>\n\t<meta name=\"twitter:label2\" content=\"Tiempo de lectura\" \/>\n\t<meta name=\"twitter:data2\" content=\"1 minuto\" \/>\n<script type=\"application\/ld+json\" class=\"yoast-schema-graph\">{\"@context\":\"https:\/\/schema.org\",\"@graph\":[{\"@type\":\"Article\",\"@id\":\"https:\/\/pagina10.com\/web\/empieza-a-funcionar-terminal-de-transporte-en-pupiales\/#article\",\"isPartOf\":{\"@id\":\"https:\/\/pagina10.com\/web\/empieza-a-funcionar-terminal-de-transporte-en-pupiales\/\"},\"author\":{\"name\":\"P\u00e1gina 10\",\"@id\":\"https:\/\/pagina10.com\/web\/#\/schema\/person\/2efc4a090d25b667d3bc796798a3a81b\"},\"headline\":\"Empieza a funcionar terminal de transporte en Pupiales\",\"datePublished\":\"2021-02-10T18:43:07+00:00\",\"mainEntityOfPage\":{\"@id\":\"https:\/\/pagina10.com\/web\/empieza-a-funcionar-terminal-de-transporte-en-pupiales\/\"},\"wordCount\":187,\"commentCount\":0,\"publisher\":{\"@id\":\"https:\/\/pagina10.com\/web\/#organization\"},\"image\":{\"@id\":\"https:\/\/pagina10.com\/web\/empieza-a-funcionar-terminal-de-transporte-en-pupiales\/#primaryimage\"},\"thumbnailUrl\":\"https:\/\/pagina10.com\/web\/wp-content\/uploads\/2021\/02\/descarga-1-2.jpg\",\"articleSection\":[\"P\u00e1gina10\"],\"inLanguage\":\"es\",\"potentialAction\":[{\"@type\":\"CommentAction\",\"name\":\"Comment\",\"target\":[\"https:\/\/pagina10.com\/web\/empieza-a-funcionar-terminal-de-transporte-en-pupiales\/#respond\"]}]},{\"@type\":\"WebPage\",\"@id\":\"https:\/\/pagina10.com\/web\/empieza-a-funcionar-terminal-de-transporte-en-pupiales\/\",\"url\":\"https:\/\/pagina10.com\/web\/empieza-a-funcionar-terminal-de-transporte-en-pupiales\/\",\"name\":\"Empieza a funcionar terminal de transporte en Pupiales | P\u00e1gina10\",\"isPartOf\":{\"@id\":\"https:\/\/pagina10.com\/web\/#website\"},\"primaryImageOfPage\":{\"@id\":\"https:\/\/pagina10.com\/web\/empieza-a-funcionar-terminal-de-transporte-en-pupiales\/#primaryimage\"},\"image\":{\"@id\":\"https:\/\/pagina10.com\/web\/empieza-a-funcionar-terminal-de-transporte-en-pupiales\/#primaryimage\"},\"thumbnailUrl\":\"https:\/\/pagina10.com\/web\/wp-content\/uploads\/2021\/02\/descarga-1-2.jpg\",\"datePublished\":\"2021-02-10T18:43:07+00:00\",\"breadcrumb\":{\"@id\":\"https:\/\/pagina10.com\/web\/empieza-a-funcionar-terminal-de-transporte-en-pupiales\/#breadcrumb\"},\"inLanguage\":\"es\",\"potentialAction\":[{\"@type\":\"ReadAction\",\"target\":[\"https:\/\/pagina10.com\/web\/empieza-a-funcionar-terminal-de-transporte-en-pupiales\/\"]}]},{\"@type\":\"ImageObject\",\"inLanguage\":\"es\",\"@id\":\"https:\/\/pagina10.com\/web\/empieza-a-funcionar-terminal-de-transporte-en-pupiales\/#primaryimage\",\"url\":\"https:\/\/pagina10.com\/web\/wp-content\/uploads\/2021\/02\/descarga-1-2.jpg\",\"contentUrl\":\"https:\/\/pagina10.com\/web\/wp-content\/uploads\/2021\/02\/descarga-1-2.jpg\",\"width\":301,\"height\":167},{\"@type\":\"BreadcrumbList\",\"@id\":\"https:\/\/pagina10.com\/web\/empieza-a-funcionar-terminal-de-transporte-en-pupiales\/#breadcrumb\",\"itemListElement\":[{\"@type\":\"ListItem\",\"position\":1,\"name\":\"Portada\",\"item\":\"https:\/\/pagina10.com\/web\/\"},{\"@type\":\"ListItem\",\"position\":2,\"name\":\"Empieza a funcionar terminal de transporte en Pupiales\"}]},{\"@type\":\"WebSite\",\"@id\":\"https:\/\/pagina10.com\/web\/#website\",\"url\":\"https:\/\/pagina10.com\/web\/\",\"name\":\"P\u00e1gina10\",\"description\":\"Peri\u00f3dico Regional\",\"publisher\":{\"@id\":\"https:\/\/pagina10.com\/web\/#organization\"},\"alternateName\":\"P\u00e1gina10 Peri\u00f3dico Regional\",\"potentialAction\":[{\"@type\":\"SearchAction\",\"target\":{\"@type\":\"EntryPoint\",\"urlTemplate\":\"https:\/\/pagina10.com\/web\/?s={search_term_string}\"},\"query-input\":{\"@type\":\"PropertyValueSpecification\",\"valueRequired\":true,\"valueName\":\"search_term_string\"}}],\"inLanguage\":\"es\"},{\"@type\":\"Organization\",\"@id\":\"https:\/\/pagina10.com\/web\/#organization\",\"name\":\"P\u00e1gina10\",\"alternateName\":\"P\u00e1gina10 Peri\u00f3dico Regional\",\"url\":\"https:\/\/pagina10.com\/web\/\",\"logo\":{\"@type\":\"ImageObject\",\"inLanguage\":\"es\",\"@id\":\"https:\/\/pagina10.com\/web\/#\/schema\/logo\/image\/\",\"url\":\"https:\/\/pagina10.com\/web\/wp-content\/uploads\/2024\/01\/40-pagina-10-periodico-regional-pasto.jpg\",\"contentUrl\":\"https:\/\/pagina10.com\/web\/wp-content\/uploads\/2024\/01\/40-pagina-10-periodico-regional-pasto.jpg\",\"width\":1280,\"height\":720,\"caption\":\"P\u00e1gina10\"},\"image\":{\"@id\":\"https:\/\/pagina10.com\/web\/#\/schema\/logo\/image\/\"},\"sameAs\":[\"https:\/\/www.facebook.com\/pag10com\",\"https:\/\/x.com\/Pag10com\",\"https:\/\/www.instagram.com\/pagina10col\/\",\"https:\/\/youtube.com\/channel\/pag10\",\"https:\/\/www.tiktok.com\/@p10col\"]},{\"@type\":\"Person\",\"@id\":\"https:\/\/pagina10.com\/web\/#\/schema\/person\/2efc4a090d25b667d3bc796798a3a81b\",\"name\":\"P\u00e1gina 10\",\"description\":\"P\u00e1gina 10 es un peri\u00f3dico regional que nace en Colombia, en el departamento de Nari\u00f1o, con un enfoque global, fundamentado en cuatro pilares esenciales: la libertad, el pluralismo, la inclusi\u00f3n y la independencia. P\u00e1gina 10 hace referencia a Nari\u00f1o como el d\u00e9cimo departamento creado en Colombia, despu\u00e9s de un proceso pol\u00edtico liderado por actores y actrices regionales con el fin de obtener la independencia y autonom\u00eda de nuestros territorios. Con la creaci\u00f3n de P\u00e1gina 10 se pretende abrir un escenario para el dialogo, la reflexi\u00f3n y el debate que se extienda a otras geograf\u00edas de Am\u00e9rica Latina y del planeta, en una apuesta por transformar colectivamente los desaf\u00edos de un mundo contempor\u00e1neo, m\u00e1s all\u00e1 de las fronteras impuestas.\",\"url\":\"https:\/\/pagina10.com\/web\/author\/pdiezadmin\/\"}]}<\/script>\n<!-- \/ Yoast SEO plugin. -->","yoast_head_json":{"title":"Empieza a funcionar terminal de transporte en Pupiales | P\u00e1gina10","robots":{"index":"index","follow":"follow","max-snippet":"max-snippet:-1","max-image-preview":"max-image-preview:large","max-video-preview":"max-video-preview:-1"},"canonical":"https:\/\/pagina10.com\/web\/empieza-a-funcionar-terminal-de-transporte-en-pupiales\/","og_locale":"es_ES","og_type":"article","og_title":"Empieza a funcionar terminal de transporte en Pupiales | P\u00e1gina10","og_description":"Ayer lunes muy temprano en la ma\u00f1ana se inaugur\u00f3 oficialmente el primer terminal de transporte del municipio de Pupiales, cuando sali\u00f3 un primer veh\u00edculo de la empresa Taxandina con destino a la ciudad de Ipiales. Por el momento ser\u00e1n veh\u00edculos de la empresa Taxandina, Expreso las Lajas y Expunar;Quienes presten el servicio a la [&hellip;]","og_url":"https:\/\/pagina10.com\/web\/empieza-a-funcionar-terminal-de-transporte-en-pupiales\/","og_site_name":"P\u00e1gina10","article_publisher":"https:\/\/www.facebook.com\/pag10com","article_published_time":"2021-02-10T18:43:07+00:00","og_image":[{"width":301,"height":167,"url":"https:\/\/pagina10.com\/web\/wp-content\/uploads\/2021\/02\/descarga-1-2.jpg","type":"image\/jpeg"}],"author":"P\u00e1gina 10","twitter_card":"summary_large_image","twitter_creator":"@Pag10com","twitter_site":"@Pag10com","twitter_misc":{"Escrito por":"P\u00e1gina 10","Tiempo de lectura":"1 minuto"},"schema":{"@context":"https:\/\/schema.org","@graph":[{"@type":"Article","@id":"https:\/\/pagina10.com\/web\/empieza-a-funcionar-terminal-de-transporte-en-pupiales\/#article","isPartOf":{"@id":"https:\/\/pagina10.com\/web\/empieza-a-funcionar-terminal-de-transporte-en-pupiales\/"},"author":{"name":"P\u00e1gina 10","@id":"https:\/\/pagina10.com\/web\/#\/schema\/person\/2efc4a090d25b667d3bc796798a3a81b"},"headline":"Empieza a funcionar terminal de transporte en Pupiales","datePublished":"2021-02-10T18:43:07+00:00","mainEntityOfPage":{"@id":"https:\/\/pagina10.com\/web\/empieza-a-funcionar-terminal-de-transporte-en-pupiales\/"},"wordCount":187,"commentCount":0,"publisher":{"@id":"https:\/\/pagina10.com\/web\/#organization"},"image":{"@id":"https:\/\/pagina10.com\/web\/empieza-a-funcionar-terminal-de-transporte-en-pupiales\/#primaryimage"},"thumbnailUrl":"https:\/\/pagina10.com\/web\/wp-content\/uploads\/2021\/02\/descarga-1-2.jpg","articleSection":["P\u00e1gina10"],"inLanguage":"es","potentialAction":[{"@type":"CommentAction","name":"Comment","target":["https:\/\/pagina10.com\/web\/empieza-a-funcionar-terminal-de-transporte-en-pupiales\/#respond"]}]},{"@type":"WebPage","@id":"https:\/\/pagina10.com\/web\/empieza-a-funcionar-terminal-de-transporte-en-pupiales\/","url":"https:\/\/pagina10.com\/web\/empieza-a-funcionar-terminal-de-transporte-en-pupiales\/","name":"Empieza a funcionar terminal de transporte en Pupiales | P\u00e1gina10","isPartOf":{"@id":"https:\/\/pagina10.com\/web\/#website"},"primaryImageOfPage":{"@id":"https:\/\/pagina10.com\/web\/empieza-a-funcionar-terminal-de-transporte-en-pupiales\/#primaryimage"},"image":{"@id":"https:\/\/pagina10.com\/web\/empieza-a-funcionar-terminal-de-transporte-en-pupiales\/#primaryimage"},"thumbnailUrl":"https:\/\/pagina10.com\/web\/wp-content\/uploads\/2021\/02\/descarga-1-2.jpg","datePublished":"2021-02-10T18:43:07+00:00","breadcrumb":{"@id":"https:\/\/pagina10.com\/web\/empieza-a-funcionar-terminal-de-transporte-en-pupiales\/#breadcrumb"},"inLanguage":"es","potentialAction":[{"@type":"ReadAction","target":["https:\/\/pagina10.com\/web\/empieza-a-funcionar-terminal-de-transporte-en-pupiales\/"]}]},{"@type":"ImageObject","inLanguage":"es","@id":"https:\/\/pagina10.com\/web\/empieza-a-funcionar-terminal-de-transporte-en-pupiales\/#primaryimage","url":"https:\/\/pagina10.com\/web\/wp-content\/uploads\/2021\/02\/descarga-1-2.jpg","contentUrl":"https:\/\/pagina10.com\/web\/wp-content\/uploads\/2021\/02\/descarga-1-2.jpg","width":301,"height":167},{"@type":"BreadcrumbList","@id":"https:\/\/pagina10.com\/web\/empieza-a-funcionar-terminal-de-transporte-en-pupiales\/#breadcrumb","itemListElement":[{"@type":"ListItem","position":1,"name":"Portada","item":"https:\/\/pagina10.com\/web\/"},{"@type":"ListItem","position":2,"name":"Empieza a funcionar terminal de transporte en Pupiales"}]},{"@type":"WebSite","@id":"https:\/\/pagina10.com\/web\/#website","url":"https:\/\/pagina10.com\/web\/","name":"P\u00e1gina10","description":"Peri\u00f3dico Regional","publisher":{"@id":"https:\/\/pagina10.com\/web\/#organization"},"alternateName":"P\u00e1gina10 Peri\u00f3dico Regional","potentialAction":[{"@type":"SearchAction","target":{"@type":"EntryPoint","urlTemplate":"https:\/\/pagina10.com\/web\/?s={search_term_string}"},"query-input":{"@type":"PropertyValueSpecification","valueRequired":true,"valueName":"search_term_string"}}],"inLanguage":"es"},{"@type":"Organization","@id":"https:\/\/pagina10.com\/web\/#organization","name":"P\u00e1gina10","alternateName":"P\u00e1gina10 Peri\u00f3dico Regional","url":"https:\/\/pagina10.com\/web\/","logo":{"@type":"ImageObject","inLanguage":"es","@id":"https:\/\/pagina10.com\/web\/#\/schema\/logo\/image\/","url":"https:\/\/pagina10.com\/web\/wp-content\/uploads\/2024\/01\/40-pagina-10-periodico-regional-pasto.jpg","contentUrl":"https:\/\/pagina10.com\/web\/wp-content\/uploads\/2024\/01\/40-pagina-10-periodico-regional-pasto.jpg","width":1280,"height":720,"caption":"P\u00e1gina10"},"image":{"@id":"https:\/\/pagina10.com\/web\/#\/schema\/logo\/image\/"},"sameAs":["https:\/\/www.facebook.com\/pag10com","https:\/\/x.com\/Pag10com","https:\/\/www.instagram.com\/pagina10col\/","https:\/\/youtube.com\/channel\/pag10","https:\/\/www.tiktok.com\/@p10col"]},{"@type":"Person","@id":"https:\/\/pagina10.com\/web\/#\/schema\/person\/2efc4a090d25b667d3bc796798a3a81b","name":"P\u00e1gina 10","description":"P\u00e1gina 10 es un peri\u00f3dico regional que nace en Colombia, en el departamento de Nari\u00f1o, con un enfoque global, fundamentado en cuatro pilares esenciales: la libertad, el pluralismo, la inclusi\u00f3n y la independencia. P\u00e1gina 10 hace referencia a Nari\u00f1o como el d\u00e9cimo departamento creado en Colombia, despu\u00e9s de un proceso pol\u00edtico liderado por actores y actrices regionales con el fin de obtener la independencia y autonom\u00eda de nuestros territorios. Con la creaci\u00f3n de P\u00e1gina 10 se pretende abrir un escenario para el dialogo, la reflexi\u00f3n y el debate que se extienda a otras geograf\u00edas de Am\u00e9rica Latina y del planeta, en una apuesta por transformar colectivamente los desaf\u00edos de un mundo contempor\u00e1neo, m\u00e1s all\u00e1 de las fronteras impuestas.","url":"https:\/\/pagina10.com\/web\/author\/pdiezadmin\/"}]}},"_links":{"self":[{"href":"https:\/\/pagina10.com\/web\/wp-json\/wp\/v2\/posts\/50516","targetHints":{"allow":["GET"]}}],"collection":[{"href":"https:\/\/pagina10.com\/web\/wp-json\/wp\/v2\/posts"}],"about":[{"href":"https:\/\/pagina10.com\/web\/wp-json\/wp\/v2\/types\/post"}],"author":[{"embeddable":true,"href":"https:\/\/pagina10.com\/web\/wp-json\/wp\/v2\/users\/1"}],"replies":[{"embeddable":true,"href":"https:\/\/pagina10.com\/web\/wp-json\/wp\/v2\/comments?post=50516"}],"version-history":[{"count":1,"href":"https:\/\/pagina10.com\/web\/wp-json\/wp\/v2\/posts\/50516\/revisions"}],"predecessor-version":[{"id":50518,"href":"https:\/\/pagina10.com\/web\/wp-json\/wp\/v2\/posts\/50516\/revisions\/50518"}],"wp:featuredmedia":[{"embeddable":true,"href":"https:\/\/pagina10.com\/web\/wp-json\/wp\/v2\/media\/50517"}],"wp:attachment":[{"href":"https:\/\/pagina10.com\/web\/wp-json\/wp\/v2\/media?parent=50516"}],"wp:term":[{"taxonomy":"category","embeddable":true,"href":"https:\/\/pagina10.com\/web\/wp-json\/wp\/v2\/categories?post=50516"},{"taxonomy":"post_tag","embeddable":true,"href":"https:\/\/pagina10.com\/web\/wp-json\/wp\/v2\/tags?post=50516"}],"curies":[{"name":"wp","href":"https:\/\/api.w.org\/{rel}","templated":true}]}}