{"id":50528,"date":"2021-02-10T13:54:40","date_gmt":"2021-02-10T18:54:40","guid":{"rendered":"https:\/\/pagina10.com\/web\/?p=50528"},"modified":"2021-02-10T13:54:40","modified_gmt":"2021-02-10T18:54:40","slug":"deportivo-pasto-consigue-un-punto-en-el-alberto-grisales-de-rionegro","status":"publish","type":"post","link":"https:\/\/pagina10.com\/web\/deportivo-pasto-consigue-un-punto-en-el-alberto-grisales-de-rionegro\/","title":{"rendered":"Deportivo Pasto consigue un punto en el Alberto Grisales de Rionegro"},"content":{"rendered":"<p style=\"text-align: justify;\">En un accidentado encuentro entre \u00c1guilas Doradas y Deportivo Pasto, ambos equipos repartieron honores obteniendo un empate que a Deportivo Pasto lo deja en una situaci\u00f3n comprometedora en la tabla de posiciones al ubicarlo en la d\u00e9cima posici\u00f3n con 6 puntos en 4 partidos que ha disputado el equipo.<\/p>\n<p style=\"text-align: justify;\">Decimos que el encuentro estuvo muy accidentado por que se present\u00f3 una falla en el fluido el\u00e9ctrico del estadio cuando reci\u00e9n comenzaba el segundo tiempo, esta falla oblig\u00f3 a la suspensi\u00f3n del encuentro por un periodo de 40 minutos mientras tambi\u00e9n ca\u00eda una intensa lluvia en todo Rionegro. El apag\u00f3n ocurri\u00f3 al minuto 2 del segundo tiempo y oblig\u00f3 a los jugadores a buscar distintas maneras de hacer calentamiento f\u00edsico mientras se arreglaba el inconveniente.<\/p>\n<p style=\"text-align: justify;\">La acci\u00f3n pol\u00e9mica del encuentro se present\u00f3 a los 5 minutos despu\u00e9s de la reanudaci\u00f3n del mismo, cuando uno de los \u00e1rbitros l\u00edneas anul\u00f3 un gol en un aparente fuera de lugar de un jugador de \u00c1guilas de Rionegro, pero posteriormente el juez central convalido la acci\u00f3n de gol y esto signific\u00f3 el empate 1-1 en el encuentro.<\/p>\n","protected":false},"excerpt":{"rendered":"<p>En un accidentado encuentro entre \u00c1guilas Doradas y Deportivo Pasto, ambos equipos repartieron honores obteniendo un empate que a Deportivo Pasto lo deja en una situaci\u00f3n comprometedora en la tabla de posiciones al ubicarlo en la d\u00e9cima posici\u00f3n con 6 puntos en 4 partidos que ha disputado el equipo. Decimos que el encuentro estuvo muy [&hellip;]<\/p>\n","protected":false},"author":1,"featured_media":50529,"comment_status":"open","ping_status":"open","sticky":false,"template":"","format":"standard","meta":{"footnotes":""},"categories":[86],"tags":[],"class_list":["post-50528","post","type-post","status-publish","format-standard","has-post-thumbnail","hentry","category-deportes-2"],"yoast_head":"<!-- This site is optimized with the Yoast SEO plugin v27.1.1 - https:\/\/yoast.com\/product\/yoast-seo-wordpress\/ -->\n<title>Deportivo Pasto consigue un punto en el Alberto Grisales de Rionegro | P\u00e1gina10<\/title>\n<meta name=\"robots\" content=\"index, follow, max-snippet:-1, max-image-preview:large, max-video-preview:-1\" \/>\n<link rel=\"canonical\" href=\"https:\/\/pagina10.com\/web\/deportivo-pasto-consigue-un-punto-en-el-alberto-grisales-de-rionegro\/\" \/>\n<meta property=\"og:locale\" content=\"es_ES\" \/>\n<meta property=\"og:type\" content=\"article\" \/>\n<meta property=\"og:title\" content=\"Deportivo Pasto consigue un punto en el Alberto Grisales de Rionegro | P\u00e1gina10\" \/>\n<meta property=\"og:description\" content=\"En un accidentado encuentro entre \u00c1guilas Doradas y Deportivo Pasto, ambos equipos repartieron honores obteniendo un empate que a Deportivo Pasto lo deja en una situaci\u00f3n comprometedora en la tabla de posiciones al ubicarlo en la d\u00e9cima posici\u00f3n con 6 puntos en 4 partidos que ha disputado el equipo. Decimos que el encuentro estuvo muy [&hellip;]\" \/>\n<meta property=\"og:url\" content=\"https:\/\/pagina10.com\/web\/deportivo-pasto-consigue-un-punto-en-el-alberto-grisales-de-rionegro\/\" \/>\n<meta property=\"og:site_name\" content=\"P\u00e1gina10\" \/>\n<meta property=\"article:publisher\" content=\"https:\/\/www.facebook.com\/pag10com\" \/>\n<meta property=\"article:published_time\" content=\"2021-02-10T18:54:40+00:00\" \/>\n<meta property=\"og:image\" content=\"https:\/\/pagina10.com\/web\/wp-content\/uploads\/2021\/02\/rivas.jpg\" \/>\n\t<meta property=\"og:image:width\" content=\"318\" \/>\n\t<meta property=\"og:image:height\" content=\"159\" \/>\n\t<meta property=\"og:image:type\" content=\"image\/jpeg\" \/>\n<meta name=\"author\" content=\"P\u00e1gina 10\" \/>\n<meta name=\"twitter:card\" content=\"summary_large_image\" \/>\n<meta name=\"twitter:creator\" content=\"@Pag10com\" \/>\n<meta name=\"twitter:site\" content=\"@Pag10com\" \/>\n<meta name=\"twitter:label1\" content=\"Escrito por\" \/>\n\t<meta name=\"twitter:data1\" content=\"P\u00e1gina 10\" \/>\n\t<meta name=\"twitter:label2\" content=\"Tiempo de lectura\" \/>\n\t<meta name=\"twitter:data2\" content=\"1 minuto\" \/>\n<script type=\"application\/ld+json\" class=\"yoast-schema-graph\">{\"@context\":\"https:\/\/schema.org\",\"@graph\":[{\"@type\":\"Article\",\"@id\":\"https:\/\/pagina10.com\/web\/deportivo-pasto-consigue-un-punto-en-el-alberto-grisales-de-rionegro\/#article\",\"isPartOf\":{\"@id\":\"https:\/\/pagina10.com\/web\/deportivo-pasto-consigue-un-punto-en-el-alberto-grisales-de-rionegro\/\"},\"author\":{\"name\":\"P\u00e1gina 10\",\"@id\":\"https:\/\/pagina10.com\/web\/#\/schema\/person\/2efc4a090d25b667d3bc796798a3a81b\"},\"headline\":\"Deportivo Pasto consigue un punto en el Alberto Grisales de Rionegro\",\"datePublished\":\"2021-02-10T18:54:40+00:00\",\"mainEntityOfPage\":{\"@id\":\"https:\/\/pagina10.com\/web\/deportivo-pasto-consigue-un-punto-en-el-alberto-grisales-de-rionegro\/\"},\"wordCount\":204,\"commentCount\":0,\"publisher\":{\"@id\":\"https:\/\/pagina10.com\/web\/#organization\"},\"image\":{\"@id\":\"https:\/\/pagina10.com\/web\/deportivo-pasto-consigue-un-punto-en-el-alberto-grisales-de-rionegro\/#primaryimage\"},\"thumbnailUrl\":\"https:\/\/pagina10.com\/web\/wp-content\/uploads\/2021\/02\/rivas.jpg\",\"articleSection\":[\"Deportes\"],\"inLanguage\":\"es\",\"potentialAction\":[{\"@type\":\"CommentAction\",\"name\":\"Comment\",\"target\":[\"https:\/\/pagina10.com\/web\/deportivo-pasto-consigue-un-punto-en-el-alberto-grisales-de-rionegro\/#respond\"]}]},{\"@type\":\"WebPage\",\"@id\":\"https:\/\/pagina10.com\/web\/deportivo-pasto-consigue-un-punto-en-el-alberto-grisales-de-rionegro\/\",\"url\":\"https:\/\/pagina10.com\/web\/deportivo-pasto-consigue-un-punto-en-el-alberto-grisales-de-rionegro\/\",\"name\":\"Deportivo Pasto consigue un punto en el Alberto Grisales de Rionegro | P\u00e1gina10\",\"isPartOf\":{\"@id\":\"https:\/\/pagina10.com\/web\/#website\"},\"primaryImageOfPage\":{\"@id\":\"https:\/\/pagina10.com\/web\/deportivo-pasto-consigue-un-punto-en-el-alberto-grisales-de-rionegro\/#primaryimage\"},\"image\":{\"@id\":\"https:\/\/pagina10.com\/web\/deportivo-pasto-consigue-un-punto-en-el-alberto-grisales-de-rionegro\/#primaryimage\"},\"thumbnailUrl\":\"https:\/\/pagina10.com\/web\/wp-content\/uploads\/2021\/02\/rivas.jpg\",\"datePublished\":\"2021-02-10T18:54:40+00:00\",\"breadcrumb\":{\"@id\":\"https:\/\/pagina10.com\/web\/deportivo-pasto-consigue-un-punto-en-el-alberto-grisales-de-rionegro\/#breadcrumb\"},\"inLanguage\":\"es\",\"potentialAction\":[{\"@type\":\"ReadAction\",\"target\":[\"https:\/\/pagina10.com\/web\/deportivo-pasto-consigue-un-punto-en-el-alberto-grisales-de-rionegro\/\"]}]},{\"@type\":\"ImageObject\",\"inLanguage\":\"es\",\"@id\":\"https:\/\/pagina10.com\/web\/deportivo-pasto-consigue-un-punto-en-el-alberto-grisales-de-rionegro\/#primaryimage\",\"url\":\"https:\/\/pagina10.com\/web\/wp-content\/uploads\/2021\/02\/rivas.jpg\",\"contentUrl\":\"https:\/\/pagina10.com\/web\/wp-content\/uploads\/2021\/02\/rivas.jpg\",\"width\":318,\"height\":159},{\"@type\":\"BreadcrumbList\",\"@id\":\"https:\/\/pagina10.com\/web\/deportivo-pasto-consigue-un-punto-en-el-alberto-grisales-de-rionegro\/#breadcrumb\",\"itemListElement\":[{\"@type\":\"ListItem\",\"position\":1,\"name\":\"Portada\",\"item\":\"https:\/\/pagina10.com\/web\/\"},{\"@type\":\"ListItem\",\"position\":2,\"name\":\"Deportivo Pasto consigue un punto en el Alberto Grisales de Rionegro\"}]},{\"@type\":\"WebSite\",\"@id\":\"https:\/\/pagina10.com\/web\/#website\",\"url\":\"https:\/\/pagina10.com\/web\/\",\"name\":\"P\u00e1gina10\",\"description\":\"Peri\u00f3dico Regional\",\"publisher\":{\"@id\":\"https:\/\/pagina10.com\/web\/#organization\"},\"alternateName\":\"P\u00e1gina10 Peri\u00f3dico Regional\",\"potentialAction\":[{\"@type\":\"SearchAction\",\"target\":{\"@type\":\"EntryPoint\",\"urlTemplate\":\"https:\/\/pagina10.com\/web\/?s={search_term_string}\"},\"query-input\":{\"@type\":\"PropertyValueSpecification\",\"valueRequired\":true,\"valueName\":\"search_term_string\"}}],\"inLanguage\":\"es\"},{\"@type\":\"Organization\",\"@id\":\"https:\/\/pagina10.com\/web\/#organization\",\"name\":\"P\u00e1gina10\",\"alternateName\":\"P\u00e1gina10 Peri\u00f3dico Regional\",\"url\":\"https:\/\/pagina10.com\/web\/\",\"logo\":{\"@type\":\"ImageObject\",\"inLanguage\":\"es\",\"@id\":\"https:\/\/pagina10.com\/web\/#\/schema\/logo\/image\/\",\"url\":\"https:\/\/pagina10.com\/web\/wp-content\/uploads\/2024\/01\/40-pagina-10-periodico-regional-pasto.jpg\",\"contentUrl\":\"https:\/\/pagina10.com\/web\/wp-content\/uploads\/2024\/01\/40-pagina-10-periodico-regional-pasto.jpg\",\"width\":1280,\"height\":720,\"caption\":\"P\u00e1gina10\"},\"image\":{\"@id\":\"https:\/\/pagina10.com\/web\/#\/schema\/logo\/image\/\"},\"sameAs\":[\"https:\/\/www.facebook.com\/pag10com\",\"https:\/\/x.com\/Pag10com\",\"https:\/\/www.instagram.com\/pagina10col\/\",\"https:\/\/youtube.com\/channel\/pag10\",\"https:\/\/www.tiktok.com\/@p10col\"]},{\"@type\":\"Person\",\"@id\":\"https:\/\/pagina10.com\/web\/#\/schema\/person\/2efc4a090d25b667d3bc796798a3a81b\",\"name\":\"P\u00e1gina 10\",\"description\":\"P\u00e1gina 10 es un peri\u00f3dico regional que nace en Colombia, en el departamento de Nari\u00f1o, con un enfoque global, fundamentado en cuatro pilares esenciales: la libertad, el pluralismo, la inclusi\u00f3n y la independencia. P\u00e1gina 10 hace referencia a Nari\u00f1o como el d\u00e9cimo departamento creado en Colombia, despu\u00e9s de un proceso pol\u00edtico liderado por actores y actrices regionales con el fin de obtener la independencia y autonom\u00eda de nuestros territorios. Con la creaci\u00f3n de P\u00e1gina 10 se pretende abrir un escenario para el dialogo, la reflexi\u00f3n y el debate que se extienda a otras geograf\u00edas de Am\u00e9rica Latina y del planeta, en una apuesta por transformar colectivamente los desaf\u00edos de un mundo contempor\u00e1neo, m\u00e1s all\u00e1 de las fronteras impuestas.\",\"url\":\"https:\/\/pagina10.com\/web\/author\/pdiezadmin\/\"}]}<\/script>\n<!-- \/ Yoast SEO plugin. -->","yoast_head_json":{"title":"Deportivo Pasto consigue un punto en el Alberto Grisales de Rionegro | P\u00e1gina10","robots":{"index":"index","follow":"follow","max-snippet":"max-snippet:-1","max-image-preview":"max-image-preview:large","max-video-preview":"max-video-preview:-1"},"canonical":"https:\/\/pagina10.com\/web\/deportivo-pasto-consigue-un-punto-en-el-alberto-grisales-de-rionegro\/","og_locale":"es_ES","og_type":"article","og_title":"Deportivo Pasto consigue un punto en el Alberto Grisales de Rionegro | P\u00e1gina10","og_description":"En un accidentado encuentro entre \u00c1guilas Doradas y Deportivo Pasto, ambos equipos repartieron honores obteniendo un empate que a Deportivo Pasto lo deja en una situaci\u00f3n comprometedora en la tabla de posiciones al ubicarlo en la d\u00e9cima posici\u00f3n con 6 puntos en 4 partidos que ha disputado el equipo. Decimos que el encuentro estuvo muy [&hellip;]","og_url":"https:\/\/pagina10.com\/web\/deportivo-pasto-consigue-un-punto-en-el-alberto-grisales-de-rionegro\/","og_site_name":"P\u00e1gina10","article_publisher":"https:\/\/www.facebook.com\/pag10com","article_published_time":"2021-02-10T18:54:40+00:00","og_image":[{"width":318,"height":159,"url":"https:\/\/pagina10.com\/web\/wp-content\/uploads\/2021\/02\/rivas.jpg","type":"image\/jpeg"}],"author":"P\u00e1gina 10","twitter_card":"summary_large_image","twitter_creator":"@Pag10com","twitter_site":"@Pag10com","twitter_misc":{"Escrito por":"P\u00e1gina 10","Tiempo de lectura":"1 minuto"},"schema":{"@context":"https:\/\/schema.org","@graph":[{"@type":"Article","@id":"https:\/\/pagina10.com\/web\/deportivo-pasto-consigue-un-punto-en-el-alberto-grisales-de-rionegro\/#article","isPartOf":{"@id":"https:\/\/pagina10.com\/web\/deportivo-pasto-consigue-un-punto-en-el-alberto-grisales-de-rionegro\/"},"author":{"name":"P\u00e1gina 10","@id":"https:\/\/pagina10.com\/web\/#\/schema\/person\/2efc4a090d25b667d3bc796798a3a81b"},"headline":"Deportivo Pasto consigue un punto en el Alberto Grisales de Rionegro","datePublished":"2021-02-10T18:54:40+00:00","mainEntityOfPage":{"@id":"https:\/\/pagina10.com\/web\/deportivo-pasto-consigue-un-punto-en-el-alberto-grisales-de-rionegro\/"},"wordCount":204,"commentCount":0,"publisher":{"@id":"https:\/\/pagina10.com\/web\/#organization"},"image":{"@id":"https:\/\/pagina10.com\/web\/deportivo-pasto-consigue-un-punto-en-el-alberto-grisales-de-rionegro\/#primaryimage"},"thumbnailUrl":"https:\/\/pagina10.com\/web\/wp-content\/uploads\/2021\/02\/rivas.jpg","articleSection":["Deportes"],"inLanguage":"es","potentialAction":[{"@type":"CommentAction","name":"Comment","target":["https:\/\/pagina10.com\/web\/deportivo-pasto-consigue-un-punto-en-el-alberto-grisales-de-rionegro\/#respond"]}]},{"@type":"WebPage","@id":"https:\/\/pagina10.com\/web\/deportivo-pasto-consigue-un-punto-en-el-alberto-grisales-de-rionegro\/","url":"https:\/\/pagina10.com\/web\/deportivo-pasto-consigue-un-punto-en-el-alberto-grisales-de-rionegro\/","name":"Deportivo Pasto consigue un punto en el Alberto Grisales de Rionegro | P\u00e1gina10","isPartOf":{"@id":"https:\/\/pagina10.com\/web\/#website"},"primaryImageOfPage":{"@id":"https:\/\/pagina10.com\/web\/deportivo-pasto-consigue-un-punto-en-el-alberto-grisales-de-rionegro\/#primaryimage"},"image":{"@id":"https:\/\/pagina10.com\/web\/deportivo-pasto-consigue-un-punto-en-el-alberto-grisales-de-rionegro\/#primaryimage"},"thumbnailUrl":"https:\/\/pagina10.com\/web\/wp-content\/uploads\/2021\/02\/rivas.jpg","datePublished":"2021-02-10T18:54:40+00:00","breadcrumb":{"@id":"https:\/\/pagina10.com\/web\/deportivo-pasto-consigue-un-punto-en-el-alberto-grisales-de-rionegro\/#breadcrumb"},"inLanguage":"es","potentialAction":[{"@type":"ReadAction","target":["https:\/\/pagina10.com\/web\/deportivo-pasto-consigue-un-punto-en-el-alberto-grisales-de-rionegro\/"]}]},{"@type":"ImageObject","inLanguage":"es","@id":"https:\/\/pagina10.com\/web\/deportivo-pasto-consigue-un-punto-en-el-alberto-grisales-de-rionegro\/#primaryimage","url":"https:\/\/pagina10.com\/web\/wp-content\/uploads\/2021\/02\/rivas.jpg","contentUrl":"https:\/\/pagina10.com\/web\/wp-content\/uploads\/2021\/02\/rivas.jpg","width":318,"height":159},{"@type":"BreadcrumbList","@id":"https:\/\/pagina10.com\/web\/deportivo-pasto-consigue-un-punto-en-el-alberto-grisales-de-rionegro\/#breadcrumb","itemListElement":[{"@type":"ListItem","position":1,"name":"Portada","item":"https:\/\/pagina10.com\/web\/"},{"@type":"ListItem","position":2,"name":"Deportivo Pasto consigue un punto en el Alberto Grisales de Rionegro"}]},{"@type":"WebSite","@id":"https:\/\/pagina10.com\/web\/#website","url":"https:\/\/pagina10.com\/web\/","name":"P\u00e1gina10","description":"Peri\u00f3dico Regional","publisher":{"@id":"https:\/\/pagina10.com\/web\/#organization"},"alternateName":"P\u00e1gina10 Peri\u00f3dico Regional","potentialAction":[{"@type":"SearchAction","target":{"@type":"EntryPoint","urlTemplate":"https:\/\/pagina10.com\/web\/?s={search_term_string}"},"query-input":{"@type":"PropertyValueSpecification","valueRequired":true,"valueName":"search_term_string"}}],"inLanguage":"es"},{"@type":"Organization","@id":"https:\/\/pagina10.com\/web\/#organization","name":"P\u00e1gina10","alternateName":"P\u00e1gina10 Peri\u00f3dico Regional","url":"https:\/\/pagina10.com\/web\/","logo":{"@type":"ImageObject","inLanguage":"es","@id":"https:\/\/pagina10.com\/web\/#\/schema\/logo\/image\/","url":"https:\/\/pagina10.com\/web\/wp-content\/uploads\/2024\/01\/40-pagina-10-periodico-regional-pasto.jpg","contentUrl":"https:\/\/pagina10.com\/web\/wp-content\/uploads\/2024\/01\/40-pagina-10-periodico-regional-pasto.jpg","width":1280,"height":720,"caption":"P\u00e1gina10"},"image":{"@id":"https:\/\/pagina10.com\/web\/#\/schema\/logo\/image\/"},"sameAs":["https:\/\/www.facebook.com\/pag10com","https:\/\/x.com\/Pag10com","https:\/\/www.instagram.com\/pagina10col\/","https:\/\/youtube.com\/channel\/pag10","https:\/\/www.tiktok.com\/@p10col"]},{"@type":"Person","@id":"https:\/\/pagina10.com\/web\/#\/schema\/person\/2efc4a090d25b667d3bc796798a3a81b","name":"P\u00e1gina 10","description":"P\u00e1gina 10 es un peri\u00f3dico regional que nace en Colombia, en el departamento de Nari\u00f1o, con un enfoque global, fundamentado en cuatro pilares esenciales: la libertad, el pluralismo, la inclusi\u00f3n y la independencia. P\u00e1gina 10 hace referencia a Nari\u00f1o como el d\u00e9cimo departamento creado en Colombia, despu\u00e9s de un proceso pol\u00edtico liderado por actores y actrices regionales con el fin de obtener la independencia y autonom\u00eda de nuestros territorios. Con la creaci\u00f3n de P\u00e1gina 10 se pretende abrir un escenario para el dialogo, la reflexi\u00f3n y el debate que se extienda a otras geograf\u00edas de Am\u00e9rica Latina y del planeta, en una apuesta por transformar colectivamente los desaf\u00edos de un mundo contempor\u00e1neo, m\u00e1s all\u00e1 de las fronteras impuestas.","url":"https:\/\/pagina10.com\/web\/author\/pdiezadmin\/"}]}},"_links":{"self":[{"href":"https:\/\/pagina10.com\/web\/wp-json\/wp\/v2\/posts\/50528","targetHints":{"allow":["GET"]}}],"collection":[{"href":"https:\/\/pagina10.com\/web\/wp-json\/wp\/v2\/posts"}],"about":[{"href":"https:\/\/pagina10.com\/web\/wp-json\/wp\/v2\/types\/post"}],"author":[{"embeddable":true,"href":"https:\/\/pagina10.com\/web\/wp-json\/wp\/v2\/users\/1"}],"replies":[{"embeddable":true,"href":"https:\/\/pagina10.com\/web\/wp-json\/wp\/v2\/comments?post=50528"}],"version-history":[{"count":1,"href":"https:\/\/pagina10.com\/web\/wp-json\/wp\/v2\/posts\/50528\/revisions"}],"predecessor-version":[{"id":50530,"href":"https:\/\/pagina10.com\/web\/wp-json\/wp\/v2\/posts\/50528\/revisions\/50530"}],"wp:featuredmedia":[{"embeddable":true,"href":"https:\/\/pagina10.com\/web\/wp-json\/wp\/v2\/media\/50529"}],"wp:attachment":[{"href":"https:\/\/pagina10.com\/web\/wp-json\/wp\/v2\/media?parent=50528"}],"wp:term":[{"taxonomy":"category","embeddable":true,"href":"https:\/\/pagina10.com\/web\/wp-json\/wp\/v2\/categories?post=50528"},{"taxonomy":"post_tag","embeddable":true,"href":"https:\/\/pagina10.com\/web\/wp-json\/wp\/v2\/tags?post=50528"}],"curies":[{"name":"wp","href":"https:\/\/api.w.org\/{rel}","templated":true}]}}