{"id":50538,"date":"2021-02-11T15:10:45","date_gmt":"2021-02-11T20:10:45","guid":{"rendered":"https:\/\/pagina10.com\/web\/?p=50538"},"modified":"2021-02-11T15:10:45","modified_gmt":"2021-02-11T20:10:45","slug":"lideresas-sociales-y-defensoras-de-derechos-humanos-de-tumaco","status":"publish","type":"post","link":"https:\/\/pagina10.com\/web\/lideresas-sociales-y-defensoras-de-derechos-humanos-de-tumaco\/","title":{"rendered":"Lideresas sociales y defensoras de Derechos Humanos de Tumaco"},"content":{"rendered":"<p style=\"text-align: justify;\">La campa\u00f1a territorial Mujeres que Protegen, busca visibilizar mecanismos de prevenci\u00f3n, protecci\u00f3n y autoprotecci\u00f3n a mujeres lideresas y defensoras de Derechos Humanos de los municipios de Tumaco, Pasto, Francisco Pizarro y Barbacoas.<\/p>\n<p>En esta oportunidad, la campa\u00f1a activa el cap\u00edtulo, \u2018Contamos el Territorio\u2019, una apuesta que nace desde las lideresas del Municipio de Tumaco, para salvaguardar, narrar y percibir su comunidad, como un escenario donde se forjan oportunidades y se construye paz.<\/p>\n<p>\u201cEste ejercicio de alianzas estrat\u00e9gicas, permite llegar a 4 municipios de Nari\u00f1o, donde el principal reto es poder trabajar en defensa de los derechos de las mujeres quienes han sido v\u00edctimas de violencia. De esta manera hacer principal \u00e9nfasis en que la Gobernaci\u00f3n se convierte en un apoyo fundamental para darle seguimiento a la ruta de atenci\u00f3n con las instituciones responsables a los casos que vulneren la dignidad y calidad de vida de las mujeres\u201d, indic\u00f3 el Subsecretario de Paz y Derechos Humanos, Am\u00edlcar Pantoja.<\/p>\n<p>Por su parte, la Coordinadora Nacional del Programa Pro Defensoras para CODHES, Katherine Zamudio, manifest\u00f3 la necesidad inmediata de brindar mecanismos de protecci\u00f3n a las mujeres afro e ind\u00edgenas.<\/p>\n<p>En la actualidad se han incrementado los casos de violencias contra las mujeres nari\u00f1eneses, por esa raz\u00f3n se encaminan esfuerzos desde el Gobierno Departamental y entes territoriales, que permitan visibilizar no solo las afectaciones que sufren las mujeres, sino tambi\u00e9n, definir acciones inmediatas en el marco del proyecto y de las rutas comunitarias de protecci\u00f3n.<\/p>\n<p>\u00a1Mi Nari\u00f1o Incluyente, en defensa de lo nuestro!<\/p>\n","protected":false},"excerpt":{"rendered":"<p>La campa\u00f1a territorial Mujeres que Protegen, busca visibilizar mecanismos de prevenci\u00f3n, protecci\u00f3n y autoprotecci\u00f3n a mujeres lideresas y defensoras de Derechos Humanos de los municipios de Tumaco, Pasto, Francisco Pizarro y Barbacoas. En esta oportunidad, la campa\u00f1a activa el cap\u00edtulo, \u2018Contamos el Territorio\u2019, una apuesta que nace desde las lideresas del Municipio de Tumaco, para [&hellip;]<\/p>\n","protected":false},"author":1,"featured_media":50539,"comment_status":"open","ping_status":"open","sticky":false,"template":"","format":"standard","meta":{"footnotes":""},"categories":[2],"tags":[],"class_list":["post-50538","post","type-post","status-publish","format-standard","has-post-thumbnail","hentry","category-pagina10"],"yoast_head":"<!-- This site is optimized with the Yoast SEO plugin v27.1.1 - https:\/\/yoast.com\/product\/yoast-seo-wordpress\/ -->\n<title>Lideresas sociales y defensoras de Derechos Humanos de Tumaco | P\u00e1gina10<\/title>\n<meta name=\"robots\" content=\"index, follow, max-snippet:-1, max-image-preview:large, max-video-preview:-1\" \/>\n<link rel=\"canonical\" href=\"https:\/\/pagina10.com\/web\/lideresas-sociales-y-defensoras-de-derechos-humanos-de-tumaco\/\" \/>\n<meta property=\"og:locale\" content=\"es_ES\" \/>\n<meta property=\"og:type\" content=\"article\" \/>\n<meta property=\"og:title\" content=\"Lideresas sociales y defensoras de Derechos Humanos de Tumaco | P\u00e1gina10\" \/>\n<meta property=\"og:description\" content=\"La campa\u00f1a territorial Mujeres que Protegen, busca visibilizar mecanismos de prevenci\u00f3n, protecci\u00f3n y autoprotecci\u00f3n a mujeres lideresas y defensoras de Derechos Humanos de los municipios de Tumaco, Pasto, Francisco Pizarro y Barbacoas. En esta oportunidad, la campa\u00f1a activa el cap\u00edtulo, \u2018Contamos el Territorio\u2019, una apuesta que nace desde las lideresas del Municipio de Tumaco, para [&hellip;]\" \/>\n<meta property=\"og:url\" content=\"https:\/\/pagina10.com\/web\/lideresas-sociales-y-defensoras-de-derechos-humanos-de-tumaco\/\" \/>\n<meta property=\"og:site_name\" content=\"P\u00e1gina10\" \/>\n<meta property=\"article:publisher\" content=\"https:\/\/www.facebook.com\/pag10com\" \/>\n<meta property=\"article:published_time\" content=\"2021-02-11T20:10:45+00:00\" \/>\n<meta property=\"og:image\" content=\"https:\/\/pagina10.com\/web\/wp-content\/uploads\/2021\/02\/descarga-6-1.jpg\" \/>\n\t<meta property=\"og:image:width\" content=\"275\" \/>\n\t<meta property=\"og:image:height\" content=\"183\" \/>\n\t<meta property=\"og:image:type\" content=\"image\/jpeg\" \/>\n<meta name=\"author\" content=\"P\u00e1gina 10\" \/>\n<meta name=\"twitter:card\" content=\"summary_large_image\" \/>\n<meta name=\"twitter:creator\" content=\"@Pag10com\" \/>\n<meta name=\"twitter:site\" content=\"@Pag10com\" \/>\n<meta name=\"twitter:label1\" content=\"Escrito por\" \/>\n\t<meta name=\"twitter:data1\" content=\"P\u00e1gina 10\" \/>\n\t<meta name=\"twitter:label2\" content=\"Tiempo de lectura\" \/>\n\t<meta name=\"twitter:data2\" content=\"1 minuto\" \/>\n<script type=\"application\/ld+json\" class=\"yoast-schema-graph\">{\"@context\":\"https:\/\/schema.org\",\"@graph\":[{\"@type\":\"Article\",\"@id\":\"https:\/\/pagina10.com\/web\/lideresas-sociales-y-defensoras-de-derechos-humanos-de-tumaco\/#article\",\"isPartOf\":{\"@id\":\"https:\/\/pagina10.com\/web\/lideresas-sociales-y-defensoras-de-derechos-humanos-de-tumaco\/\"},\"author\":{\"name\":\"P\u00e1gina 10\",\"@id\":\"https:\/\/pagina10.com\/web\/#\/schema\/person\/2efc4a090d25b667d3bc796798a3a81b\"},\"headline\":\"Lideresas sociales y defensoras de Derechos Humanos de Tumaco\",\"datePublished\":\"2021-02-11T20:10:45+00:00\",\"mainEntityOfPage\":{\"@id\":\"https:\/\/pagina10.com\/web\/lideresas-sociales-y-defensoras-de-derechos-humanos-de-tumaco\/\"},\"wordCount\":276,\"commentCount\":0,\"publisher\":{\"@id\":\"https:\/\/pagina10.com\/web\/#organization\"},\"image\":{\"@id\":\"https:\/\/pagina10.com\/web\/lideresas-sociales-y-defensoras-de-derechos-humanos-de-tumaco\/#primaryimage\"},\"thumbnailUrl\":\"https:\/\/pagina10.com\/web\/wp-content\/uploads\/2021\/02\/descarga-6-1.jpg\",\"articleSection\":[\"P\u00e1gina10\"],\"inLanguage\":\"es\",\"potentialAction\":[{\"@type\":\"CommentAction\",\"name\":\"Comment\",\"target\":[\"https:\/\/pagina10.com\/web\/lideresas-sociales-y-defensoras-de-derechos-humanos-de-tumaco\/#respond\"]}]},{\"@type\":\"WebPage\",\"@id\":\"https:\/\/pagina10.com\/web\/lideresas-sociales-y-defensoras-de-derechos-humanos-de-tumaco\/\",\"url\":\"https:\/\/pagina10.com\/web\/lideresas-sociales-y-defensoras-de-derechos-humanos-de-tumaco\/\",\"name\":\"Lideresas sociales y defensoras de Derechos Humanos de Tumaco | P\u00e1gina10\",\"isPartOf\":{\"@id\":\"https:\/\/pagina10.com\/web\/#website\"},\"primaryImageOfPage\":{\"@id\":\"https:\/\/pagina10.com\/web\/lideresas-sociales-y-defensoras-de-derechos-humanos-de-tumaco\/#primaryimage\"},\"image\":{\"@id\":\"https:\/\/pagina10.com\/web\/lideresas-sociales-y-defensoras-de-derechos-humanos-de-tumaco\/#primaryimage\"},\"thumbnailUrl\":\"https:\/\/pagina10.com\/web\/wp-content\/uploads\/2021\/02\/descarga-6-1.jpg\",\"datePublished\":\"2021-02-11T20:10:45+00:00\",\"breadcrumb\":{\"@id\":\"https:\/\/pagina10.com\/web\/lideresas-sociales-y-defensoras-de-derechos-humanos-de-tumaco\/#breadcrumb\"},\"inLanguage\":\"es\",\"potentialAction\":[{\"@type\":\"ReadAction\",\"target\":[\"https:\/\/pagina10.com\/web\/lideresas-sociales-y-defensoras-de-derechos-humanos-de-tumaco\/\"]}]},{\"@type\":\"ImageObject\",\"inLanguage\":\"es\",\"@id\":\"https:\/\/pagina10.com\/web\/lideresas-sociales-y-defensoras-de-derechos-humanos-de-tumaco\/#primaryimage\",\"url\":\"https:\/\/pagina10.com\/web\/wp-content\/uploads\/2021\/02\/descarga-6-1.jpg\",\"contentUrl\":\"https:\/\/pagina10.com\/web\/wp-content\/uploads\/2021\/02\/descarga-6-1.jpg\",\"width\":275,\"height\":183},{\"@type\":\"BreadcrumbList\",\"@id\":\"https:\/\/pagina10.com\/web\/lideresas-sociales-y-defensoras-de-derechos-humanos-de-tumaco\/#breadcrumb\",\"itemListElement\":[{\"@type\":\"ListItem\",\"position\":1,\"name\":\"Portada\",\"item\":\"https:\/\/pagina10.com\/web\/\"},{\"@type\":\"ListItem\",\"position\":2,\"name\":\"Lideresas sociales y defensoras de Derechos Humanos de Tumaco\"}]},{\"@type\":\"WebSite\",\"@id\":\"https:\/\/pagina10.com\/web\/#website\",\"url\":\"https:\/\/pagina10.com\/web\/\",\"name\":\"P\u00e1gina10\",\"description\":\"Peri\u00f3dico Regional\",\"publisher\":{\"@id\":\"https:\/\/pagina10.com\/web\/#organization\"},\"alternateName\":\"P\u00e1gina10 Peri\u00f3dico Regional\",\"potentialAction\":[{\"@type\":\"SearchAction\",\"target\":{\"@type\":\"EntryPoint\",\"urlTemplate\":\"https:\/\/pagina10.com\/web\/?s={search_term_string}\"},\"query-input\":{\"@type\":\"PropertyValueSpecification\",\"valueRequired\":true,\"valueName\":\"search_term_string\"}}],\"inLanguage\":\"es\"},{\"@type\":\"Organization\",\"@id\":\"https:\/\/pagina10.com\/web\/#organization\",\"name\":\"P\u00e1gina10\",\"alternateName\":\"P\u00e1gina10 Peri\u00f3dico Regional\",\"url\":\"https:\/\/pagina10.com\/web\/\",\"logo\":{\"@type\":\"ImageObject\",\"inLanguage\":\"es\",\"@id\":\"https:\/\/pagina10.com\/web\/#\/schema\/logo\/image\/\",\"url\":\"https:\/\/pagina10.com\/web\/wp-content\/uploads\/2024\/01\/40-pagina-10-periodico-regional-pasto.jpg\",\"contentUrl\":\"https:\/\/pagina10.com\/web\/wp-content\/uploads\/2024\/01\/40-pagina-10-periodico-regional-pasto.jpg\",\"width\":1280,\"height\":720,\"caption\":\"P\u00e1gina10\"},\"image\":{\"@id\":\"https:\/\/pagina10.com\/web\/#\/schema\/logo\/image\/\"},\"sameAs\":[\"https:\/\/www.facebook.com\/pag10com\",\"https:\/\/x.com\/Pag10com\",\"https:\/\/www.instagram.com\/pagina10col\/\",\"https:\/\/youtube.com\/channel\/pag10\",\"https:\/\/www.tiktok.com\/@p10col\"]},{\"@type\":\"Person\",\"@id\":\"https:\/\/pagina10.com\/web\/#\/schema\/person\/2efc4a090d25b667d3bc796798a3a81b\",\"name\":\"P\u00e1gina 10\",\"description\":\"P\u00e1gina 10 es un peri\u00f3dico regional que nace en Colombia, en el departamento de Nari\u00f1o, con un enfoque global, fundamentado en cuatro pilares esenciales: la libertad, el pluralismo, la inclusi\u00f3n y la independencia. P\u00e1gina 10 hace referencia a Nari\u00f1o como el d\u00e9cimo departamento creado en Colombia, despu\u00e9s de un proceso pol\u00edtico liderado por actores y actrices regionales con el fin de obtener la independencia y autonom\u00eda de nuestros territorios. Con la creaci\u00f3n de P\u00e1gina 10 se pretende abrir un escenario para el dialogo, la reflexi\u00f3n y el debate que se extienda a otras geograf\u00edas de Am\u00e9rica Latina y del planeta, en una apuesta por transformar colectivamente los desaf\u00edos de un mundo contempor\u00e1neo, m\u00e1s all\u00e1 de las fronteras impuestas.\",\"url\":\"https:\/\/pagina10.com\/web\/author\/pdiezadmin\/\"}]}<\/script>\n<!-- \/ Yoast SEO plugin. -->","yoast_head_json":{"title":"Lideresas sociales y defensoras de Derechos Humanos de Tumaco | P\u00e1gina10","robots":{"index":"index","follow":"follow","max-snippet":"max-snippet:-1","max-image-preview":"max-image-preview:large","max-video-preview":"max-video-preview:-1"},"canonical":"https:\/\/pagina10.com\/web\/lideresas-sociales-y-defensoras-de-derechos-humanos-de-tumaco\/","og_locale":"es_ES","og_type":"article","og_title":"Lideresas sociales y defensoras de Derechos Humanos de Tumaco | P\u00e1gina10","og_description":"La campa\u00f1a territorial Mujeres que Protegen, busca visibilizar mecanismos de prevenci\u00f3n, protecci\u00f3n y autoprotecci\u00f3n a mujeres lideresas y defensoras de Derechos Humanos de los municipios de Tumaco, Pasto, Francisco Pizarro y Barbacoas. En esta oportunidad, la campa\u00f1a activa el cap\u00edtulo, \u2018Contamos el Territorio\u2019, una apuesta que nace desde las lideresas del Municipio de Tumaco, para [&hellip;]","og_url":"https:\/\/pagina10.com\/web\/lideresas-sociales-y-defensoras-de-derechos-humanos-de-tumaco\/","og_site_name":"P\u00e1gina10","article_publisher":"https:\/\/www.facebook.com\/pag10com","article_published_time":"2021-02-11T20:10:45+00:00","og_image":[{"width":275,"height":183,"url":"https:\/\/pagina10.com\/web\/wp-content\/uploads\/2021\/02\/descarga-6-1.jpg","type":"image\/jpeg"}],"author":"P\u00e1gina 10","twitter_card":"summary_large_image","twitter_creator":"@Pag10com","twitter_site":"@Pag10com","twitter_misc":{"Escrito por":"P\u00e1gina 10","Tiempo de lectura":"1 minuto"},"schema":{"@context":"https:\/\/schema.org","@graph":[{"@type":"Article","@id":"https:\/\/pagina10.com\/web\/lideresas-sociales-y-defensoras-de-derechos-humanos-de-tumaco\/#article","isPartOf":{"@id":"https:\/\/pagina10.com\/web\/lideresas-sociales-y-defensoras-de-derechos-humanos-de-tumaco\/"},"author":{"name":"P\u00e1gina 10","@id":"https:\/\/pagina10.com\/web\/#\/schema\/person\/2efc4a090d25b667d3bc796798a3a81b"},"headline":"Lideresas sociales y defensoras de Derechos Humanos de Tumaco","datePublished":"2021-02-11T20:10:45+00:00","mainEntityOfPage":{"@id":"https:\/\/pagina10.com\/web\/lideresas-sociales-y-defensoras-de-derechos-humanos-de-tumaco\/"},"wordCount":276,"commentCount":0,"publisher":{"@id":"https:\/\/pagina10.com\/web\/#organization"},"image":{"@id":"https:\/\/pagina10.com\/web\/lideresas-sociales-y-defensoras-de-derechos-humanos-de-tumaco\/#primaryimage"},"thumbnailUrl":"https:\/\/pagina10.com\/web\/wp-content\/uploads\/2021\/02\/descarga-6-1.jpg","articleSection":["P\u00e1gina10"],"inLanguage":"es","potentialAction":[{"@type":"CommentAction","name":"Comment","target":["https:\/\/pagina10.com\/web\/lideresas-sociales-y-defensoras-de-derechos-humanos-de-tumaco\/#respond"]}]},{"@type":"WebPage","@id":"https:\/\/pagina10.com\/web\/lideresas-sociales-y-defensoras-de-derechos-humanos-de-tumaco\/","url":"https:\/\/pagina10.com\/web\/lideresas-sociales-y-defensoras-de-derechos-humanos-de-tumaco\/","name":"Lideresas sociales y defensoras de Derechos Humanos de Tumaco | P\u00e1gina10","isPartOf":{"@id":"https:\/\/pagina10.com\/web\/#website"},"primaryImageOfPage":{"@id":"https:\/\/pagina10.com\/web\/lideresas-sociales-y-defensoras-de-derechos-humanos-de-tumaco\/#primaryimage"},"image":{"@id":"https:\/\/pagina10.com\/web\/lideresas-sociales-y-defensoras-de-derechos-humanos-de-tumaco\/#primaryimage"},"thumbnailUrl":"https:\/\/pagina10.com\/web\/wp-content\/uploads\/2021\/02\/descarga-6-1.jpg","datePublished":"2021-02-11T20:10:45+00:00","breadcrumb":{"@id":"https:\/\/pagina10.com\/web\/lideresas-sociales-y-defensoras-de-derechos-humanos-de-tumaco\/#breadcrumb"},"inLanguage":"es","potentialAction":[{"@type":"ReadAction","target":["https:\/\/pagina10.com\/web\/lideresas-sociales-y-defensoras-de-derechos-humanos-de-tumaco\/"]}]},{"@type":"ImageObject","inLanguage":"es","@id":"https:\/\/pagina10.com\/web\/lideresas-sociales-y-defensoras-de-derechos-humanos-de-tumaco\/#primaryimage","url":"https:\/\/pagina10.com\/web\/wp-content\/uploads\/2021\/02\/descarga-6-1.jpg","contentUrl":"https:\/\/pagina10.com\/web\/wp-content\/uploads\/2021\/02\/descarga-6-1.jpg","width":275,"height":183},{"@type":"BreadcrumbList","@id":"https:\/\/pagina10.com\/web\/lideresas-sociales-y-defensoras-de-derechos-humanos-de-tumaco\/#breadcrumb","itemListElement":[{"@type":"ListItem","position":1,"name":"Portada","item":"https:\/\/pagina10.com\/web\/"},{"@type":"ListItem","position":2,"name":"Lideresas sociales y defensoras de Derechos Humanos de Tumaco"}]},{"@type":"WebSite","@id":"https:\/\/pagina10.com\/web\/#website","url":"https:\/\/pagina10.com\/web\/","name":"P\u00e1gina10","description":"Peri\u00f3dico Regional","publisher":{"@id":"https:\/\/pagina10.com\/web\/#organization"},"alternateName":"P\u00e1gina10 Peri\u00f3dico Regional","potentialAction":[{"@type":"SearchAction","target":{"@type":"EntryPoint","urlTemplate":"https:\/\/pagina10.com\/web\/?s={search_term_string}"},"query-input":{"@type":"PropertyValueSpecification","valueRequired":true,"valueName":"search_term_string"}}],"inLanguage":"es"},{"@type":"Organization","@id":"https:\/\/pagina10.com\/web\/#organization","name":"P\u00e1gina10","alternateName":"P\u00e1gina10 Peri\u00f3dico Regional","url":"https:\/\/pagina10.com\/web\/","logo":{"@type":"ImageObject","inLanguage":"es","@id":"https:\/\/pagina10.com\/web\/#\/schema\/logo\/image\/","url":"https:\/\/pagina10.com\/web\/wp-content\/uploads\/2024\/01\/40-pagina-10-periodico-regional-pasto.jpg","contentUrl":"https:\/\/pagina10.com\/web\/wp-content\/uploads\/2024\/01\/40-pagina-10-periodico-regional-pasto.jpg","width":1280,"height":720,"caption":"P\u00e1gina10"},"image":{"@id":"https:\/\/pagina10.com\/web\/#\/schema\/logo\/image\/"},"sameAs":["https:\/\/www.facebook.com\/pag10com","https:\/\/x.com\/Pag10com","https:\/\/www.instagram.com\/pagina10col\/","https:\/\/youtube.com\/channel\/pag10","https:\/\/www.tiktok.com\/@p10col"]},{"@type":"Person","@id":"https:\/\/pagina10.com\/web\/#\/schema\/person\/2efc4a090d25b667d3bc796798a3a81b","name":"P\u00e1gina 10","description":"P\u00e1gina 10 es un peri\u00f3dico regional que nace en Colombia, en el departamento de Nari\u00f1o, con un enfoque global, fundamentado en cuatro pilares esenciales: la libertad, el pluralismo, la inclusi\u00f3n y la independencia. P\u00e1gina 10 hace referencia a Nari\u00f1o como el d\u00e9cimo departamento creado en Colombia, despu\u00e9s de un proceso pol\u00edtico liderado por actores y actrices regionales con el fin de obtener la independencia y autonom\u00eda de nuestros territorios. Con la creaci\u00f3n de P\u00e1gina 10 se pretende abrir un escenario para el dialogo, la reflexi\u00f3n y el debate que se extienda a otras geograf\u00edas de Am\u00e9rica Latina y del planeta, en una apuesta por transformar colectivamente los desaf\u00edos de un mundo contempor\u00e1neo, m\u00e1s all\u00e1 de las fronteras impuestas.","url":"https:\/\/pagina10.com\/web\/author\/pdiezadmin\/"}]}},"_links":{"self":[{"href":"https:\/\/pagina10.com\/web\/wp-json\/wp\/v2\/posts\/50538","targetHints":{"allow":["GET"]}}],"collection":[{"href":"https:\/\/pagina10.com\/web\/wp-json\/wp\/v2\/posts"}],"about":[{"href":"https:\/\/pagina10.com\/web\/wp-json\/wp\/v2\/types\/post"}],"author":[{"embeddable":true,"href":"https:\/\/pagina10.com\/web\/wp-json\/wp\/v2\/users\/1"}],"replies":[{"embeddable":true,"href":"https:\/\/pagina10.com\/web\/wp-json\/wp\/v2\/comments?post=50538"}],"version-history":[{"count":1,"href":"https:\/\/pagina10.com\/web\/wp-json\/wp\/v2\/posts\/50538\/revisions"}],"predecessor-version":[{"id":50540,"href":"https:\/\/pagina10.com\/web\/wp-json\/wp\/v2\/posts\/50538\/revisions\/50540"}],"wp:featuredmedia":[{"embeddable":true,"href":"https:\/\/pagina10.com\/web\/wp-json\/wp\/v2\/media\/50539"}],"wp:attachment":[{"href":"https:\/\/pagina10.com\/web\/wp-json\/wp\/v2\/media?parent=50538"}],"wp:term":[{"taxonomy":"category","embeddable":true,"href":"https:\/\/pagina10.com\/web\/wp-json\/wp\/v2\/categories?post=50538"},{"taxonomy":"post_tag","embeddable":true,"href":"https:\/\/pagina10.com\/web\/wp-json\/wp\/v2\/tags?post=50538"}],"curies":[{"name":"wp","href":"https:\/\/api.w.org\/{rel}","templated":true}]}}