{"id":50541,"date":"2021-02-11T15:14:44","date_gmt":"2021-02-11T20:14:44","guid":{"rendered":"https:\/\/pagina10.com\/web\/?p=50541"},"modified":"2021-02-11T15:14:44","modified_gmt":"2021-02-11T20:14:44","slug":"la-industria-licorera-de-caldas-garantiza-la-calidad-del-aguardiente-narino","status":"publish","type":"post","link":"https:\/\/pagina10.com\/web\/la-industria-licorera-de-caldas-garantiza-la-calidad-del-aguardiente-narino\/","title":{"rendered":"La Industria Licorera de Caldas garantiza la calidad del Aguardiente Nari\u00f1o"},"content":{"rendered":"<p style=\"text-align: justify;\">En rueda de prensa la Gobernaci\u00f3n de Nari\u00f1o, a trav\u00e9s de la Secretar\u00eda de Hacienda, Viviana Solarte y la Industria Licorera de Caldas en cabeza de su Gerente, Mauricio V\u00e9lez, aclararon la modificaci\u00f3n del sabor de algunos lotes de Aguardiente Nari\u00f1o, distribuidos en el mes de diciembre.<\/p>\n<p>El Gerente de la maquila en donde se fabrica el Aguardiente Nari\u00f1o, ubicada en la ciudad de Manizales (Caldas), afirm\u00f3 que el informe de esta novedad de sabor les lleg\u00f3 en el mes de diciembre e inmediatamente se levantaron los protocolos para investigar lo sucedido. \u201cCon estos protocolos nos dimos cuenta que hab\u00eda una afectaci\u00f3n en el sabor, el producto es apto para consumir. Sin embargo, nosotros desde la Industria Licorera de Caldas, siendo responsables con esto, vamos a cambiar todas las botellas que llegaron al departamento de Nari\u00f1o con esta desviaci\u00f3n\u201d, a\u00f1adi\u00f3.<\/p>\n<p>Por su parte, la Secretaria de Hacienda de Nari\u00f1o, Viviana Solarte indic\u00f3 que los lotes afectados con el cambio de sabor fueron los n\u00fameros 5,6,7 y 8 que se encuentran identificados en cada botella. \u201cDe toda la producci\u00f3n es tan solo el 2%, estamos hablando solamente de 5.000 cajas, un 98% de los lotes est\u00e1 en perfecta condici\u00f3n. Los tenderos que tengan estos productos deben comunicarse con su distribuidor y reportar la novedad; los distribuidores a su vez nos comunican el caso, nosotros consolidamos la informaci\u00f3n y le pasamos los datos a la Industria Licorera de Caldas quienes se encargar\u00e1n de organizar el tema de transporte, cargue, descargue y bodega ya que la idea es que las personas que tienen las botellas afectadas no incurran en gastos\u201d, puntualiz\u00f3 la funcionaria.<\/p>\n<p>Se invita a los nari\u00f1enses a consumir productos de nuestra regi\u00f3n, legales y hacer frente a la lucha para combatir el contrabando, proteger la vida y ganarle a la corrupci\u00f3n.<\/p>\n<p>\u00a1Mi Nari\u00f1o, en defensa de lo nuestro!<\/p>\n","protected":false},"excerpt":{"rendered":"<p>En rueda de prensa la Gobernaci\u00f3n de Nari\u00f1o, a trav\u00e9s de la Secretar\u00eda de Hacienda, Viviana Solarte y la Industria Licorera de Caldas en cabeza de su Gerente, Mauricio V\u00e9lez, aclararon la modificaci\u00f3n del sabor de algunos lotes de Aguardiente Nari\u00f1o, distribuidos en el mes de diciembre. El Gerente de la maquila en donde se [&hellip;]<\/p>\n","protected":false},"author":1,"featured_media":50542,"comment_status":"open","ping_status":"open","sticky":false,"template":"","format":"standard","meta":{"footnotes":""},"categories":[2],"tags":[],"class_list":["post-50541","post","type-post","status-publish","format-standard","has-post-thumbnail","hentry","category-pagina10"],"yoast_head":"<!-- This site is optimized with the Yoast SEO plugin v27.1.1 - https:\/\/yoast.com\/product\/yoast-seo-wordpress\/ -->\n<title>La Industria Licorera de Caldas garantiza la calidad del Aguardiente Nari\u00f1o | P\u00e1gina10<\/title>\n<meta name=\"robots\" content=\"index, follow, max-snippet:-1, max-image-preview:large, max-video-preview:-1\" \/>\n<link rel=\"canonical\" href=\"https:\/\/pagina10.com\/web\/la-industria-licorera-de-caldas-garantiza-la-calidad-del-aguardiente-narino\/\" \/>\n<meta property=\"og:locale\" content=\"es_ES\" \/>\n<meta property=\"og:type\" content=\"article\" \/>\n<meta property=\"og:title\" content=\"La Industria Licorera de Caldas garantiza la calidad del Aguardiente Nari\u00f1o | P\u00e1gina10\" \/>\n<meta property=\"og:description\" content=\"En rueda de prensa la Gobernaci\u00f3n de Nari\u00f1o, a trav\u00e9s de la Secretar\u00eda de Hacienda, Viviana Solarte y la Industria Licorera de Caldas en cabeza de su Gerente, Mauricio V\u00e9lez, aclararon la modificaci\u00f3n del sabor de algunos lotes de Aguardiente Nari\u00f1o, distribuidos en el mes de diciembre. El Gerente de la maquila en donde se [&hellip;]\" \/>\n<meta property=\"og:url\" content=\"https:\/\/pagina10.com\/web\/la-industria-licorera-de-caldas-garantiza-la-calidad-del-aguardiente-narino\/\" \/>\n<meta property=\"og:site_name\" content=\"P\u00e1gina10\" \/>\n<meta property=\"article:publisher\" content=\"https:\/\/www.facebook.com\/pag10com\" \/>\n<meta property=\"article:published_time\" content=\"2021-02-11T20:14:44+00:00\" \/>\n<meta property=\"og:image\" content=\"https:\/\/pagina10.com\/web\/wp-content\/uploads\/2021\/02\/descarga-4-1.jpg\" \/>\n\t<meta property=\"og:image:width\" content=\"267\" \/>\n\t<meta property=\"og:image:height\" content=\"189\" \/>\n\t<meta property=\"og:image:type\" content=\"image\/jpeg\" \/>\n<meta name=\"author\" content=\"P\u00e1gina 10\" \/>\n<meta name=\"twitter:card\" content=\"summary_large_image\" \/>\n<meta name=\"twitter:creator\" content=\"@Pag10com\" \/>\n<meta name=\"twitter:site\" content=\"@Pag10com\" \/>\n<meta name=\"twitter:label1\" content=\"Escrito por\" \/>\n\t<meta name=\"twitter:data1\" content=\"P\u00e1gina 10\" \/>\n\t<meta name=\"twitter:label2\" content=\"Tiempo de lectura\" \/>\n\t<meta name=\"twitter:data2\" content=\"2 minutos\" \/>\n<script type=\"application\/ld+json\" class=\"yoast-schema-graph\">{\"@context\":\"https:\/\/schema.org\",\"@graph\":[{\"@type\":\"Article\",\"@id\":\"https:\/\/pagina10.com\/web\/la-industria-licorera-de-caldas-garantiza-la-calidad-del-aguardiente-narino\/#article\",\"isPartOf\":{\"@id\":\"https:\/\/pagina10.com\/web\/la-industria-licorera-de-caldas-garantiza-la-calidad-del-aguardiente-narino\/\"},\"author\":{\"name\":\"P\u00e1gina 10\",\"@id\":\"https:\/\/pagina10.com\/web\/#\/schema\/person\/2efc4a090d25b667d3bc796798a3a81b\"},\"headline\":\"La Industria Licorera de Caldas garantiza la calidad del Aguardiente Nari\u00f1o\",\"datePublished\":\"2021-02-11T20:14:44+00:00\",\"mainEntityOfPage\":{\"@id\":\"https:\/\/pagina10.com\/web\/la-industria-licorera-de-caldas-garantiza-la-calidad-del-aguardiente-narino\/\"},\"wordCount\":337,\"commentCount\":0,\"publisher\":{\"@id\":\"https:\/\/pagina10.com\/web\/#organization\"},\"image\":{\"@id\":\"https:\/\/pagina10.com\/web\/la-industria-licorera-de-caldas-garantiza-la-calidad-del-aguardiente-narino\/#primaryimage\"},\"thumbnailUrl\":\"https:\/\/pagina10.com\/web\/wp-content\/uploads\/2021\/02\/descarga-4-1.jpg\",\"articleSection\":[\"P\u00e1gina10\"],\"inLanguage\":\"es\",\"potentialAction\":[{\"@type\":\"CommentAction\",\"name\":\"Comment\",\"target\":[\"https:\/\/pagina10.com\/web\/la-industria-licorera-de-caldas-garantiza-la-calidad-del-aguardiente-narino\/#respond\"]}]},{\"@type\":\"WebPage\",\"@id\":\"https:\/\/pagina10.com\/web\/la-industria-licorera-de-caldas-garantiza-la-calidad-del-aguardiente-narino\/\",\"url\":\"https:\/\/pagina10.com\/web\/la-industria-licorera-de-caldas-garantiza-la-calidad-del-aguardiente-narino\/\",\"name\":\"La Industria Licorera de Caldas garantiza la calidad del Aguardiente Nari\u00f1o | P\u00e1gina10\",\"isPartOf\":{\"@id\":\"https:\/\/pagina10.com\/web\/#website\"},\"primaryImageOfPage\":{\"@id\":\"https:\/\/pagina10.com\/web\/la-industria-licorera-de-caldas-garantiza-la-calidad-del-aguardiente-narino\/#primaryimage\"},\"image\":{\"@id\":\"https:\/\/pagina10.com\/web\/la-industria-licorera-de-caldas-garantiza-la-calidad-del-aguardiente-narino\/#primaryimage\"},\"thumbnailUrl\":\"https:\/\/pagina10.com\/web\/wp-content\/uploads\/2021\/02\/descarga-4-1.jpg\",\"datePublished\":\"2021-02-11T20:14:44+00:00\",\"breadcrumb\":{\"@id\":\"https:\/\/pagina10.com\/web\/la-industria-licorera-de-caldas-garantiza-la-calidad-del-aguardiente-narino\/#breadcrumb\"},\"inLanguage\":\"es\",\"potentialAction\":[{\"@type\":\"ReadAction\",\"target\":[\"https:\/\/pagina10.com\/web\/la-industria-licorera-de-caldas-garantiza-la-calidad-del-aguardiente-narino\/\"]}]},{\"@type\":\"ImageObject\",\"inLanguage\":\"es\",\"@id\":\"https:\/\/pagina10.com\/web\/la-industria-licorera-de-caldas-garantiza-la-calidad-del-aguardiente-narino\/#primaryimage\",\"url\":\"https:\/\/pagina10.com\/web\/wp-content\/uploads\/2021\/02\/descarga-4-1.jpg\",\"contentUrl\":\"https:\/\/pagina10.com\/web\/wp-content\/uploads\/2021\/02\/descarga-4-1.jpg\",\"width\":267,\"height\":189},{\"@type\":\"BreadcrumbList\",\"@id\":\"https:\/\/pagina10.com\/web\/la-industria-licorera-de-caldas-garantiza-la-calidad-del-aguardiente-narino\/#breadcrumb\",\"itemListElement\":[{\"@type\":\"ListItem\",\"position\":1,\"name\":\"Portada\",\"item\":\"https:\/\/pagina10.com\/web\/\"},{\"@type\":\"ListItem\",\"position\":2,\"name\":\"La Industria Licorera de Caldas garantiza la calidad del Aguardiente Nari\u00f1o\"}]},{\"@type\":\"WebSite\",\"@id\":\"https:\/\/pagina10.com\/web\/#website\",\"url\":\"https:\/\/pagina10.com\/web\/\",\"name\":\"P\u00e1gina10\",\"description\":\"Peri\u00f3dico Regional\",\"publisher\":{\"@id\":\"https:\/\/pagina10.com\/web\/#organization\"},\"alternateName\":\"P\u00e1gina10 Peri\u00f3dico Regional\",\"potentialAction\":[{\"@type\":\"SearchAction\",\"target\":{\"@type\":\"EntryPoint\",\"urlTemplate\":\"https:\/\/pagina10.com\/web\/?s={search_term_string}\"},\"query-input\":{\"@type\":\"PropertyValueSpecification\",\"valueRequired\":true,\"valueName\":\"search_term_string\"}}],\"inLanguage\":\"es\"},{\"@type\":\"Organization\",\"@id\":\"https:\/\/pagina10.com\/web\/#organization\",\"name\":\"P\u00e1gina10\",\"alternateName\":\"P\u00e1gina10 Peri\u00f3dico Regional\",\"url\":\"https:\/\/pagina10.com\/web\/\",\"logo\":{\"@type\":\"ImageObject\",\"inLanguage\":\"es\",\"@id\":\"https:\/\/pagina10.com\/web\/#\/schema\/logo\/image\/\",\"url\":\"https:\/\/pagina10.com\/web\/wp-content\/uploads\/2024\/01\/40-pagina-10-periodico-regional-pasto.jpg\",\"contentUrl\":\"https:\/\/pagina10.com\/web\/wp-content\/uploads\/2024\/01\/40-pagina-10-periodico-regional-pasto.jpg\",\"width\":1280,\"height\":720,\"caption\":\"P\u00e1gina10\"},\"image\":{\"@id\":\"https:\/\/pagina10.com\/web\/#\/schema\/logo\/image\/\"},\"sameAs\":[\"https:\/\/www.facebook.com\/pag10com\",\"https:\/\/x.com\/Pag10com\",\"https:\/\/www.instagram.com\/pagina10col\/\",\"https:\/\/youtube.com\/channel\/pag10\",\"https:\/\/www.tiktok.com\/@p10col\"]},{\"@type\":\"Person\",\"@id\":\"https:\/\/pagina10.com\/web\/#\/schema\/person\/2efc4a090d25b667d3bc796798a3a81b\",\"name\":\"P\u00e1gina 10\",\"description\":\"P\u00e1gina 10 es un peri\u00f3dico regional que nace en Colombia, en el departamento de Nari\u00f1o, con un enfoque global, fundamentado en cuatro pilares esenciales: la libertad, el pluralismo, la inclusi\u00f3n y la independencia. P\u00e1gina 10 hace referencia a Nari\u00f1o como el d\u00e9cimo departamento creado en Colombia, despu\u00e9s de un proceso pol\u00edtico liderado por actores y actrices regionales con el fin de obtener la independencia y autonom\u00eda de nuestros territorios. Con la creaci\u00f3n de P\u00e1gina 10 se pretende abrir un escenario para el dialogo, la reflexi\u00f3n y el debate que se extienda a otras geograf\u00edas de Am\u00e9rica Latina y del planeta, en una apuesta por transformar colectivamente los desaf\u00edos de un mundo contempor\u00e1neo, m\u00e1s all\u00e1 de las fronteras impuestas.\",\"url\":\"https:\/\/pagina10.com\/web\/author\/pdiezadmin\/\"}]}<\/script>\n<!-- \/ Yoast SEO plugin. -->","yoast_head_json":{"title":"La Industria Licorera de Caldas garantiza la calidad del Aguardiente Nari\u00f1o | P\u00e1gina10","robots":{"index":"index","follow":"follow","max-snippet":"max-snippet:-1","max-image-preview":"max-image-preview:large","max-video-preview":"max-video-preview:-1"},"canonical":"https:\/\/pagina10.com\/web\/la-industria-licorera-de-caldas-garantiza-la-calidad-del-aguardiente-narino\/","og_locale":"es_ES","og_type":"article","og_title":"La Industria Licorera de Caldas garantiza la calidad del Aguardiente Nari\u00f1o | P\u00e1gina10","og_description":"En rueda de prensa la Gobernaci\u00f3n de Nari\u00f1o, a trav\u00e9s de la Secretar\u00eda de Hacienda, Viviana Solarte y la Industria Licorera de Caldas en cabeza de su Gerente, Mauricio V\u00e9lez, aclararon la modificaci\u00f3n del sabor de algunos lotes de Aguardiente Nari\u00f1o, distribuidos en el mes de diciembre. El Gerente de la maquila en donde se [&hellip;]","og_url":"https:\/\/pagina10.com\/web\/la-industria-licorera-de-caldas-garantiza-la-calidad-del-aguardiente-narino\/","og_site_name":"P\u00e1gina10","article_publisher":"https:\/\/www.facebook.com\/pag10com","article_published_time":"2021-02-11T20:14:44+00:00","og_image":[{"width":267,"height":189,"url":"https:\/\/pagina10.com\/web\/wp-content\/uploads\/2021\/02\/descarga-4-1.jpg","type":"image\/jpeg"}],"author":"P\u00e1gina 10","twitter_card":"summary_large_image","twitter_creator":"@Pag10com","twitter_site":"@Pag10com","twitter_misc":{"Escrito por":"P\u00e1gina 10","Tiempo de lectura":"2 minutos"},"schema":{"@context":"https:\/\/schema.org","@graph":[{"@type":"Article","@id":"https:\/\/pagina10.com\/web\/la-industria-licorera-de-caldas-garantiza-la-calidad-del-aguardiente-narino\/#article","isPartOf":{"@id":"https:\/\/pagina10.com\/web\/la-industria-licorera-de-caldas-garantiza-la-calidad-del-aguardiente-narino\/"},"author":{"name":"P\u00e1gina 10","@id":"https:\/\/pagina10.com\/web\/#\/schema\/person\/2efc4a090d25b667d3bc796798a3a81b"},"headline":"La Industria Licorera de Caldas garantiza la calidad del Aguardiente Nari\u00f1o","datePublished":"2021-02-11T20:14:44+00:00","mainEntityOfPage":{"@id":"https:\/\/pagina10.com\/web\/la-industria-licorera-de-caldas-garantiza-la-calidad-del-aguardiente-narino\/"},"wordCount":337,"commentCount":0,"publisher":{"@id":"https:\/\/pagina10.com\/web\/#organization"},"image":{"@id":"https:\/\/pagina10.com\/web\/la-industria-licorera-de-caldas-garantiza-la-calidad-del-aguardiente-narino\/#primaryimage"},"thumbnailUrl":"https:\/\/pagina10.com\/web\/wp-content\/uploads\/2021\/02\/descarga-4-1.jpg","articleSection":["P\u00e1gina10"],"inLanguage":"es","potentialAction":[{"@type":"CommentAction","name":"Comment","target":["https:\/\/pagina10.com\/web\/la-industria-licorera-de-caldas-garantiza-la-calidad-del-aguardiente-narino\/#respond"]}]},{"@type":"WebPage","@id":"https:\/\/pagina10.com\/web\/la-industria-licorera-de-caldas-garantiza-la-calidad-del-aguardiente-narino\/","url":"https:\/\/pagina10.com\/web\/la-industria-licorera-de-caldas-garantiza-la-calidad-del-aguardiente-narino\/","name":"La Industria Licorera de Caldas garantiza la calidad del Aguardiente Nari\u00f1o | P\u00e1gina10","isPartOf":{"@id":"https:\/\/pagina10.com\/web\/#website"},"primaryImageOfPage":{"@id":"https:\/\/pagina10.com\/web\/la-industria-licorera-de-caldas-garantiza-la-calidad-del-aguardiente-narino\/#primaryimage"},"image":{"@id":"https:\/\/pagina10.com\/web\/la-industria-licorera-de-caldas-garantiza-la-calidad-del-aguardiente-narino\/#primaryimage"},"thumbnailUrl":"https:\/\/pagina10.com\/web\/wp-content\/uploads\/2021\/02\/descarga-4-1.jpg","datePublished":"2021-02-11T20:14:44+00:00","breadcrumb":{"@id":"https:\/\/pagina10.com\/web\/la-industria-licorera-de-caldas-garantiza-la-calidad-del-aguardiente-narino\/#breadcrumb"},"inLanguage":"es","potentialAction":[{"@type":"ReadAction","target":["https:\/\/pagina10.com\/web\/la-industria-licorera-de-caldas-garantiza-la-calidad-del-aguardiente-narino\/"]}]},{"@type":"ImageObject","inLanguage":"es","@id":"https:\/\/pagina10.com\/web\/la-industria-licorera-de-caldas-garantiza-la-calidad-del-aguardiente-narino\/#primaryimage","url":"https:\/\/pagina10.com\/web\/wp-content\/uploads\/2021\/02\/descarga-4-1.jpg","contentUrl":"https:\/\/pagina10.com\/web\/wp-content\/uploads\/2021\/02\/descarga-4-1.jpg","width":267,"height":189},{"@type":"BreadcrumbList","@id":"https:\/\/pagina10.com\/web\/la-industria-licorera-de-caldas-garantiza-la-calidad-del-aguardiente-narino\/#breadcrumb","itemListElement":[{"@type":"ListItem","position":1,"name":"Portada","item":"https:\/\/pagina10.com\/web\/"},{"@type":"ListItem","position":2,"name":"La Industria Licorera de Caldas garantiza la calidad del Aguardiente Nari\u00f1o"}]},{"@type":"WebSite","@id":"https:\/\/pagina10.com\/web\/#website","url":"https:\/\/pagina10.com\/web\/","name":"P\u00e1gina10","description":"Peri\u00f3dico Regional","publisher":{"@id":"https:\/\/pagina10.com\/web\/#organization"},"alternateName":"P\u00e1gina10 Peri\u00f3dico Regional","potentialAction":[{"@type":"SearchAction","target":{"@type":"EntryPoint","urlTemplate":"https:\/\/pagina10.com\/web\/?s={search_term_string}"},"query-input":{"@type":"PropertyValueSpecification","valueRequired":true,"valueName":"search_term_string"}}],"inLanguage":"es"},{"@type":"Organization","@id":"https:\/\/pagina10.com\/web\/#organization","name":"P\u00e1gina10","alternateName":"P\u00e1gina10 Peri\u00f3dico Regional","url":"https:\/\/pagina10.com\/web\/","logo":{"@type":"ImageObject","inLanguage":"es","@id":"https:\/\/pagina10.com\/web\/#\/schema\/logo\/image\/","url":"https:\/\/pagina10.com\/web\/wp-content\/uploads\/2024\/01\/40-pagina-10-periodico-regional-pasto.jpg","contentUrl":"https:\/\/pagina10.com\/web\/wp-content\/uploads\/2024\/01\/40-pagina-10-periodico-regional-pasto.jpg","width":1280,"height":720,"caption":"P\u00e1gina10"},"image":{"@id":"https:\/\/pagina10.com\/web\/#\/schema\/logo\/image\/"},"sameAs":["https:\/\/www.facebook.com\/pag10com","https:\/\/x.com\/Pag10com","https:\/\/www.instagram.com\/pagina10col\/","https:\/\/youtube.com\/channel\/pag10","https:\/\/www.tiktok.com\/@p10col"]},{"@type":"Person","@id":"https:\/\/pagina10.com\/web\/#\/schema\/person\/2efc4a090d25b667d3bc796798a3a81b","name":"P\u00e1gina 10","description":"P\u00e1gina 10 es un peri\u00f3dico regional que nace en Colombia, en el departamento de Nari\u00f1o, con un enfoque global, fundamentado en cuatro pilares esenciales: la libertad, el pluralismo, la inclusi\u00f3n y la independencia. P\u00e1gina 10 hace referencia a Nari\u00f1o como el d\u00e9cimo departamento creado en Colombia, despu\u00e9s de un proceso pol\u00edtico liderado por actores y actrices regionales con el fin de obtener la independencia y autonom\u00eda de nuestros territorios. Con la creaci\u00f3n de P\u00e1gina 10 se pretende abrir un escenario para el dialogo, la reflexi\u00f3n y el debate que se extienda a otras geograf\u00edas de Am\u00e9rica Latina y del planeta, en una apuesta por transformar colectivamente los desaf\u00edos de un mundo contempor\u00e1neo, m\u00e1s all\u00e1 de las fronteras impuestas.","url":"https:\/\/pagina10.com\/web\/author\/pdiezadmin\/"}]}},"_links":{"self":[{"href":"https:\/\/pagina10.com\/web\/wp-json\/wp\/v2\/posts\/50541","targetHints":{"allow":["GET"]}}],"collection":[{"href":"https:\/\/pagina10.com\/web\/wp-json\/wp\/v2\/posts"}],"about":[{"href":"https:\/\/pagina10.com\/web\/wp-json\/wp\/v2\/types\/post"}],"author":[{"embeddable":true,"href":"https:\/\/pagina10.com\/web\/wp-json\/wp\/v2\/users\/1"}],"replies":[{"embeddable":true,"href":"https:\/\/pagina10.com\/web\/wp-json\/wp\/v2\/comments?post=50541"}],"version-history":[{"count":1,"href":"https:\/\/pagina10.com\/web\/wp-json\/wp\/v2\/posts\/50541\/revisions"}],"predecessor-version":[{"id":50543,"href":"https:\/\/pagina10.com\/web\/wp-json\/wp\/v2\/posts\/50541\/revisions\/50543"}],"wp:featuredmedia":[{"embeddable":true,"href":"https:\/\/pagina10.com\/web\/wp-json\/wp\/v2\/media\/50542"}],"wp:attachment":[{"href":"https:\/\/pagina10.com\/web\/wp-json\/wp\/v2\/media?parent=50541"}],"wp:term":[{"taxonomy":"category","embeddable":true,"href":"https:\/\/pagina10.com\/web\/wp-json\/wp\/v2\/categories?post=50541"},{"taxonomy":"post_tag","embeddable":true,"href":"https:\/\/pagina10.com\/web\/wp-json\/wp\/v2\/tags?post=50541"}],"curies":[{"name":"wp","href":"https:\/\/api.w.org\/{rel}","templated":true}]}}