{"id":50550,"date":"2021-02-11T15:23:52","date_gmt":"2021-02-11T20:23:52","guid":{"rendered":"https:\/\/pagina10.com\/web\/?p=50550"},"modified":"2021-02-12T03:37:43","modified_gmt":"2021-02-12T08:37:43","slug":"un-estadio-en-nuestro-pais-llevara-el-nombre-de-el-tigre","status":"publish","type":"post","link":"https:\/\/pagina10.com\/web\/un-estadio-en-nuestro-pais-llevara-el-nombre-de-el-tigre\/","title":{"rendered":"Un estadio en nuestro pa\u00eds llevar\u00e1 el nombre de \u201cEl tigre\u201d"},"content":{"rendered":"<p style=\"text-align: justify;\">Muchas han sido las glorias que nos ha brindado Radamel Falcao Garcia\u00a0 a los fan\u00e1ticos del f\u00fatbol de nuestro pa\u00eds, se ha constituido con el paso del tiempo en nada m\u00e1s y nada menos que en el goleador hist\u00f3rico de nuestra naci\u00f3n con un total de 36 goles anotados en la misma. Las lesiones, desafortunadamente, han sido su pan de cada dia y aunque estas lo han ausentado de la selecci\u00f3n por espacios de tiempo prolongados, siempre ha tenido la fuerza an\u00edmica para volver y seguir adelante cada vez.<\/p>\n<p style=\"text-align: justify;\">Es por esto que Ramiro Barrag\u00e1n, gobernador de Boyac\u00e1, ha decidido empezar un proyecto para la construcci\u00f3n de un estadio en Sogamoso que lleve por nombre \u201c Estadio Radamel Falcao Garcia\u201d en honor a quien a trav\u00e9s de tantos a\u00f1os nos ha brindado tantas alegr\u00edas y que ha sus 35 a\u00f1os a\u00fan sigue vigente con la tricolor .<\/p>\n<p style=\"text-align: justify;\">Se espera que en pr\u00f3ximos meses inicie la construcci\u00f3n de este escenario deportivo que tendr\u00e1 la capacidad para albergar a un total de 10.000 espectadores y que funcionar\u00e1 como una posibilidad m\u00e1s de juego para los equipos profesionales de la A y la \u00a0B\u00a0 que representen a ese departamento en esos torneos del pa\u00eds.<\/p>\n","protected":false},"excerpt":{"rendered":"<p>Muchas han sido las glorias que nos ha brindado Radamel Falcao Garcia\u00a0 a los fan\u00e1ticos del f\u00fatbol de nuestro pa\u00eds, se ha constituido con el paso del tiempo en nada m\u00e1s y nada menos que en el goleador hist\u00f3rico de nuestra naci\u00f3n con un total de 36 goles anotados en la misma. Las lesiones, desafortunadamente, [&hellip;]<\/p>\n","protected":false},"author":1,"featured_media":50551,"comment_status":"open","ping_status":"open","sticky":false,"template":"","format":"standard","meta":{"footnotes":""},"categories":[86],"tags":[],"class_list":["post-50550","post","type-post","status-publish","format-standard","has-post-thumbnail","hentry","category-deportes-2"],"yoast_head":"<!-- This site is optimized with the Yoast SEO plugin v27.1.1 - https:\/\/yoast.com\/product\/yoast-seo-wordpress\/ -->\n<title>Un estadio en nuestro pa\u00eds llevar\u00e1 el nombre de \u201cEl tigre\u201d | P\u00e1gina10<\/title>\n<meta name=\"robots\" content=\"index, follow, max-snippet:-1, max-image-preview:large, max-video-preview:-1\" \/>\n<link rel=\"canonical\" href=\"https:\/\/pagina10.com\/web\/un-estadio-en-nuestro-pais-llevara-el-nombre-de-el-tigre\/\" \/>\n<meta property=\"og:locale\" content=\"es_ES\" \/>\n<meta property=\"og:type\" content=\"article\" \/>\n<meta property=\"og:title\" content=\"Un estadio en nuestro pa\u00eds llevar\u00e1 el nombre de \u201cEl tigre\u201d | P\u00e1gina10\" \/>\n<meta property=\"og:description\" content=\"Muchas han sido las glorias que nos ha brindado Radamel Falcao Garcia a los fan\u00e1ticos del f\u00fatbol de nuestro pa\u00eds, se ha constituido con el paso del tiempo en nada m\u00e1s y nada menos que en el goleador hist\u00f3rico de nuestra naci\u00f3n con un total de 36 goles anotados en la misma. Las lesiones, desafortunadamente, [&hellip;]\" \/>\n<meta property=\"og:url\" content=\"https:\/\/pagina10.com\/web\/un-estadio-en-nuestro-pais-llevara-el-nombre-de-el-tigre\/\" \/>\n<meta property=\"og:site_name\" content=\"P\u00e1gina10\" \/>\n<meta property=\"article:publisher\" content=\"https:\/\/www.facebook.com\/pag10com\" \/>\n<meta property=\"article:published_time\" content=\"2021-02-11T20:23:52+00:00\" \/>\n<meta property=\"article:modified_time\" content=\"2021-02-12T08:37:43+00:00\" \/>\n<meta property=\"og:image\" content=\"https:\/\/pagina10.com\/web\/wp-content\/uploads\/2021\/02\/descarga-7.jpg\" \/>\n\t<meta property=\"og:image:width\" content=\"318\" \/>\n\t<meta property=\"og:image:height\" content=\"159\" \/>\n\t<meta property=\"og:image:type\" content=\"image\/jpeg\" \/>\n<meta name=\"author\" content=\"P\u00e1gina 10\" \/>\n<meta name=\"twitter:card\" content=\"summary_large_image\" \/>\n<meta name=\"twitter:creator\" content=\"@Pag10com\" \/>\n<meta name=\"twitter:site\" content=\"@Pag10com\" \/>\n<meta name=\"twitter:label1\" content=\"Escrito por\" \/>\n\t<meta name=\"twitter:data1\" content=\"P\u00e1gina 10\" \/>\n\t<meta name=\"twitter:label2\" content=\"Tiempo de lectura\" \/>\n\t<meta name=\"twitter:data2\" content=\"1 minuto\" \/>\n<script type=\"application\/ld+json\" class=\"yoast-schema-graph\">{\"@context\":\"https:\/\/schema.org\",\"@graph\":[{\"@type\":\"Article\",\"@id\":\"https:\/\/pagina10.com\/web\/un-estadio-en-nuestro-pais-llevara-el-nombre-de-el-tigre\/#article\",\"isPartOf\":{\"@id\":\"https:\/\/pagina10.com\/web\/un-estadio-en-nuestro-pais-llevara-el-nombre-de-el-tigre\/\"},\"author\":{\"name\":\"P\u00e1gina 10\",\"@id\":\"https:\/\/pagina10.com\/web\/#\/schema\/person\/2efc4a090d25b667d3bc796798a3a81b\"},\"headline\":\"Un estadio en nuestro pa\u00eds llevar\u00e1 el nombre de \u201cEl tigre\u201d\",\"datePublished\":\"2021-02-11T20:23:52+00:00\",\"dateModified\":\"2021-02-12T08:37:43+00:00\",\"mainEntityOfPage\":{\"@id\":\"https:\/\/pagina10.com\/web\/un-estadio-en-nuestro-pais-llevara-el-nombre-de-el-tigre\/\"},\"wordCount\":227,\"commentCount\":0,\"publisher\":{\"@id\":\"https:\/\/pagina10.com\/web\/#organization\"},\"image\":{\"@id\":\"https:\/\/pagina10.com\/web\/un-estadio-en-nuestro-pais-llevara-el-nombre-de-el-tigre\/#primaryimage\"},\"thumbnailUrl\":\"https:\/\/pagina10.com\/web\/wp-content\/uploads\/2021\/02\/descarga-7.jpg\",\"articleSection\":[\"Deportes\"],\"inLanguage\":\"es\",\"potentialAction\":[{\"@type\":\"CommentAction\",\"name\":\"Comment\",\"target\":[\"https:\/\/pagina10.com\/web\/un-estadio-en-nuestro-pais-llevara-el-nombre-de-el-tigre\/#respond\"]}]},{\"@type\":\"WebPage\",\"@id\":\"https:\/\/pagina10.com\/web\/un-estadio-en-nuestro-pais-llevara-el-nombre-de-el-tigre\/\",\"url\":\"https:\/\/pagina10.com\/web\/un-estadio-en-nuestro-pais-llevara-el-nombre-de-el-tigre\/\",\"name\":\"Un estadio en nuestro pa\u00eds llevar\u00e1 el nombre de \u201cEl tigre\u201d | P\u00e1gina10\",\"isPartOf\":{\"@id\":\"https:\/\/pagina10.com\/web\/#website\"},\"primaryImageOfPage\":{\"@id\":\"https:\/\/pagina10.com\/web\/un-estadio-en-nuestro-pais-llevara-el-nombre-de-el-tigre\/#primaryimage\"},\"image\":{\"@id\":\"https:\/\/pagina10.com\/web\/un-estadio-en-nuestro-pais-llevara-el-nombre-de-el-tigre\/#primaryimage\"},\"thumbnailUrl\":\"https:\/\/pagina10.com\/web\/wp-content\/uploads\/2021\/02\/descarga-7.jpg\",\"datePublished\":\"2021-02-11T20:23:52+00:00\",\"dateModified\":\"2021-02-12T08:37:43+00:00\",\"breadcrumb\":{\"@id\":\"https:\/\/pagina10.com\/web\/un-estadio-en-nuestro-pais-llevara-el-nombre-de-el-tigre\/#breadcrumb\"},\"inLanguage\":\"es\",\"potentialAction\":[{\"@type\":\"ReadAction\",\"target\":[\"https:\/\/pagina10.com\/web\/un-estadio-en-nuestro-pais-llevara-el-nombre-de-el-tigre\/\"]}]},{\"@type\":\"ImageObject\",\"inLanguage\":\"es\",\"@id\":\"https:\/\/pagina10.com\/web\/un-estadio-en-nuestro-pais-llevara-el-nombre-de-el-tigre\/#primaryimage\",\"url\":\"https:\/\/pagina10.com\/web\/wp-content\/uploads\/2021\/02\/descarga-7.jpg\",\"contentUrl\":\"https:\/\/pagina10.com\/web\/wp-content\/uploads\/2021\/02\/descarga-7.jpg\",\"width\":318,\"height\":159},{\"@type\":\"BreadcrumbList\",\"@id\":\"https:\/\/pagina10.com\/web\/un-estadio-en-nuestro-pais-llevara-el-nombre-de-el-tigre\/#breadcrumb\",\"itemListElement\":[{\"@type\":\"ListItem\",\"position\":1,\"name\":\"Portada\",\"item\":\"https:\/\/pagina10.com\/web\/\"},{\"@type\":\"ListItem\",\"position\":2,\"name\":\"Un estadio en nuestro pa\u00eds llevar\u00e1 el nombre de \u201cEl tigre\u201d\"}]},{\"@type\":\"WebSite\",\"@id\":\"https:\/\/pagina10.com\/web\/#website\",\"url\":\"https:\/\/pagina10.com\/web\/\",\"name\":\"P\u00e1gina10\",\"description\":\"Peri\u00f3dico Regional\",\"publisher\":{\"@id\":\"https:\/\/pagina10.com\/web\/#organization\"},\"alternateName\":\"P\u00e1gina10 Peri\u00f3dico Regional\",\"potentialAction\":[{\"@type\":\"SearchAction\",\"target\":{\"@type\":\"EntryPoint\",\"urlTemplate\":\"https:\/\/pagina10.com\/web\/?s={search_term_string}\"},\"query-input\":{\"@type\":\"PropertyValueSpecification\",\"valueRequired\":true,\"valueName\":\"search_term_string\"}}],\"inLanguage\":\"es\"},{\"@type\":\"Organization\",\"@id\":\"https:\/\/pagina10.com\/web\/#organization\",\"name\":\"P\u00e1gina10\",\"alternateName\":\"P\u00e1gina10 Peri\u00f3dico Regional\",\"url\":\"https:\/\/pagina10.com\/web\/\",\"logo\":{\"@type\":\"ImageObject\",\"inLanguage\":\"es\",\"@id\":\"https:\/\/pagina10.com\/web\/#\/schema\/logo\/image\/\",\"url\":\"https:\/\/pagina10.com\/web\/wp-content\/uploads\/2024\/01\/40-pagina-10-periodico-regional-pasto.jpg\",\"contentUrl\":\"https:\/\/pagina10.com\/web\/wp-content\/uploads\/2024\/01\/40-pagina-10-periodico-regional-pasto.jpg\",\"width\":1280,\"height\":720,\"caption\":\"P\u00e1gina10\"},\"image\":{\"@id\":\"https:\/\/pagina10.com\/web\/#\/schema\/logo\/image\/\"},\"sameAs\":[\"https:\/\/www.facebook.com\/pag10com\",\"https:\/\/x.com\/Pag10com\",\"https:\/\/www.instagram.com\/pagina10col\/\",\"https:\/\/youtube.com\/channel\/pag10\",\"https:\/\/www.tiktok.com\/@p10col\"]},{\"@type\":\"Person\",\"@id\":\"https:\/\/pagina10.com\/web\/#\/schema\/person\/2efc4a090d25b667d3bc796798a3a81b\",\"name\":\"P\u00e1gina 10\",\"description\":\"P\u00e1gina 10 es un peri\u00f3dico regional que nace en Colombia, en el departamento de Nari\u00f1o, con un enfoque global, fundamentado en cuatro pilares esenciales: la libertad, el pluralismo, la inclusi\u00f3n y la independencia. P\u00e1gina 10 hace referencia a Nari\u00f1o como el d\u00e9cimo departamento creado en Colombia, despu\u00e9s de un proceso pol\u00edtico liderado por actores y actrices regionales con el fin de obtener la independencia y autonom\u00eda de nuestros territorios. Con la creaci\u00f3n de P\u00e1gina 10 se pretende abrir un escenario para el dialogo, la reflexi\u00f3n y el debate que se extienda a otras geograf\u00edas de Am\u00e9rica Latina y del planeta, en una apuesta por transformar colectivamente los desaf\u00edos de un mundo contempor\u00e1neo, m\u00e1s all\u00e1 de las fronteras impuestas.\",\"url\":\"https:\/\/pagina10.com\/web\/author\/pdiezadmin\/\"}]}<\/script>\n<!-- \/ Yoast SEO plugin. -->","yoast_head_json":{"title":"Un estadio en nuestro pa\u00eds llevar\u00e1 el nombre de \u201cEl tigre\u201d | P\u00e1gina10","robots":{"index":"index","follow":"follow","max-snippet":"max-snippet:-1","max-image-preview":"max-image-preview:large","max-video-preview":"max-video-preview:-1"},"canonical":"https:\/\/pagina10.com\/web\/un-estadio-en-nuestro-pais-llevara-el-nombre-de-el-tigre\/","og_locale":"es_ES","og_type":"article","og_title":"Un estadio en nuestro pa\u00eds llevar\u00e1 el nombre de \u201cEl tigre\u201d | P\u00e1gina10","og_description":"Muchas han sido las glorias que nos ha brindado Radamel Falcao Garcia a los fan\u00e1ticos del f\u00fatbol de nuestro pa\u00eds, se ha constituido con el paso del tiempo en nada m\u00e1s y nada menos que en el goleador hist\u00f3rico de nuestra naci\u00f3n con un total de 36 goles anotados en la misma. Las lesiones, desafortunadamente, [&hellip;]","og_url":"https:\/\/pagina10.com\/web\/un-estadio-en-nuestro-pais-llevara-el-nombre-de-el-tigre\/","og_site_name":"P\u00e1gina10","article_publisher":"https:\/\/www.facebook.com\/pag10com","article_published_time":"2021-02-11T20:23:52+00:00","article_modified_time":"2021-02-12T08:37:43+00:00","og_image":[{"width":318,"height":159,"url":"https:\/\/pagina10.com\/web\/wp-content\/uploads\/2021\/02\/descarga-7.jpg","type":"image\/jpeg"}],"author":"P\u00e1gina 10","twitter_card":"summary_large_image","twitter_creator":"@Pag10com","twitter_site":"@Pag10com","twitter_misc":{"Escrito por":"P\u00e1gina 10","Tiempo de lectura":"1 minuto"},"schema":{"@context":"https:\/\/schema.org","@graph":[{"@type":"Article","@id":"https:\/\/pagina10.com\/web\/un-estadio-en-nuestro-pais-llevara-el-nombre-de-el-tigre\/#article","isPartOf":{"@id":"https:\/\/pagina10.com\/web\/un-estadio-en-nuestro-pais-llevara-el-nombre-de-el-tigre\/"},"author":{"name":"P\u00e1gina 10","@id":"https:\/\/pagina10.com\/web\/#\/schema\/person\/2efc4a090d25b667d3bc796798a3a81b"},"headline":"Un estadio en nuestro pa\u00eds llevar\u00e1 el nombre de \u201cEl tigre\u201d","datePublished":"2021-02-11T20:23:52+00:00","dateModified":"2021-02-12T08:37:43+00:00","mainEntityOfPage":{"@id":"https:\/\/pagina10.com\/web\/un-estadio-en-nuestro-pais-llevara-el-nombre-de-el-tigre\/"},"wordCount":227,"commentCount":0,"publisher":{"@id":"https:\/\/pagina10.com\/web\/#organization"},"image":{"@id":"https:\/\/pagina10.com\/web\/un-estadio-en-nuestro-pais-llevara-el-nombre-de-el-tigre\/#primaryimage"},"thumbnailUrl":"https:\/\/pagina10.com\/web\/wp-content\/uploads\/2021\/02\/descarga-7.jpg","articleSection":["Deportes"],"inLanguage":"es","potentialAction":[{"@type":"CommentAction","name":"Comment","target":["https:\/\/pagina10.com\/web\/un-estadio-en-nuestro-pais-llevara-el-nombre-de-el-tigre\/#respond"]}]},{"@type":"WebPage","@id":"https:\/\/pagina10.com\/web\/un-estadio-en-nuestro-pais-llevara-el-nombre-de-el-tigre\/","url":"https:\/\/pagina10.com\/web\/un-estadio-en-nuestro-pais-llevara-el-nombre-de-el-tigre\/","name":"Un estadio en nuestro pa\u00eds llevar\u00e1 el nombre de \u201cEl tigre\u201d | P\u00e1gina10","isPartOf":{"@id":"https:\/\/pagina10.com\/web\/#website"},"primaryImageOfPage":{"@id":"https:\/\/pagina10.com\/web\/un-estadio-en-nuestro-pais-llevara-el-nombre-de-el-tigre\/#primaryimage"},"image":{"@id":"https:\/\/pagina10.com\/web\/un-estadio-en-nuestro-pais-llevara-el-nombre-de-el-tigre\/#primaryimage"},"thumbnailUrl":"https:\/\/pagina10.com\/web\/wp-content\/uploads\/2021\/02\/descarga-7.jpg","datePublished":"2021-02-11T20:23:52+00:00","dateModified":"2021-02-12T08:37:43+00:00","breadcrumb":{"@id":"https:\/\/pagina10.com\/web\/un-estadio-en-nuestro-pais-llevara-el-nombre-de-el-tigre\/#breadcrumb"},"inLanguage":"es","potentialAction":[{"@type":"ReadAction","target":["https:\/\/pagina10.com\/web\/un-estadio-en-nuestro-pais-llevara-el-nombre-de-el-tigre\/"]}]},{"@type":"ImageObject","inLanguage":"es","@id":"https:\/\/pagina10.com\/web\/un-estadio-en-nuestro-pais-llevara-el-nombre-de-el-tigre\/#primaryimage","url":"https:\/\/pagina10.com\/web\/wp-content\/uploads\/2021\/02\/descarga-7.jpg","contentUrl":"https:\/\/pagina10.com\/web\/wp-content\/uploads\/2021\/02\/descarga-7.jpg","width":318,"height":159},{"@type":"BreadcrumbList","@id":"https:\/\/pagina10.com\/web\/un-estadio-en-nuestro-pais-llevara-el-nombre-de-el-tigre\/#breadcrumb","itemListElement":[{"@type":"ListItem","position":1,"name":"Portada","item":"https:\/\/pagina10.com\/web\/"},{"@type":"ListItem","position":2,"name":"Un estadio en nuestro pa\u00eds llevar\u00e1 el nombre de \u201cEl tigre\u201d"}]},{"@type":"WebSite","@id":"https:\/\/pagina10.com\/web\/#website","url":"https:\/\/pagina10.com\/web\/","name":"P\u00e1gina10","description":"Peri\u00f3dico Regional","publisher":{"@id":"https:\/\/pagina10.com\/web\/#organization"},"alternateName":"P\u00e1gina10 Peri\u00f3dico Regional","potentialAction":[{"@type":"SearchAction","target":{"@type":"EntryPoint","urlTemplate":"https:\/\/pagina10.com\/web\/?s={search_term_string}"},"query-input":{"@type":"PropertyValueSpecification","valueRequired":true,"valueName":"search_term_string"}}],"inLanguage":"es"},{"@type":"Organization","@id":"https:\/\/pagina10.com\/web\/#organization","name":"P\u00e1gina10","alternateName":"P\u00e1gina10 Peri\u00f3dico Regional","url":"https:\/\/pagina10.com\/web\/","logo":{"@type":"ImageObject","inLanguage":"es","@id":"https:\/\/pagina10.com\/web\/#\/schema\/logo\/image\/","url":"https:\/\/pagina10.com\/web\/wp-content\/uploads\/2024\/01\/40-pagina-10-periodico-regional-pasto.jpg","contentUrl":"https:\/\/pagina10.com\/web\/wp-content\/uploads\/2024\/01\/40-pagina-10-periodico-regional-pasto.jpg","width":1280,"height":720,"caption":"P\u00e1gina10"},"image":{"@id":"https:\/\/pagina10.com\/web\/#\/schema\/logo\/image\/"},"sameAs":["https:\/\/www.facebook.com\/pag10com","https:\/\/x.com\/Pag10com","https:\/\/www.instagram.com\/pagina10col\/","https:\/\/youtube.com\/channel\/pag10","https:\/\/www.tiktok.com\/@p10col"]},{"@type":"Person","@id":"https:\/\/pagina10.com\/web\/#\/schema\/person\/2efc4a090d25b667d3bc796798a3a81b","name":"P\u00e1gina 10","description":"P\u00e1gina 10 es un peri\u00f3dico regional que nace en Colombia, en el departamento de Nari\u00f1o, con un enfoque global, fundamentado en cuatro pilares esenciales: la libertad, el pluralismo, la inclusi\u00f3n y la independencia. P\u00e1gina 10 hace referencia a Nari\u00f1o como el d\u00e9cimo departamento creado en Colombia, despu\u00e9s de un proceso pol\u00edtico liderado por actores y actrices regionales con el fin de obtener la independencia y autonom\u00eda de nuestros territorios. Con la creaci\u00f3n de P\u00e1gina 10 se pretende abrir un escenario para el dialogo, la reflexi\u00f3n y el debate que se extienda a otras geograf\u00edas de Am\u00e9rica Latina y del planeta, en una apuesta por transformar colectivamente los desaf\u00edos de un mundo contempor\u00e1neo, m\u00e1s all\u00e1 de las fronteras impuestas.","url":"https:\/\/pagina10.com\/web\/author\/pdiezadmin\/"}]}},"_links":{"self":[{"href":"https:\/\/pagina10.com\/web\/wp-json\/wp\/v2\/posts\/50550","targetHints":{"allow":["GET"]}}],"collection":[{"href":"https:\/\/pagina10.com\/web\/wp-json\/wp\/v2\/posts"}],"about":[{"href":"https:\/\/pagina10.com\/web\/wp-json\/wp\/v2\/types\/post"}],"author":[{"embeddable":true,"href":"https:\/\/pagina10.com\/web\/wp-json\/wp\/v2\/users\/1"}],"replies":[{"embeddable":true,"href":"https:\/\/pagina10.com\/web\/wp-json\/wp\/v2\/comments?post=50550"}],"version-history":[{"count":3,"href":"https:\/\/pagina10.com\/web\/wp-json\/wp\/v2\/posts\/50550\/revisions"}],"predecessor-version":[{"id":50578,"href":"https:\/\/pagina10.com\/web\/wp-json\/wp\/v2\/posts\/50550\/revisions\/50578"}],"wp:featuredmedia":[{"embeddable":true,"href":"https:\/\/pagina10.com\/web\/wp-json\/wp\/v2\/media\/50551"}],"wp:attachment":[{"href":"https:\/\/pagina10.com\/web\/wp-json\/wp\/v2\/media?parent=50550"}],"wp:term":[{"taxonomy":"category","embeddable":true,"href":"https:\/\/pagina10.com\/web\/wp-json\/wp\/v2\/categories?post=50550"},{"taxonomy":"post_tag","embeddable":true,"href":"https:\/\/pagina10.com\/web\/wp-json\/wp\/v2\/tags?post=50550"}],"curies":[{"name":"wp","href":"https:\/\/api.w.org\/{rel}","templated":true}]}}