{"id":50560,"date":"2021-02-11T15:37:56","date_gmt":"2021-02-11T20:37:56","guid":{"rendered":"https:\/\/pagina10.com\/web\/?p=50560"},"modified":"2021-02-11T15:37:56","modified_gmt":"2021-02-11T20:37:56","slug":"actriz-de-star-wars-es-despedida-por-comentario-que-desato-polemica","status":"publish","type":"post","link":"https:\/\/pagina10.com\/web\/actriz-de-star-wars-es-despedida-por-comentario-que-desato-polemica\/","title":{"rendered":"Actriz de Star Wars es despedida por comentario que desat\u00f3 pol\u00e9mica"},"content":{"rendered":"<p style=\"text-align: justify;\">Es por todos conocido que ahora las diferentes compa\u00f1\u00edas de televisi\u00f3n est\u00e1n castigando de forma muy severa a cualquier trabajador que sea sorprendido realizando comentarios por cualquier medio con un enfoque racista, machista, o que sea de alguna o otra forma denigrante para cualquier cultura o religi\u00f3n.<\/p>\n<p style=\"text-align: justify;\">Tal es el caso de la actriz Gina Carano, quien cumpl\u00eda un roll muy importante en la serie del universo de Star Wars \u201c El mandaloriano\u201d perteneciente a la plataforma de streaming Disney Plus, plataforma que es a\u00fan m\u00e1s estricta en sus normas de convivencia entre trabajadores teniendo en cuenta que abarca un rango de p\u00fablico mucho m\u00e1s amplio ( Ni\u00f1os adolescentes y adulos). Son muchas personas las que siguen a actores y actrices que trabajan en la compa\u00f1\u00eda por lo tanto dentro de sus contratos est\u00e1 el hecho de que siempre deben cuidar su imagen p\u00fablica no publicando cualquier clase de contenido que afecte la imagen de la compa\u00f1\u00eda<\/p>\n<p style=\"text-align: justify;\">El pol\u00e9mico post de Instagram por el que Gina fue despedida fue el siguiente:\u201d \u201cLos jud\u00edos fueron golpeados en las calles, no por los soldados nazis, sino por sus vecinos\u2026 incluso por ni\u00f1os. Debido a que la historia se edita, la mayor\u00eda de la gente hoy en d\u00eda no se da cuenta de que para llegar al punto en que los soldados nazis pudieran arrestar f\u00e1cilmente a miles de jud\u00edos, el gobierno primero hizo que sus propios vecinos los odiaran simplemente por ser jud\u00edos. \u00bfEn qu\u00e9 se diferencia eso de odiar a alguien por sus opiniones pol\u00edticas?\u201d. A ra\u00edz de esto Disney decidi\u00f3 desechar toda posibilidad de seguir trabajando con la actriz no solamente en \u201cEl Mandaloriano\u201d sino en cualquier proyecto.<\/p>\n","protected":false},"excerpt":{"rendered":"<p>Es por todos conocido que ahora las diferentes compa\u00f1\u00edas de televisi\u00f3n est\u00e1n castigando de forma muy severa a cualquier trabajador que sea sorprendido realizando comentarios por cualquier medio con un enfoque racista, machista, o que sea de alguna o otra forma denigrante para cualquier cultura o religi\u00f3n. Tal es el caso de la actriz Gina [&hellip;]<\/p>\n","protected":false},"author":1,"featured_media":50561,"comment_status":"open","ping_status":"open","sticky":false,"template":"","format":"standard","meta":{"footnotes":""},"categories":[2],"tags":[],"class_list":["post-50560","post","type-post","status-publish","format-standard","has-post-thumbnail","hentry","category-pagina10"],"yoast_head":"<!-- This site is optimized with the Yoast SEO plugin v27.1.1 - https:\/\/yoast.com\/product\/yoast-seo-wordpress\/ -->\n<title>Actriz de Star Wars es despedida por comentario que desat\u00f3 pol\u00e9mica | P\u00e1gina10<\/title>\n<meta name=\"robots\" content=\"index, follow, max-snippet:-1, max-image-preview:large, max-video-preview:-1\" \/>\n<link rel=\"canonical\" href=\"https:\/\/pagina10.com\/web\/actriz-de-star-wars-es-despedida-por-comentario-que-desato-polemica\/\" \/>\n<meta property=\"og:locale\" content=\"es_ES\" \/>\n<meta property=\"og:type\" content=\"article\" \/>\n<meta property=\"og:title\" content=\"Actriz de Star Wars es despedida por comentario que desat\u00f3 pol\u00e9mica | P\u00e1gina10\" \/>\n<meta property=\"og:description\" content=\"Es por todos conocido que ahora las diferentes compa\u00f1\u00edas de televisi\u00f3n est\u00e1n castigando de forma muy severa a cualquier trabajador que sea sorprendido realizando comentarios por cualquier medio con un enfoque racista, machista, o que sea de alguna o otra forma denigrante para cualquier cultura o religi\u00f3n. Tal es el caso de la actriz Gina [&hellip;]\" \/>\n<meta property=\"og:url\" content=\"https:\/\/pagina10.com\/web\/actriz-de-star-wars-es-despedida-por-comentario-que-desato-polemica\/\" \/>\n<meta property=\"og:site_name\" content=\"P\u00e1gina10\" \/>\n<meta property=\"article:publisher\" content=\"https:\/\/www.facebook.com\/pag10com\" \/>\n<meta property=\"article:published_time\" content=\"2021-02-11T20:37:56+00:00\" \/>\n<meta property=\"og:image\" content=\"https:\/\/pagina10.com\/web\/wp-content\/uploads\/2021\/02\/descarga-2-3.jpg\" \/>\n\t<meta property=\"og:image:width\" content=\"274\" \/>\n\t<meta property=\"og:image:height\" content=\"184\" \/>\n\t<meta property=\"og:image:type\" content=\"image\/jpeg\" \/>\n<meta name=\"author\" content=\"P\u00e1gina 10\" \/>\n<meta name=\"twitter:card\" content=\"summary_large_image\" \/>\n<meta name=\"twitter:creator\" content=\"@Pag10com\" \/>\n<meta name=\"twitter:site\" content=\"@Pag10com\" \/>\n<meta name=\"twitter:label1\" content=\"Escrito por\" \/>\n\t<meta name=\"twitter:data1\" content=\"P\u00e1gina 10\" \/>\n\t<meta name=\"twitter:label2\" content=\"Tiempo de lectura\" \/>\n\t<meta name=\"twitter:data2\" content=\"1 minuto\" \/>\n<script type=\"application\/ld+json\" class=\"yoast-schema-graph\">{\"@context\":\"https:\/\/schema.org\",\"@graph\":[{\"@type\":\"Article\",\"@id\":\"https:\/\/pagina10.com\/web\/actriz-de-star-wars-es-despedida-por-comentario-que-desato-polemica\/#article\",\"isPartOf\":{\"@id\":\"https:\/\/pagina10.com\/web\/actriz-de-star-wars-es-despedida-por-comentario-que-desato-polemica\/\"},\"author\":{\"name\":\"P\u00e1gina 10\",\"@id\":\"https:\/\/pagina10.com\/web\/#\/schema\/person\/2efc4a090d25b667d3bc796798a3a81b\"},\"headline\":\"Actriz de Star Wars es despedida por comentario que desat\u00f3 pol\u00e9mica\",\"datePublished\":\"2021-02-11T20:37:56+00:00\",\"mainEntityOfPage\":{\"@id\":\"https:\/\/pagina10.com\/web\/actriz-de-star-wars-es-despedida-por-comentario-que-desato-polemica\/\"},\"wordCount\":311,\"commentCount\":0,\"publisher\":{\"@id\":\"https:\/\/pagina10.com\/web\/#organization\"},\"image\":{\"@id\":\"https:\/\/pagina10.com\/web\/actriz-de-star-wars-es-despedida-por-comentario-que-desato-polemica\/#primaryimage\"},\"thumbnailUrl\":\"https:\/\/pagina10.com\/web\/wp-content\/uploads\/2021\/02\/descarga-2-3.jpg\",\"articleSection\":[\"P\u00e1gina10\"],\"inLanguage\":\"es\",\"potentialAction\":[{\"@type\":\"CommentAction\",\"name\":\"Comment\",\"target\":[\"https:\/\/pagina10.com\/web\/actriz-de-star-wars-es-despedida-por-comentario-que-desato-polemica\/#respond\"]}]},{\"@type\":\"WebPage\",\"@id\":\"https:\/\/pagina10.com\/web\/actriz-de-star-wars-es-despedida-por-comentario-que-desato-polemica\/\",\"url\":\"https:\/\/pagina10.com\/web\/actriz-de-star-wars-es-despedida-por-comentario-que-desato-polemica\/\",\"name\":\"Actriz de Star Wars es despedida por comentario que desat\u00f3 pol\u00e9mica | P\u00e1gina10\",\"isPartOf\":{\"@id\":\"https:\/\/pagina10.com\/web\/#website\"},\"primaryImageOfPage\":{\"@id\":\"https:\/\/pagina10.com\/web\/actriz-de-star-wars-es-despedida-por-comentario-que-desato-polemica\/#primaryimage\"},\"image\":{\"@id\":\"https:\/\/pagina10.com\/web\/actriz-de-star-wars-es-despedida-por-comentario-que-desato-polemica\/#primaryimage\"},\"thumbnailUrl\":\"https:\/\/pagina10.com\/web\/wp-content\/uploads\/2021\/02\/descarga-2-3.jpg\",\"datePublished\":\"2021-02-11T20:37:56+00:00\",\"breadcrumb\":{\"@id\":\"https:\/\/pagina10.com\/web\/actriz-de-star-wars-es-despedida-por-comentario-que-desato-polemica\/#breadcrumb\"},\"inLanguage\":\"es\",\"potentialAction\":[{\"@type\":\"ReadAction\",\"target\":[\"https:\/\/pagina10.com\/web\/actriz-de-star-wars-es-despedida-por-comentario-que-desato-polemica\/\"]}]},{\"@type\":\"ImageObject\",\"inLanguage\":\"es\",\"@id\":\"https:\/\/pagina10.com\/web\/actriz-de-star-wars-es-despedida-por-comentario-que-desato-polemica\/#primaryimage\",\"url\":\"https:\/\/pagina10.com\/web\/wp-content\/uploads\/2021\/02\/descarga-2-3.jpg\",\"contentUrl\":\"https:\/\/pagina10.com\/web\/wp-content\/uploads\/2021\/02\/descarga-2-3.jpg\",\"width\":274,\"height\":184},{\"@type\":\"BreadcrumbList\",\"@id\":\"https:\/\/pagina10.com\/web\/actriz-de-star-wars-es-despedida-por-comentario-que-desato-polemica\/#breadcrumb\",\"itemListElement\":[{\"@type\":\"ListItem\",\"position\":1,\"name\":\"Portada\",\"item\":\"https:\/\/pagina10.com\/web\/\"},{\"@type\":\"ListItem\",\"position\":2,\"name\":\"Actriz de Star Wars es despedida por comentario que desat\u00f3 pol\u00e9mica\"}]},{\"@type\":\"WebSite\",\"@id\":\"https:\/\/pagina10.com\/web\/#website\",\"url\":\"https:\/\/pagina10.com\/web\/\",\"name\":\"P\u00e1gina10\",\"description\":\"Peri\u00f3dico Regional\",\"publisher\":{\"@id\":\"https:\/\/pagina10.com\/web\/#organization\"},\"alternateName\":\"P\u00e1gina10 Peri\u00f3dico Regional\",\"potentialAction\":[{\"@type\":\"SearchAction\",\"target\":{\"@type\":\"EntryPoint\",\"urlTemplate\":\"https:\/\/pagina10.com\/web\/?s={search_term_string}\"},\"query-input\":{\"@type\":\"PropertyValueSpecification\",\"valueRequired\":true,\"valueName\":\"search_term_string\"}}],\"inLanguage\":\"es\"},{\"@type\":\"Organization\",\"@id\":\"https:\/\/pagina10.com\/web\/#organization\",\"name\":\"P\u00e1gina10\",\"alternateName\":\"P\u00e1gina10 Peri\u00f3dico Regional\",\"url\":\"https:\/\/pagina10.com\/web\/\",\"logo\":{\"@type\":\"ImageObject\",\"inLanguage\":\"es\",\"@id\":\"https:\/\/pagina10.com\/web\/#\/schema\/logo\/image\/\",\"url\":\"https:\/\/pagina10.com\/web\/wp-content\/uploads\/2024\/01\/40-pagina-10-periodico-regional-pasto.jpg\",\"contentUrl\":\"https:\/\/pagina10.com\/web\/wp-content\/uploads\/2024\/01\/40-pagina-10-periodico-regional-pasto.jpg\",\"width\":1280,\"height\":720,\"caption\":\"P\u00e1gina10\"},\"image\":{\"@id\":\"https:\/\/pagina10.com\/web\/#\/schema\/logo\/image\/\"},\"sameAs\":[\"https:\/\/www.facebook.com\/pag10com\",\"https:\/\/x.com\/Pag10com\",\"https:\/\/www.instagram.com\/pagina10col\/\",\"https:\/\/youtube.com\/channel\/pag10\",\"https:\/\/www.tiktok.com\/@p10col\"]},{\"@type\":\"Person\",\"@id\":\"https:\/\/pagina10.com\/web\/#\/schema\/person\/2efc4a090d25b667d3bc796798a3a81b\",\"name\":\"P\u00e1gina 10\",\"description\":\"P\u00e1gina 10 es un peri\u00f3dico regional que nace en Colombia, en el departamento de Nari\u00f1o, con un enfoque global, fundamentado en cuatro pilares esenciales: la libertad, el pluralismo, la inclusi\u00f3n y la independencia. P\u00e1gina 10 hace referencia a Nari\u00f1o como el d\u00e9cimo departamento creado en Colombia, despu\u00e9s de un proceso pol\u00edtico liderado por actores y actrices regionales con el fin de obtener la independencia y autonom\u00eda de nuestros territorios. Con la creaci\u00f3n de P\u00e1gina 10 se pretende abrir un escenario para el dialogo, la reflexi\u00f3n y el debate que se extienda a otras geograf\u00edas de Am\u00e9rica Latina y del planeta, en una apuesta por transformar colectivamente los desaf\u00edos de un mundo contempor\u00e1neo, m\u00e1s all\u00e1 de las fronteras impuestas.\",\"url\":\"https:\/\/pagina10.com\/web\/author\/pdiezadmin\/\"}]}<\/script>\n<!-- \/ Yoast SEO plugin. -->","yoast_head_json":{"title":"Actriz de Star Wars es despedida por comentario que desat\u00f3 pol\u00e9mica | P\u00e1gina10","robots":{"index":"index","follow":"follow","max-snippet":"max-snippet:-1","max-image-preview":"max-image-preview:large","max-video-preview":"max-video-preview:-1"},"canonical":"https:\/\/pagina10.com\/web\/actriz-de-star-wars-es-despedida-por-comentario-que-desato-polemica\/","og_locale":"es_ES","og_type":"article","og_title":"Actriz de Star Wars es despedida por comentario que desat\u00f3 pol\u00e9mica | P\u00e1gina10","og_description":"Es por todos conocido que ahora las diferentes compa\u00f1\u00edas de televisi\u00f3n est\u00e1n castigando de forma muy severa a cualquier trabajador que sea sorprendido realizando comentarios por cualquier medio con un enfoque racista, machista, o que sea de alguna o otra forma denigrante para cualquier cultura o religi\u00f3n. Tal es el caso de la actriz Gina [&hellip;]","og_url":"https:\/\/pagina10.com\/web\/actriz-de-star-wars-es-despedida-por-comentario-que-desato-polemica\/","og_site_name":"P\u00e1gina10","article_publisher":"https:\/\/www.facebook.com\/pag10com","article_published_time":"2021-02-11T20:37:56+00:00","og_image":[{"width":274,"height":184,"url":"https:\/\/pagina10.com\/web\/wp-content\/uploads\/2021\/02\/descarga-2-3.jpg","type":"image\/jpeg"}],"author":"P\u00e1gina 10","twitter_card":"summary_large_image","twitter_creator":"@Pag10com","twitter_site":"@Pag10com","twitter_misc":{"Escrito por":"P\u00e1gina 10","Tiempo de lectura":"1 minuto"},"schema":{"@context":"https:\/\/schema.org","@graph":[{"@type":"Article","@id":"https:\/\/pagina10.com\/web\/actriz-de-star-wars-es-despedida-por-comentario-que-desato-polemica\/#article","isPartOf":{"@id":"https:\/\/pagina10.com\/web\/actriz-de-star-wars-es-despedida-por-comentario-que-desato-polemica\/"},"author":{"name":"P\u00e1gina 10","@id":"https:\/\/pagina10.com\/web\/#\/schema\/person\/2efc4a090d25b667d3bc796798a3a81b"},"headline":"Actriz de Star Wars es despedida por comentario que desat\u00f3 pol\u00e9mica","datePublished":"2021-02-11T20:37:56+00:00","mainEntityOfPage":{"@id":"https:\/\/pagina10.com\/web\/actriz-de-star-wars-es-despedida-por-comentario-que-desato-polemica\/"},"wordCount":311,"commentCount":0,"publisher":{"@id":"https:\/\/pagina10.com\/web\/#organization"},"image":{"@id":"https:\/\/pagina10.com\/web\/actriz-de-star-wars-es-despedida-por-comentario-que-desato-polemica\/#primaryimage"},"thumbnailUrl":"https:\/\/pagina10.com\/web\/wp-content\/uploads\/2021\/02\/descarga-2-3.jpg","articleSection":["P\u00e1gina10"],"inLanguage":"es","potentialAction":[{"@type":"CommentAction","name":"Comment","target":["https:\/\/pagina10.com\/web\/actriz-de-star-wars-es-despedida-por-comentario-que-desato-polemica\/#respond"]}]},{"@type":"WebPage","@id":"https:\/\/pagina10.com\/web\/actriz-de-star-wars-es-despedida-por-comentario-que-desato-polemica\/","url":"https:\/\/pagina10.com\/web\/actriz-de-star-wars-es-despedida-por-comentario-que-desato-polemica\/","name":"Actriz de Star Wars es despedida por comentario que desat\u00f3 pol\u00e9mica | P\u00e1gina10","isPartOf":{"@id":"https:\/\/pagina10.com\/web\/#website"},"primaryImageOfPage":{"@id":"https:\/\/pagina10.com\/web\/actriz-de-star-wars-es-despedida-por-comentario-que-desato-polemica\/#primaryimage"},"image":{"@id":"https:\/\/pagina10.com\/web\/actriz-de-star-wars-es-despedida-por-comentario-que-desato-polemica\/#primaryimage"},"thumbnailUrl":"https:\/\/pagina10.com\/web\/wp-content\/uploads\/2021\/02\/descarga-2-3.jpg","datePublished":"2021-02-11T20:37:56+00:00","breadcrumb":{"@id":"https:\/\/pagina10.com\/web\/actriz-de-star-wars-es-despedida-por-comentario-que-desato-polemica\/#breadcrumb"},"inLanguage":"es","potentialAction":[{"@type":"ReadAction","target":["https:\/\/pagina10.com\/web\/actriz-de-star-wars-es-despedida-por-comentario-que-desato-polemica\/"]}]},{"@type":"ImageObject","inLanguage":"es","@id":"https:\/\/pagina10.com\/web\/actriz-de-star-wars-es-despedida-por-comentario-que-desato-polemica\/#primaryimage","url":"https:\/\/pagina10.com\/web\/wp-content\/uploads\/2021\/02\/descarga-2-3.jpg","contentUrl":"https:\/\/pagina10.com\/web\/wp-content\/uploads\/2021\/02\/descarga-2-3.jpg","width":274,"height":184},{"@type":"BreadcrumbList","@id":"https:\/\/pagina10.com\/web\/actriz-de-star-wars-es-despedida-por-comentario-que-desato-polemica\/#breadcrumb","itemListElement":[{"@type":"ListItem","position":1,"name":"Portada","item":"https:\/\/pagina10.com\/web\/"},{"@type":"ListItem","position":2,"name":"Actriz de Star Wars es despedida por comentario que desat\u00f3 pol\u00e9mica"}]},{"@type":"WebSite","@id":"https:\/\/pagina10.com\/web\/#website","url":"https:\/\/pagina10.com\/web\/","name":"P\u00e1gina10","description":"Peri\u00f3dico Regional","publisher":{"@id":"https:\/\/pagina10.com\/web\/#organization"},"alternateName":"P\u00e1gina10 Peri\u00f3dico Regional","potentialAction":[{"@type":"SearchAction","target":{"@type":"EntryPoint","urlTemplate":"https:\/\/pagina10.com\/web\/?s={search_term_string}"},"query-input":{"@type":"PropertyValueSpecification","valueRequired":true,"valueName":"search_term_string"}}],"inLanguage":"es"},{"@type":"Organization","@id":"https:\/\/pagina10.com\/web\/#organization","name":"P\u00e1gina10","alternateName":"P\u00e1gina10 Peri\u00f3dico Regional","url":"https:\/\/pagina10.com\/web\/","logo":{"@type":"ImageObject","inLanguage":"es","@id":"https:\/\/pagina10.com\/web\/#\/schema\/logo\/image\/","url":"https:\/\/pagina10.com\/web\/wp-content\/uploads\/2024\/01\/40-pagina-10-periodico-regional-pasto.jpg","contentUrl":"https:\/\/pagina10.com\/web\/wp-content\/uploads\/2024\/01\/40-pagina-10-periodico-regional-pasto.jpg","width":1280,"height":720,"caption":"P\u00e1gina10"},"image":{"@id":"https:\/\/pagina10.com\/web\/#\/schema\/logo\/image\/"},"sameAs":["https:\/\/www.facebook.com\/pag10com","https:\/\/x.com\/Pag10com","https:\/\/www.instagram.com\/pagina10col\/","https:\/\/youtube.com\/channel\/pag10","https:\/\/www.tiktok.com\/@p10col"]},{"@type":"Person","@id":"https:\/\/pagina10.com\/web\/#\/schema\/person\/2efc4a090d25b667d3bc796798a3a81b","name":"P\u00e1gina 10","description":"P\u00e1gina 10 es un peri\u00f3dico regional que nace en Colombia, en el departamento de Nari\u00f1o, con un enfoque global, fundamentado en cuatro pilares esenciales: la libertad, el pluralismo, la inclusi\u00f3n y la independencia. P\u00e1gina 10 hace referencia a Nari\u00f1o como el d\u00e9cimo departamento creado en Colombia, despu\u00e9s de un proceso pol\u00edtico liderado por actores y actrices regionales con el fin de obtener la independencia y autonom\u00eda de nuestros territorios. Con la creaci\u00f3n de P\u00e1gina 10 se pretende abrir un escenario para el dialogo, la reflexi\u00f3n y el debate que se extienda a otras geograf\u00edas de Am\u00e9rica Latina y del planeta, en una apuesta por transformar colectivamente los desaf\u00edos de un mundo contempor\u00e1neo, m\u00e1s all\u00e1 de las fronteras impuestas.","url":"https:\/\/pagina10.com\/web\/author\/pdiezadmin\/"}]}},"_links":{"self":[{"href":"https:\/\/pagina10.com\/web\/wp-json\/wp\/v2\/posts\/50560","targetHints":{"allow":["GET"]}}],"collection":[{"href":"https:\/\/pagina10.com\/web\/wp-json\/wp\/v2\/posts"}],"about":[{"href":"https:\/\/pagina10.com\/web\/wp-json\/wp\/v2\/types\/post"}],"author":[{"embeddable":true,"href":"https:\/\/pagina10.com\/web\/wp-json\/wp\/v2\/users\/1"}],"replies":[{"embeddable":true,"href":"https:\/\/pagina10.com\/web\/wp-json\/wp\/v2\/comments?post=50560"}],"version-history":[{"count":1,"href":"https:\/\/pagina10.com\/web\/wp-json\/wp\/v2\/posts\/50560\/revisions"}],"predecessor-version":[{"id":50562,"href":"https:\/\/pagina10.com\/web\/wp-json\/wp\/v2\/posts\/50560\/revisions\/50562"}],"wp:featuredmedia":[{"embeddable":true,"href":"https:\/\/pagina10.com\/web\/wp-json\/wp\/v2\/media\/50561"}],"wp:attachment":[{"href":"https:\/\/pagina10.com\/web\/wp-json\/wp\/v2\/media?parent=50560"}],"wp:term":[{"taxonomy":"category","embeddable":true,"href":"https:\/\/pagina10.com\/web\/wp-json\/wp\/v2\/categories?post=50560"},{"taxonomy":"post_tag","embeddable":true,"href":"https:\/\/pagina10.com\/web\/wp-json\/wp\/v2\/tags?post=50560"}],"curies":[{"name":"wp","href":"https:\/\/api.w.org\/{rel}","templated":true}]}}