{"id":50586,"date":"2021-02-12T16:04:44","date_gmt":"2021-02-12T21:04:44","guid":{"rendered":"https:\/\/pagina10.com\/web\/?p=50586"},"modified":"2021-02-13T16:23:04","modified_gmt":"2021-02-13T21:23:04","slug":"estacion-de-bomberos-en-cumbal-cierra-sus-puertas","status":"publish","type":"post","link":"https:\/\/pagina10.com\/web\/estacion-de-bomberos-en-cumbal-cierra-sus-puertas\/","title":{"rendered":"Estaci\u00f3n de bomberos en Cumbal cierra sus puertas"},"content":{"rendered":"<p style=\"text-align: justify;\">Para nadie es un secreto la dif\u00edcil situaci\u00f3n por que han atravesado los bomberos del departamento de Nari\u00f1o en los \u00faltimos tiempos ha causa de falta de apoyo por parte de gobiernos locales y departamentales en torno a la consecuci\u00f3n de recursos para poder ejercer su labor de servicio de una manera adecuada.<\/p>\n<p style=\"text-align: justify;\">Tal es el caso de la estaci\u00f3n de bomberos de El Cumbal, estaci\u00f3n que se ha visto obligada a cerrar sus puertas de despu\u00e9s de diez a\u00f1os de servicio continuo a la comunidad del municipio. Ellos afirman que desafortunadamente no llegaron a un acuerdo en torno a tener el apoyo para conseguir las herramientas necesarias para su servicio.<\/p>\n<p style=\"text-align: justify;\">A trav\u00e9s de un comunicado y fotograf\u00edas en redes sociales ellos expresaron mensajes de inconformidad con quienes se comprometieron a brindar apoyo y nunca les cumplieron, obligando de esta manera al cierre indefinido de su estaci\u00f3n<\/p>\n","protected":false},"excerpt":{"rendered":"<p>Para nadie es un secreto la dif\u00edcil situaci\u00f3n por que han atravesado los bomberos del departamento de Nari\u00f1o en los \u00faltimos tiempos ha causa de falta de apoyo por parte de gobiernos locales y departamentales en torno a la consecuci\u00f3n de recursos para poder ejercer su labor de servicio de una manera adecuada. Tal es [&hellip;]<\/p>\n","protected":false},"author":1,"featured_media":50587,"comment_status":"open","ping_status":"open","sticky":false,"template":"","format":"standard","meta":{"footnotes":""},"categories":[2],"tags":[],"class_list":["post-50586","post","type-post","status-publish","format-standard","has-post-thumbnail","hentry","category-pagina10"],"yoast_head":"<!-- This site is optimized with the Yoast SEO plugin v27.1.1 - https:\/\/yoast.com\/product\/yoast-seo-wordpress\/ -->\n<title>Estaci\u00f3n de bomberos en Cumbal cierra sus puertas | P\u00e1gina10<\/title>\n<meta name=\"robots\" content=\"index, follow, max-snippet:-1, max-image-preview:large, max-video-preview:-1\" \/>\n<link rel=\"canonical\" href=\"https:\/\/pagina10.com\/web\/estacion-de-bomberos-en-cumbal-cierra-sus-puertas\/\" \/>\n<meta property=\"og:locale\" content=\"es_ES\" \/>\n<meta property=\"og:type\" content=\"article\" \/>\n<meta property=\"og:title\" content=\"Estaci\u00f3n de bomberos en Cumbal cierra sus puertas | P\u00e1gina10\" \/>\n<meta property=\"og:description\" content=\"Para nadie es un secreto la dif\u00edcil situaci\u00f3n por que han atravesado los bomberos del departamento de Nari\u00f1o en los \u00faltimos tiempos ha causa de falta de apoyo por parte de gobiernos locales y departamentales en torno a la consecuci\u00f3n de recursos para poder ejercer su labor de servicio de una manera adecuada. Tal es [&hellip;]\" \/>\n<meta property=\"og:url\" content=\"https:\/\/pagina10.com\/web\/estacion-de-bomberos-en-cumbal-cierra-sus-puertas\/\" \/>\n<meta property=\"og:site_name\" content=\"P\u00e1gina10\" \/>\n<meta property=\"article:publisher\" content=\"https:\/\/www.facebook.com\/pag10com\" \/>\n<meta property=\"article:published_time\" content=\"2021-02-12T21:04:44+00:00\" \/>\n<meta property=\"article:modified_time\" content=\"2021-02-13T21:23:04+00:00\" \/>\n<meta property=\"og:image\" content=\"https:\/\/pagina10.com\/web\/wp-content\/uploads\/2021\/02\/147697355_885645575600501_2319363694836300002_o.jpg\" \/>\n\t<meta property=\"og:image:width\" content=\"1080\" \/>\n\t<meta property=\"og:image:height\" content=\"810\" \/>\n\t<meta property=\"og:image:type\" content=\"image\/jpeg\" \/>\n<meta name=\"author\" content=\"P\u00e1gina 10\" \/>\n<meta name=\"twitter:card\" content=\"summary_large_image\" \/>\n<meta name=\"twitter:creator\" content=\"@Pag10com\" \/>\n<meta name=\"twitter:site\" content=\"@Pag10com\" \/>\n<meta name=\"twitter:label1\" content=\"Escrito por\" \/>\n\t<meta name=\"twitter:data1\" content=\"P\u00e1gina 10\" \/>\n\t<meta name=\"twitter:label2\" content=\"Tiempo de lectura\" \/>\n\t<meta name=\"twitter:data2\" content=\"1 minuto\" \/>\n<script type=\"application\/ld+json\" class=\"yoast-schema-graph\">{\"@context\":\"https:\/\/schema.org\",\"@graph\":[{\"@type\":\"Article\",\"@id\":\"https:\/\/pagina10.com\/web\/estacion-de-bomberos-en-cumbal-cierra-sus-puertas\/#article\",\"isPartOf\":{\"@id\":\"https:\/\/pagina10.com\/web\/estacion-de-bomberos-en-cumbal-cierra-sus-puertas\/\"},\"author\":{\"name\":\"P\u00e1gina 10\",\"@id\":\"https:\/\/pagina10.com\/web\/#\/schema\/person\/2efc4a090d25b667d3bc796798a3a81b\"},\"headline\":\"Estaci\u00f3n de bomberos en Cumbal cierra sus puertas\",\"datePublished\":\"2021-02-12T21:04:44+00:00\",\"dateModified\":\"2021-02-13T21:23:04+00:00\",\"mainEntityOfPage\":{\"@id\":\"https:\/\/pagina10.com\/web\/estacion-de-bomberos-en-cumbal-cierra-sus-puertas\/\"},\"wordCount\":167,\"commentCount\":0,\"publisher\":{\"@id\":\"https:\/\/pagina10.com\/web\/#organization\"},\"image\":{\"@id\":\"https:\/\/pagina10.com\/web\/estacion-de-bomberos-en-cumbal-cierra-sus-puertas\/#primaryimage\"},\"thumbnailUrl\":\"https:\/\/pagina10.com\/web\/wp-content\/uploads\/2021\/02\/147697355_885645575600501_2319363694836300002_o.jpg\",\"articleSection\":[\"P\u00e1gina10\"],\"inLanguage\":\"es\",\"potentialAction\":[{\"@type\":\"CommentAction\",\"name\":\"Comment\",\"target\":[\"https:\/\/pagina10.com\/web\/estacion-de-bomberos-en-cumbal-cierra-sus-puertas\/#respond\"]}]},{\"@type\":\"WebPage\",\"@id\":\"https:\/\/pagina10.com\/web\/estacion-de-bomberos-en-cumbal-cierra-sus-puertas\/\",\"url\":\"https:\/\/pagina10.com\/web\/estacion-de-bomberos-en-cumbal-cierra-sus-puertas\/\",\"name\":\"Estaci\u00f3n de bomberos en Cumbal cierra sus puertas | P\u00e1gina10\",\"isPartOf\":{\"@id\":\"https:\/\/pagina10.com\/web\/#website\"},\"primaryImageOfPage\":{\"@id\":\"https:\/\/pagina10.com\/web\/estacion-de-bomberos-en-cumbal-cierra-sus-puertas\/#primaryimage\"},\"image\":{\"@id\":\"https:\/\/pagina10.com\/web\/estacion-de-bomberos-en-cumbal-cierra-sus-puertas\/#primaryimage\"},\"thumbnailUrl\":\"https:\/\/pagina10.com\/web\/wp-content\/uploads\/2021\/02\/147697355_885645575600501_2319363694836300002_o.jpg\",\"datePublished\":\"2021-02-12T21:04:44+00:00\",\"dateModified\":\"2021-02-13T21:23:04+00:00\",\"breadcrumb\":{\"@id\":\"https:\/\/pagina10.com\/web\/estacion-de-bomberos-en-cumbal-cierra-sus-puertas\/#breadcrumb\"},\"inLanguage\":\"es\",\"potentialAction\":[{\"@type\":\"ReadAction\",\"target\":[\"https:\/\/pagina10.com\/web\/estacion-de-bomberos-en-cumbal-cierra-sus-puertas\/\"]}]},{\"@type\":\"ImageObject\",\"inLanguage\":\"es\",\"@id\":\"https:\/\/pagina10.com\/web\/estacion-de-bomberos-en-cumbal-cierra-sus-puertas\/#primaryimage\",\"url\":\"https:\/\/pagina10.com\/web\/wp-content\/uploads\/2021\/02\/147697355_885645575600501_2319363694836300002_o.jpg\",\"contentUrl\":\"https:\/\/pagina10.com\/web\/wp-content\/uploads\/2021\/02\/147697355_885645575600501_2319363694836300002_o.jpg\",\"width\":1080,\"height\":810},{\"@type\":\"BreadcrumbList\",\"@id\":\"https:\/\/pagina10.com\/web\/estacion-de-bomberos-en-cumbal-cierra-sus-puertas\/#breadcrumb\",\"itemListElement\":[{\"@type\":\"ListItem\",\"position\":1,\"name\":\"Portada\",\"item\":\"https:\/\/pagina10.com\/web\/\"},{\"@type\":\"ListItem\",\"position\":2,\"name\":\"Estaci\u00f3n de bomberos en Cumbal cierra sus puertas\"}]},{\"@type\":\"WebSite\",\"@id\":\"https:\/\/pagina10.com\/web\/#website\",\"url\":\"https:\/\/pagina10.com\/web\/\",\"name\":\"P\u00e1gina10\",\"description\":\"Peri\u00f3dico Regional\",\"publisher\":{\"@id\":\"https:\/\/pagina10.com\/web\/#organization\"},\"alternateName\":\"P\u00e1gina10 Peri\u00f3dico Regional\",\"potentialAction\":[{\"@type\":\"SearchAction\",\"target\":{\"@type\":\"EntryPoint\",\"urlTemplate\":\"https:\/\/pagina10.com\/web\/?s={search_term_string}\"},\"query-input\":{\"@type\":\"PropertyValueSpecification\",\"valueRequired\":true,\"valueName\":\"search_term_string\"}}],\"inLanguage\":\"es\"},{\"@type\":\"Organization\",\"@id\":\"https:\/\/pagina10.com\/web\/#organization\",\"name\":\"P\u00e1gina10\",\"alternateName\":\"P\u00e1gina10 Peri\u00f3dico Regional\",\"url\":\"https:\/\/pagina10.com\/web\/\",\"logo\":{\"@type\":\"ImageObject\",\"inLanguage\":\"es\",\"@id\":\"https:\/\/pagina10.com\/web\/#\/schema\/logo\/image\/\",\"url\":\"https:\/\/pagina10.com\/web\/wp-content\/uploads\/2024\/01\/40-pagina-10-periodico-regional-pasto.jpg\",\"contentUrl\":\"https:\/\/pagina10.com\/web\/wp-content\/uploads\/2024\/01\/40-pagina-10-periodico-regional-pasto.jpg\",\"width\":1280,\"height\":720,\"caption\":\"P\u00e1gina10\"},\"image\":{\"@id\":\"https:\/\/pagina10.com\/web\/#\/schema\/logo\/image\/\"},\"sameAs\":[\"https:\/\/www.facebook.com\/pag10com\",\"https:\/\/x.com\/Pag10com\",\"https:\/\/www.instagram.com\/pagina10col\/\",\"https:\/\/youtube.com\/channel\/pag10\",\"https:\/\/www.tiktok.com\/@p10col\"]},{\"@type\":\"Person\",\"@id\":\"https:\/\/pagina10.com\/web\/#\/schema\/person\/2efc4a090d25b667d3bc796798a3a81b\",\"name\":\"P\u00e1gina 10\",\"description\":\"P\u00e1gina 10 es un peri\u00f3dico regional que nace en Colombia, en el departamento de Nari\u00f1o, con un enfoque global, fundamentado en cuatro pilares esenciales: la libertad, el pluralismo, la inclusi\u00f3n y la independencia. P\u00e1gina 10 hace referencia a Nari\u00f1o como el d\u00e9cimo departamento creado en Colombia, despu\u00e9s de un proceso pol\u00edtico liderado por actores y actrices regionales con el fin de obtener la independencia y autonom\u00eda de nuestros territorios. Con la creaci\u00f3n de P\u00e1gina 10 se pretende abrir un escenario para el dialogo, la reflexi\u00f3n y el debate que se extienda a otras geograf\u00edas de Am\u00e9rica Latina y del planeta, en una apuesta por transformar colectivamente los desaf\u00edos de un mundo contempor\u00e1neo, m\u00e1s all\u00e1 de las fronteras impuestas.\",\"url\":\"https:\/\/pagina10.com\/web\/author\/pdiezadmin\/\"}]}<\/script>\n<!-- \/ Yoast SEO plugin. -->","yoast_head_json":{"title":"Estaci\u00f3n de bomberos en Cumbal cierra sus puertas | P\u00e1gina10","robots":{"index":"index","follow":"follow","max-snippet":"max-snippet:-1","max-image-preview":"max-image-preview:large","max-video-preview":"max-video-preview:-1"},"canonical":"https:\/\/pagina10.com\/web\/estacion-de-bomberos-en-cumbal-cierra-sus-puertas\/","og_locale":"es_ES","og_type":"article","og_title":"Estaci\u00f3n de bomberos en Cumbal cierra sus puertas | P\u00e1gina10","og_description":"Para nadie es un secreto la dif\u00edcil situaci\u00f3n por que han atravesado los bomberos del departamento de Nari\u00f1o en los \u00faltimos tiempos ha causa de falta de apoyo por parte de gobiernos locales y departamentales en torno a la consecuci\u00f3n de recursos para poder ejercer su labor de servicio de una manera adecuada. Tal es [&hellip;]","og_url":"https:\/\/pagina10.com\/web\/estacion-de-bomberos-en-cumbal-cierra-sus-puertas\/","og_site_name":"P\u00e1gina10","article_publisher":"https:\/\/www.facebook.com\/pag10com","article_published_time":"2021-02-12T21:04:44+00:00","article_modified_time":"2021-02-13T21:23:04+00:00","og_image":[{"width":1080,"height":810,"url":"https:\/\/pagina10.com\/web\/wp-content\/uploads\/2021\/02\/147697355_885645575600501_2319363694836300002_o.jpg","type":"image\/jpeg"}],"author":"P\u00e1gina 10","twitter_card":"summary_large_image","twitter_creator":"@Pag10com","twitter_site":"@Pag10com","twitter_misc":{"Escrito por":"P\u00e1gina 10","Tiempo de lectura":"1 minuto"},"schema":{"@context":"https:\/\/schema.org","@graph":[{"@type":"Article","@id":"https:\/\/pagina10.com\/web\/estacion-de-bomberos-en-cumbal-cierra-sus-puertas\/#article","isPartOf":{"@id":"https:\/\/pagina10.com\/web\/estacion-de-bomberos-en-cumbal-cierra-sus-puertas\/"},"author":{"name":"P\u00e1gina 10","@id":"https:\/\/pagina10.com\/web\/#\/schema\/person\/2efc4a090d25b667d3bc796798a3a81b"},"headline":"Estaci\u00f3n de bomberos en Cumbal cierra sus puertas","datePublished":"2021-02-12T21:04:44+00:00","dateModified":"2021-02-13T21:23:04+00:00","mainEntityOfPage":{"@id":"https:\/\/pagina10.com\/web\/estacion-de-bomberos-en-cumbal-cierra-sus-puertas\/"},"wordCount":167,"commentCount":0,"publisher":{"@id":"https:\/\/pagina10.com\/web\/#organization"},"image":{"@id":"https:\/\/pagina10.com\/web\/estacion-de-bomberos-en-cumbal-cierra-sus-puertas\/#primaryimage"},"thumbnailUrl":"https:\/\/pagina10.com\/web\/wp-content\/uploads\/2021\/02\/147697355_885645575600501_2319363694836300002_o.jpg","articleSection":["P\u00e1gina10"],"inLanguage":"es","potentialAction":[{"@type":"CommentAction","name":"Comment","target":["https:\/\/pagina10.com\/web\/estacion-de-bomberos-en-cumbal-cierra-sus-puertas\/#respond"]}]},{"@type":"WebPage","@id":"https:\/\/pagina10.com\/web\/estacion-de-bomberos-en-cumbal-cierra-sus-puertas\/","url":"https:\/\/pagina10.com\/web\/estacion-de-bomberos-en-cumbal-cierra-sus-puertas\/","name":"Estaci\u00f3n de bomberos en Cumbal cierra sus puertas | P\u00e1gina10","isPartOf":{"@id":"https:\/\/pagina10.com\/web\/#website"},"primaryImageOfPage":{"@id":"https:\/\/pagina10.com\/web\/estacion-de-bomberos-en-cumbal-cierra-sus-puertas\/#primaryimage"},"image":{"@id":"https:\/\/pagina10.com\/web\/estacion-de-bomberos-en-cumbal-cierra-sus-puertas\/#primaryimage"},"thumbnailUrl":"https:\/\/pagina10.com\/web\/wp-content\/uploads\/2021\/02\/147697355_885645575600501_2319363694836300002_o.jpg","datePublished":"2021-02-12T21:04:44+00:00","dateModified":"2021-02-13T21:23:04+00:00","breadcrumb":{"@id":"https:\/\/pagina10.com\/web\/estacion-de-bomberos-en-cumbal-cierra-sus-puertas\/#breadcrumb"},"inLanguage":"es","potentialAction":[{"@type":"ReadAction","target":["https:\/\/pagina10.com\/web\/estacion-de-bomberos-en-cumbal-cierra-sus-puertas\/"]}]},{"@type":"ImageObject","inLanguage":"es","@id":"https:\/\/pagina10.com\/web\/estacion-de-bomberos-en-cumbal-cierra-sus-puertas\/#primaryimage","url":"https:\/\/pagina10.com\/web\/wp-content\/uploads\/2021\/02\/147697355_885645575600501_2319363694836300002_o.jpg","contentUrl":"https:\/\/pagina10.com\/web\/wp-content\/uploads\/2021\/02\/147697355_885645575600501_2319363694836300002_o.jpg","width":1080,"height":810},{"@type":"BreadcrumbList","@id":"https:\/\/pagina10.com\/web\/estacion-de-bomberos-en-cumbal-cierra-sus-puertas\/#breadcrumb","itemListElement":[{"@type":"ListItem","position":1,"name":"Portada","item":"https:\/\/pagina10.com\/web\/"},{"@type":"ListItem","position":2,"name":"Estaci\u00f3n de bomberos en Cumbal cierra sus puertas"}]},{"@type":"WebSite","@id":"https:\/\/pagina10.com\/web\/#website","url":"https:\/\/pagina10.com\/web\/","name":"P\u00e1gina10","description":"Peri\u00f3dico Regional","publisher":{"@id":"https:\/\/pagina10.com\/web\/#organization"},"alternateName":"P\u00e1gina10 Peri\u00f3dico Regional","potentialAction":[{"@type":"SearchAction","target":{"@type":"EntryPoint","urlTemplate":"https:\/\/pagina10.com\/web\/?s={search_term_string}"},"query-input":{"@type":"PropertyValueSpecification","valueRequired":true,"valueName":"search_term_string"}}],"inLanguage":"es"},{"@type":"Organization","@id":"https:\/\/pagina10.com\/web\/#organization","name":"P\u00e1gina10","alternateName":"P\u00e1gina10 Peri\u00f3dico Regional","url":"https:\/\/pagina10.com\/web\/","logo":{"@type":"ImageObject","inLanguage":"es","@id":"https:\/\/pagina10.com\/web\/#\/schema\/logo\/image\/","url":"https:\/\/pagina10.com\/web\/wp-content\/uploads\/2024\/01\/40-pagina-10-periodico-regional-pasto.jpg","contentUrl":"https:\/\/pagina10.com\/web\/wp-content\/uploads\/2024\/01\/40-pagina-10-periodico-regional-pasto.jpg","width":1280,"height":720,"caption":"P\u00e1gina10"},"image":{"@id":"https:\/\/pagina10.com\/web\/#\/schema\/logo\/image\/"},"sameAs":["https:\/\/www.facebook.com\/pag10com","https:\/\/x.com\/Pag10com","https:\/\/www.instagram.com\/pagina10col\/","https:\/\/youtube.com\/channel\/pag10","https:\/\/www.tiktok.com\/@p10col"]},{"@type":"Person","@id":"https:\/\/pagina10.com\/web\/#\/schema\/person\/2efc4a090d25b667d3bc796798a3a81b","name":"P\u00e1gina 10","description":"P\u00e1gina 10 es un peri\u00f3dico regional que nace en Colombia, en el departamento de Nari\u00f1o, con un enfoque global, fundamentado en cuatro pilares esenciales: la libertad, el pluralismo, la inclusi\u00f3n y la independencia. P\u00e1gina 10 hace referencia a Nari\u00f1o como el d\u00e9cimo departamento creado en Colombia, despu\u00e9s de un proceso pol\u00edtico liderado por actores y actrices regionales con el fin de obtener la independencia y autonom\u00eda de nuestros territorios. Con la creaci\u00f3n de P\u00e1gina 10 se pretende abrir un escenario para el dialogo, la reflexi\u00f3n y el debate que se extienda a otras geograf\u00edas de Am\u00e9rica Latina y del planeta, en una apuesta por transformar colectivamente los desaf\u00edos de un mundo contempor\u00e1neo, m\u00e1s all\u00e1 de las fronteras impuestas.","url":"https:\/\/pagina10.com\/web\/author\/pdiezadmin\/"}]}},"_links":{"self":[{"href":"https:\/\/pagina10.com\/web\/wp-json\/wp\/v2\/posts\/50586","targetHints":{"allow":["GET"]}}],"collection":[{"href":"https:\/\/pagina10.com\/web\/wp-json\/wp\/v2\/posts"}],"about":[{"href":"https:\/\/pagina10.com\/web\/wp-json\/wp\/v2\/types\/post"}],"author":[{"embeddable":true,"href":"https:\/\/pagina10.com\/web\/wp-json\/wp\/v2\/users\/1"}],"replies":[{"embeddable":true,"href":"https:\/\/pagina10.com\/web\/wp-json\/wp\/v2\/comments?post=50586"}],"version-history":[{"count":2,"href":"https:\/\/pagina10.com\/web\/wp-json\/wp\/v2\/posts\/50586\/revisions"}],"predecessor-version":[{"id":50615,"href":"https:\/\/pagina10.com\/web\/wp-json\/wp\/v2\/posts\/50586\/revisions\/50615"}],"wp:featuredmedia":[{"embeddable":true,"href":"https:\/\/pagina10.com\/web\/wp-json\/wp\/v2\/media\/50587"}],"wp:attachment":[{"href":"https:\/\/pagina10.com\/web\/wp-json\/wp\/v2\/media?parent=50586"}],"wp:term":[{"taxonomy":"category","embeddable":true,"href":"https:\/\/pagina10.com\/web\/wp-json\/wp\/v2\/categories?post=50586"},{"taxonomy":"post_tag","embeddable":true,"href":"https:\/\/pagina10.com\/web\/wp-json\/wp\/v2\/tags?post=50586"}],"curies":[{"name":"wp","href":"https:\/\/api.w.org\/{rel}","templated":true}]}}