{"id":50589,"date":"2021-02-12T16:06:23","date_gmt":"2021-02-12T21:06:23","guid":{"rendered":"https:\/\/pagina10.com\/web\/?p=50589"},"modified":"2021-02-12T16:06:23","modified_gmt":"2021-02-12T21:06:23","slug":"juvenil-johan-camilo-campana-nuevo-jugador-de-argentinos-juniors","status":"publish","type":"post","link":"https:\/\/pagina10.com\/web\/juvenil-johan-camilo-campana-nuevo-jugador-de-argentinos-juniors\/","title":{"rendered":"Juvenil Johan Camilo Campa\u00f1a, nuevo jugador de Argentinos Juniors"},"content":{"rendered":"<p style=\"text-align: justify;\">El talentoso juvenil que el a\u00f1o pasado tuvo la oportunidad de empezar su carrera Deportiva en Deportivo Pasto en el a\u00f1o inmediatamente anterior, ahora quiso dar un salto en su carrera buscando oportunidades en el futbol del exterior, esta oportunidad le lleg\u00f3 de la mano de la Segunda Divisi\u00f3n de Argentina, Argentinos Juniors ser\u00e1 el equipo que le abrir\u00e1 las puertas en los pr\u00f3ximos dos a\u00f1os<\/p>\n<p style=\"text-align: justify;\">Recordemos que desafortunadamente Johan no tuvo mucha oportunidad de mostrar todo su talento en el conjunto Sur colombiano, ya que ten\u00eda mucha competencia por delante y solo pudo actuar un total de 30 minutos, mezclando partidos de Liga y Copa Betplay, con el equipo de su tierra. Situaci\u00f3n que le gener\u00f3 algunas criticas al profesor Diego Corredor, T\u00e9cnico del conjunto Deportivo Pasto.<\/p>\n<p style=\"text-align: justify;\">\u00a1Le deseamos buen viento y buena mar al talentoso jugador Nari\u00f1ense!, quien se constituye en el tercer jugador de la cantera del tricolor que logra salir a proyectar todo su talento en el mundo del exterior!<\/p>\n<p><strong>\u00a0<\/strong><\/p>\n","protected":false},"excerpt":{"rendered":"<p>El talentoso juvenil que el a\u00f1o pasado tuvo la oportunidad de empezar su carrera Deportiva en Deportivo Pasto en el a\u00f1o inmediatamente anterior, ahora quiso dar un salto en su carrera buscando oportunidades en el futbol del exterior, esta oportunidad le lleg\u00f3 de la mano de la Segunda Divisi\u00f3n de Argentina, Argentinos Juniors ser\u00e1 el [&hellip;]<\/p>\n","protected":false},"author":1,"featured_media":0,"comment_status":"open","ping_status":"open","sticky":false,"template":"","format":"standard","meta":{"footnotes":""},"categories":[86],"tags":[],"class_list":["post-50589","post","type-post","status-publish","format-standard","hentry","category-deportes-2"],"yoast_head":"<!-- This site is optimized with the Yoast SEO plugin v27.1.1 - https:\/\/yoast.com\/product\/yoast-seo-wordpress\/ -->\n<title>Juvenil Johan Camilo Campa\u00f1a, nuevo jugador de Argentinos Juniors | P\u00e1gina10<\/title>\n<meta name=\"robots\" content=\"index, follow, max-snippet:-1, max-image-preview:large, max-video-preview:-1\" \/>\n<link rel=\"canonical\" href=\"https:\/\/pagina10.com\/web\/juvenil-johan-camilo-campana-nuevo-jugador-de-argentinos-juniors\/\" \/>\n<meta property=\"og:locale\" content=\"es_ES\" \/>\n<meta property=\"og:type\" content=\"article\" \/>\n<meta property=\"og:title\" content=\"Juvenil Johan Camilo Campa\u00f1a, nuevo jugador de Argentinos Juniors | P\u00e1gina10\" \/>\n<meta property=\"og:description\" content=\"El talentoso juvenil que el a\u00f1o pasado tuvo la oportunidad de empezar su carrera Deportiva en Deportivo Pasto en el a\u00f1o inmediatamente anterior, ahora quiso dar un salto en su carrera buscando oportunidades en el futbol del exterior, esta oportunidad le lleg\u00f3 de la mano de la Segunda Divisi\u00f3n de Argentina, Argentinos Juniors ser\u00e1 el [&hellip;]\" \/>\n<meta property=\"og:url\" content=\"https:\/\/pagina10.com\/web\/juvenil-johan-camilo-campana-nuevo-jugador-de-argentinos-juniors\/\" \/>\n<meta property=\"og:site_name\" content=\"P\u00e1gina10\" \/>\n<meta property=\"article:publisher\" content=\"https:\/\/www.facebook.com\/pag10com\" \/>\n<meta property=\"article:published_time\" content=\"2021-02-12T21:06:23+00:00\" \/>\n<meta property=\"og:image\" content=\"https:\/\/pagina10.com\/web\/wp-content\/uploads\/2024\/01\/40-pagina-10-periodico-regional-pasto.jpg\" \/>\n\t<meta property=\"og:image:width\" content=\"1280\" \/>\n\t<meta property=\"og:image:height\" content=\"720\" \/>\n\t<meta property=\"og:image:type\" content=\"image\/jpeg\" \/>\n<meta name=\"author\" content=\"P\u00e1gina 10\" \/>\n<meta name=\"twitter:card\" content=\"summary_large_image\" \/>\n<meta name=\"twitter:creator\" content=\"@Pag10com\" \/>\n<meta name=\"twitter:site\" content=\"@Pag10com\" \/>\n<meta name=\"twitter:label1\" content=\"Escrito por\" \/>\n\t<meta name=\"twitter:data1\" content=\"P\u00e1gina 10\" \/>\n\t<meta name=\"twitter:label2\" content=\"Tiempo de lectura\" \/>\n\t<meta name=\"twitter:data2\" content=\"1 minuto\" \/>\n<script type=\"application\/ld+json\" class=\"yoast-schema-graph\">{\"@context\":\"https:\/\/schema.org\",\"@graph\":[{\"@type\":\"Article\",\"@id\":\"https:\/\/pagina10.com\/web\/juvenil-johan-camilo-campana-nuevo-jugador-de-argentinos-juniors\/#article\",\"isPartOf\":{\"@id\":\"https:\/\/pagina10.com\/web\/juvenil-johan-camilo-campana-nuevo-jugador-de-argentinos-juniors\/\"},\"author\":{\"name\":\"P\u00e1gina 10\",\"@id\":\"https:\/\/pagina10.com\/web\/#\/schema\/person\/2efc4a090d25b667d3bc796798a3a81b\"},\"headline\":\"Juvenil Johan Camilo Campa\u00f1a, nuevo jugador de Argentinos Juniors\",\"datePublished\":\"2021-02-12T21:06:23+00:00\",\"mainEntityOfPage\":{\"@id\":\"https:\/\/pagina10.com\/web\/juvenil-johan-camilo-campana-nuevo-jugador-de-argentinos-juniors\/\"},\"wordCount\":182,\"commentCount\":0,\"publisher\":{\"@id\":\"https:\/\/pagina10.com\/web\/#organization\"},\"articleSection\":[\"Deportes\"],\"inLanguage\":\"es\",\"potentialAction\":[{\"@type\":\"CommentAction\",\"name\":\"Comment\",\"target\":[\"https:\/\/pagina10.com\/web\/juvenil-johan-camilo-campana-nuevo-jugador-de-argentinos-juniors\/#respond\"]}]},{\"@type\":\"WebPage\",\"@id\":\"https:\/\/pagina10.com\/web\/juvenil-johan-camilo-campana-nuevo-jugador-de-argentinos-juniors\/\",\"url\":\"https:\/\/pagina10.com\/web\/juvenil-johan-camilo-campana-nuevo-jugador-de-argentinos-juniors\/\",\"name\":\"Juvenil Johan Camilo Campa\u00f1a, nuevo jugador de Argentinos Juniors | P\u00e1gina10\",\"isPartOf\":{\"@id\":\"https:\/\/pagina10.com\/web\/#website\"},\"datePublished\":\"2021-02-12T21:06:23+00:00\",\"breadcrumb\":{\"@id\":\"https:\/\/pagina10.com\/web\/juvenil-johan-camilo-campana-nuevo-jugador-de-argentinos-juniors\/#breadcrumb\"},\"inLanguage\":\"es\",\"potentialAction\":[{\"@type\":\"ReadAction\",\"target\":[\"https:\/\/pagina10.com\/web\/juvenil-johan-camilo-campana-nuevo-jugador-de-argentinos-juniors\/\"]}]},{\"@type\":\"BreadcrumbList\",\"@id\":\"https:\/\/pagina10.com\/web\/juvenil-johan-camilo-campana-nuevo-jugador-de-argentinos-juniors\/#breadcrumb\",\"itemListElement\":[{\"@type\":\"ListItem\",\"position\":1,\"name\":\"Portada\",\"item\":\"https:\/\/pagina10.com\/web\/\"},{\"@type\":\"ListItem\",\"position\":2,\"name\":\"Juvenil Johan Camilo Campa\u00f1a, nuevo jugador de Argentinos Juniors\"}]},{\"@type\":\"WebSite\",\"@id\":\"https:\/\/pagina10.com\/web\/#website\",\"url\":\"https:\/\/pagina10.com\/web\/\",\"name\":\"P\u00e1gina10\",\"description\":\"Peri\u00f3dico Regional\",\"publisher\":{\"@id\":\"https:\/\/pagina10.com\/web\/#organization\"},\"alternateName\":\"P\u00e1gina10 Peri\u00f3dico Regional\",\"potentialAction\":[{\"@type\":\"SearchAction\",\"target\":{\"@type\":\"EntryPoint\",\"urlTemplate\":\"https:\/\/pagina10.com\/web\/?s={search_term_string}\"},\"query-input\":{\"@type\":\"PropertyValueSpecification\",\"valueRequired\":true,\"valueName\":\"search_term_string\"}}],\"inLanguage\":\"es\"},{\"@type\":\"Organization\",\"@id\":\"https:\/\/pagina10.com\/web\/#organization\",\"name\":\"P\u00e1gina10\",\"alternateName\":\"P\u00e1gina10 Peri\u00f3dico Regional\",\"url\":\"https:\/\/pagina10.com\/web\/\",\"logo\":{\"@type\":\"ImageObject\",\"inLanguage\":\"es\",\"@id\":\"https:\/\/pagina10.com\/web\/#\/schema\/logo\/image\/\",\"url\":\"https:\/\/pagina10.com\/web\/wp-content\/uploads\/2024\/01\/40-pagina-10-periodico-regional-pasto.jpg\",\"contentUrl\":\"https:\/\/pagina10.com\/web\/wp-content\/uploads\/2024\/01\/40-pagina-10-periodico-regional-pasto.jpg\",\"width\":1280,\"height\":720,\"caption\":\"P\u00e1gina10\"},\"image\":{\"@id\":\"https:\/\/pagina10.com\/web\/#\/schema\/logo\/image\/\"},\"sameAs\":[\"https:\/\/www.facebook.com\/pag10com\",\"https:\/\/x.com\/Pag10com\",\"https:\/\/www.instagram.com\/pagina10col\/\",\"https:\/\/youtube.com\/channel\/pag10\",\"https:\/\/www.tiktok.com\/@p10col\"]},{\"@type\":\"Person\",\"@id\":\"https:\/\/pagina10.com\/web\/#\/schema\/person\/2efc4a090d25b667d3bc796798a3a81b\",\"name\":\"P\u00e1gina 10\",\"description\":\"P\u00e1gina 10 es un peri\u00f3dico regional que nace en Colombia, en el departamento de Nari\u00f1o, con un enfoque global, fundamentado en cuatro pilares esenciales: la libertad, el pluralismo, la inclusi\u00f3n y la independencia. P\u00e1gina 10 hace referencia a Nari\u00f1o como el d\u00e9cimo departamento creado en Colombia, despu\u00e9s de un proceso pol\u00edtico liderado por actores y actrices regionales con el fin de obtener la independencia y autonom\u00eda de nuestros territorios. Con la creaci\u00f3n de P\u00e1gina 10 se pretende abrir un escenario para el dialogo, la reflexi\u00f3n y el debate que se extienda a otras geograf\u00edas de Am\u00e9rica Latina y del planeta, en una apuesta por transformar colectivamente los desaf\u00edos de un mundo contempor\u00e1neo, m\u00e1s all\u00e1 de las fronteras impuestas.\",\"url\":\"https:\/\/pagina10.com\/web\/author\/pdiezadmin\/\"}]}<\/script>\n<!-- \/ Yoast SEO plugin. -->","yoast_head_json":{"title":"Juvenil Johan Camilo Campa\u00f1a, nuevo jugador de Argentinos Juniors | P\u00e1gina10","robots":{"index":"index","follow":"follow","max-snippet":"max-snippet:-1","max-image-preview":"max-image-preview:large","max-video-preview":"max-video-preview:-1"},"canonical":"https:\/\/pagina10.com\/web\/juvenil-johan-camilo-campana-nuevo-jugador-de-argentinos-juniors\/","og_locale":"es_ES","og_type":"article","og_title":"Juvenil Johan Camilo Campa\u00f1a, nuevo jugador de Argentinos Juniors | P\u00e1gina10","og_description":"El talentoso juvenil que el a\u00f1o pasado tuvo la oportunidad de empezar su carrera Deportiva en Deportivo Pasto en el a\u00f1o inmediatamente anterior, ahora quiso dar un salto en su carrera buscando oportunidades en el futbol del exterior, esta oportunidad le lleg\u00f3 de la mano de la Segunda Divisi\u00f3n de Argentina, Argentinos Juniors ser\u00e1 el [&hellip;]","og_url":"https:\/\/pagina10.com\/web\/juvenil-johan-camilo-campana-nuevo-jugador-de-argentinos-juniors\/","og_site_name":"P\u00e1gina10","article_publisher":"https:\/\/www.facebook.com\/pag10com","article_published_time":"2021-02-12T21:06:23+00:00","og_image":[{"width":1280,"height":720,"url":"https:\/\/pagina10.com\/web\/wp-content\/uploads\/2024\/01\/40-pagina-10-periodico-regional-pasto.jpg","type":"image\/jpeg"}],"author":"P\u00e1gina 10","twitter_card":"summary_large_image","twitter_creator":"@Pag10com","twitter_site":"@Pag10com","twitter_misc":{"Escrito por":"P\u00e1gina 10","Tiempo de lectura":"1 minuto"},"schema":{"@context":"https:\/\/schema.org","@graph":[{"@type":"Article","@id":"https:\/\/pagina10.com\/web\/juvenil-johan-camilo-campana-nuevo-jugador-de-argentinos-juniors\/#article","isPartOf":{"@id":"https:\/\/pagina10.com\/web\/juvenil-johan-camilo-campana-nuevo-jugador-de-argentinos-juniors\/"},"author":{"name":"P\u00e1gina 10","@id":"https:\/\/pagina10.com\/web\/#\/schema\/person\/2efc4a090d25b667d3bc796798a3a81b"},"headline":"Juvenil Johan Camilo Campa\u00f1a, nuevo jugador de Argentinos Juniors","datePublished":"2021-02-12T21:06:23+00:00","mainEntityOfPage":{"@id":"https:\/\/pagina10.com\/web\/juvenil-johan-camilo-campana-nuevo-jugador-de-argentinos-juniors\/"},"wordCount":182,"commentCount":0,"publisher":{"@id":"https:\/\/pagina10.com\/web\/#organization"},"articleSection":["Deportes"],"inLanguage":"es","potentialAction":[{"@type":"CommentAction","name":"Comment","target":["https:\/\/pagina10.com\/web\/juvenil-johan-camilo-campana-nuevo-jugador-de-argentinos-juniors\/#respond"]}]},{"@type":"WebPage","@id":"https:\/\/pagina10.com\/web\/juvenil-johan-camilo-campana-nuevo-jugador-de-argentinos-juniors\/","url":"https:\/\/pagina10.com\/web\/juvenil-johan-camilo-campana-nuevo-jugador-de-argentinos-juniors\/","name":"Juvenil Johan Camilo Campa\u00f1a, nuevo jugador de Argentinos Juniors | P\u00e1gina10","isPartOf":{"@id":"https:\/\/pagina10.com\/web\/#website"},"datePublished":"2021-02-12T21:06:23+00:00","breadcrumb":{"@id":"https:\/\/pagina10.com\/web\/juvenil-johan-camilo-campana-nuevo-jugador-de-argentinos-juniors\/#breadcrumb"},"inLanguage":"es","potentialAction":[{"@type":"ReadAction","target":["https:\/\/pagina10.com\/web\/juvenil-johan-camilo-campana-nuevo-jugador-de-argentinos-juniors\/"]}]},{"@type":"BreadcrumbList","@id":"https:\/\/pagina10.com\/web\/juvenil-johan-camilo-campana-nuevo-jugador-de-argentinos-juniors\/#breadcrumb","itemListElement":[{"@type":"ListItem","position":1,"name":"Portada","item":"https:\/\/pagina10.com\/web\/"},{"@type":"ListItem","position":2,"name":"Juvenil Johan Camilo Campa\u00f1a, nuevo jugador de Argentinos Juniors"}]},{"@type":"WebSite","@id":"https:\/\/pagina10.com\/web\/#website","url":"https:\/\/pagina10.com\/web\/","name":"P\u00e1gina10","description":"Peri\u00f3dico Regional","publisher":{"@id":"https:\/\/pagina10.com\/web\/#organization"},"alternateName":"P\u00e1gina10 Peri\u00f3dico Regional","potentialAction":[{"@type":"SearchAction","target":{"@type":"EntryPoint","urlTemplate":"https:\/\/pagina10.com\/web\/?s={search_term_string}"},"query-input":{"@type":"PropertyValueSpecification","valueRequired":true,"valueName":"search_term_string"}}],"inLanguage":"es"},{"@type":"Organization","@id":"https:\/\/pagina10.com\/web\/#organization","name":"P\u00e1gina10","alternateName":"P\u00e1gina10 Peri\u00f3dico Regional","url":"https:\/\/pagina10.com\/web\/","logo":{"@type":"ImageObject","inLanguage":"es","@id":"https:\/\/pagina10.com\/web\/#\/schema\/logo\/image\/","url":"https:\/\/pagina10.com\/web\/wp-content\/uploads\/2024\/01\/40-pagina-10-periodico-regional-pasto.jpg","contentUrl":"https:\/\/pagina10.com\/web\/wp-content\/uploads\/2024\/01\/40-pagina-10-periodico-regional-pasto.jpg","width":1280,"height":720,"caption":"P\u00e1gina10"},"image":{"@id":"https:\/\/pagina10.com\/web\/#\/schema\/logo\/image\/"},"sameAs":["https:\/\/www.facebook.com\/pag10com","https:\/\/x.com\/Pag10com","https:\/\/www.instagram.com\/pagina10col\/","https:\/\/youtube.com\/channel\/pag10","https:\/\/www.tiktok.com\/@p10col"]},{"@type":"Person","@id":"https:\/\/pagina10.com\/web\/#\/schema\/person\/2efc4a090d25b667d3bc796798a3a81b","name":"P\u00e1gina 10","description":"P\u00e1gina 10 es un peri\u00f3dico regional que nace en Colombia, en el departamento de Nari\u00f1o, con un enfoque global, fundamentado en cuatro pilares esenciales: la libertad, el pluralismo, la inclusi\u00f3n y la independencia. P\u00e1gina 10 hace referencia a Nari\u00f1o como el d\u00e9cimo departamento creado en Colombia, despu\u00e9s de un proceso pol\u00edtico liderado por actores y actrices regionales con el fin de obtener la independencia y autonom\u00eda de nuestros territorios. Con la creaci\u00f3n de P\u00e1gina 10 se pretende abrir un escenario para el dialogo, la reflexi\u00f3n y el debate que se extienda a otras geograf\u00edas de Am\u00e9rica Latina y del planeta, en una apuesta por transformar colectivamente los desaf\u00edos de un mundo contempor\u00e1neo, m\u00e1s all\u00e1 de las fronteras impuestas.","url":"https:\/\/pagina10.com\/web\/author\/pdiezadmin\/"}]}},"_links":{"self":[{"href":"https:\/\/pagina10.com\/web\/wp-json\/wp\/v2\/posts\/50589","targetHints":{"allow":["GET"]}}],"collection":[{"href":"https:\/\/pagina10.com\/web\/wp-json\/wp\/v2\/posts"}],"about":[{"href":"https:\/\/pagina10.com\/web\/wp-json\/wp\/v2\/types\/post"}],"author":[{"embeddable":true,"href":"https:\/\/pagina10.com\/web\/wp-json\/wp\/v2\/users\/1"}],"replies":[{"embeddable":true,"href":"https:\/\/pagina10.com\/web\/wp-json\/wp\/v2\/comments?post=50589"}],"version-history":[{"count":1,"href":"https:\/\/pagina10.com\/web\/wp-json\/wp\/v2\/posts\/50589\/revisions"}],"predecessor-version":[{"id":50590,"href":"https:\/\/pagina10.com\/web\/wp-json\/wp\/v2\/posts\/50589\/revisions\/50590"}],"wp:attachment":[{"href":"https:\/\/pagina10.com\/web\/wp-json\/wp\/v2\/media?parent=50589"}],"wp:term":[{"taxonomy":"category","embeddable":true,"href":"https:\/\/pagina10.com\/web\/wp-json\/wp\/v2\/categories?post=50589"},{"taxonomy":"post_tag","embeddable":true,"href":"https:\/\/pagina10.com\/web\/wp-json\/wp\/v2\/tags?post=50589"}],"curies":[{"name":"wp","href":"https:\/\/api.w.org\/{rel}","templated":true}]}}