{"id":50596,"date":"2021-02-12T16:10:36","date_gmt":"2021-02-12T21:10:36","guid":{"rendered":"https:\/\/pagina10.com\/web\/?p=50596"},"modified":"2021-02-12T16:18:29","modified_gmt":"2021-02-12T21:18:29","slug":"en-puerres-se-llevara-a-cabo-un-proceso-de-saneamiento-de-la-propiedad","status":"publish","type":"post","link":"https:\/\/pagina10.com\/web\/en-puerres-se-llevara-a-cabo-un-proceso-de-saneamiento-de-la-propiedad\/","title":{"rendered":"En Puerres se llevar\u00e1 a cabo un proceso de saneamiento de la propiedad"},"content":{"rendered":"<p style=\"text-align: justify;\">El alcalde del Municipio de Puerres, Doctor Albeiro Ortiz Quiroz comienza la iniciativa denominada \u201cSaneamiento de la Propiedad\u201d Seg\u00fan manifiesta el alcalde, \u00e9l se va a comprometer con todos los recursos necesarios para comenzar el proceso de saneamiento de diferentes tipos de bienes de propiedad de particulares<\/p>\n<p style=\"text-align: justify;\">Seg\u00fan la norma vigente (ley 2044 del 2020) dichas propiedades deben cumplir con una serie de requisitos establecidos por el gobierno dentro de los cuales el m\u00e1s importante es que la posesi\u00f3n de estas propiedades debe ser de un periodo superior a diez a\u00f1os para poder acceder a estos beneficios.<\/p>\n<p style=\"text-align: justify;\">\u00a0El d\u00eda de ayer en la ciudad de Bogot\u00e1 se llev\u00f3 a cabo la implementaci\u00f3n de algunos puntos para poder dar comienzo a este proceso. En esta reuni\u00f3n estuvieron presentes el alcalde de Puerres, la Ingeniera Catastral Viviana Carolina Mendieta quien es Asesora tenia del grupo de Titulaci\u00f3n y Saneamiento Predial y el equipo Jur\u00eddico del Ministerio de Vivienda Salud y Territorio<\/p>\n<p>&nbsp;<\/p>\n","protected":false},"excerpt":{"rendered":"<p>El alcalde del Municipio de Puerres, Doctor Albeiro Ortiz Quiroz comienza la iniciativa denominada \u201cSaneamiento de la Propiedad\u201d Seg\u00fan manifiesta el alcalde, \u00e9l se va a comprometer con todos los recursos necesarios para comenzar el proceso de saneamiento de diferentes tipos de bienes de propiedad de particulares Seg\u00fan la norma vigente (ley 2044 del 2020) [&hellip;]<\/p>\n","protected":false},"author":1,"featured_media":50602,"comment_status":"open","ping_status":"open","sticky":false,"template":"","format":"standard","meta":{"footnotes":""},"categories":[2],"tags":[],"class_list":["post-50596","post","type-post","status-publish","format-standard","has-post-thumbnail","hentry","category-pagina10"],"yoast_head":"<!-- This site is optimized with the Yoast SEO plugin v27.1.1 - https:\/\/yoast.com\/product\/yoast-seo-wordpress\/ -->\n<title>En Puerres se llevar\u00e1 a cabo un proceso de saneamiento de la propiedad | P\u00e1gina10<\/title>\n<meta name=\"robots\" content=\"index, follow, max-snippet:-1, max-image-preview:large, max-video-preview:-1\" \/>\n<link rel=\"canonical\" href=\"https:\/\/pagina10.com\/web\/en-puerres-se-llevara-a-cabo-un-proceso-de-saneamiento-de-la-propiedad\/\" \/>\n<meta property=\"og:locale\" content=\"es_ES\" \/>\n<meta property=\"og:type\" content=\"article\" \/>\n<meta property=\"og:title\" content=\"En Puerres se llevar\u00e1 a cabo un proceso de saneamiento de la propiedad | P\u00e1gina10\" \/>\n<meta property=\"og:description\" content=\"El alcalde del Municipio de Puerres, Doctor Albeiro Ortiz Quiroz comienza la iniciativa denominada \u201cSaneamiento de la Propiedad\u201d Seg\u00fan manifiesta el alcalde, \u00e9l se va a comprometer con todos los recursos necesarios para comenzar el proceso de saneamiento de diferentes tipos de bienes de propiedad de particulares Seg\u00fan la norma vigente (ley 2044 del 2020) [&hellip;]\" \/>\n<meta property=\"og:url\" content=\"https:\/\/pagina10.com\/web\/en-puerres-se-llevara-a-cabo-un-proceso-de-saneamiento-de-la-propiedad\/\" \/>\n<meta property=\"og:site_name\" content=\"P\u00e1gina10\" \/>\n<meta property=\"article:publisher\" content=\"https:\/\/www.facebook.com\/pag10com\" \/>\n<meta property=\"article:published_time\" content=\"2021-02-12T21:10:36+00:00\" \/>\n<meta property=\"article:modified_time\" content=\"2021-02-12T21:18:29+00:00\" \/>\n<meta property=\"og:image\" content=\"https:\/\/pagina10.com\/web\/wp-content\/uploads\/2021\/02\/descarga-14.jpg\" \/>\n\t<meta property=\"og:image:width\" content=\"259\" \/>\n\t<meta property=\"og:image:height\" content=\"194\" \/>\n\t<meta property=\"og:image:type\" content=\"image\/jpeg\" \/>\n<meta name=\"author\" content=\"P\u00e1gina 10\" \/>\n<meta name=\"twitter:card\" content=\"summary_large_image\" \/>\n<meta name=\"twitter:creator\" content=\"@Pag10com\" \/>\n<meta name=\"twitter:site\" content=\"@Pag10com\" \/>\n<meta name=\"twitter:label1\" content=\"Escrito por\" \/>\n\t<meta name=\"twitter:data1\" content=\"P\u00e1gina 10\" \/>\n\t<meta name=\"twitter:label2\" content=\"Tiempo de lectura\" \/>\n\t<meta name=\"twitter:data2\" content=\"1 minuto\" \/>\n<script type=\"application\/ld+json\" class=\"yoast-schema-graph\">{\"@context\":\"https:\/\/schema.org\",\"@graph\":[{\"@type\":\"Article\",\"@id\":\"https:\/\/pagina10.com\/web\/en-puerres-se-llevara-a-cabo-un-proceso-de-saneamiento-de-la-propiedad\/#article\",\"isPartOf\":{\"@id\":\"https:\/\/pagina10.com\/web\/en-puerres-se-llevara-a-cabo-un-proceso-de-saneamiento-de-la-propiedad\/\"},\"author\":{\"name\":\"P\u00e1gina 10\",\"@id\":\"https:\/\/pagina10.com\/web\/#\/schema\/person\/2efc4a090d25b667d3bc796798a3a81b\"},\"headline\":\"En Puerres se llevar\u00e1 a cabo un proceso de saneamiento de la propiedad\",\"datePublished\":\"2021-02-12T21:10:36+00:00\",\"dateModified\":\"2021-02-12T21:18:29+00:00\",\"mainEntityOfPage\":{\"@id\":\"https:\/\/pagina10.com\/web\/en-puerres-se-llevara-a-cabo-un-proceso-de-saneamiento-de-la-propiedad\/\"},\"wordCount\":181,\"commentCount\":0,\"publisher\":{\"@id\":\"https:\/\/pagina10.com\/web\/#organization\"},\"image\":{\"@id\":\"https:\/\/pagina10.com\/web\/en-puerres-se-llevara-a-cabo-un-proceso-de-saneamiento-de-la-propiedad\/#primaryimage\"},\"thumbnailUrl\":\"https:\/\/pagina10.com\/web\/wp-content\/uploads\/2021\/02\/descarga-14.jpg\",\"articleSection\":[\"P\u00e1gina10\"],\"inLanguage\":\"es\",\"potentialAction\":[{\"@type\":\"CommentAction\",\"name\":\"Comment\",\"target\":[\"https:\/\/pagina10.com\/web\/en-puerres-se-llevara-a-cabo-un-proceso-de-saneamiento-de-la-propiedad\/#respond\"]}]},{\"@type\":\"WebPage\",\"@id\":\"https:\/\/pagina10.com\/web\/en-puerres-se-llevara-a-cabo-un-proceso-de-saneamiento-de-la-propiedad\/\",\"url\":\"https:\/\/pagina10.com\/web\/en-puerres-se-llevara-a-cabo-un-proceso-de-saneamiento-de-la-propiedad\/\",\"name\":\"En Puerres se llevar\u00e1 a cabo un proceso de saneamiento de la propiedad | P\u00e1gina10\",\"isPartOf\":{\"@id\":\"https:\/\/pagina10.com\/web\/#website\"},\"primaryImageOfPage\":{\"@id\":\"https:\/\/pagina10.com\/web\/en-puerres-se-llevara-a-cabo-un-proceso-de-saneamiento-de-la-propiedad\/#primaryimage\"},\"image\":{\"@id\":\"https:\/\/pagina10.com\/web\/en-puerres-se-llevara-a-cabo-un-proceso-de-saneamiento-de-la-propiedad\/#primaryimage\"},\"thumbnailUrl\":\"https:\/\/pagina10.com\/web\/wp-content\/uploads\/2021\/02\/descarga-14.jpg\",\"datePublished\":\"2021-02-12T21:10:36+00:00\",\"dateModified\":\"2021-02-12T21:18:29+00:00\",\"breadcrumb\":{\"@id\":\"https:\/\/pagina10.com\/web\/en-puerres-se-llevara-a-cabo-un-proceso-de-saneamiento-de-la-propiedad\/#breadcrumb\"},\"inLanguage\":\"es\",\"potentialAction\":[{\"@type\":\"ReadAction\",\"target\":[\"https:\/\/pagina10.com\/web\/en-puerres-se-llevara-a-cabo-un-proceso-de-saneamiento-de-la-propiedad\/\"]}]},{\"@type\":\"ImageObject\",\"inLanguage\":\"es\",\"@id\":\"https:\/\/pagina10.com\/web\/en-puerres-se-llevara-a-cabo-un-proceso-de-saneamiento-de-la-propiedad\/#primaryimage\",\"url\":\"https:\/\/pagina10.com\/web\/wp-content\/uploads\/2021\/02\/descarga-14.jpg\",\"contentUrl\":\"https:\/\/pagina10.com\/web\/wp-content\/uploads\/2021\/02\/descarga-14.jpg\",\"width\":259,\"height\":194},{\"@type\":\"BreadcrumbList\",\"@id\":\"https:\/\/pagina10.com\/web\/en-puerres-se-llevara-a-cabo-un-proceso-de-saneamiento-de-la-propiedad\/#breadcrumb\",\"itemListElement\":[{\"@type\":\"ListItem\",\"position\":1,\"name\":\"Portada\",\"item\":\"https:\/\/pagina10.com\/web\/\"},{\"@type\":\"ListItem\",\"position\":2,\"name\":\"En Puerres se llevar\u00e1 a cabo un proceso de saneamiento de la propiedad\"}]},{\"@type\":\"WebSite\",\"@id\":\"https:\/\/pagina10.com\/web\/#website\",\"url\":\"https:\/\/pagina10.com\/web\/\",\"name\":\"P\u00e1gina10\",\"description\":\"Peri\u00f3dico Regional\",\"publisher\":{\"@id\":\"https:\/\/pagina10.com\/web\/#organization\"},\"alternateName\":\"P\u00e1gina10 Peri\u00f3dico Regional\",\"potentialAction\":[{\"@type\":\"SearchAction\",\"target\":{\"@type\":\"EntryPoint\",\"urlTemplate\":\"https:\/\/pagina10.com\/web\/?s={search_term_string}\"},\"query-input\":{\"@type\":\"PropertyValueSpecification\",\"valueRequired\":true,\"valueName\":\"search_term_string\"}}],\"inLanguage\":\"es\"},{\"@type\":\"Organization\",\"@id\":\"https:\/\/pagina10.com\/web\/#organization\",\"name\":\"P\u00e1gina10\",\"alternateName\":\"P\u00e1gina10 Peri\u00f3dico Regional\",\"url\":\"https:\/\/pagina10.com\/web\/\",\"logo\":{\"@type\":\"ImageObject\",\"inLanguage\":\"es\",\"@id\":\"https:\/\/pagina10.com\/web\/#\/schema\/logo\/image\/\",\"url\":\"https:\/\/pagina10.com\/web\/wp-content\/uploads\/2024\/01\/40-pagina-10-periodico-regional-pasto.jpg\",\"contentUrl\":\"https:\/\/pagina10.com\/web\/wp-content\/uploads\/2024\/01\/40-pagina-10-periodico-regional-pasto.jpg\",\"width\":1280,\"height\":720,\"caption\":\"P\u00e1gina10\"},\"image\":{\"@id\":\"https:\/\/pagina10.com\/web\/#\/schema\/logo\/image\/\"},\"sameAs\":[\"https:\/\/www.facebook.com\/pag10com\",\"https:\/\/x.com\/Pag10com\",\"https:\/\/www.instagram.com\/pagina10col\/\",\"https:\/\/youtube.com\/channel\/pag10\",\"https:\/\/www.tiktok.com\/@p10col\"]},{\"@type\":\"Person\",\"@id\":\"https:\/\/pagina10.com\/web\/#\/schema\/person\/2efc4a090d25b667d3bc796798a3a81b\",\"name\":\"P\u00e1gina 10\",\"description\":\"P\u00e1gina 10 es un peri\u00f3dico regional que nace en Colombia, en el departamento de Nari\u00f1o, con un enfoque global, fundamentado en cuatro pilares esenciales: la libertad, el pluralismo, la inclusi\u00f3n y la independencia. P\u00e1gina 10 hace referencia a Nari\u00f1o como el d\u00e9cimo departamento creado en Colombia, despu\u00e9s de un proceso pol\u00edtico liderado por actores y actrices regionales con el fin de obtener la independencia y autonom\u00eda de nuestros territorios. Con la creaci\u00f3n de P\u00e1gina 10 se pretende abrir un escenario para el dialogo, la reflexi\u00f3n y el debate que se extienda a otras geograf\u00edas de Am\u00e9rica Latina y del planeta, en una apuesta por transformar colectivamente los desaf\u00edos de un mundo contempor\u00e1neo, m\u00e1s all\u00e1 de las fronteras impuestas.\",\"url\":\"https:\/\/pagina10.com\/web\/author\/pdiezadmin\/\"}]}<\/script>\n<!-- \/ Yoast SEO plugin. -->","yoast_head_json":{"title":"En Puerres se llevar\u00e1 a cabo un proceso de saneamiento de la propiedad | P\u00e1gina10","robots":{"index":"index","follow":"follow","max-snippet":"max-snippet:-1","max-image-preview":"max-image-preview:large","max-video-preview":"max-video-preview:-1"},"canonical":"https:\/\/pagina10.com\/web\/en-puerres-se-llevara-a-cabo-un-proceso-de-saneamiento-de-la-propiedad\/","og_locale":"es_ES","og_type":"article","og_title":"En Puerres se llevar\u00e1 a cabo un proceso de saneamiento de la propiedad | P\u00e1gina10","og_description":"El alcalde del Municipio de Puerres, Doctor Albeiro Ortiz Quiroz comienza la iniciativa denominada \u201cSaneamiento de la Propiedad\u201d Seg\u00fan manifiesta el alcalde, \u00e9l se va a comprometer con todos los recursos necesarios para comenzar el proceso de saneamiento de diferentes tipos de bienes de propiedad de particulares Seg\u00fan la norma vigente (ley 2044 del 2020) [&hellip;]","og_url":"https:\/\/pagina10.com\/web\/en-puerres-se-llevara-a-cabo-un-proceso-de-saneamiento-de-la-propiedad\/","og_site_name":"P\u00e1gina10","article_publisher":"https:\/\/www.facebook.com\/pag10com","article_published_time":"2021-02-12T21:10:36+00:00","article_modified_time":"2021-02-12T21:18:29+00:00","og_image":[{"width":259,"height":194,"url":"https:\/\/pagina10.com\/web\/wp-content\/uploads\/2021\/02\/descarga-14.jpg","type":"image\/jpeg"}],"author":"P\u00e1gina 10","twitter_card":"summary_large_image","twitter_creator":"@Pag10com","twitter_site":"@Pag10com","twitter_misc":{"Escrito por":"P\u00e1gina 10","Tiempo de lectura":"1 minuto"},"schema":{"@context":"https:\/\/schema.org","@graph":[{"@type":"Article","@id":"https:\/\/pagina10.com\/web\/en-puerres-se-llevara-a-cabo-un-proceso-de-saneamiento-de-la-propiedad\/#article","isPartOf":{"@id":"https:\/\/pagina10.com\/web\/en-puerres-se-llevara-a-cabo-un-proceso-de-saneamiento-de-la-propiedad\/"},"author":{"name":"P\u00e1gina 10","@id":"https:\/\/pagina10.com\/web\/#\/schema\/person\/2efc4a090d25b667d3bc796798a3a81b"},"headline":"En Puerres se llevar\u00e1 a cabo un proceso de saneamiento de la propiedad","datePublished":"2021-02-12T21:10:36+00:00","dateModified":"2021-02-12T21:18:29+00:00","mainEntityOfPage":{"@id":"https:\/\/pagina10.com\/web\/en-puerres-se-llevara-a-cabo-un-proceso-de-saneamiento-de-la-propiedad\/"},"wordCount":181,"commentCount":0,"publisher":{"@id":"https:\/\/pagina10.com\/web\/#organization"},"image":{"@id":"https:\/\/pagina10.com\/web\/en-puerres-se-llevara-a-cabo-un-proceso-de-saneamiento-de-la-propiedad\/#primaryimage"},"thumbnailUrl":"https:\/\/pagina10.com\/web\/wp-content\/uploads\/2021\/02\/descarga-14.jpg","articleSection":["P\u00e1gina10"],"inLanguage":"es","potentialAction":[{"@type":"CommentAction","name":"Comment","target":["https:\/\/pagina10.com\/web\/en-puerres-se-llevara-a-cabo-un-proceso-de-saneamiento-de-la-propiedad\/#respond"]}]},{"@type":"WebPage","@id":"https:\/\/pagina10.com\/web\/en-puerres-se-llevara-a-cabo-un-proceso-de-saneamiento-de-la-propiedad\/","url":"https:\/\/pagina10.com\/web\/en-puerres-se-llevara-a-cabo-un-proceso-de-saneamiento-de-la-propiedad\/","name":"En Puerres se llevar\u00e1 a cabo un proceso de saneamiento de la propiedad | P\u00e1gina10","isPartOf":{"@id":"https:\/\/pagina10.com\/web\/#website"},"primaryImageOfPage":{"@id":"https:\/\/pagina10.com\/web\/en-puerres-se-llevara-a-cabo-un-proceso-de-saneamiento-de-la-propiedad\/#primaryimage"},"image":{"@id":"https:\/\/pagina10.com\/web\/en-puerres-se-llevara-a-cabo-un-proceso-de-saneamiento-de-la-propiedad\/#primaryimage"},"thumbnailUrl":"https:\/\/pagina10.com\/web\/wp-content\/uploads\/2021\/02\/descarga-14.jpg","datePublished":"2021-02-12T21:10:36+00:00","dateModified":"2021-02-12T21:18:29+00:00","breadcrumb":{"@id":"https:\/\/pagina10.com\/web\/en-puerres-se-llevara-a-cabo-un-proceso-de-saneamiento-de-la-propiedad\/#breadcrumb"},"inLanguage":"es","potentialAction":[{"@type":"ReadAction","target":["https:\/\/pagina10.com\/web\/en-puerres-se-llevara-a-cabo-un-proceso-de-saneamiento-de-la-propiedad\/"]}]},{"@type":"ImageObject","inLanguage":"es","@id":"https:\/\/pagina10.com\/web\/en-puerres-se-llevara-a-cabo-un-proceso-de-saneamiento-de-la-propiedad\/#primaryimage","url":"https:\/\/pagina10.com\/web\/wp-content\/uploads\/2021\/02\/descarga-14.jpg","contentUrl":"https:\/\/pagina10.com\/web\/wp-content\/uploads\/2021\/02\/descarga-14.jpg","width":259,"height":194},{"@type":"BreadcrumbList","@id":"https:\/\/pagina10.com\/web\/en-puerres-se-llevara-a-cabo-un-proceso-de-saneamiento-de-la-propiedad\/#breadcrumb","itemListElement":[{"@type":"ListItem","position":1,"name":"Portada","item":"https:\/\/pagina10.com\/web\/"},{"@type":"ListItem","position":2,"name":"En Puerres se llevar\u00e1 a cabo un proceso de saneamiento de la propiedad"}]},{"@type":"WebSite","@id":"https:\/\/pagina10.com\/web\/#website","url":"https:\/\/pagina10.com\/web\/","name":"P\u00e1gina10","description":"Peri\u00f3dico Regional","publisher":{"@id":"https:\/\/pagina10.com\/web\/#organization"},"alternateName":"P\u00e1gina10 Peri\u00f3dico Regional","potentialAction":[{"@type":"SearchAction","target":{"@type":"EntryPoint","urlTemplate":"https:\/\/pagina10.com\/web\/?s={search_term_string}"},"query-input":{"@type":"PropertyValueSpecification","valueRequired":true,"valueName":"search_term_string"}}],"inLanguage":"es"},{"@type":"Organization","@id":"https:\/\/pagina10.com\/web\/#organization","name":"P\u00e1gina10","alternateName":"P\u00e1gina10 Peri\u00f3dico Regional","url":"https:\/\/pagina10.com\/web\/","logo":{"@type":"ImageObject","inLanguage":"es","@id":"https:\/\/pagina10.com\/web\/#\/schema\/logo\/image\/","url":"https:\/\/pagina10.com\/web\/wp-content\/uploads\/2024\/01\/40-pagina-10-periodico-regional-pasto.jpg","contentUrl":"https:\/\/pagina10.com\/web\/wp-content\/uploads\/2024\/01\/40-pagina-10-periodico-regional-pasto.jpg","width":1280,"height":720,"caption":"P\u00e1gina10"},"image":{"@id":"https:\/\/pagina10.com\/web\/#\/schema\/logo\/image\/"},"sameAs":["https:\/\/www.facebook.com\/pag10com","https:\/\/x.com\/Pag10com","https:\/\/www.instagram.com\/pagina10col\/","https:\/\/youtube.com\/channel\/pag10","https:\/\/www.tiktok.com\/@p10col"]},{"@type":"Person","@id":"https:\/\/pagina10.com\/web\/#\/schema\/person\/2efc4a090d25b667d3bc796798a3a81b","name":"P\u00e1gina 10","description":"P\u00e1gina 10 es un peri\u00f3dico regional que nace en Colombia, en el departamento de Nari\u00f1o, con un enfoque global, fundamentado en cuatro pilares esenciales: la libertad, el pluralismo, la inclusi\u00f3n y la independencia. P\u00e1gina 10 hace referencia a Nari\u00f1o como el d\u00e9cimo departamento creado en Colombia, despu\u00e9s de un proceso pol\u00edtico liderado por actores y actrices regionales con el fin de obtener la independencia y autonom\u00eda de nuestros territorios. Con la creaci\u00f3n de P\u00e1gina 10 se pretende abrir un escenario para el dialogo, la reflexi\u00f3n y el debate que se extienda a otras geograf\u00edas de Am\u00e9rica Latina y del planeta, en una apuesta por transformar colectivamente los desaf\u00edos de un mundo contempor\u00e1neo, m\u00e1s all\u00e1 de las fronteras impuestas.","url":"https:\/\/pagina10.com\/web\/author\/pdiezadmin\/"}]}},"_links":{"self":[{"href":"https:\/\/pagina10.com\/web\/wp-json\/wp\/v2\/posts\/50596","targetHints":{"allow":["GET"]}}],"collection":[{"href":"https:\/\/pagina10.com\/web\/wp-json\/wp\/v2\/posts"}],"about":[{"href":"https:\/\/pagina10.com\/web\/wp-json\/wp\/v2\/types\/post"}],"author":[{"embeddable":true,"href":"https:\/\/pagina10.com\/web\/wp-json\/wp\/v2\/users\/1"}],"replies":[{"embeddable":true,"href":"https:\/\/pagina10.com\/web\/wp-json\/wp\/v2\/comments?post=50596"}],"version-history":[{"count":1,"href":"https:\/\/pagina10.com\/web\/wp-json\/wp\/v2\/posts\/50596\/revisions"}],"predecessor-version":[{"id":50598,"href":"https:\/\/pagina10.com\/web\/wp-json\/wp\/v2\/posts\/50596\/revisions\/50598"}],"wp:featuredmedia":[{"embeddable":true,"href":"https:\/\/pagina10.com\/web\/wp-json\/wp\/v2\/media\/50602"}],"wp:attachment":[{"href":"https:\/\/pagina10.com\/web\/wp-json\/wp\/v2\/media?parent=50596"}],"wp:term":[{"taxonomy":"category","embeddable":true,"href":"https:\/\/pagina10.com\/web\/wp-json\/wp\/v2\/categories?post=50596"},{"taxonomy":"post_tag","embeddable":true,"href":"https:\/\/pagina10.com\/web\/wp-json\/wp\/v2\/tags?post=50596"}],"curies":[{"name":"wp","href":"https:\/\/api.w.org\/{rel}","templated":true}]}}