{"id":50701,"date":"2021-02-22T09:46:05","date_gmt":"2021-02-22T14:46:05","guid":{"rendered":"https:\/\/pagina10.com\/web\/?p=50701"},"modified":"2021-02-22T09:46:05","modified_gmt":"2021-02-22T14:46:05","slug":"entidades-publicas-ya-pueden-reportar-informacion-en-el-aplicativo-furag","status":"publish","type":"post","link":"https:\/\/pagina10.com\/web\/entidades-publicas-ya-pueden-reportar-informacion-en-el-aplicativo-furag\/","title":{"rendered":"Entidades P\u00fablicas ya pueden reportar informaci\u00f3n en el Aplicativo Furag."},"content":{"rendered":"<p style=\"text-align: justify;\">El Departamento Administrativo de la Funci\u00f3n P\u00fablica anunci\u00f3 que desde este 22 de febrero se encuentra disponible el\u00a0<a href=\"https:\/\/www.funcionpublica.gov.co\/web\/mipg\/medicion_desempeno\"><strong>Aplicativo Furag<\/strong><\/a>, en el que las entidades p\u00fablicas a las que les aplica el Modelo Integrado de Planeaci\u00f3n y Gesti\u00f3n (MIPG) deber\u00e1n presentar los reportes de la Medici\u00f3n del Desempe\u00f1o Institucional (MDI) 2020 al igual que la Medici\u00f3n del Sistema de Control Interno (MECI).<\/p>\n<p style=\"text-align: justify;\">&#8220;Con la apertura y disponibilidad del\u00a0<a href=\"https:\/\/www.funcionpublica.gov.co\/web\/mipg\/medicion_desempeno\"><strong>aplicativo Furag<\/strong><\/a>, comienza el reporte anual de la informaci\u00f3n que nos entregar\u00e1n las entidades del pa\u00eds, y cuyos resultados ser\u00e1n socializados a mediados de mayo pr\u00f3ximo&#8221;, anot\u00f3 el director de la entidad,\u00a0<strong>Fernando Grillo.<\/strong><\/p>\n<p style=\"text-align: justify;\">Agreg\u00f3 que es responsabilidad de los representantes legales de cada entidad velar por la veracidad, confiabilidad y oportunidad de la informaci\u00f3n que se reporta a trav\u00e9s del FURAG, por lo que los jefes de planeaci\u00f3n y jefes de control interno o quienes hagan sus veces, deber\u00e1n gestionar internamente el informe de manera oportuna.<\/p>\n<p style=\"text-align: justify;\">\n<p style=\"text-align: justify;\">El\u00a0<a href=\"https:\/\/www.funcionpublica.gov.co\/web\/mipg\/medicion_desempeno\"><strong>aplicativo Furag<\/strong><\/a>\u00a0estar\u00e1 abierto para las entidades hasta el\u00a0<strong>26 de marzo de 2021<\/strong>, de acuerdo con el cronograma establecido por el Departamento Administrativo de la Funci\u00f3n P\u00fablica y la informaci\u00f3n que se reportar\u00e1 corresponder\u00e1 al periodo comprendido entre el primero de enero y el 31 de diciembre de 2020.<\/p>\n<p style=\"text-align: justify;\">Funci\u00f3n P\u00fablica invita a las entidades a consultar toda la informaci\u00f3n sobre la Medici\u00f3n del Desempe\u00f1o Institucional (MDI) y el reporte anual de informaci\u00f3n del FURAG, en el Micrositio MIGP dem\u00e1s, dispuso de un directorio de asesores para apoyar a las entidades departamentales y nacionales en el proceso del reporte del\u00a0<a href=\"https:\/\/www.funcionpublica.gov.co\/web\/mipg\/medicion_desempeno\"><strong>Aplicativo Furag.<\/strong><\/a><\/p>\n<p style=\"text-align: justify;\">El objetivo de la Medici\u00f3n de Desempe\u00f1o Institucional (MDI) es cuantificar anualmente la gesti\u00f3n y el desempe\u00f1o de las entidades p\u00fablicas nacionales y territoriales con los criterios y la estructura tem\u00e1tica establecidos en el Modelo Integrado de Planeaci\u00f3n y Gesti\u00f3n (MIPG), una herramienta que articulada con el control interno hace que los procesos institucionales sean m\u00e1s sencillos para los ciudadanos.<\/p>\n<p style=\"text-align: justify;\">\n<p style=\"text-align: justify;\">Para consultar toda la informaci\u00f3n sobre la MDI 2020 acceda al\u00a0<a href=\"https:\/\/www.funcionpublica.gov.co\/web\/mipg\/medicion_desempeno\"><strong>micrositio de MIPG<\/strong><\/a>\u00a0haciendo clic\u00a0<a href=\"https:\/\/www.funcionpublica.gov.co\/web\/mipg\/medicion_desempeno\"><strong>ac\u00e1<\/strong><\/a>.<\/p>\n<p style=\"text-align: justify;\">\n<p style=\"text-align: justify;\">\n","protected":false},"excerpt":{"rendered":"<p>El Departamento Administrativo de la Funci\u00f3n P\u00fablica anunci\u00f3 que desde este 22 de febrero se encuentra disponible el\u00a0Aplicativo Furag, en el que las entidades p\u00fablicas a las que les aplica el Modelo Integrado de Planeaci\u00f3n y Gesti\u00f3n (MIPG) deber\u00e1n presentar los reportes de la Medici\u00f3n del Desempe\u00f1o Institucional (MDI) 2020 al igual que la Medici\u00f3n [&hellip;]<\/p>\n","protected":false},"author":1,"featured_media":50702,"comment_status":"open","ping_status":"open","sticky":false,"template":"","format":"standard","meta":{"footnotes":""},"categories":[13],"tags":[],"class_list":["post-50701","post","type-post","status-publish","format-standard","has-post-thumbnail","hentry","category-economia"],"yoast_head":"<!-- This site is optimized with the Yoast SEO plugin v27.1.1 - https:\/\/yoast.com\/product\/yoast-seo-wordpress\/ -->\n<title>Entidades P\u00fablicas ya pueden reportar informaci\u00f3n en el Aplicativo Furag. | P\u00e1gina10<\/title>\n<meta name=\"robots\" content=\"index, follow, max-snippet:-1, max-image-preview:large, max-video-preview:-1\" \/>\n<link rel=\"canonical\" href=\"https:\/\/pagina10.com\/web\/entidades-publicas-ya-pueden-reportar-informacion-en-el-aplicativo-furag\/\" \/>\n<meta property=\"og:locale\" content=\"es_ES\" \/>\n<meta property=\"og:type\" content=\"article\" \/>\n<meta property=\"og:title\" content=\"Entidades P\u00fablicas ya pueden reportar informaci\u00f3n en el Aplicativo Furag. | P\u00e1gina10\" \/>\n<meta property=\"og:description\" content=\"El Departamento Administrativo de la Funci\u00f3n P\u00fablica anunci\u00f3 que desde este 22 de febrero se encuentra disponible el\u00a0Aplicativo Furag, en el que las entidades p\u00fablicas a las que les aplica el Modelo Integrado de Planeaci\u00f3n y Gesti\u00f3n (MIPG) deber\u00e1n presentar los reportes de la Medici\u00f3n del Desempe\u00f1o Institucional (MDI) 2020 al igual que la Medici\u00f3n [&hellip;]\" \/>\n<meta property=\"og:url\" content=\"https:\/\/pagina10.com\/web\/entidades-publicas-ya-pueden-reportar-informacion-en-el-aplicativo-furag\/\" \/>\n<meta property=\"og:site_name\" content=\"P\u00e1gina10\" \/>\n<meta property=\"article:publisher\" content=\"https:\/\/www.facebook.com\/pag10com\" \/>\n<meta property=\"article:published_time\" content=\"2021-02-22T14:46:05+00:00\" \/>\n<meta property=\"og:image\" content=\"https:\/\/pagina10.com\/web\/wp-content\/uploads\/2021\/02\/2021-02-22_Furag.jpg\" \/>\n\t<meta property=\"og:image:width\" content=\"585\" \/>\n\t<meta property=\"og:image:height\" content=\"390\" \/>\n\t<meta property=\"og:image:type\" content=\"image\/jpeg\" \/>\n<meta name=\"author\" content=\"P\u00e1gina 10\" \/>\n<meta name=\"twitter:card\" content=\"summary_large_image\" \/>\n<meta name=\"twitter:creator\" content=\"@Pag10com\" \/>\n<meta name=\"twitter:site\" content=\"@Pag10com\" \/>\n<meta name=\"twitter:label1\" content=\"Escrito por\" \/>\n\t<meta name=\"twitter:data1\" content=\"P\u00e1gina 10\" \/>\n\t<meta name=\"twitter:label2\" content=\"Tiempo de lectura\" \/>\n\t<meta name=\"twitter:data2\" content=\"2 minutos\" \/>\n<script type=\"application\/ld+json\" class=\"yoast-schema-graph\">{\"@context\":\"https:\/\/schema.org\",\"@graph\":[{\"@type\":\"Article\",\"@id\":\"https:\/\/pagina10.com\/web\/entidades-publicas-ya-pueden-reportar-informacion-en-el-aplicativo-furag\/#article\",\"isPartOf\":{\"@id\":\"https:\/\/pagina10.com\/web\/entidades-publicas-ya-pueden-reportar-informacion-en-el-aplicativo-furag\/\"},\"author\":{\"name\":\"P\u00e1gina 10\",\"@id\":\"https:\/\/pagina10.com\/web\/#\/schema\/person\/2efc4a090d25b667d3bc796798a3a81b\"},\"headline\":\"Entidades P\u00fablicas ya pueden reportar informaci\u00f3n en el Aplicativo Furag.\",\"datePublished\":\"2021-02-22T14:46:05+00:00\",\"mainEntityOfPage\":{\"@id\":\"https:\/\/pagina10.com\/web\/entidades-publicas-ya-pueden-reportar-informacion-en-el-aplicativo-furag\/\"},\"wordCount\":379,\"commentCount\":0,\"publisher\":{\"@id\":\"https:\/\/pagina10.com\/web\/#organization\"},\"image\":{\"@id\":\"https:\/\/pagina10.com\/web\/entidades-publicas-ya-pueden-reportar-informacion-en-el-aplicativo-furag\/#primaryimage\"},\"thumbnailUrl\":\"https:\/\/pagina10.com\/web\/wp-content\/uploads\/2021\/02\/2021-02-22_Furag.jpg\",\"articleSection\":[\"Econom\u00eda\"],\"inLanguage\":\"es\",\"potentialAction\":[{\"@type\":\"CommentAction\",\"name\":\"Comment\",\"target\":[\"https:\/\/pagina10.com\/web\/entidades-publicas-ya-pueden-reportar-informacion-en-el-aplicativo-furag\/#respond\"]}]},{\"@type\":\"WebPage\",\"@id\":\"https:\/\/pagina10.com\/web\/entidades-publicas-ya-pueden-reportar-informacion-en-el-aplicativo-furag\/\",\"url\":\"https:\/\/pagina10.com\/web\/entidades-publicas-ya-pueden-reportar-informacion-en-el-aplicativo-furag\/\",\"name\":\"Entidades P\u00fablicas ya pueden reportar informaci\u00f3n en el Aplicativo Furag. | P\u00e1gina10\",\"isPartOf\":{\"@id\":\"https:\/\/pagina10.com\/web\/#website\"},\"primaryImageOfPage\":{\"@id\":\"https:\/\/pagina10.com\/web\/entidades-publicas-ya-pueden-reportar-informacion-en-el-aplicativo-furag\/#primaryimage\"},\"image\":{\"@id\":\"https:\/\/pagina10.com\/web\/entidades-publicas-ya-pueden-reportar-informacion-en-el-aplicativo-furag\/#primaryimage\"},\"thumbnailUrl\":\"https:\/\/pagina10.com\/web\/wp-content\/uploads\/2021\/02\/2021-02-22_Furag.jpg\",\"datePublished\":\"2021-02-22T14:46:05+00:00\",\"breadcrumb\":{\"@id\":\"https:\/\/pagina10.com\/web\/entidades-publicas-ya-pueden-reportar-informacion-en-el-aplicativo-furag\/#breadcrumb\"},\"inLanguage\":\"es\",\"potentialAction\":[{\"@type\":\"ReadAction\",\"target\":[\"https:\/\/pagina10.com\/web\/entidades-publicas-ya-pueden-reportar-informacion-en-el-aplicativo-furag\/\"]}]},{\"@type\":\"ImageObject\",\"inLanguage\":\"es\",\"@id\":\"https:\/\/pagina10.com\/web\/entidades-publicas-ya-pueden-reportar-informacion-en-el-aplicativo-furag\/#primaryimage\",\"url\":\"https:\/\/pagina10.com\/web\/wp-content\/uploads\/2021\/02\/2021-02-22_Furag.jpg\",\"contentUrl\":\"https:\/\/pagina10.com\/web\/wp-content\/uploads\/2021\/02\/2021-02-22_Furag.jpg\",\"width\":585,\"height\":390},{\"@type\":\"BreadcrumbList\",\"@id\":\"https:\/\/pagina10.com\/web\/entidades-publicas-ya-pueden-reportar-informacion-en-el-aplicativo-furag\/#breadcrumb\",\"itemListElement\":[{\"@type\":\"ListItem\",\"position\":1,\"name\":\"Portada\",\"item\":\"https:\/\/pagina10.com\/web\/\"},{\"@type\":\"ListItem\",\"position\":2,\"name\":\"Entidades P\u00fablicas ya pueden reportar informaci\u00f3n en el Aplicativo Furag.\"}]},{\"@type\":\"WebSite\",\"@id\":\"https:\/\/pagina10.com\/web\/#website\",\"url\":\"https:\/\/pagina10.com\/web\/\",\"name\":\"P\u00e1gina10\",\"description\":\"Peri\u00f3dico Regional\",\"publisher\":{\"@id\":\"https:\/\/pagina10.com\/web\/#organization\"},\"alternateName\":\"P\u00e1gina10 Peri\u00f3dico Regional\",\"potentialAction\":[{\"@type\":\"SearchAction\",\"target\":{\"@type\":\"EntryPoint\",\"urlTemplate\":\"https:\/\/pagina10.com\/web\/?s={search_term_string}\"},\"query-input\":{\"@type\":\"PropertyValueSpecification\",\"valueRequired\":true,\"valueName\":\"search_term_string\"}}],\"inLanguage\":\"es\"},{\"@type\":\"Organization\",\"@id\":\"https:\/\/pagina10.com\/web\/#organization\",\"name\":\"P\u00e1gina10\",\"alternateName\":\"P\u00e1gina10 Peri\u00f3dico Regional\",\"url\":\"https:\/\/pagina10.com\/web\/\",\"logo\":{\"@type\":\"ImageObject\",\"inLanguage\":\"es\",\"@id\":\"https:\/\/pagina10.com\/web\/#\/schema\/logo\/image\/\",\"url\":\"https:\/\/pagina10.com\/web\/wp-content\/uploads\/2024\/01\/40-pagina-10-periodico-regional-pasto.jpg\",\"contentUrl\":\"https:\/\/pagina10.com\/web\/wp-content\/uploads\/2024\/01\/40-pagina-10-periodico-regional-pasto.jpg\",\"width\":1280,\"height\":720,\"caption\":\"P\u00e1gina10\"},\"image\":{\"@id\":\"https:\/\/pagina10.com\/web\/#\/schema\/logo\/image\/\"},\"sameAs\":[\"https:\/\/www.facebook.com\/pag10com\",\"https:\/\/x.com\/Pag10com\",\"https:\/\/www.instagram.com\/pagina10col\/\",\"https:\/\/youtube.com\/channel\/pag10\",\"https:\/\/www.tiktok.com\/@p10col\"]},{\"@type\":\"Person\",\"@id\":\"https:\/\/pagina10.com\/web\/#\/schema\/person\/2efc4a090d25b667d3bc796798a3a81b\",\"name\":\"P\u00e1gina 10\",\"description\":\"P\u00e1gina 10 es un peri\u00f3dico regional que nace en Colombia, en el departamento de Nari\u00f1o, con un enfoque global, fundamentado en cuatro pilares esenciales: la libertad, el pluralismo, la inclusi\u00f3n y la independencia. P\u00e1gina 10 hace referencia a Nari\u00f1o como el d\u00e9cimo departamento creado en Colombia, despu\u00e9s de un proceso pol\u00edtico liderado por actores y actrices regionales con el fin de obtener la independencia y autonom\u00eda de nuestros territorios. Con la creaci\u00f3n de P\u00e1gina 10 se pretende abrir un escenario para el dialogo, la reflexi\u00f3n y el debate que se extienda a otras geograf\u00edas de Am\u00e9rica Latina y del planeta, en una apuesta por transformar colectivamente los desaf\u00edos de un mundo contempor\u00e1neo, m\u00e1s all\u00e1 de las fronteras impuestas.\",\"url\":\"https:\/\/pagina10.com\/web\/author\/pdiezadmin\/\"}]}<\/script>\n<!-- \/ Yoast SEO plugin. -->","yoast_head_json":{"title":"Entidades P\u00fablicas ya pueden reportar informaci\u00f3n en el Aplicativo Furag. | P\u00e1gina10","robots":{"index":"index","follow":"follow","max-snippet":"max-snippet:-1","max-image-preview":"max-image-preview:large","max-video-preview":"max-video-preview:-1"},"canonical":"https:\/\/pagina10.com\/web\/entidades-publicas-ya-pueden-reportar-informacion-en-el-aplicativo-furag\/","og_locale":"es_ES","og_type":"article","og_title":"Entidades P\u00fablicas ya pueden reportar informaci\u00f3n en el Aplicativo Furag. | P\u00e1gina10","og_description":"El Departamento Administrativo de la Funci\u00f3n P\u00fablica anunci\u00f3 que desde este 22 de febrero se encuentra disponible el\u00a0Aplicativo Furag, en el que las entidades p\u00fablicas a las que les aplica el Modelo Integrado de Planeaci\u00f3n y Gesti\u00f3n (MIPG) deber\u00e1n presentar los reportes de la Medici\u00f3n del Desempe\u00f1o Institucional (MDI) 2020 al igual que la Medici\u00f3n [&hellip;]","og_url":"https:\/\/pagina10.com\/web\/entidades-publicas-ya-pueden-reportar-informacion-en-el-aplicativo-furag\/","og_site_name":"P\u00e1gina10","article_publisher":"https:\/\/www.facebook.com\/pag10com","article_published_time":"2021-02-22T14:46:05+00:00","og_image":[{"width":585,"height":390,"url":"https:\/\/pagina10.com\/web\/wp-content\/uploads\/2021\/02\/2021-02-22_Furag.jpg","type":"image\/jpeg"}],"author":"P\u00e1gina 10","twitter_card":"summary_large_image","twitter_creator":"@Pag10com","twitter_site":"@Pag10com","twitter_misc":{"Escrito por":"P\u00e1gina 10","Tiempo de lectura":"2 minutos"},"schema":{"@context":"https:\/\/schema.org","@graph":[{"@type":"Article","@id":"https:\/\/pagina10.com\/web\/entidades-publicas-ya-pueden-reportar-informacion-en-el-aplicativo-furag\/#article","isPartOf":{"@id":"https:\/\/pagina10.com\/web\/entidades-publicas-ya-pueden-reportar-informacion-en-el-aplicativo-furag\/"},"author":{"name":"P\u00e1gina 10","@id":"https:\/\/pagina10.com\/web\/#\/schema\/person\/2efc4a090d25b667d3bc796798a3a81b"},"headline":"Entidades P\u00fablicas ya pueden reportar informaci\u00f3n en el Aplicativo Furag.","datePublished":"2021-02-22T14:46:05+00:00","mainEntityOfPage":{"@id":"https:\/\/pagina10.com\/web\/entidades-publicas-ya-pueden-reportar-informacion-en-el-aplicativo-furag\/"},"wordCount":379,"commentCount":0,"publisher":{"@id":"https:\/\/pagina10.com\/web\/#organization"},"image":{"@id":"https:\/\/pagina10.com\/web\/entidades-publicas-ya-pueden-reportar-informacion-en-el-aplicativo-furag\/#primaryimage"},"thumbnailUrl":"https:\/\/pagina10.com\/web\/wp-content\/uploads\/2021\/02\/2021-02-22_Furag.jpg","articleSection":["Econom\u00eda"],"inLanguage":"es","potentialAction":[{"@type":"CommentAction","name":"Comment","target":["https:\/\/pagina10.com\/web\/entidades-publicas-ya-pueden-reportar-informacion-en-el-aplicativo-furag\/#respond"]}]},{"@type":"WebPage","@id":"https:\/\/pagina10.com\/web\/entidades-publicas-ya-pueden-reportar-informacion-en-el-aplicativo-furag\/","url":"https:\/\/pagina10.com\/web\/entidades-publicas-ya-pueden-reportar-informacion-en-el-aplicativo-furag\/","name":"Entidades P\u00fablicas ya pueden reportar informaci\u00f3n en el Aplicativo Furag. | P\u00e1gina10","isPartOf":{"@id":"https:\/\/pagina10.com\/web\/#website"},"primaryImageOfPage":{"@id":"https:\/\/pagina10.com\/web\/entidades-publicas-ya-pueden-reportar-informacion-en-el-aplicativo-furag\/#primaryimage"},"image":{"@id":"https:\/\/pagina10.com\/web\/entidades-publicas-ya-pueden-reportar-informacion-en-el-aplicativo-furag\/#primaryimage"},"thumbnailUrl":"https:\/\/pagina10.com\/web\/wp-content\/uploads\/2021\/02\/2021-02-22_Furag.jpg","datePublished":"2021-02-22T14:46:05+00:00","breadcrumb":{"@id":"https:\/\/pagina10.com\/web\/entidades-publicas-ya-pueden-reportar-informacion-en-el-aplicativo-furag\/#breadcrumb"},"inLanguage":"es","potentialAction":[{"@type":"ReadAction","target":["https:\/\/pagina10.com\/web\/entidades-publicas-ya-pueden-reportar-informacion-en-el-aplicativo-furag\/"]}]},{"@type":"ImageObject","inLanguage":"es","@id":"https:\/\/pagina10.com\/web\/entidades-publicas-ya-pueden-reportar-informacion-en-el-aplicativo-furag\/#primaryimage","url":"https:\/\/pagina10.com\/web\/wp-content\/uploads\/2021\/02\/2021-02-22_Furag.jpg","contentUrl":"https:\/\/pagina10.com\/web\/wp-content\/uploads\/2021\/02\/2021-02-22_Furag.jpg","width":585,"height":390},{"@type":"BreadcrumbList","@id":"https:\/\/pagina10.com\/web\/entidades-publicas-ya-pueden-reportar-informacion-en-el-aplicativo-furag\/#breadcrumb","itemListElement":[{"@type":"ListItem","position":1,"name":"Portada","item":"https:\/\/pagina10.com\/web\/"},{"@type":"ListItem","position":2,"name":"Entidades P\u00fablicas ya pueden reportar informaci\u00f3n en el Aplicativo Furag."}]},{"@type":"WebSite","@id":"https:\/\/pagina10.com\/web\/#website","url":"https:\/\/pagina10.com\/web\/","name":"P\u00e1gina10","description":"Peri\u00f3dico Regional","publisher":{"@id":"https:\/\/pagina10.com\/web\/#organization"},"alternateName":"P\u00e1gina10 Peri\u00f3dico Regional","potentialAction":[{"@type":"SearchAction","target":{"@type":"EntryPoint","urlTemplate":"https:\/\/pagina10.com\/web\/?s={search_term_string}"},"query-input":{"@type":"PropertyValueSpecification","valueRequired":true,"valueName":"search_term_string"}}],"inLanguage":"es"},{"@type":"Organization","@id":"https:\/\/pagina10.com\/web\/#organization","name":"P\u00e1gina10","alternateName":"P\u00e1gina10 Peri\u00f3dico Regional","url":"https:\/\/pagina10.com\/web\/","logo":{"@type":"ImageObject","inLanguage":"es","@id":"https:\/\/pagina10.com\/web\/#\/schema\/logo\/image\/","url":"https:\/\/pagina10.com\/web\/wp-content\/uploads\/2024\/01\/40-pagina-10-periodico-regional-pasto.jpg","contentUrl":"https:\/\/pagina10.com\/web\/wp-content\/uploads\/2024\/01\/40-pagina-10-periodico-regional-pasto.jpg","width":1280,"height":720,"caption":"P\u00e1gina10"},"image":{"@id":"https:\/\/pagina10.com\/web\/#\/schema\/logo\/image\/"},"sameAs":["https:\/\/www.facebook.com\/pag10com","https:\/\/x.com\/Pag10com","https:\/\/www.instagram.com\/pagina10col\/","https:\/\/youtube.com\/channel\/pag10","https:\/\/www.tiktok.com\/@p10col"]},{"@type":"Person","@id":"https:\/\/pagina10.com\/web\/#\/schema\/person\/2efc4a090d25b667d3bc796798a3a81b","name":"P\u00e1gina 10","description":"P\u00e1gina 10 es un peri\u00f3dico regional que nace en Colombia, en el departamento de Nari\u00f1o, con un enfoque global, fundamentado en cuatro pilares esenciales: la libertad, el pluralismo, la inclusi\u00f3n y la independencia. P\u00e1gina 10 hace referencia a Nari\u00f1o como el d\u00e9cimo departamento creado en Colombia, despu\u00e9s de un proceso pol\u00edtico liderado por actores y actrices regionales con el fin de obtener la independencia y autonom\u00eda de nuestros territorios. Con la creaci\u00f3n de P\u00e1gina 10 se pretende abrir un escenario para el dialogo, la reflexi\u00f3n y el debate que se extienda a otras geograf\u00edas de Am\u00e9rica Latina y del planeta, en una apuesta por transformar colectivamente los desaf\u00edos de un mundo contempor\u00e1neo, m\u00e1s all\u00e1 de las fronteras impuestas.","url":"https:\/\/pagina10.com\/web\/author\/pdiezadmin\/"}]}},"_links":{"self":[{"href":"https:\/\/pagina10.com\/web\/wp-json\/wp\/v2\/posts\/50701","targetHints":{"allow":["GET"]}}],"collection":[{"href":"https:\/\/pagina10.com\/web\/wp-json\/wp\/v2\/posts"}],"about":[{"href":"https:\/\/pagina10.com\/web\/wp-json\/wp\/v2\/types\/post"}],"author":[{"embeddable":true,"href":"https:\/\/pagina10.com\/web\/wp-json\/wp\/v2\/users\/1"}],"replies":[{"embeddable":true,"href":"https:\/\/pagina10.com\/web\/wp-json\/wp\/v2\/comments?post=50701"}],"version-history":[{"count":1,"href":"https:\/\/pagina10.com\/web\/wp-json\/wp\/v2\/posts\/50701\/revisions"}],"predecessor-version":[{"id":50703,"href":"https:\/\/pagina10.com\/web\/wp-json\/wp\/v2\/posts\/50701\/revisions\/50703"}],"wp:featuredmedia":[{"embeddable":true,"href":"https:\/\/pagina10.com\/web\/wp-json\/wp\/v2\/media\/50702"}],"wp:attachment":[{"href":"https:\/\/pagina10.com\/web\/wp-json\/wp\/v2\/media?parent=50701"}],"wp:term":[{"taxonomy":"category","embeddable":true,"href":"https:\/\/pagina10.com\/web\/wp-json\/wp\/v2\/categories?post=50701"},{"taxonomy":"post_tag","embeddable":true,"href":"https:\/\/pagina10.com\/web\/wp-json\/wp\/v2\/tags?post=50701"}],"curies":[{"name":"wp","href":"https:\/\/api.w.org\/{rel}","templated":true}]}}