{"id":50704,"date":"2021-02-22T12:48:51","date_gmt":"2021-02-22T17:48:51","guid":{"rendered":"https:\/\/pagina10.com\/web\/?p=50704"},"modified":"2021-02-23T08:26:07","modified_gmt":"2021-02-23T13:26:07","slug":"asesinan-a-excombatiente-de-las-farc-en-guaviare","status":"publish","type":"post","link":"https:\/\/pagina10.com\/web\/asesinan-a-excombatiente-de-las-farc-en-guaviare\/","title":{"rendered":"Asesinan a excombatiente de las Farc en Guaviare."},"content":{"rendered":"<p style=\"text-align: justify;\">Las noticias tr\u00e1gicas\u00a0 y la muerte en Colombia no descansan. Despu\u00e9s de conocer los hechos violentos sucedidos el d\u00eda de ayer en el departamento de Nari\u00f1o, donde una incursi\u00f3n armada en Puerto Rico, Tumaco, dej\u00f3 varios muertos en las \u00faltimas horas, se conoci\u00f3 que fue asesinado un excombatiente de las FARC en la jurisdicci\u00f3n de San Jos\u00e9 del Guaviare, en el Espacio Territorial de Capacitaci\u00f3n y Reincorporaci\u00f3n ETCR Jaime Pardo Leal.<\/p>\n<p style=\"text-align: justify;\">El cuerpo de Jos\u00e9 Berceli Paiva\u00a0fue encontrado sin vida con varios impactos de bala.\u00a0De acuerdo a informaci\u00f3n oficial de los voceros, el excombatiente viv\u00eda con su familia en El Retorno, Guaviare, hasta donde llegaron hombres armados y le dispararon, hasta causarle la muerte.<\/p>\n<p style=\"text-align: justify;\">Tulio Murillo \u00c1vila, responsable de la colectividad en el departamento del Meta, manifest\u00f3 que, \u201cesta es una situaci\u00f3n que hemos vivido permanentemente, dado que hay un asedio sistem\u00e1tico que viene desde diferentes sectores donde consideran que la paz no va con sus intereses y que nosotros los firmantes y que estamos en proceso de reincorporaci\u00f3n, somos un obst\u00e1culo para ellos\u201d.<\/p>\n","protected":false},"excerpt":{"rendered":"<p>Las noticias tr\u00e1gicas\u00a0 y la muerte en Colombia no descansan. Despu\u00e9s de conocer los hechos violentos sucedidos el d\u00eda de ayer en el departamento de Nari\u00f1o, donde una incursi\u00f3n armada en Puerto Rico, Tumaco, dej\u00f3 varios muertos en las \u00faltimas horas, se conoci\u00f3 que fue asesinado un excombatiente de las FARC en la jurisdicci\u00f3n de [&hellip;]<\/p>\n","protected":false},"author":1,"featured_media":50707,"comment_status":"open","ping_status":"open","sticky":false,"template":"","format":"standard","meta":{"footnotes":""},"categories":[94],"tags":[],"class_list":["post-50704","post","type-post","status-publish","format-standard","has-post-thumbnail","hentry","category-nacional-global-2"],"yoast_head":"<!-- This site is optimized with the Yoast SEO plugin v27.1.1 - https:\/\/yoast.com\/product\/yoast-seo-wordpress\/ -->\n<title>Asesinan a excombatiente de las Farc en Guaviare. | P\u00e1gina10<\/title>\n<meta name=\"robots\" content=\"index, follow, max-snippet:-1, max-image-preview:large, max-video-preview:-1\" \/>\n<link rel=\"canonical\" href=\"https:\/\/pagina10.com\/web\/asesinan-a-excombatiente-de-las-farc-en-guaviare\/\" \/>\n<meta property=\"og:locale\" content=\"es_ES\" \/>\n<meta property=\"og:type\" content=\"article\" \/>\n<meta property=\"og:title\" content=\"Asesinan a excombatiente de las Farc en Guaviare. | P\u00e1gina10\" \/>\n<meta property=\"og:description\" content=\"Las noticias tr\u00e1gicas y la muerte en Colombia no descansan. Despu\u00e9s de conocer los hechos violentos sucedidos el d\u00eda de ayer en el departamento de Nari\u00f1o, donde una incursi\u00f3n armada en Puerto Rico, Tumaco, dej\u00f3 varios muertos en las \u00faltimas horas, se conoci\u00f3 que fue asesinado un excombatiente de las FARC en la jurisdicci\u00f3n de [&hellip;]\" \/>\n<meta property=\"og:url\" content=\"https:\/\/pagina10.com\/web\/asesinan-a-excombatiente-de-las-farc-en-guaviare\/\" \/>\n<meta property=\"og:site_name\" content=\"P\u00e1gina10\" \/>\n<meta property=\"article:publisher\" content=\"https:\/\/www.facebook.com\/pag10com\" \/>\n<meta property=\"article:published_time\" content=\"2021-02-22T17:48:51+00:00\" \/>\n<meta property=\"article:modified_time\" content=\"2021-02-23T13:26:07+00:00\" \/>\n<meta property=\"og:image\" content=\"https:\/\/pagina10.com\/web\/wp-content\/uploads\/2021\/02\/Captura-de-pantalla-7.png\" \/>\n\t<meta property=\"og:image:width\" content=\"775\" \/>\n\t<meta property=\"og:image:height\" content=\"432\" \/>\n\t<meta property=\"og:image:type\" content=\"image\/png\" \/>\n<meta name=\"author\" content=\"P\u00e1gina 10\" \/>\n<meta name=\"twitter:card\" content=\"summary_large_image\" \/>\n<meta name=\"twitter:creator\" content=\"@Pag10com\" \/>\n<meta name=\"twitter:site\" content=\"@Pag10com\" \/>\n<meta name=\"twitter:label1\" content=\"Escrito por\" \/>\n\t<meta name=\"twitter:data1\" content=\"P\u00e1gina 10\" \/>\n\t<meta name=\"twitter:label2\" content=\"Tiempo de lectura\" \/>\n\t<meta name=\"twitter:data2\" content=\"1 minuto\" \/>\n<script type=\"application\/ld+json\" class=\"yoast-schema-graph\">{\"@context\":\"https:\/\/schema.org\",\"@graph\":[{\"@type\":\"Article\",\"@id\":\"https:\/\/pagina10.com\/web\/asesinan-a-excombatiente-de-las-farc-en-guaviare\/#article\",\"isPartOf\":{\"@id\":\"https:\/\/pagina10.com\/web\/asesinan-a-excombatiente-de-las-farc-en-guaviare\/\"},\"author\":{\"name\":\"P\u00e1gina 10\",\"@id\":\"https:\/\/pagina10.com\/web\/#\/schema\/person\/2efc4a090d25b667d3bc796798a3a81b\"},\"headline\":\"Asesinan a excombatiente de las Farc en Guaviare.\",\"datePublished\":\"2021-02-22T17:48:51+00:00\",\"dateModified\":\"2021-02-23T13:26:07+00:00\",\"mainEntityOfPage\":{\"@id\":\"https:\/\/pagina10.com\/web\/asesinan-a-excombatiente-de-las-farc-en-guaviare\/\"},\"wordCount\":198,\"commentCount\":0,\"publisher\":{\"@id\":\"https:\/\/pagina10.com\/web\/#organization\"},\"image\":{\"@id\":\"https:\/\/pagina10.com\/web\/asesinan-a-excombatiente-de-las-farc-en-guaviare\/#primaryimage\"},\"thumbnailUrl\":\"https:\/\/pagina10.com\/web\/wp-content\/uploads\/2021\/02\/Captura-de-pantalla-7.png\",\"articleSection\":[\"Nacional\"],\"inLanguage\":\"es\",\"potentialAction\":[{\"@type\":\"CommentAction\",\"name\":\"Comment\",\"target\":[\"https:\/\/pagina10.com\/web\/asesinan-a-excombatiente-de-las-farc-en-guaviare\/#respond\"]}]},{\"@type\":\"WebPage\",\"@id\":\"https:\/\/pagina10.com\/web\/asesinan-a-excombatiente-de-las-farc-en-guaviare\/\",\"url\":\"https:\/\/pagina10.com\/web\/asesinan-a-excombatiente-de-las-farc-en-guaviare\/\",\"name\":\"Asesinan a excombatiente de las Farc en Guaviare. | P\u00e1gina10\",\"isPartOf\":{\"@id\":\"https:\/\/pagina10.com\/web\/#website\"},\"primaryImageOfPage\":{\"@id\":\"https:\/\/pagina10.com\/web\/asesinan-a-excombatiente-de-las-farc-en-guaviare\/#primaryimage\"},\"image\":{\"@id\":\"https:\/\/pagina10.com\/web\/asesinan-a-excombatiente-de-las-farc-en-guaviare\/#primaryimage\"},\"thumbnailUrl\":\"https:\/\/pagina10.com\/web\/wp-content\/uploads\/2021\/02\/Captura-de-pantalla-7.png\",\"datePublished\":\"2021-02-22T17:48:51+00:00\",\"dateModified\":\"2021-02-23T13:26:07+00:00\",\"breadcrumb\":{\"@id\":\"https:\/\/pagina10.com\/web\/asesinan-a-excombatiente-de-las-farc-en-guaviare\/#breadcrumb\"},\"inLanguage\":\"es\",\"potentialAction\":[{\"@type\":\"ReadAction\",\"target\":[\"https:\/\/pagina10.com\/web\/asesinan-a-excombatiente-de-las-farc-en-guaviare\/\"]}]},{\"@type\":\"ImageObject\",\"inLanguage\":\"es\",\"@id\":\"https:\/\/pagina10.com\/web\/asesinan-a-excombatiente-de-las-farc-en-guaviare\/#primaryimage\",\"url\":\"https:\/\/pagina10.com\/web\/wp-content\/uploads\/2021\/02\/Captura-de-pantalla-7.png\",\"contentUrl\":\"https:\/\/pagina10.com\/web\/wp-content\/uploads\/2021\/02\/Captura-de-pantalla-7.png\",\"width\":775,\"height\":432},{\"@type\":\"BreadcrumbList\",\"@id\":\"https:\/\/pagina10.com\/web\/asesinan-a-excombatiente-de-las-farc-en-guaviare\/#breadcrumb\",\"itemListElement\":[{\"@type\":\"ListItem\",\"position\":1,\"name\":\"Portada\",\"item\":\"https:\/\/pagina10.com\/web\/\"},{\"@type\":\"ListItem\",\"position\":2,\"name\":\"Asesinan a excombatiente de las Farc en Guaviare.\"}]},{\"@type\":\"WebSite\",\"@id\":\"https:\/\/pagina10.com\/web\/#website\",\"url\":\"https:\/\/pagina10.com\/web\/\",\"name\":\"P\u00e1gina10\",\"description\":\"Peri\u00f3dico Regional\",\"publisher\":{\"@id\":\"https:\/\/pagina10.com\/web\/#organization\"},\"alternateName\":\"P\u00e1gina10 Peri\u00f3dico Regional\",\"potentialAction\":[{\"@type\":\"SearchAction\",\"target\":{\"@type\":\"EntryPoint\",\"urlTemplate\":\"https:\/\/pagina10.com\/web\/?s={search_term_string}\"},\"query-input\":{\"@type\":\"PropertyValueSpecification\",\"valueRequired\":true,\"valueName\":\"search_term_string\"}}],\"inLanguage\":\"es\"},{\"@type\":\"Organization\",\"@id\":\"https:\/\/pagina10.com\/web\/#organization\",\"name\":\"P\u00e1gina10\",\"alternateName\":\"P\u00e1gina10 Peri\u00f3dico Regional\",\"url\":\"https:\/\/pagina10.com\/web\/\",\"logo\":{\"@type\":\"ImageObject\",\"inLanguage\":\"es\",\"@id\":\"https:\/\/pagina10.com\/web\/#\/schema\/logo\/image\/\",\"url\":\"https:\/\/pagina10.com\/web\/wp-content\/uploads\/2024\/01\/40-pagina-10-periodico-regional-pasto.jpg\",\"contentUrl\":\"https:\/\/pagina10.com\/web\/wp-content\/uploads\/2024\/01\/40-pagina-10-periodico-regional-pasto.jpg\",\"width\":1280,\"height\":720,\"caption\":\"P\u00e1gina10\"},\"image\":{\"@id\":\"https:\/\/pagina10.com\/web\/#\/schema\/logo\/image\/\"},\"sameAs\":[\"https:\/\/www.facebook.com\/pag10com\",\"https:\/\/x.com\/Pag10com\",\"https:\/\/www.instagram.com\/pagina10col\/\",\"https:\/\/youtube.com\/channel\/pag10\",\"https:\/\/www.tiktok.com\/@p10col\"]},{\"@type\":\"Person\",\"@id\":\"https:\/\/pagina10.com\/web\/#\/schema\/person\/2efc4a090d25b667d3bc796798a3a81b\",\"name\":\"P\u00e1gina 10\",\"description\":\"P\u00e1gina 10 es un peri\u00f3dico regional que nace en Colombia, en el departamento de Nari\u00f1o, con un enfoque global, fundamentado en cuatro pilares esenciales: la libertad, el pluralismo, la inclusi\u00f3n y la independencia. P\u00e1gina 10 hace referencia a Nari\u00f1o como el d\u00e9cimo departamento creado en Colombia, despu\u00e9s de un proceso pol\u00edtico liderado por actores y actrices regionales con el fin de obtener la independencia y autonom\u00eda de nuestros territorios. Con la creaci\u00f3n de P\u00e1gina 10 se pretende abrir un escenario para el dialogo, la reflexi\u00f3n y el debate que se extienda a otras geograf\u00edas de Am\u00e9rica Latina y del planeta, en una apuesta por transformar colectivamente los desaf\u00edos de un mundo contempor\u00e1neo, m\u00e1s all\u00e1 de las fronteras impuestas.\",\"url\":\"https:\/\/pagina10.com\/web\/author\/pdiezadmin\/\"}]}<\/script>\n<!-- \/ Yoast SEO plugin. -->","yoast_head_json":{"title":"Asesinan a excombatiente de las Farc en Guaviare. | P\u00e1gina10","robots":{"index":"index","follow":"follow","max-snippet":"max-snippet:-1","max-image-preview":"max-image-preview:large","max-video-preview":"max-video-preview:-1"},"canonical":"https:\/\/pagina10.com\/web\/asesinan-a-excombatiente-de-las-farc-en-guaviare\/","og_locale":"es_ES","og_type":"article","og_title":"Asesinan a excombatiente de las Farc en Guaviare. | P\u00e1gina10","og_description":"Las noticias tr\u00e1gicas y la muerte en Colombia no descansan. Despu\u00e9s de conocer los hechos violentos sucedidos el d\u00eda de ayer en el departamento de Nari\u00f1o, donde una incursi\u00f3n armada en Puerto Rico, Tumaco, dej\u00f3 varios muertos en las \u00faltimas horas, se conoci\u00f3 que fue asesinado un excombatiente de las FARC en la jurisdicci\u00f3n de [&hellip;]","og_url":"https:\/\/pagina10.com\/web\/asesinan-a-excombatiente-de-las-farc-en-guaviare\/","og_site_name":"P\u00e1gina10","article_publisher":"https:\/\/www.facebook.com\/pag10com","article_published_time":"2021-02-22T17:48:51+00:00","article_modified_time":"2021-02-23T13:26:07+00:00","og_image":[{"width":775,"height":432,"url":"https:\/\/pagina10.com\/web\/wp-content\/uploads\/2021\/02\/Captura-de-pantalla-7.png","type":"image\/png"}],"author":"P\u00e1gina 10","twitter_card":"summary_large_image","twitter_creator":"@Pag10com","twitter_site":"@Pag10com","twitter_misc":{"Escrito por":"P\u00e1gina 10","Tiempo de lectura":"1 minuto"},"schema":{"@context":"https:\/\/schema.org","@graph":[{"@type":"Article","@id":"https:\/\/pagina10.com\/web\/asesinan-a-excombatiente-de-las-farc-en-guaviare\/#article","isPartOf":{"@id":"https:\/\/pagina10.com\/web\/asesinan-a-excombatiente-de-las-farc-en-guaviare\/"},"author":{"name":"P\u00e1gina 10","@id":"https:\/\/pagina10.com\/web\/#\/schema\/person\/2efc4a090d25b667d3bc796798a3a81b"},"headline":"Asesinan a excombatiente de las Farc en Guaviare.","datePublished":"2021-02-22T17:48:51+00:00","dateModified":"2021-02-23T13:26:07+00:00","mainEntityOfPage":{"@id":"https:\/\/pagina10.com\/web\/asesinan-a-excombatiente-de-las-farc-en-guaviare\/"},"wordCount":198,"commentCount":0,"publisher":{"@id":"https:\/\/pagina10.com\/web\/#organization"},"image":{"@id":"https:\/\/pagina10.com\/web\/asesinan-a-excombatiente-de-las-farc-en-guaviare\/#primaryimage"},"thumbnailUrl":"https:\/\/pagina10.com\/web\/wp-content\/uploads\/2021\/02\/Captura-de-pantalla-7.png","articleSection":["Nacional"],"inLanguage":"es","potentialAction":[{"@type":"CommentAction","name":"Comment","target":["https:\/\/pagina10.com\/web\/asesinan-a-excombatiente-de-las-farc-en-guaviare\/#respond"]}]},{"@type":"WebPage","@id":"https:\/\/pagina10.com\/web\/asesinan-a-excombatiente-de-las-farc-en-guaviare\/","url":"https:\/\/pagina10.com\/web\/asesinan-a-excombatiente-de-las-farc-en-guaviare\/","name":"Asesinan a excombatiente de las Farc en Guaviare. | P\u00e1gina10","isPartOf":{"@id":"https:\/\/pagina10.com\/web\/#website"},"primaryImageOfPage":{"@id":"https:\/\/pagina10.com\/web\/asesinan-a-excombatiente-de-las-farc-en-guaviare\/#primaryimage"},"image":{"@id":"https:\/\/pagina10.com\/web\/asesinan-a-excombatiente-de-las-farc-en-guaviare\/#primaryimage"},"thumbnailUrl":"https:\/\/pagina10.com\/web\/wp-content\/uploads\/2021\/02\/Captura-de-pantalla-7.png","datePublished":"2021-02-22T17:48:51+00:00","dateModified":"2021-02-23T13:26:07+00:00","breadcrumb":{"@id":"https:\/\/pagina10.com\/web\/asesinan-a-excombatiente-de-las-farc-en-guaviare\/#breadcrumb"},"inLanguage":"es","potentialAction":[{"@type":"ReadAction","target":["https:\/\/pagina10.com\/web\/asesinan-a-excombatiente-de-las-farc-en-guaviare\/"]}]},{"@type":"ImageObject","inLanguage":"es","@id":"https:\/\/pagina10.com\/web\/asesinan-a-excombatiente-de-las-farc-en-guaviare\/#primaryimage","url":"https:\/\/pagina10.com\/web\/wp-content\/uploads\/2021\/02\/Captura-de-pantalla-7.png","contentUrl":"https:\/\/pagina10.com\/web\/wp-content\/uploads\/2021\/02\/Captura-de-pantalla-7.png","width":775,"height":432},{"@type":"BreadcrumbList","@id":"https:\/\/pagina10.com\/web\/asesinan-a-excombatiente-de-las-farc-en-guaviare\/#breadcrumb","itemListElement":[{"@type":"ListItem","position":1,"name":"Portada","item":"https:\/\/pagina10.com\/web\/"},{"@type":"ListItem","position":2,"name":"Asesinan a excombatiente de las Farc en Guaviare."}]},{"@type":"WebSite","@id":"https:\/\/pagina10.com\/web\/#website","url":"https:\/\/pagina10.com\/web\/","name":"P\u00e1gina10","description":"Peri\u00f3dico Regional","publisher":{"@id":"https:\/\/pagina10.com\/web\/#organization"},"alternateName":"P\u00e1gina10 Peri\u00f3dico Regional","potentialAction":[{"@type":"SearchAction","target":{"@type":"EntryPoint","urlTemplate":"https:\/\/pagina10.com\/web\/?s={search_term_string}"},"query-input":{"@type":"PropertyValueSpecification","valueRequired":true,"valueName":"search_term_string"}}],"inLanguage":"es"},{"@type":"Organization","@id":"https:\/\/pagina10.com\/web\/#organization","name":"P\u00e1gina10","alternateName":"P\u00e1gina10 Peri\u00f3dico Regional","url":"https:\/\/pagina10.com\/web\/","logo":{"@type":"ImageObject","inLanguage":"es","@id":"https:\/\/pagina10.com\/web\/#\/schema\/logo\/image\/","url":"https:\/\/pagina10.com\/web\/wp-content\/uploads\/2024\/01\/40-pagina-10-periodico-regional-pasto.jpg","contentUrl":"https:\/\/pagina10.com\/web\/wp-content\/uploads\/2024\/01\/40-pagina-10-periodico-regional-pasto.jpg","width":1280,"height":720,"caption":"P\u00e1gina10"},"image":{"@id":"https:\/\/pagina10.com\/web\/#\/schema\/logo\/image\/"},"sameAs":["https:\/\/www.facebook.com\/pag10com","https:\/\/x.com\/Pag10com","https:\/\/www.instagram.com\/pagina10col\/","https:\/\/youtube.com\/channel\/pag10","https:\/\/www.tiktok.com\/@p10col"]},{"@type":"Person","@id":"https:\/\/pagina10.com\/web\/#\/schema\/person\/2efc4a090d25b667d3bc796798a3a81b","name":"P\u00e1gina 10","description":"P\u00e1gina 10 es un peri\u00f3dico regional que nace en Colombia, en el departamento de Nari\u00f1o, con un enfoque global, fundamentado en cuatro pilares esenciales: la libertad, el pluralismo, la inclusi\u00f3n y la independencia. P\u00e1gina 10 hace referencia a Nari\u00f1o como el d\u00e9cimo departamento creado en Colombia, despu\u00e9s de un proceso pol\u00edtico liderado por actores y actrices regionales con el fin de obtener la independencia y autonom\u00eda de nuestros territorios. Con la creaci\u00f3n de P\u00e1gina 10 se pretende abrir un escenario para el dialogo, la reflexi\u00f3n y el debate que se extienda a otras geograf\u00edas de Am\u00e9rica Latina y del planeta, en una apuesta por transformar colectivamente los desaf\u00edos de un mundo contempor\u00e1neo, m\u00e1s all\u00e1 de las fronteras impuestas.","url":"https:\/\/pagina10.com\/web\/author\/pdiezadmin\/"}]}},"_links":{"self":[{"href":"https:\/\/pagina10.com\/web\/wp-json\/wp\/v2\/posts\/50704","targetHints":{"allow":["GET"]}}],"collection":[{"href":"https:\/\/pagina10.com\/web\/wp-json\/wp\/v2\/posts"}],"about":[{"href":"https:\/\/pagina10.com\/web\/wp-json\/wp\/v2\/types\/post"}],"author":[{"embeddable":true,"href":"https:\/\/pagina10.com\/web\/wp-json\/wp\/v2\/users\/1"}],"replies":[{"embeddable":true,"href":"https:\/\/pagina10.com\/web\/wp-json\/wp\/v2\/comments?post=50704"}],"version-history":[{"count":4,"href":"https:\/\/pagina10.com\/web\/wp-json\/wp\/v2\/posts\/50704\/revisions"}],"predecessor-version":[{"id":50722,"href":"https:\/\/pagina10.com\/web\/wp-json\/wp\/v2\/posts\/50704\/revisions\/50722"}],"wp:featuredmedia":[{"embeddable":true,"href":"https:\/\/pagina10.com\/web\/wp-json\/wp\/v2\/media\/50707"}],"wp:attachment":[{"href":"https:\/\/pagina10.com\/web\/wp-json\/wp\/v2\/media?parent=50704"}],"wp:term":[{"taxonomy":"category","embeddable":true,"href":"https:\/\/pagina10.com\/web\/wp-json\/wp\/v2\/categories?post=50704"},{"taxonomy":"post_tag","embeddable":true,"href":"https:\/\/pagina10.com\/web\/wp-json\/wp\/v2\/tags?post=50704"}],"curies":[{"name":"wp","href":"https:\/\/api.w.org\/{rel}","templated":true}]}}