{"id":50727,"date":"2021-02-23T13:45:56","date_gmt":"2021-02-23T18:45:56","guid":{"rendered":"https:\/\/pagina10.com\/web\/?p=50727"},"modified":"2021-02-23T13:45:56","modified_gmt":"2021-02-23T18:45:56","slug":"por-cuenta-de-las-masacres-292-personas-fueron-asesinadas-en-2020-incluyendo-24-ninos-y-ninas-alta-comisionada-de-las-naciones-unidas-para-los-derechos-humanos","status":"publish","type":"post","link":"https:\/\/pagina10.com\/web\/por-cuenta-de-las-masacres-292-personas-fueron-asesinadas-en-2020-incluyendo-24-ninos-y-ninas-alta-comisionada-de-las-naciones-unidas-para-los-derechos-humanos\/","title":{"rendered":"Por cuenta de las masacres 292 personas fueron asesinadas en 2020, incluyendo 24 ni\u00f1os y ni\u00f1as: Alta Comisionada de las Naciones Unidas para los Derechos Humanos."},"content":{"rendered":"<p style=\"text-align: justify;\">Ante el consejo de Derechos Humanos de las Naciones Unidas, en Ginebra (Suiza), ser\u00e1 presentado el pr\u00f3ximo 25 de febrero un crudo documento sobre la situaci\u00f3n de seguridad en Colombia. Se trata del informe anual de la oficina de la Alta Comisionada de la ONU para los Derechos Humanos, Michelle Bachelet, que registr\u00f3 lo que ocurre en las regiones del pa\u00eds durante el a\u00f1o 2020, en medio de la pandemia Covid-19.<\/p>\n<p style=\"text-align: justify;\">El hallazgo m\u00e1s revelador del documento es que entre el 1 de enero y el 31 de diciembre de 2020, en Colombia ocurrieron al menos 76 masacres, en las que fueron asesinadas 292 personas entre ellas 23 mujeres, 6 ni\u00f1as, 18 ni\u00f1os, 7 ind\u00edgenas y 10 personas Afrodescendientes. Seg\u00fan esas cifras, 2020 registr\u00f3 la cifra m\u00e1s alta de masacres desde 2014.<\/p>\n<p style=\"text-align: justify;\">Juliette de Rivero, representante en Colombia de Michelle Bachelet, report\u00f3 este martes que m\u00e1s de la mitad de las masacres, se concentraron apenas en tres departamentos: Antioquia, con 19 casos, y Cauca y Nari\u00f1o, con 11 masacres cada uno.<\/p>\n<p style=\"text-align: justify;\">En el documento se incluy\u00f3 tambi\u00e9n la informaci\u00f3n relacionada con los asesinatos de los l\u00edderes sociales y defensores de Derechos Humanos en el pa\u00eds. Sin embargo, el documento aclara que sus cifras no se refieren al panorama completo de homicidios de l\u00edderes en Colombia, sino una muestra representativa. Seg\u00fan eso, la oficina recibi\u00f3 informaci\u00f3n de 133 casos de homicidios de l\u00edderes y defensores durante el a\u00f1o pasado. Hasta el momento se han verificado 90 de ellos, y otros 25 est\u00e1n en verificaci\u00f3n; 18 de ellos no se pudieron verificar.<\/p>\n<p style=\"text-align: justify;\">El informe resalt\u00f3, as\u00ed mismo, las cifras m\u00e1s altas que manejan la Defensor\u00eda del pueblo y Somos Defensores, \u00a0quienes reportan 82 defensores asesinados en 2020 y 159 casos, respectivamente.<\/p>\n<p style=\"text-align: justify;\">A su vez, el reporte incluy\u00f3 las cifras de la Oficina de Naciones Unidas para la Coordinaci\u00f3n de Asuntos Humanitarios, que en 2020 registr\u00f3 94 eventos de desplazamiento forzado masivo, que afectaron a 25.366 personas. Del total de esos eventos el 76% ocurri\u00f3 apenas en tres departamentos: Antioquia, Choco y Nari\u00f1o. Adem\u00e1s de esos departamentos, dice el documento, la violencia se ha recrudecido en Cauca, Putumayo, Norte de Santander y Valle del Cauca, particularmente en territorios donde habitan pueblos afro, ind\u00edgenas y campesinos.<\/p>\n<p style=\"text-align: justify;\">En lo que va corrido del 2021, el documento revel\u00f3 que en el pa\u00eds ya se han presentado 6 casos de masacres y 5 casos m\u00e1s en verificaci\u00f3n, con un total de 21 v\u00edctimas mortales. En cuanto al asesinato de l\u00edderes sociales, la oficina cuenta con informaci\u00f3n de 21 casos.<\/p>\n<p style=\"text-align: justify;\">\n<p style=\"text-align: justify;\">Finalmente, la representante Rivero se refiri\u00f3 a uno de los puntos que mayores desencuentros ha generado entre el Gobierno Duque y las plataformas de Derechos Humanos, en estos dos a\u00f1os y medio de mandato. Sostuvo que el informe evidencia <strong>\u201cla falta de avances en la adopci\u00f3n de la pol\u00edtica p\u00fablica y criminal en materia de desmantelamiento de las organizaciones criminales, incluyendo aquellas que hayan sido denominadas como sucesoras del paramilitarismo<\/strong>\u201d, y reiter\u00f3 la urgencia de que esa pol\u00edtica sea adoptada a trav\u00e9s de la Comisi\u00f3n de Garant\u00edas de Seguridad, que el Acuerdo de Paz cre\u00f3 en el punto 3 para ese fin.<\/p>\n<p>&nbsp;<\/p>\n<p>&nbsp;<\/p>\n","protected":false},"excerpt":{"rendered":"<p>Ante el consejo de Derechos Humanos de las Naciones Unidas, en Ginebra (Suiza), ser\u00e1 presentado el pr\u00f3ximo 25 de febrero un crudo documento sobre la situaci\u00f3n de seguridad en Colombia. Se trata del informe anual de la oficina de la Alta Comisionada de la ONU para los Derechos Humanos, Michelle Bachelet, que registr\u00f3 lo que [&hellip;]<\/p>\n","protected":false},"author":1,"featured_media":50728,"comment_status":"open","ping_status":"open","sticky":false,"template":"","format":"standard","meta":{"footnotes":""},"categories":[24,94],"tags":[],"class_list":["post-50727","post","type-post","status-publish","format-standard","has-post-thumbnail","hentry","category-nacional","category-nacional-global-2"],"yoast_head":"<!-- This site is optimized with the Yoast SEO plugin v27.1.1 - https:\/\/yoast.com\/product\/yoast-seo-wordpress\/ -->\n<title>Por cuenta de las masacres 292 personas fueron asesinadas en 2020, incluyendo 24 ni\u00f1os y ni\u00f1as: Alta Comisionada de las Naciones Unidas para los Derechos Humanos. | P\u00e1gina10<\/title>\n<meta name=\"robots\" content=\"index, follow, max-snippet:-1, max-image-preview:large, max-video-preview:-1\" \/>\n<link rel=\"canonical\" href=\"https:\/\/pagina10.com\/web\/por-cuenta-de-las-masacres-292-personas-fueron-asesinadas-en-2020-incluyendo-24-ninos-y-ninas-alta-comisionada-de-las-naciones-unidas-para-los-derechos-humanos\/\" \/>\n<meta property=\"og:locale\" content=\"es_ES\" \/>\n<meta property=\"og:type\" content=\"article\" \/>\n<meta property=\"og:title\" content=\"Por cuenta de las masacres 292 personas fueron asesinadas en 2020, incluyendo 24 ni\u00f1os y ni\u00f1as: Alta Comisionada de las Naciones Unidas para los Derechos Humanos. | P\u00e1gina10\" \/>\n<meta property=\"og:description\" content=\"Ante el consejo de Derechos Humanos de las Naciones Unidas, en Ginebra (Suiza), ser\u00e1 presentado el pr\u00f3ximo 25 de febrero un crudo documento sobre la situaci\u00f3n de seguridad en Colombia. Se trata del informe anual de la oficina de la Alta Comisionada de la ONU para los Derechos Humanos, Michelle Bachelet, que registr\u00f3 lo que [&hellip;]\" \/>\n<meta property=\"og:url\" content=\"https:\/\/pagina10.com\/web\/por-cuenta-de-las-masacres-292-personas-fueron-asesinadas-en-2020-incluyendo-24-ninos-y-ninas-alta-comisionada-de-las-naciones-unidas-para-los-derechos-humanos\/\" \/>\n<meta property=\"og:site_name\" content=\"P\u00e1gina10\" \/>\n<meta property=\"article:publisher\" content=\"https:\/\/www.facebook.com\/pag10com\" \/>\n<meta property=\"article:published_time\" content=\"2021-02-23T18:45:56+00:00\" \/>\n<meta property=\"og:image\" content=\"https:\/\/pagina10.com\/web\/wp-content\/uploads\/2021\/02\/Captura-de-pantalla-11.png\" \/>\n\t<meta property=\"og:image:width\" content=\"527\" \/>\n\t<meta property=\"og:image:height\" content=\"300\" \/>\n\t<meta property=\"og:image:type\" content=\"image\/png\" \/>\n<meta name=\"author\" content=\"P\u00e1gina 10\" \/>\n<meta name=\"twitter:card\" content=\"summary_large_image\" \/>\n<meta name=\"twitter:creator\" content=\"@Pag10com\" \/>\n<meta name=\"twitter:site\" content=\"@Pag10com\" \/>\n<meta name=\"twitter:label1\" content=\"Escrito por\" \/>\n\t<meta name=\"twitter:data1\" content=\"P\u00e1gina 10\" \/>\n\t<meta name=\"twitter:label2\" content=\"Tiempo de lectura\" \/>\n\t<meta name=\"twitter:data2\" content=\"3 minutos\" \/>\n<script type=\"application\/ld+json\" class=\"yoast-schema-graph\">{\"@context\":\"https:\/\/schema.org\",\"@graph\":[{\"@type\":\"Article\",\"@id\":\"https:\/\/pagina10.com\/web\/por-cuenta-de-las-masacres-292-personas-fueron-asesinadas-en-2020-incluyendo-24-ninos-y-ninas-alta-comisionada-de-las-naciones-unidas-para-los-derechos-humanos\/#article\",\"isPartOf\":{\"@id\":\"https:\/\/pagina10.com\/web\/por-cuenta-de-las-masacres-292-personas-fueron-asesinadas-en-2020-incluyendo-24-ninos-y-ninas-alta-comisionada-de-las-naciones-unidas-para-los-derechos-humanos\/\"},\"author\":{\"name\":\"P\u00e1gina 10\",\"@id\":\"https:\/\/pagina10.com\/web\/#\/schema\/person\/2efc4a090d25b667d3bc796798a3a81b\"},\"headline\":\"Por cuenta de las masacres 292 personas fueron asesinadas en 2020, incluyendo 24 ni\u00f1os y ni\u00f1as: Alta Comisionada de las Naciones Unidas para los Derechos Humanos.\",\"datePublished\":\"2021-02-23T18:45:56+00:00\",\"mainEntityOfPage\":{\"@id\":\"https:\/\/pagina10.com\/web\/por-cuenta-de-las-masacres-292-personas-fueron-asesinadas-en-2020-incluyendo-24-ninos-y-ninas-alta-comisionada-de-las-naciones-unidas-para-los-derechos-humanos\/\"},\"wordCount\":561,\"commentCount\":0,\"publisher\":{\"@id\":\"https:\/\/pagina10.com\/web\/#organization\"},\"image\":{\"@id\":\"https:\/\/pagina10.com\/web\/por-cuenta-de-las-masacres-292-personas-fueron-asesinadas-en-2020-incluyendo-24-ninos-y-ninas-alta-comisionada-de-las-naciones-unidas-para-los-derechos-humanos\/#primaryimage\"},\"thumbnailUrl\":\"https:\/\/pagina10.com\/web\/wp-content\/uploads\/2021\/02\/Captura-de-pantalla-11.png\",\"articleSection\":[\"Nacional\",\"Nacional\"],\"inLanguage\":\"es\",\"potentialAction\":[{\"@type\":\"CommentAction\",\"name\":\"Comment\",\"target\":[\"https:\/\/pagina10.com\/web\/por-cuenta-de-las-masacres-292-personas-fueron-asesinadas-en-2020-incluyendo-24-ninos-y-ninas-alta-comisionada-de-las-naciones-unidas-para-los-derechos-humanos\/#respond\"]}]},{\"@type\":\"WebPage\",\"@id\":\"https:\/\/pagina10.com\/web\/por-cuenta-de-las-masacres-292-personas-fueron-asesinadas-en-2020-incluyendo-24-ninos-y-ninas-alta-comisionada-de-las-naciones-unidas-para-los-derechos-humanos\/\",\"url\":\"https:\/\/pagina10.com\/web\/por-cuenta-de-las-masacres-292-personas-fueron-asesinadas-en-2020-incluyendo-24-ninos-y-ninas-alta-comisionada-de-las-naciones-unidas-para-los-derechos-humanos\/\",\"name\":\"Por cuenta de las masacres 292 personas fueron asesinadas en 2020, incluyendo 24 ni\u00f1os y ni\u00f1as: Alta Comisionada de las Naciones Unidas para los Derechos Humanos. | P\u00e1gina10\",\"isPartOf\":{\"@id\":\"https:\/\/pagina10.com\/web\/#website\"},\"primaryImageOfPage\":{\"@id\":\"https:\/\/pagina10.com\/web\/por-cuenta-de-las-masacres-292-personas-fueron-asesinadas-en-2020-incluyendo-24-ninos-y-ninas-alta-comisionada-de-las-naciones-unidas-para-los-derechos-humanos\/#primaryimage\"},\"image\":{\"@id\":\"https:\/\/pagina10.com\/web\/por-cuenta-de-las-masacres-292-personas-fueron-asesinadas-en-2020-incluyendo-24-ninos-y-ninas-alta-comisionada-de-las-naciones-unidas-para-los-derechos-humanos\/#primaryimage\"},\"thumbnailUrl\":\"https:\/\/pagina10.com\/web\/wp-content\/uploads\/2021\/02\/Captura-de-pantalla-11.png\",\"datePublished\":\"2021-02-23T18:45:56+00:00\",\"breadcrumb\":{\"@id\":\"https:\/\/pagina10.com\/web\/por-cuenta-de-las-masacres-292-personas-fueron-asesinadas-en-2020-incluyendo-24-ninos-y-ninas-alta-comisionada-de-las-naciones-unidas-para-los-derechos-humanos\/#breadcrumb\"},\"inLanguage\":\"es\",\"potentialAction\":[{\"@type\":\"ReadAction\",\"target\":[\"https:\/\/pagina10.com\/web\/por-cuenta-de-las-masacres-292-personas-fueron-asesinadas-en-2020-incluyendo-24-ninos-y-ninas-alta-comisionada-de-las-naciones-unidas-para-los-derechos-humanos\/\"]}]},{\"@type\":\"ImageObject\",\"inLanguage\":\"es\",\"@id\":\"https:\/\/pagina10.com\/web\/por-cuenta-de-las-masacres-292-personas-fueron-asesinadas-en-2020-incluyendo-24-ninos-y-ninas-alta-comisionada-de-las-naciones-unidas-para-los-derechos-humanos\/#primaryimage\",\"url\":\"https:\/\/pagina10.com\/web\/wp-content\/uploads\/2021\/02\/Captura-de-pantalla-11.png\",\"contentUrl\":\"https:\/\/pagina10.com\/web\/wp-content\/uploads\/2021\/02\/Captura-de-pantalla-11.png\",\"width\":527,\"height\":300},{\"@type\":\"BreadcrumbList\",\"@id\":\"https:\/\/pagina10.com\/web\/por-cuenta-de-las-masacres-292-personas-fueron-asesinadas-en-2020-incluyendo-24-ninos-y-ninas-alta-comisionada-de-las-naciones-unidas-para-los-derechos-humanos\/#breadcrumb\",\"itemListElement\":[{\"@type\":\"ListItem\",\"position\":1,\"name\":\"Portada\",\"item\":\"https:\/\/pagina10.com\/web\/\"},{\"@type\":\"ListItem\",\"position\":2,\"name\":\"Por cuenta de las masacres 292 personas fueron asesinadas en 2020, incluyendo 24 ni\u00f1os y ni\u00f1as: Alta Comisionada de las Naciones Unidas para los Derechos Humanos.\"}]},{\"@type\":\"WebSite\",\"@id\":\"https:\/\/pagina10.com\/web\/#website\",\"url\":\"https:\/\/pagina10.com\/web\/\",\"name\":\"P\u00e1gina10\",\"description\":\"Peri\u00f3dico Regional\",\"publisher\":{\"@id\":\"https:\/\/pagina10.com\/web\/#organization\"},\"alternateName\":\"P\u00e1gina10 Peri\u00f3dico Regional\",\"potentialAction\":[{\"@type\":\"SearchAction\",\"target\":{\"@type\":\"EntryPoint\",\"urlTemplate\":\"https:\/\/pagina10.com\/web\/?s={search_term_string}\"},\"query-input\":{\"@type\":\"PropertyValueSpecification\",\"valueRequired\":true,\"valueName\":\"search_term_string\"}}],\"inLanguage\":\"es\"},{\"@type\":\"Organization\",\"@id\":\"https:\/\/pagina10.com\/web\/#organization\",\"name\":\"P\u00e1gina10\",\"alternateName\":\"P\u00e1gina10 Peri\u00f3dico Regional\",\"url\":\"https:\/\/pagina10.com\/web\/\",\"logo\":{\"@type\":\"ImageObject\",\"inLanguage\":\"es\",\"@id\":\"https:\/\/pagina10.com\/web\/#\/schema\/logo\/image\/\",\"url\":\"https:\/\/pagina10.com\/web\/wp-content\/uploads\/2024\/01\/40-pagina-10-periodico-regional-pasto.jpg\",\"contentUrl\":\"https:\/\/pagina10.com\/web\/wp-content\/uploads\/2024\/01\/40-pagina-10-periodico-regional-pasto.jpg\",\"width\":1280,\"height\":720,\"caption\":\"P\u00e1gina10\"},\"image\":{\"@id\":\"https:\/\/pagina10.com\/web\/#\/schema\/logo\/image\/\"},\"sameAs\":[\"https:\/\/www.facebook.com\/pag10com\",\"https:\/\/x.com\/Pag10com\",\"https:\/\/www.instagram.com\/pagina10col\/\",\"https:\/\/youtube.com\/channel\/pag10\",\"https:\/\/www.tiktok.com\/@p10col\"]},{\"@type\":\"Person\",\"@id\":\"https:\/\/pagina10.com\/web\/#\/schema\/person\/2efc4a090d25b667d3bc796798a3a81b\",\"name\":\"P\u00e1gina 10\",\"description\":\"P\u00e1gina 10 es un peri\u00f3dico regional que nace en Colombia, en el departamento de Nari\u00f1o, con un enfoque global, fundamentado en cuatro pilares esenciales: la libertad, el pluralismo, la inclusi\u00f3n y la independencia. P\u00e1gina 10 hace referencia a Nari\u00f1o como el d\u00e9cimo departamento creado en Colombia, despu\u00e9s de un proceso pol\u00edtico liderado por actores y actrices regionales con el fin de obtener la independencia y autonom\u00eda de nuestros territorios. Con la creaci\u00f3n de P\u00e1gina 10 se pretende abrir un escenario para el dialogo, la reflexi\u00f3n y el debate que se extienda a otras geograf\u00edas de Am\u00e9rica Latina y del planeta, en una apuesta por transformar colectivamente los desaf\u00edos de un mundo contempor\u00e1neo, m\u00e1s all\u00e1 de las fronteras impuestas.\",\"url\":\"https:\/\/pagina10.com\/web\/author\/pdiezadmin\/\"}]}<\/script>\n<!-- \/ Yoast SEO plugin. -->","yoast_head_json":{"title":"Por cuenta de las masacres 292 personas fueron asesinadas en 2020, incluyendo 24 ni\u00f1os y ni\u00f1as: Alta Comisionada de las Naciones Unidas para los Derechos Humanos. | P\u00e1gina10","robots":{"index":"index","follow":"follow","max-snippet":"max-snippet:-1","max-image-preview":"max-image-preview:large","max-video-preview":"max-video-preview:-1"},"canonical":"https:\/\/pagina10.com\/web\/por-cuenta-de-las-masacres-292-personas-fueron-asesinadas-en-2020-incluyendo-24-ninos-y-ninas-alta-comisionada-de-las-naciones-unidas-para-los-derechos-humanos\/","og_locale":"es_ES","og_type":"article","og_title":"Por cuenta de las masacres 292 personas fueron asesinadas en 2020, incluyendo 24 ni\u00f1os y ni\u00f1as: Alta Comisionada de las Naciones Unidas para los Derechos Humanos. | P\u00e1gina10","og_description":"Ante el consejo de Derechos Humanos de las Naciones Unidas, en Ginebra (Suiza), ser\u00e1 presentado el pr\u00f3ximo 25 de febrero un crudo documento sobre la situaci\u00f3n de seguridad en Colombia. Se trata del informe anual de la oficina de la Alta Comisionada de la ONU para los Derechos Humanos, Michelle Bachelet, que registr\u00f3 lo que [&hellip;]","og_url":"https:\/\/pagina10.com\/web\/por-cuenta-de-las-masacres-292-personas-fueron-asesinadas-en-2020-incluyendo-24-ninos-y-ninas-alta-comisionada-de-las-naciones-unidas-para-los-derechos-humanos\/","og_site_name":"P\u00e1gina10","article_publisher":"https:\/\/www.facebook.com\/pag10com","article_published_time":"2021-02-23T18:45:56+00:00","og_image":[{"width":527,"height":300,"url":"https:\/\/pagina10.com\/web\/wp-content\/uploads\/2021\/02\/Captura-de-pantalla-11.png","type":"image\/png"}],"author":"P\u00e1gina 10","twitter_card":"summary_large_image","twitter_creator":"@Pag10com","twitter_site":"@Pag10com","twitter_misc":{"Escrito por":"P\u00e1gina 10","Tiempo de lectura":"3 minutos"},"schema":{"@context":"https:\/\/schema.org","@graph":[{"@type":"Article","@id":"https:\/\/pagina10.com\/web\/por-cuenta-de-las-masacres-292-personas-fueron-asesinadas-en-2020-incluyendo-24-ninos-y-ninas-alta-comisionada-de-las-naciones-unidas-para-los-derechos-humanos\/#article","isPartOf":{"@id":"https:\/\/pagina10.com\/web\/por-cuenta-de-las-masacres-292-personas-fueron-asesinadas-en-2020-incluyendo-24-ninos-y-ninas-alta-comisionada-de-las-naciones-unidas-para-los-derechos-humanos\/"},"author":{"name":"P\u00e1gina 10","@id":"https:\/\/pagina10.com\/web\/#\/schema\/person\/2efc4a090d25b667d3bc796798a3a81b"},"headline":"Por cuenta de las masacres 292 personas fueron asesinadas en 2020, incluyendo 24 ni\u00f1os y ni\u00f1as: Alta Comisionada de las Naciones Unidas para los Derechos Humanos.","datePublished":"2021-02-23T18:45:56+00:00","mainEntityOfPage":{"@id":"https:\/\/pagina10.com\/web\/por-cuenta-de-las-masacres-292-personas-fueron-asesinadas-en-2020-incluyendo-24-ninos-y-ninas-alta-comisionada-de-las-naciones-unidas-para-los-derechos-humanos\/"},"wordCount":561,"commentCount":0,"publisher":{"@id":"https:\/\/pagina10.com\/web\/#organization"},"image":{"@id":"https:\/\/pagina10.com\/web\/por-cuenta-de-las-masacres-292-personas-fueron-asesinadas-en-2020-incluyendo-24-ninos-y-ninas-alta-comisionada-de-las-naciones-unidas-para-los-derechos-humanos\/#primaryimage"},"thumbnailUrl":"https:\/\/pagina10.com\/web\/wp-content\/uploads\/2021\/02\/Captura-de-pantalla-11.png","articleSection":["Nacional","Nacional"],"inLanguage":"es","potentialAction":[{"@type":"CommentAction","name":"Comment","target":["https:\/\/pagina10.com\/web\/por-cuenta-de-las-masacres-292-personas-fueron-asesinadas-en-2020-incluyendo-24-ninos-y-ninas-alta-comisionada-de-las-naciones-unidas-para-los-derechos-humanos\/#respond"]}]},{"@type":"WebPage","@id":"https:\/\/pagina10.com\/web\/por-cuenta-de-las-masacres-292-personas-fueron-asesinadas-en-2020-incluyendo-24-ninos-y-ninas-alta-comisionada-de-las-naciones-unidas-para-los-derechos-humanos\/","url":"https:\/\/pagina10.com\/web\/por-cuenta-de-las-masacres-292-personas-fueron-asesinadas-en-2020-incluyendo-24-ninos-y-ninas-alta-comisionada-de-las-naciones-unidas-para-los-derechos-humanos\/","name":"Por cuenta de las masacres 292 personas fueron asesinadas en 2020, incluyendo 24 ni\u00f1os y ni\u00f1as: Alta Comisionada de las Naciones Unidas para los Derechos Humanos. | P\u00e1gina10","isPartOf":{"@id":"https:\/\/pagina10.com\/web\/#website"},"primaryImageOfPage":{"@id":"https:\/\/pagina10.com\/web\/por-cuenta-de-las-masacres-292-personas-fueron-asesinadas-en-2020-incluyendo-24-ninos-y-ninas-alta-comisionada-de-las-naciones-unidas-para-los-derechos-humanos\/#primaryimage"},"image":{"@id":"https:\/\/pagina10.com\/web\/por-cuenta-de-las-masacres-292-personas-fueron-asesinadas-en-2020-incluyendo-24-ninos-y-ninas-alta-comisionada-de-las-naciones-unidas-para-los-derechos-humanos\/#primaryimage"},"thumbnailUrl":"https:\/\/pagina10.com\/web\/wp-content\/uploads\/2021\/02\/Captura-de-pantalla-11.png","datePublished":"2021-02-23T18:45:56+00:00","breadcrumb":{"@id":"https:\/\/pagina10.com\/web\/por-cuenta-de-las-masacres-292-personas-fueron-asesinadas-en-2020-incluyendo-24-ninos-y-ninas-alta-comisionada-de-las-naciones-unidas-para-los-derechos-humanos\/#breadcrumb"},"inLanguage":"es","potentialAction":[{"@type":"ReadAction","target":["https:\/\/pagina10.com\/web\/por-cuenta-de-las-masacres-292-personas-fueron-asesinadas-en-2020-incluyendo-24-ninos-y-ninas-alta-comisionada-de-las-naciones-unidas-para-los-derechos-humanos\/"]}]},{"@type":"ImageObject","inLanguage":"es","@id":"https:\/\/pagina10.com\/web\/por-cuenta-de-las-masacres-292-personas-fueron-asesinadas-en-2020-incluyendo-24-ninos-y-ninas-alta-comisionada-de-las-naciones-unidas-para-los-derechos-humanos\/#primaryimage","url":"https:\/\/pagina10.com\/web\/wp-content\/uploads\/2021\/02\/Captura-de-pantalla-11.png","contentUrl":"https:\/\/pagina10.com\/web\/wp-content\/uploads\/2021\/02\/Captura-de-pantalla-11.png","width":527,"height":300},{"@type":"BreadcrumbList","@id":"https:\/\/pagina10.com\/web\/por-cuenta-de-las-masacres-292-personas-fueron-asesinadas-en-2020-incluyendo-24-ninos-y-ninas-alta-comisionada-de-las-naciones-unidas-para-los-derechos-humanos\/#breadcrumb","itemListElement":[{"@type":"ListItem","position":1,"name":"Portada","item":"https:\/\/pagina10.com\/web\/"},{"@type":"ListItem","position":2,"name":"Por cuenta de las masacres 292 personas fueron asesinadas en 2020, incluyendo 24 ni\u00f1os y ni\u00f1as: Alta Comisionada de las Naciones Unidas para los Derechos Humanos."}]},{"@type":"WebSite","@id":"https:\/\/pagina10.com\/web\/#website","url":"https:\/\/pagina10.com\/web\/","name":"P\u00e1gina10","description":"Peri\u00f3dico Regional","publisher":{"@id":"https:\/\/pagina10.com\/web\/#organization"},"alternateName":"P\u00e1gina10 Peri\u00f3dico Regional","potentialAction":[{"@type":"SearchAction","target":{"@type":"EntryPoint","urlTemplate":"https:\/\/pagina10.com\/web\/?s={search_term_string}"},"query-input":{"@type":"PropertyValueSpecification","valueRequired":true,"valueName":"search_term_string"}}],"inLanguage":"es"},{"@type":"Organization","@id":"https:\/\/pagina10.com\/web\/#organization","name":"P\u00e1gina10","alternateName":"P\u00e1gina10 Peri\u00f3dico Regional","url":"https:\/\/pagina10.com\/web\/","logo":{"@type":"ImageObject","inLanguage":"es","@id":"https:\/\/pagina10.com\/web\/#\/schema\/logo\/image\/","url":"https:\/\/pagina10.com\/web\/wp-content\/uploads\/2024\/01\/40-pagina-10-periodico-regional-pasto.jpg","contentUrl":"https:\/\/pagina10.com\/web\/wp-content\/uploads\/2024\/01\/40-pagina-10-periodico-regional-pasto.jpg","width":1280,"height":720,"caption":"P\u00e1gina10"},"image":{"@id":"https:\/\/pagina10.com\/web\/#\/schema\/logo\/image\/"},"sameAs":["https:\/\/www.facebook.com\/pag10com","https:\/\/x.com\/Pag10com","https:\/\/www.instagram.com\/pagina10col\/","https:\/\/youtube.com\/channel\/pag10","https:\/\/www.tiktok.com\/@p10col"]},{"@type":"Person","@id":"https:\/\/pagina10.com\/web\/#\/schema\/person\/2efc4a090d25b667d3bc796798a3a81b","name":"P\u00e1gina 10","description":"P\u00e1gina 10 es un peri\u00f3dico regional que nace en Colombia, en el departamento de Nari\u00f1o, con un enfoque global, fundamentado en cuatro pilares esenciales: la libertad, el pluralismo, la inclusi\u00f3n y la independencia. P\u00e1gina 10 hace referencia a Nari\u00f1o como el d\u00e9cimo departamento creado en Colombia, despu\u00e9s de un proceso pol\u00edtico liderado por actores y actrices regionales con el fin de obtener la independencia y autonom\u00eda de nuestros territorios. Con la creaci\u00f3n de P\u00e1gina 10 se pretende abrir un escenario para el dialogo, la reflexi\u00f3n y el debate que se extienda a otras geograf\u00edas de Am\u00e9rica Latina y del planeta, en una apuesta por transformar colectivamente los desaf\u00edos de un mundo contempor\u00e1neo, m\u00e1s all\u00e1 de las fronteras impuestas.","url":"https:\/\/pagina10.com\/web\/author\/pdiezadmin\/"}]}},"_links":{"self":[{"href":"https:\/\/pagina10.com\/web\/wp-json\/wp\/v2\/posts\/50727","targetHints":{"allow":["GET"]}}],"collection":[{"href":"https:\/\/pagina10.com\/web\/wp-json\/wp\/v2\/posts"}],"about":[{"href":"https:\/\/pagina10.com\/web\/wp-json\/wp\/v2\/types\/post"}],"author":[{"embeddable":true,"href":"https:\/\/pagina10.com\/web\/wp-json\/wp\/v2\/users\/1"}],"replies":[{"embeddable":true,"href":"https:\/\/pagina10.com\/web\/wp-json\/wp\/v2\/comments?post=50727"}],"version-history":[{"count":1,"href":"https:\/\/pagina10.com\/web\/wp-json\/wp\/v2\/posts\/50727\/revisions"}],"predecessor-version":[{"id":50729,"href":"https:\/\/pagina10.com\/web\/wp-json\/wp\/v2\/posts\/50727\/revisions\/50729"}],"wp:featuredmedia":[{"embeddable":true,"href":"https:\/\/pagina10.com\/web\/wp-json\/wp\/v2\/media\/50728"}],"wp:attachment":[{"href":"https:\/\/pagina10.com\/web\/wp-json\/wp\/v2\/media?parent=50727"}],"wp:term":[{"taxonomy":"category","embeddable":true,"href":"https:\/\/pagina10.com\/web\/wp-json\/wp\/v2\/categories?post=50727"},{"taxonomy":"post_tag","embeddable":true,"href":"https:\/\/pagina10.com\/web\/wp-json\/wp\/v2\/tags?post=50727"}],"curies":[{"name":"wp","href":"https:\/\/api.w.org\/{rel}","templated":true}]}}