{"id":50745,"date":"2021-02-24T13:47:40","date_gmt":"2021-02-24T18:47:40","guid":{"rendered":"https:\/\/pagina10.com\/web\/?p=50745"},"modified":"2021-02-24T13:47:40","modified_gmt":"2021-02-24T18:47:40","slug":"nuevos-castigos-para-padres-que-no-paguen-cuotas-alimentarias-de-sus-hijos","status":"publish","type":"post","link":"https:\/\/pagina10.com\/web\/nuevos-castigos-para-padres-que-no-paguen-cuotas-alimentarias-de-sus-hijos\/","title":{"rendered":"Nuevos castigos para padres que no paguen cuotas alimentarias de sus hijos."},"content":{"rendered":"<p style=\"text-align: justify;\">Una lista de varios castigos para los padres que no paguen la cuota alimentaria de sus hijos entrar\u00e1 en vigencia desde este jueves, cuando el presidente Iv\u00e1n Duque sancione una ley que apunta a enfrentar esta problem\u00e1tica en Colombia.<\/p>\n<p style=\"text-align: justify;\">La norma es de autor\u00eda de la senadora del partido de la U, Maritza Mart\u00ednez, quien luego de presentarla dos veces en el Congreso logr\u00f3 el consenso necesario de aprobaci\u00f3n. La congresista afirm\u00f3 que \u201clos padres y madres irresponsables que incumplan con la manutenci\u00f3n de sus hijos y adultos mayores que dependan de su cuidado lo tendr\u00e1n que pensar dos veces antes de incumplir reiteradamente con las cuotas alimentarias\u201d.<\/p>\n<p style=\"text-align: justify;\">De acuerdo con lo aprobado, se crear\u00e1 el Registro de Deudores Alimentarios Morosos, en el que tambi\u00e9n estar\u00edan quienes incumplan con las obligaciones econ\u00f3micas que hayan contra\u00eddo con adultos mayores que est\u00e9n a su cuidado. Los padres que sumen m\u00e1s de tres cuotas alimentarias sin pagar, no podr\u00e1n salir del pa\u00eds, ni contratar con el Estado ni posesionarse en cargos p\u00fablicos mientras no est\u00e9n al d\u00eda. Igualmente, la calidad de morosos de esta obligaci\u00f3n ser\u00e1 tenida en cuenta por los bancos a la hora de otorgarles un cr\u00e9dito.<\/p>\n<p style=\"text-align: justify;\">Otro punto importante de esta nueva ley est\u00e1 en la autorizaci\u00f3n que deben dar los padres para que sus hijos menores de edad salgan del pa\u00eds. En caso de que el progenitor sea deudor moroso de estas cuotas, este aval no ser\u00e1 necesario para que su hijo viaje a otra naci\u00f3n. En caso de que el padre moroso sea funcionario p\u00fablico, deber\u00e1 ser suspendido de su cargo hasta que cancele sus obligaciones.<\/p>\n<p style=\"text-align: justify;\">Una vez se sancione la ley que trae el nuevo paquete de castigos, el Gobierno Nacional debe decidir que instancia ser\u00e1 la encargada de crear y mantener el registro de padres morosos de cuotas alimentarias, al cual se llegar\u00e1 tras el consentimiento de un juez o comisario de familia que conozca el caso.<\/p>\n","protected":false},"excerpt":{"rendered":"<p>Una lista de varios castigos para los padres que no paguen la cuota alimentaria de sus hijos entrar\u00e1 en vigencia desde este jueves, cuando el presidente Iv\u00e1n Duque sancione una ley que apunta a enfrentar esta problem\u00e1tica en Colombia. La norma es de autor\u00eda de la senadora del partido de la U, Maritza Mart\u00ednez, quien [&hellip;]<\/p>\n","protected":false},"author":1,"featured_media":50746,"comment_status":"open","ping_status":"open","sticky":false,"template":"","format":"standard","meta":{"footnotes":""},"categories":[61],"tags":[],"class_list":["post-50745","post","type-post","status-publish","format-standard","has-post-thumbnail","hentry","category-judicial"],"yoast_head":"<!-- This site is optimized with the Yoast SEO plugin v27.1.1 - https:\/\/yoast.com\/product\/yoast-seo-wordpress\/ -->\n<title>Nuevos castigos para padres que no paguen cuotas alimentarias de sus hijos. | P\u00e1gina10<\/title>\n<meta name=\"robots\" content=\"index, follow, max-snippet:-1, max-image-preview:large, max-video-preview:-1\" \/>\n<link rel=\"canonical\" href=\"https:\/\/pagina10.com\/web\/nuevos-castigos-para-padres-que-no-paguen-cuotas-alimentarias-de-sus-hijos\/\" \/>\n<meta property=\"og:locale\" content=\"es_ES\" \/>\n<meta property=\"og:type\" content=\"article\" \/>\n<meta property=\"og:title\" content=\"Nuevos castigos para padres que no paguen cuotas alimentarias de sus hijos. | P\u00e1gina10\" \/>\n<meta property=\"og:description\" content=\"Una lista de varios castigos para los padres que no paguen la cuota alimentaria de sus hijos entrar\u00e1 en vigencia desde este jueves, cuando el presidente Iv\u00e1n Duque sancione una ley que apunta a enfrentar esta problem\u00e1tica en Colombia. La norma es de autor\u00eda de la senadora del partido de la U, Maritza Mart\u00ednez, quien [&hellip;]\" \/>\n<meta property=\"og:url\" content=\"https:\/\/pagina10.com\/web\/nuevos-castigos-para-padres-que-no-paguen-cuotas-alimentarias-de-sus-hijos\/\" \/>\n<meta property=\"og:site_name\" content=\"P\u00e1gina10\" \/>\n<meta property=\"article:publisher\" content=\"https:\/\/www.facebook.com\/pag10com\" \/>\n<meta property=\"article:published_time\" content=\"2021-02-24T18:47:40+00:00\" \/>\n<meta property=\"og:image\" content=\"https:\/\/pagina10.com\/web\/wp-content\/uploads\/2021\/02\/9-consejos-para-hijos-de-padres-separados.jpg\" \/>\n\t<meta property=\"og:image:width\" content=\"800\" \/>\n\t<meta property=\"og:image:height\" content=\"410\" \/>\n\t<meta property=\"og:image:type\" content=\"image\/jpeg\" \/>\n<meta name=\"author\" content=\"P\u00e1gina 10\" \/>\n<meta name=\"twitter:card\" content=\"summary_large_image\" \/>\n<meta name=\"twitter:creator\" content=\"@Pag10com\" \/>\n<meta name=\"twitter:site\" content=\"@Pag10com\" \/>\n<meta name=\"twitter:label1\" content=\"Escrito por\" \/>\n\t<meta name=\"twitter:data1\" content=\"P\u00e1gina 10\" \/>\n\t<meta name=\"twitter:label2\" content=\"Tiempo de lectura\" \/>\n\t<meta name=\"twitter:data2\" content=\"2 minutos\" \/>\n<script type=\"application\/ld+json\" class=\"yoast-schema-graph\">{\"@context\":\"https:\/\/schema.org\",\"@graph\":[{\"@type\":\"Article\",\"@id\":\"https:\/\/pagina10.com\/web\/nuevos-castigos-para-padres-que-no-paguen-cuotas-alimentarias-de-sus-hijos\/#article\",\"isPartOf\":{\"@id\":\"https:\/\/pagina10.com\/web\/nuevos-castigos-para-padres-que-no-paguen-cuotas-alimentarias-de-sus-hijos\/\"},\"author\":{\"name\":\"P\u00e1gina 10\",\"@id\":\"https:\/\/pagina10.com\/web\/#\/schema\/person\/2efc4a090d25b667d3bc796798a3a81b\"},\"headline\":\"Nuevos castigos para padres que no paguen cuotas alimentarias de sus hijos.\",\"datePublished\":\"2021-02-24T18:47:40+00:00\",\"mainEntityOfPage\":{\"@id\":\"https:\/\/pagina10.com\/web\/nuevos-castigos-para-padres-que-no-paguen-cuotas-alimentarias-de-sus-hijos\/\"},\"wordCount\":357,\"commentCount\":0,\"publisher\":{\"@id\":\"https:\/\/pagina10.com\/web\/#organization\"},\"image\":{\"@id\":\"https:\/\/pagina10.com\/web\/nuevos-castigos-para-padres-que-no-paguen-cuotas-alimentarias-de-sus-hijos\/#primaryimage\"},\"thumbnailUrl\":\"https:\/\/pagina10.com\/web\/wp-content\/uploads\/2021\/02\/9-consejos-para-hijos-de-padres-separados.jpg\",\"articleSection\":[\"Judicial\"],\"inLanguage\":\"es\",\"potentialAction\":[{\"@type\":\"CommentAction\",\"name\":\"Comment\",\"target\":[\"https:\/\/pagina10.com\/web\/nuevos-castigos-para-padres-que-no-paguen-cuotas-alimentarias-de-sus-hijos\/#respond\"]}]},{\"@type\":\"WebPage\",\"@id\":\"https:\/\/pagina10.com\/web\/nuevos-castigos-para-padres-que-no-paguen-cuotas-alimentarias-de-sus-hijos\/\",\"url\":\"https:\/\/pagina10.com\/web\/nuevos-castigos-para-padres-que-no-paguen-cuotas-alimentarias-de-sus-hijos\/\",\"name\":\"Nuevos castigos para padres que no paguen cuotas alimentarias de sus hijos. | P\u00e1gina10\",\"isPartOf\":{\"@id\":\"https:\/\/pagina10.com\/web\/#website\"},\"primaryImageOfPage\":{\"@id\":\"https:\/\/pagina10.com\/web\/nuevos-castigos-para-padres-que-no-paguen-cuotas-alimentarias-de-sus-hijos\/#primaryimage\"},\"image\":{\"@id\":\"https:\/\/pagina10.com\/web\/nuevos-castigos-para-padres-que-no-paguen-cuotas-alimentarias-de-sus-hijos\/#primaryimage\"},\"thumbnailUrl\":\"https:\/\/pagina10.com\/web\/wp-content\/uploads\/2021\/02\/9-consejos-para-hijos-de-padres-separados.jpg\",\"datePublished\":\"2021-02-24T18:47:40+00:00\",\"breadcrumb\":{\"@id\":\"https:\/\/pagina10.com\/web\/nuevos-castigos-para-padres-que-no-paguen-cuotas-alimentarias-de-sus-hijos\/#breadcrumb\"},\"inLanguage\":\"es\",\"potentialAction\":[{\"@type\":\"ReadAction\",\"target\":[\"https:\/\/pagina10.com\/web\/nuevos-castigos-para-padres-que-no-paguen-cuotas-alimentarias-de-sus-hijos\/\"]}]},{\"@type\":\"ImageObject\",\"inLanguage\":\"es\",\"@id\":\"https:\/\/pagina10.com\/web\/nuevos-castigos-para-padres-que-no-paguen-cuotas-alimentarias-de-sus-hijos\/#primaryimage\",\"url\":\"https:\/\/pagina10.com\/web\/wp-content\/uploads\/2021\/02\/9-consejos-para-hijos-de-padres-separados.jpg\",\"contentUrl\":\"https:\/\/pagina10.com\/web\/wp-content\/uploads\/2021\/02\/9-consejos-para-hijos-de-padres-separados.jpg\",\"width\":800,\"height\":410,\"caption\":\"pelea de padres, padres divorciados, hijos con padres divorciados\"},{\"@type\":\"BreadcrumbList\",\"@id\":\"https:\/\/pagina10.com\/web\/nuevos-castigos-para-padres-que-no-paguen-cuotas-alimentarias-de-sus-hijos\/#breadcrumb\",\"itemListElement\":[{\"@type\":\"ListItem\",\"position\":1,\"name\":\"Portada\",\"item\":\"https:\/\/pagina10.com\/web\/\"},{\"@type\":\"ListItem\",\"position\":2,\"name\":\"Nuevos castigos para padres que no paguen cuotas alimentarias de sus hijos.\"}]},{\"@type\":\"WebSite\",\"@id\":\"https:\/\/pagina10.com\/web\/#website\",\"url\":\"https:\/\/pagina10.com\/web\/\",\"name\":\"P\u00e1gina10\",\"description\":\"Peri\u00f3dico Regional\",\"publisher\":{\"@id\":\"https:\/\/pagina10.com\/web\/#organization\"},\"alternateName\":\"P\u00e1gina10 Peri\u00f3dico Regional\",\"potentialAction\":[{\"@type\":\"SearchAction\",\"target\":{\"@type\":\"EntryPoint\",\"urlTemplate\":\"https:\/\/pagina10.com\/web\/?s={search_term_string}\"},\"query-input\":{\"@type\":\"PropertyValueSpecification\",\"valueRequired\":true,\"valueName\":\"search_term_string\"}}],\"inLanguage\":\"es\"},{\"@type\":\"Organization\",\"@id\":\"https:\/\/pagina10.com\/web\/#organization\",\"name\":\"P\u00e1gina10\",\"alternateName\":\"P\u00e1gina10 Peri\u00f3dico Regional\",\"url\":\"https:\/\/pagina10.com\/web\/\",\"logo\":{\"@type\":\"ImageObject\",\"inLanguage\":\"es\",\"@id\":\"https:\/\/pagina10.com\/web\/#\/schema\/logo\/image\/\",\"url\":\"https:\/\/pagina10.com\/web\/wp-content\/uploads\/2024\/01\/40-pagina-10-periodico-regional-pasto.jpg\",\"contentUrl\":\"https:\/\/pagina10.com\/web\/wp-content\/uploads\/2024\/01\/40-pagina-10-periodico-regional-pasto.jpg\",\"width\":1280,\"height\":720,\"caption\":\"P\u00e1gina10\"},\"image\":{\"@id\":\"https:\/\/pagina10.com\/web\/#\/schema\/logo\/image\/\"},\"sameAs\":[\"https:\/\/www.facebook.com\/pag10com\",\"https:\/\/x.com\/Pag10com\",\"https:\/\/www.instagram.com\/pagina10col\/\",\"https:\/\/youtube.com\/channel\/pag10\",\"https:\/\/www.tiktok.com\/@p10col\"]},{\"@type\":\"Person\",\"@id\":\"https:\/\/pagina10.com\/web\/#\/schema\/person\/2efc4a090d25b667d3bc796798a3a81b\",\"name\":\"P\u00e1gina 10\",\"description\":\"P\u00e1gina 10 es un peri\u00f3dico regional que nace en Colombia, en el departamento de Nari\u00f1o, con un enfoque global, fundamentado en cuatro pilares esenciales: la libertad, el pluralismo, la inclusi\u00f3n y la independencia. P\u00e1gina 10 hace referencia a Nari\u00f1o como el d\u00e9cimo departamento creado en Colombia, despu\u00e9s de un proceso pol\u00edtico liderado por actores y actrices regionales con el fin de obtener la independencia y autonom\u00eda de nuestros territorios. Con la creaci\u00f3n de P\u00e1gina 10 se pretende abrir un escenario para el dialogo, la reflexi\u00f3n y el debate que se extienda a otras geograf\u00edas de Am\u00e9rica Latina y del planeta, en una apuesta por transformar colectivamente los desaf\u00edos de un mundo contempor\u00e1neo, m\u00e1s all\u00e1 de las fronteras impuestas.\",\"url\":\"https:\/\/pagina10.com\/web\/author\/pdiezadmin\/\"}]}<\/script>\n<!-- \/ Yoast SEO plugin. -->","yoast_head_json":{"title":"Nuevos castigos para padres que no paguen cuotas alimentarias de sus hijos. | P\u00e1gina10","robots":{"index":"index","follow":"follow","max-snippet":"max-snippet:-1","max-image-preview":"max-image-preview:large","max-video-preview":"max-video-preview:-1"},"canonical":"https:\/\/pagina10.com\/web\/nuevos-castigos-para-padres-que-no-paguen-cuotas-alimentarias-de-sus-hijos\/","og_locale":"es_ES","og_type":"article","og_title":"Nuevos castigos para padres que no paguen cuotas alimentarias de sus hijos. | P\u00e1gina10","og_description":"Una lista de varios castigos para los padres que no paguen la cuota alimentaria de sus hijos entrar\u00e1 en vigencia desde este jueves, cuando el presidente Iv\u00e1n Duque sancione una ley que apunta a enfrentar esta problem\u00e1tica en Colombia. La norma es de autor\u00eda de la senadora del partido de la U, Maritza Mart\u00ednez, quien [&hellip;]","og_url":"https:\/\/pagina10.com\/web\/nuevos-castigos-para-padres-que-no-paguen-cuotas-alimentarias-de-sus-hijos\/","og_site_name":"P\u00e1gina10","article_publisher":"https:\/\/www.facebook.com\/pag10com","article_published_time":"2021-02-24T18:47:40+00:00","og_image":[{"width":800,"height":410,"url":"https:\/\/pagina10.com\/web\/wp-content\/uploads\/2021\/02\/9-consejos-para-hijos-de-padres-separados.jpg","type":"image\/jpeg"}],"author":"P\u00e1gina 10","twitter_card":"summary_large_image","twitter_creator":"@Pag10com","twitter_site":"@Pag10com","twitter_misc":{"Escrito por":"P\u00e1gina 10","Tiempo de lectura":"2 minutos"},"schema":{"@context":"https:\/\/schema.org","@graph":[{"@type":"Article","@id":"https:\/\/pagina10.com\/web\/nuevos-castigos-para-padres-que-no-paguen-cuotas-alimentarias-de-sus-hijos\/#article","isPartOf":{"@id":"https:\/\/pagina10.com\/web\/nuevos-castigos-para-padres-que-no-paguen-cuotas-alimentarias-de-sus-hijos\/"},"author":{"name":"P\u00e1gina 10","@id":"https:\/\/pagina10.com\/web\/#\/schema\/person\/2efc4a090d25b667d3bc796798a3a81b"},"headline":"Nuevos castigos para padres que no paguen cuotas alimentarias de sus hijos.","datePublished":"2021-02-24T18:47:40+00:00","mainEntityOfPage":{"@id":"https:\/\/pagina10.com\/web\/nuevos-castigos-para-padres-que-no-paguen-cuotas-alimentarias-de-sus-hijos\/"},"wordCount":357,"commentCount":0,"publisher":{"@id":"https:\/\/pagina10.com\/web\/#organization"},"image":{"@id":"https:\/\/pagina10.com\/web\/nuevos-castigos-para-padres-que-no-paguen-cuotas-alimentarias-de-sus-hijos\/#primaryimage"},"thumbnailUrl":"https:\/\/pagina10.com\/web\/wp-content\/uploads\/2021\/02\/9-consejos-para-hijos-de-padres-separados.jpg","articleSection":["Judicial"],"inLanguage":"es","potentialAction":[{"@type":"CommentAction","name":"Comment","target":["https:\/\/pagina10.com\/web\/nuevos-castigos-para-padres-que-no-paguen-cuotas-alimentarias-de-sus-hijos\/#respond"]}]},{"@type":"WebPage","@id":"https:\/\/pagina10.com\/web\/nuevos-castigos-para-padres-que-no-paguen-cuotas-alimentarias-de-sus-hijos\/","url":"https:\/\/pagina10.com\/web\/nuevos-castigos-para-padres-que-no-paguen-cuotas-alimentarias-de-sus-hijos\/","name":"Nuevos castigos para padres que no paguen cuotas alimentarias de sus hijos. | P\u00e1gina10","isPartOf":{"@id":"https:\/\/pagina10.com\/web\/#website"},"primaryImageOfPage":{"@id":"https:\/\/pagina10.com\/web\/nuevos-castigos-para-padres-que-no-paguen-cuotas-alimentarias-de-sus-hijos\/#primaryimage"},"image":{"@id":"https:\/\/pagina10.com\/web\/nuevos-castigos-para-padres-que-no-paguen-cuotas-alimentarias-de-sus-hijos\/#primaryimage"},"thumbnailUrl":"https:\/\/pagina10.com\/web\/wp-content\/uploads\/2021\/02\/9-consejos-para-hijos-de-padres-separados.jpg","datePublished":"2021-02-24T18:47:40+00:00","breadcrumb":{"@id":"https:\/\/pagina10.com\/web\/nuevos-castigos-para-padres-que-no-paguen-cuotas-alimentarias-de-sus-hijos\/#breadcrumb"},"inLanguage":"es","potentialAction":[{"@type":"ReadAction","target":["https:\/\/pagina10.com\/web\/nuevos-castigos-para-padres-que-no-paguen-cuotas-alimentarias-de-sus-hijos\/"]}]},{"@type":"ImageObject","inLanguage":"es","@id":"https:\/\/pagina10.com\/web\/nuevos-castigos-para-padres-que-no-paguen-cuotas-alimentarias-de-sus-hijos\/#primaryimage","url":"https:\/\/pagina10.com\/web\/wp-content\/uploads\/2021\/02\/9-consejos-para-hijos-de-padres-separados.jpg","contentUrl":"https:\/\/pagina10.com\/web\/wp-content\/uploads\/2021\/02\/9-consejos-para-hijos-de-padres-separados.jpg","width":800,"height":410,"caption":"pelea de padres, padres divorciados, hijos con padres divorciados"},{"@type":"BreadcrumbList","@id":"https:\/\/pagina10.com\/web\/nuevos-castigos-para-padres-que-no-paguen-cuotas-alimentarias-de-sus-hijos\/#breadcrumb","itemListElement":[{"@type":"ListItem","position":1,"name":"Portada","item":"https:\/\/pagina10.com\/web\/"},{"@type":"ListItem","position":2,"name":"Nuevos castigos para padres que no paguen cuotas alimentarias de sus hijos."}]},{"@type":"WebSite","@id":"https:\/\/pagina10.com\/web\/#website","url":"https:\/\/pagina10.com\/web\/","name":"P\u00e1gina10","description":"Peri\u00f3dico Regional","publisher":{"@id":"https:\/\/pagina10.com\/web\/#organization"},"alternateName":"P\u00e1gina10 Peri\u00f3dico Regional","potentialAction":[{"@type":"SearchAction","target":{"@type":"EntryPoint","urlTemplate":"https:\/\/pagina10.com\/web\/?s={search_term_string}"},"query-input":{"@type":"PropertyValueSpecification","valueRequired":true,"valueName":"search_term_string"}}],"inLanguage":"es"},{"@type":"Organization","@id":"https:\/\/pagina10.com\/web\/#organization","name":"P\u00e1gina10","alternateName":"P\u00e1gina10 Peri\u00f3dico Regional","url":"https:\/\/pagina10.com\/web\/","logo":{"@type":"ImageObject","inLanguage":"es","@id":"https:\/\/pagina10.com\/web\/#\/schema\/logo\/image\/","url":"https:\/\/pagina10.com\/web\/wp-content\/uploads\/2024\/01\/40-pagina-10-periodico-regional-pasto.jpg","contentUrl":"https:\/\/pagina10.com\/web\/wp-content\/uploads\/2024\/01\/40-pagina-10-periodico-regional-pasto.jpg","width":1280,"height":720,"caption":"P\u00e1gina10"},"image":{"@id":"https:\/\/pagina10.com\/web\/#\/schema\/logo\/image\/"},"sameAs":["https:\/\/www.facebook.com\/pag10com","https:\/\/x.com\/Pag10com","https:\/\/www.instagram.com\/pagina10col\/","https:\/\/youtube.com\/channel\/pag10","https:\/\/www.tiktok.com\/@p10col"]},{"@type":"Person","@id":"https:\/\/pagina10.com\/web\/#\/schema\/person\/2efc4a090d25b667d3bc796798a3a81b","name":"P\u00e1gina 10","description":"P\u00e1gina 10 es un peri\u00f3dico regional que nace en Colombia, en el departamento de Nari\u00f1o, con un enfoque global, fundamentado en cuatro pilares esenciales: la libertad, el pluralismo, la inclusi\u00f3n y la independencia. P\u00e1gina 10 hace referencia a Nari\u00f1o como el d\u00e9cimo departamento creado en Colombia, despu\u00e9s de un proceso pol\u00edtico liderado por actores y actrices regionales con el fin de obtener la independencia y autonom\u00eda de nuestros territorios. Con la creaci\u00f3n de P\u00e1gina 10 se pretende abrir un escenario para el dialogo, la reflexi\u00f3n y el debate que se extienda a otras geograf\u00edas de Am\u00e9rica Latina y del planeta, en una apuesta por transformar colectivamente los desaf\u00edos de un mundo contempor\u00e1neo, m\u00e1s all\u00e1 de las fronteras impuestas.","url":"https:\/\/pagina10.com\/web\/author\/pdiezadmin\/"}]}},"_links":{"self":[{"href":"https:\/\/pagina10.com\/web\/wp-json\/wp\/v2\/posts\/50745","targetHints":{"allow":["GET"]}}],"collection":[{"href":"https:\/\/pagina10.com\/web\/wp-json\/wp\/v2\/posts"}],"about":[{"href":"https:\/\/pagina10.com\/web\/wp-json\/wp\/v2\/types\/post"}],"author":[{"embeddable":true,"href":"https:\/\/pagina10.com\/web\/wp-json\/wp\/v2\/users\/1"}],"replies":[{"embeddable":true,"href":"https:\/\/pagina10.com\/web\/wp-json\/wp\/v2\/comments?post=50745"}],"version-history":[{"count":1,"href":"https:\/\/pagina10.com\/web\/wp-json\/wp\/v2\/posts\/50745\/revisions"}],"predecessor-version":[{"id":50747,"href":"https:\/\/pagina10.com\/web\/wp-json\/wp\/v2\/posts\/50745\/revisions\/50747"}],"wp:featuredmedia":[{"embeddable":true,"href":"https:\/\/pagina10.com\/web\/wp-json\/wp\/v2\/media\/50746"}],"wp:attachment":[{"href":"https:\/\/pagina10.com\/web\/wp-json\/wp\/v2\/media?parent=50745"}],"wp:term":[{"taxonomy":"category","embeddable":true,"href":"https:\/\/pagina10.com\/web\/wp-json\/wp\/v2\/categories?post=50745"},{"taxonomy":"post_tag","embeddable":true,"href":"https:\/\/pagina10.com\/web\/wp-json\/wp\/v2\/tags?post=50745"}],"curies":[{"name":"wp","href":"https:\/\/api.w.org\/{rel}","templated":true}]}}