{"id":50773,"date":"2021-02-25T10:39:37","date_gmt":"2021-02-25T15:39:37","guid":{"rendered":"https:\/\/pagina10.com\/web\/?p=50773"},"modified":"2021-02-25T10:55:59","modified_gmt":"2021-02-25T15:55:59","slug":"por-educacion-gratuita-el-esmad-te-saca-los-ojos","status":"publish","type":"post","link":"https:\/\/pagina10.com\/web\/por-educacion-gratuita-el-esmad-te-saca-los-ojos\/","title":{"rendered":"Por educaci\u00f3n gratuita el ESMAD te saca los ojos."},"content":{"rendered":"<p style=\"text-align: justify;\">Gareth Steven Sella, tiene 24 a\u00f1os, es graduado de cine y televisi\u00f3n de la Escuela de Artes y Letras y es integrante de los llamados <strong>Escudos Azules<\/strong>, la primera l\u00ednea en manifestaciones.\u00a0Estaba participando en las protestas el d\u00eda de ayer en el centro de Bogot\u00e1 cuando recibi\u00f3 un impacto en el ojo izquierdo. Inmediatamente, personal de primeros auxilios y derechos humanos lo atendieron y lograron su traslado a la Cl\u00ednica Santa Fe, \u00a0de donde, en horas de la noche, fue trasladado hacia la Cl\u00ednica San Ignacio. De acuerdo al dictamen m\u00e9dico, podr\u00eda perder la vista del ojo izquierdo.<\/p>\n<p style=\"text-align: justify;\">Aunque las autoridades dicen no tener claridad sobre el responsable, una de las defensoras de derechos humanos, del Congreso de los pueblos, asegur\u00f3 que fue el Esmad el responsable del disparo que recibi\u00f3 Gareth.<\/p>\n<p style=\"text-align: justify;\">La alcaldesa de Bogot\u00e1, Claudia L\u00f3pez, estuvo anoche escuchando las versiones de la familia y los testigos, lament\u00f3 el incidente y dijo que \u201crespetaban la movilizaci\u00f3n pac\u00edfica\u201d, asegurando adem\u00e1s, que no ten\u00eda informaci\u00f3n confirmada del origen el elemento que impact\u00f3 a Gareth.<\/p>\n<p style=\"text-align: justify;\">La alcaldesa, hizo un llamado a \u201cevitar al m\u00e1ximo choques violentos\u201d; sin embargo, de acuerdo a versiones de uno de los compa\u00f1eros de Gareth, la marcha estaba infiltrada por encapuchados, que generaron los enfrentamientos con la fuerza p\u00fablica.<\/p>\n<p style=\"text-align: justify;\">La concejal de Bogot\u00e1, Heidy S\u00e1nchez Barreto, clara contradictora del gobierno de Claudia L\u00f3pez, manifest\u00f3 por medio de su cuenta de Twitter que \u201cEn 1 a\u00f1o y 2 meses de mandato de Claudia L\u00f3pez, la Polic\u00eda de Bogot\u00e1 asesin\u00f3 a Javier Ordo\u00f1ez, perpetr\u00f3 una masacre que cobr\u00f3 11 vidas y ayer el ESMAD le destroz\u00f3 un ojo a un joven. M\u00e1s que lamentos, se necesitan acciones y un cambio de enfoque en el tratamiento de la protesta\u201d. Dijo adem\u00e1s, que la presencia de efectivos del ESMAD era absolutamente desproporcionada respecto al n\u00famero de personas manifestantes.<\/p>\n<p>&nbsp;<\/p>\n<p style=\"text-align: justify;\">Finalmente, las autoridades notificaron que en las protestas de este mi\u00e9rcoles cuatro personas resultaron heridas: Gareth, dos gestores de convivencia y una integrante de la Personer\u00eda.<\/p>\n","protected":false},"excerpt":{"rendered":"<p>Gareth Steven Sella, tiene 24 a\u00f1os, es graduado de cine y televisi\u00f3n de la Escuela de Artes y Letras y es integrante de los llamados Escudos Azules, la primera l\u00ednea en manifestaciones.\u00a0Estaba participando en las protestas el d\u00eda de ayer en el centro de Bogot\u00e1 cuando recibi\u00f3 un impacto en el ojo izquierdo. Inmediatamente, personal [&hellip;]<\/p>\n","protected":false},"author":1,"featured_media":50774,"comment_status":"open","ping_status":"open","sticky":false,"template":"","format":"standard","meta":{"footnotes":""},"categories":[94],"tags":[],"class_list":["post-50773","post","type-post","status-publish","format-standard","has-post-thumbnail","hentry","category-nacional-global-2"],"yoast_head":"<!-- This site is optimized with the Yoast SEO plugin v27.1.1 - https:\/\/yoast.com\/product\/yoast-seo-wordpress\/ -->\n<title>Por educaci\u00f3n gratuita el ESMAD te saca los ojos. | P\u00e1gina10<\/title>\n<meta name=\"robots\" content=\"index, follow, max-snippet:-1, max-image-preview:large, max-video-preview:-1\" \/>\n<link rel=\"canonical\" href=\"https:\/\/pagina10.com\/web\/por-educacion-gratuita-el-esmad-te-saca-los-ojos\/\" \/>\n<meta property=\"og:locale\" content=\"es_ES\" \/>\n<meta property=\"og:type\" content=\"article\" \/>\n<meta property=\"og:title\" content=\"Por educaci\u00f3n gratuita el ESMAD te saca los ojos. | P\u00e1gina10\" \/>\n<meta property=\"og:description\" content=\"Gareth Steven Sella, tiene 24 a\u00f1os, es graduado de cine y televisi\u00f3n de la Escuela de Artes y Letras y es integrante de los llamados Escudos Azules, la primera l\u00ednea en manifestaciones.\u00a0Estaba participando en las protestas el d\u00eda de ayer en el centro de Bogot\u00e1 cuando recibi\u00f3 un impacto en el ojo izquierdo. Inmediatamente, personal [&hellip;]\" \/>\n<meta property=\"og:url\" content=\"https:\/\/pagina10.com\/web\/por-educacion-gratuita-el-esmad-te-saca-los-ojos\/\" \/>\n<meta property=\"og:site_name\" content=\"P\u00e1gina10\" \/>\n<meta property=\"article:publisher\" content=\"https:\/\/www.facebook.com\/pag10com\" \/>\n<meta property=\"article:published_time\" content=\"2021-02-25T15:39:37+00:00\" \/>\n<meta property=\"article:modified_time\" content=\"2021-02-25T15:55:59+00:00\" \/>\n<meta property=\"og:image\" content=\"https:\/\/pagina10.com\/web\/wp-content\/uploads\/2021\/02\/descarga.jpeg\" \/>\n\t<meta property=\"og:image:width\" content=\"1440\" \/>\n\t<meta property=\"og:image:height\" content=\"740\" \/>\n\t<meta property=\"og:image:type\" content=\"image\/jpeg\" \/>\n<meta name=\"author\" content=\"P\u00e1gina 10\" \/>\n<meta name=\"twitter:card\" content=\"summary_large_image\" \/>\n<meta name=\"twitter:creator\" content=\"@Pag10com\" \/>\n<meta name=\"twitter:site\" content=\"@Pag10com\" \/>\n<meta name=\"twitter:label1\" content=\"Escrito por\" \/>\n\t<meta name=\"twitter:data1\" content=\"P\u00e1gina 10\" \/>\n\t<meta name=\"twitter:label2\" content=\"Tiempo de lectura\" \/>\n\t<meta name=\"twitter:data2\" content=\"2 minutos\" \/>\n<script type=\"application\/ld+json\" class=\"yoast-schema-graph\">{\"@context\":\"https:\/\/schema.org\",\"@graph\":[{\"@type\":\"Article\",\"@id\":\"https:\/\/pagina10.com\/web\/por-educacion-gratuita-el-esmad-te-saca-los-ojos\/#article\",\"isPartOf\":{\"@id\":\"https:\/\/pagina10.com\/web\/por-educacion-gratuita-el-esmad-te-saca-los-ojos\/\"},\"author\":{\"name\":\"P\u00e1gina 10\",\"@id\":\"https:\/\/pagina10.com\/web\/#\/schema\/person\/2efc4a090d25b667d3bc796798a3a81b\"},\"headline\":\"Por educaci\u00f3n gratuita el ESMAD te saca los ojos.\",\"datePublished\":\"2021-02-25T15:39:37+00:00\",\"dateModified\":\"2021-02-25T15:55:59+00:00\",\"mainEntityOfPage\":{\"@id\":\"https:\/\/pagina10.com\/web\/por-educacion-gratuita-el-esmad-te-saca-los-ojos\/\"},\"wordCount\":369,\"commentCount\":0,\"publisher\":{\"@id\":\"https:\/\/pagina10.com\/web\/#organization\"},\"image\":{\"@id\":\"https:\/\/pagina10.com\/web\/por-educacion-gratuita-el-esmad-te-saca-los-ojos\/#primaryimage\"},\"thumbnailUrl\":\"https:\/\/pagina10.com\/web\/wp-content\/uploads\/2021\/02\/descarga.jpeg\",\"articleSection\":[\"Nacional\"],\"inLanguage\":\"es\",\"potentialAction\":[{\"@type\":\"CommentAction\",\"name\":\"Comment\",\"target\":[\"https:\/\/pagina10.com\/web\/por-educacion-gratuita-el-esmad-te-saca-los-ojos\/#respond\"]}]},{\"@type\":\"WebPage\",\"@id\":\"https:\/\/pagina10.com\/web\/por-educacion-gratuita-el-esmad-te-saca-los-ojos\/\",\"url\":\"https:\/\/pagina10.com\/web\/por-educacion-gratuita-el-esmad-te-saca-los-ojos\/\",\"name\":\"Por educaci\u00f3n gratuita el ESMAD te saca los ojos. | P\u00e1gina10\",\"isPartOf\":{\"@id\":\"https:\/\/pagina10.com\/web\/#website\"},\"primaryImageOfPage\":{\"@id\":\"https:\/\/pagina10.com\/web\/por-educacion-gratuita-el-esmad-te-saca-los-ojos\/#primaryimage\"},\"image\":{\"@id\":\"https:\/\/pagina10.com\/web\/por-educacion-gratuita-el-esmad-te-saca-los-ojos\/#primaryimage\"},\"thumbnailUrl\":\"https:\/\/pagina10.com\/web\/wp-content\/uploads\/2021\/02\/descarga.jpeg\",\"datePublished\":\"2021-02-25T15:39:37+00:00\",\"dateModified\":\"2021-02-25T15:55:59+00:00\",\"breadcrumb\":{\"@id\":\"https:\/\/pagina10.com\/web\/por-educacion-gratuita-el-esmad-te-saca-los-ojos\/#breadcrumb\"},\"inLanguage\":\"es\",\"potentialAction\":[{\"@type\":\"ReadAction\",\"target\":[\"https:\/\/pagina10.com\/web\/por-educacion-gratuita-el-esmad-te-saca-los-ojos\/\"]}]},{\"@type\":\"ImageObject\",\"inLanguage\":\"es\",\"@id\":\"https:\/\/pagina10.com\/web\/por-educacion-gratuita-el-esmad-te-saca-los-ojos\/#primaryimage\",\"url\":\"https:\/\/pagina10.com\/web\/wp-content\/uploads\/2021\/02\/descarga.jpeg\",\"contentUrl\":\"https:\/\/pagina10.com\/web\/wp-content\/uploads\/2021\/02\/descarga.jpeg\",\"width\":1440,\"height\":740},{\"@type\":\"BreadcrumbList\",\"@id\":\"https:\/\/pagina10.com\/web\/por-educacion-gratuita-el-esmad-te-saca-los-ojos\/#breadcrumb\",\"itemListElement\":[{\"@type\":\"ListItem\",\"position\":1,\"name\":\"Portada\",\"item\":\"https:\/\/pagina10.com\/web\/\"},{\"@type\":\"ListItem\",\"position\":2,\"name\":\"Por educaci\u00f3n gratuita el ESMAD te saca los ojos.\"}]},{\"@type\":\"WebSite\",\"@id\":\"https:\/\/pagina10.com\/web\/#website\",\"url\":\"https:\/\/pagina10.com\/web\/\",\"name\":\"P\u00e1gina10\",\"description\":\"Peri\u00f3dico Regional\",\"publisher\":{\"@id\":\"https:\/\/pagina10.com\/web\/#organization\"},\"alternateName\":\"P\u00e1gina10 Peri\u00f3dico Regional\",\"potentialAction\":[{\"@type\":\"SearchAction\",\"target\":{\"@type\":\"EntryPoint\",\"urlTemplate\":\"https:\/\/pagina10.com\/web\/?s={search_term_string}\"},\"query-input\":{\"@type\":\"PropertyValueSpecification\",\"valueRequired\":true,\"valueName\":\"search_term_string\"}}],\"inLanguage\":\"es\"},{\"@type\":\"Organization\",\"@id\":\"https:\/\/pagina10.com\/web\/#organization\",\"name\":\"P\u00e1gina10\",\"alternateName\":\"P\u00e1gina10 Peri\u00f3dico Regional\",\"url\":\"https:\/\/pagina10.com\/web\/\",\"logo\":{\"@type\":\"ImageObject\",\"inLanguage\":\"es\",\"@id\":\"https:\/\/pagina10.com\/web\/#\/schema\/logo\/image\/\",\"url\":\"https:\/\/pagina10.com\/web\/wp-content\/uploads\/2024\/01\/40-pagina-10-periodico-regional-pasto.jpg\",\"contentUrl\":\"https:\/\/pagina10.com\/web\/wp-content\/uploads\/2024\/01\/40-pagina-10-periodico-regional-pasto.jpg\",\"width\":1280,\"height\":720,\"caption\":\"P\u00e1gina10\"},\"image\":{\"@id\":\"https:\/\/pagina10.com\/web\/#\/schema\/logo\/image\/\"},\"sameAs\":[\"https:\/\/www.facebook.com\/pag10com\",\"https:\/\/x.com\/Pag10com\",\"https:\/\/www.instagram.com\/pagina10col\/\",\"https:\/\/youtube.com\/channel\/pag10\",\"https:\/\/www.tiktok.com\/@p10col\"]},{\"@type\":\"Person\",\"@id\":\"https:\/\/pagina10.com\/web\/#\/schema\/person\/2efc4a090d25b667d3bc796798a3a81b\",\"name\":\"P\u00e1gina 10\",\"description\":\"P\u00e1gina 10 es un peri\u00f3dico regional que nace en Colombia, en el departamento de Nari\u00f1o, con un enfoque global, fundamentado en cuatro pilares esenciales: la libertad, el pluralismo, la inclusi\u00f3n y la independencia. P\u00e1gina 10 hace referencia a Nari\u00f1o como el d\u00e9cimo departamento creado en Colombia, despu\u00e9s de un proceso pol\u00edtico liderado por actores y actrices regionales con el fin de obtener la independencia y autonom\u00eda de nuestros territorios. Con la creaci\u00f3n de P\u00e1gina 10 se pretende abrir un escenario para el dialogo, la reflexi\u00f3n y el debate que se extienda a otras geograf\u00edas de Am\u00e9rica Latina y del planeta, en una apuesta por transformar colectivamente los desaf\u00edos de un mundo contempor\u00e1neo, m\u00e1s all\u00e1 de las fronteras impuestas.\",\"url\":\"https:\/\/pagina10.com\/web\/author\/pdiezadmin\/\"}]}<\/script>\n<!-- \/ Yoast SEO plugin. -->","yoast_head_json":{"title":"Por educaci\u00f3n gratuita el ESMAD te saca los ojos. | P\u00e1gina10","robots":{"index":"index","follow":"follow","max-snippet":"max-snippet:-1","max-image-preview":"max-image-preview:large","max-video-preview":"max-video-preview:-1"},"canonical":"https:\/\/pagina10.com\/web\/por-educacion-gratuita-el-esmad-te-saca-los-ojos\/","og_locale":"es_ES","og_type":"article","og_title":"Por educaci\u00f3n gratuita el ESMAD te saca los ojos. | P\u00e1gina10","og_description":"Gareth Steven Sella, tiene 24 a\u00f1os, es graduado de cine y televisi\u00f3n de la Escuela de Artes y Letras y es integrante de los llamados Escudos Azules, la primera l\u00ednea en manifestaciones.\u00a0Estaba participando en las protestas el d\u00eda de ayer en el centro de Bogot\u00e1 cuando recibi\u00f3 un impacto en el ojo izquierdo. Inmediatamente, personal [&hellip;]","og_url":"https:\/\/pagina10.com\/web\/por-educacion-gratuita-el-esmad-te-saca-los-ojos\/","og_site_name":"P\u00e1gina10","article_publisher":"https:\/\/www.facebook.com\/pag10com","article_published_time":"2021-02-25T15:39:37+00:00","article_modified_time":"2021-02-25T15:55:59+00:00","og_image":[{"width":1440,"height":740,"url":"https:\/\/pagina10.com\/web\/wp-content\/uploads\/2021\/02\/descarga.jpeg","type":"image\/jpeg"}],"author":"P\u00e1gina 10","twitter_card":"summary_large_image","twitter_creator":"@Pag10com","twitter_site":"@Pag10com","twitter_misc":{"Escrito por":"P\u00e1gina 10","Tiempo de lectura":"2 minutos"},"schema":{"@context":"https:\/\/schema.org","@graph":[{"@type":"Article","@id":"https:\/\/pagina10.com\/web\/por-educacion-gratuita-el-esmad-te-saca-los-ojos\/#article","isPartOf":{"@id":"https:\/\/pagina10.com\/web\/por-educacion-gratuita-el-esmad-te-saca-los-ojos\/"},"author":{"name":"P\u00e1gina 10","@id":"https:\/\/pagina10.com\/web\/#\/schema\/person\/2efc4a090d25b667d3bc796798a3a81b"},"headline":"Por educaci\u00f3n gratuita el ESMAD te saca los ojos.","datePublished":"2021-02-25T15:39:37+00:00","dateModified":"2021-02-25T15:55:59+00:00","mainEntityOfPage":{"@id":"https:\/\/pagina10.com\/web\/por-educacion-gratuita-el-esmad-te-saca-los-ojos\/"},"wordCount":369,"commentCount":0,"publisher":{"@id":"https:\/\/pagina10.com\/web\/#organization"},"image":{"@id":"https:\/\/pagina10.com\/web\/por-educacion-gratuita-el-esmad-te-saca-los-ojos\/#primaryimage"},"thumbnailUrl":"https:\/\/pagina10.com\/web\/wp-content\/uploads\/2021\/02\/descarga.jpeg","articleSection":["Nacional"],"inLanguage":"es","potentialAction":[{"@type":"CommentAction","name":"Comment","target":["https:\/\/pagina10.com\/web\/por-educacion-gratuita-el-esmad-te-saca-los-ojos\/#respond"]}]},{"@type":"WebPage","@id":"https:\/\/pagina10.com\/web\/por-educacion-gratuita-el-esmad-te-saca-los-ojos\/","url":"https:\/\/pagina10.com\/web\/por-educacion-gratuita-el-esmad-te-saca-los-ojos\/","name":"Por educaci\u00f3n gratuita el ESMAD te saca los ojos. | P\u00e1gina10","isPartOf":{"@id":"https:\/\/pagina10.com\/web\/#website"},"primaryImageOfPage":{"@id":"https:\/\/pagina10.com\/web\/por-educacion-gratuita-el-esmad-te-saca-los-ojos\/#primaryimage"},"image":{"@id":"https:\/\/pagina10.com\/web\/por-educacion-gratuita-el-esmad-te-saca-los-ojos\/#primaryimage"},"thumbnailUrl":"https:\/\/pagina10.com\/web\/wp-content\/uploads\/2021\/02\/descarga.jpeg","datePublished":"2021-02-25T15:39:37+00:00","dateModified":"2021-02-25T15:55:59+00:00","breadcrumb":{"@id":"https:\/\/pagina10.com\/web\/por-educacion-gratuita-el-esmad-te-saca-los-ojos\/#breadcrumb"},"inLanguage":"es","potentialAction":[{"@type":"ReadAction","target":["https:\/\/pagina10.com\/web\/por-educacion-gratuita-el-esmad-te-saca-los-ojos\/"]}]},{"@type":"ImageObject","inLanguage":"es","@id":"https:\/\/pagina10.com\/web\/por-educacion-gratuita-el-esmad-te-saca-los-ojos\/#primaryimage","url":"https:\/\/pagina10.com\/web\/wp-content\/uploads\/2021\/02\/descarga.jpeg","contentUrl":"https:\/\/pagina10.com\/web\/wp-content\/uploads\/2021\/02\/descarga.jpeg","width":1440,"height":740},{"@type":"BreadcrumbList","@id":"https:\/\/pagina10.com\/web\/por-educacion-gratuita-el-esmad-te-saca-los-ojos\/#breadcrumb","itemListElement":[{"@type":"ListItem","position":1,"name":"Portada","item":"https:\/\/pagina10.com\/web\/"},{"@type":"ListItem","position":2,"name":"Por educaci\u00f3n gratuita el ESMAD te saca los ojos."}]},{"@type":"WebSite","@id":"https:\/\/pagina10.com\/web\/#website","url":"https:\/\/pagina10.com\/web\/","name":"P\u00e1gina10","description":"Peri\u00f3dico Regional","publisher":{"@id":"https:\/\/pagina10.com\/web\/#organization"},"alternateName":"P\u00e1gina10 Peri\u00f3dico Regional","potentialAction":[{"@type":"SearchAction","target":{"@type":"EntryPoint","urlTemplate":"https:\/\/pagina10.com\/web\/?s={search_term_string}"},"query-input":{"@type":"PropertyValueSpecification","valueRequired":true,"valueName":"search_term_string"}}],"inLanguage":"es"},{"@type":"Organization","@id":"https:\/\/pagina10.com\/web\/#organization","name":"P\u00e1gina10","alternateName":"P\u00e1gina10 Peri\u00f3dico Regional","url":"https:\/\/pagina10.com\/web\/","logo":{"@type":"ImageObject","inLanguage":"es","@id":"https:\/\/pagina10.com\/web\/#\/schema\/logo\/image\/","url":"https:\/\/pagina10.com\/web\/wp-content\/uploads\/2024\/01\/40-pagina-10-periodico-regional-pasto.jpg","contentUrl":"https:\/\/pagina10.com\/web\/wp-content\/uploads\/2024\/01\/40-pagina-10-periodico-regional-pasto.jpg","width":1280,"height":720,"caption":"P\u00e1gina10"},"image":{"@id":"https:\/\/pagina10.com\/web\/#\/schema\/logo\/image\/"},"sameAs":["https:\/\/www.facebook.com\/pag10com","https:\/\/x.com\/Pag10com","https:\/\/www.instagram.com\/pagina10col\/","https:\/\/youtube.com\/channel\/pag10","https:\/\/www.tiktok.com\/@p10col"]},{"@type":"Person","@id":"https:\/\/pagina10.com\/web\/#\/schema\/person\/2efc4a090d25b667d3bc796798a3a81b","name":"P\u00e1gina 10","description":"P\u00e1gina 10 es un peri\u00f3dico regional que nace en Colombia, en el departamento de Nari\u00f1o, con un enfoque global, fundamentado en cuatro pilares esenciales: la libertad, el pluralismo, la inclusi\u00f3n y la independencia. P\u00e1gina 10 hace referencia a Nari\u00f1o como el d\u00e9cimo departamento creado en Colombia, despu\u00e9s de un proceso pol\u00edtico liderado por actores y actrices regionales con el fin de obtener la independencia y autonom\u00eda de nuestros territorios. Con la creaci\u00f3n de P\u00e1gina 10 se pretende abrir un escenario para el dialogo, la reflexi\u00f3n y el debate que se extienda a otras geograf\u00edas de Am\u00e9rica Latina y del planeta, en una apuesta por transformar colectivamente los desaf\u00edos de un mundo contempor\u00e1neo, m\u00e1s all\u00e1 de las fronteras impuestas.","url":"https:\/\/pagina10.com\/web\/author\/pdiezadmin\/"}]}},"_links":{"self":[{"href":"https:\/\/pagina10.com\/web\/wp-json\/wp\/v2\/posts\/50773","targetHints":{"allow":["GET"]}}],"collection":[{"href":"https:\/\/pagina10.com\/web\/wp-json\/wp\/v2\/posts"}],"about":[{"href":"https:\/\/pagina10.com\/web\/wp-json\/wp\/v2\/types\/post"}],"author":[{"embeddable":true,"href":"https:\/\/pagina10.com\/web\/wp-json\/wp\/v2\/users\/1"}],"replies":[{"embeddable":true,"href":"https:\/\/pagina10.com\/web\/wp-json\/wp\/v2\/comments?post=50773"}],"version-history":[{"count":5,"href":"https:\/\/pagina10.com\/web\/wp-json\/wp\/v2\/posts\/50773\/revisions"}],"predecessor-version":[{"id":50779,"href":"https:\/\/pagina10.com\/web\/wp-json\/wp\/v2\/posts\/50773\/revisions\/50779"}],"wp:featuredmedia":[{"embeddable":true,"href":"https:\/\/pagina10.com\/web\/wp-json\/wp\/v2\/media\/50774"}],"wp:attachment":[{"href":"https:\/\/pagina10.com\/web\/wp-json\/wp\/v2\/media?parent=50773"}],"wp:term":[{"taxonomy":"category","embeddable":true,"href":"https:\/\/pagina10.com\/web\/wp-json\/wp\/v2\/categories?post=50773"},{"taxonomy":"post_tag","embeddable":true,"href":"https:\/\/pagina10.com\/web\/wp-json\/wp\/v2\/tags?post=50773"}],"curies":[{"name":"wp","href":"https:\/\/api.w.org\/{rel}","templated":true}]}}