{"id":50806,"date":"2021-02-26T09:40:34","date_gmt":"2021-02-26T14:40:34","guid":{"rendered":"https:\/\/pagina10.com\/web\/?p=50806"},"modified":"2021-02-26T10:22:58","modified_gmt":"2021-02-26T15:22:58","slug":"se-ordena-mantener-el-cierre-de-fronteras-terrestres-y-fluviales-con-ecuador","status":"publish","type":"post","link":"https:\/\/pagina10.com\/web\/se-ordena-mantener-el-cierre-de-fronteras-terrestres-y-fluviales-con-ecuador\/","title":{"rendered":"Se ordena mantener el cierre de fronteras terrestres y fluviales con Ecuador."},"content":{"rendered":"<p style=\"text-align: justify;\">El d\u00eda de ayer el Ministro del Interior, Daniel Palacios, inform\u00f3 que mediante e<span style=\"text-transform: initial;\">l<\/span><span style=\"text-transform: initial;\">\u00a0nuevo decreto de Orden P\u00fablico,<\/span><span style=\"text-transform: initial;\"> que estar\u00e1 vigente hasta el 31 de mayo, se ordena mantener el cierre de fronteras terrestres y fluviales. Seg\u00fan explic\u00f3 el presidente Iv\u00e1n Duque, la <\/span>decisi\u00f3n<span style=\"text-transform: initial;\"> obedece a que la Organizaci\u00f3n Mundial de la Salud (OMS) aun mantiene la declaratoria de pandemia.<\/span><\/p>\n<p style=\"text-align: justify;\"><span style=\"text-transform: initial;\">Sin lugar a dudas, las medidas proferidas en el decreto, afectan al sector comercial del departamento que esperaba una reapertura al finalizar este mes. Por el momento, ser\u00e1n los pasos informales los que permitir\u00e1n el transporte de personas, <\/span>veh\u00edculos<span style=\"text-transform: initial;\"> y <\/span>mercanc\u00edas<span style=\"text-transform: initial;\"> en la frontera.\u00a0<\/span><\/p>\n<p style=\"text-align: justify;\">Por medio de su cuenta de Twitter, el ministro manifest\u00f3, que la agenda nacional que ha construido e implementado el gobierno, &#8220;es el resultado de la planeaci\u00f3n responsable, para aplicar la vacunaci\u00f3n masiva y acelerar la reactivaci\u00f3n segura&#8221;.\u00a0 As\u00ed mismo, el Gobierno Nacional, se\u00f1al\u00f3 que las medidas restrictivas podr\u00edan ser modificadas, si se presentan las condiciones adecuadas y la vacunaci\u00f3n avanza masivamente.<\/p>\n","protected":false},"excerpt":{"rendered":"<p>El d\u00eda de ayer el Ministro del Interior, Daniel Palacios, inform\u00f3 que mediante el\u00a0nuevo decreto de Orden P\u00fablico, que estar\u00e1 vigente hasta el 31 de mayo, se ordena mantener el cierre de fronteras terrestres y fluviales. Seg\u00fan explic\u00f3 el presidente Iv\u00e1n Duque, la decisi\u00f3n obedece a que la Organizaci\u00f3n Mundial de la Salud (OMS) aun [&hellip;]<\/p>\n","protected":false},"author":1,"featured_media":50808,"comment_status":"open","ping_status":"open","sticky":false,"template":"","format":"standard","meta":{"footnotes":""},"categories":[94],"tags":[],"class_list":["post-50806","post","type-post","status-publish","format-standard","has-post-thumbnail","hentry","category-nacional-global-2"],"yoast_head":"<!-- This site is optimized with the Yoast SEO plugin v27.1.1 - https:\/\/yoast.com\/product\/yoast-seo-wordpress\/ -->\n<title>Se ordena mantener el cierre de fronteras terrestres y fluviales con Ecuador. | P\u00e1gina10<\/title>\n<meta name=\"robots\" content=\"index, follow, max-snippet:-1, max-image-preview:large, max-video-preview:-1\" \/>\n<link rel=\"canonical\" href=\"https:\/\/pagina10.com\/web\/se-ordena-mantener-el-cierre-de-fronteras-terrestres-y-fluviales-con-ecuador\/\" \/>\n<meta property=\"og:locale\" content=\"es_ES\" \/>\n<meta property=\"og:type\" content=\"article\" \/>\n<meta property=\"og:title\" content=\"Se ordena mantener el cierre de fronteras terrestres y fluviales con Ecuador. | P\u00e1gina10\" \/>\n<meta property=\"og:description\" content=\"El d\u00eda de ayer el Ministro del Interior, Daniel Palacios, inform\u00f3 que mediante el\u00a0nuevo decreto de Orden P\u00fablico, que estar\u00e1 vigente hasta el 31 de mayo, se ordena mantener el cierre de fronteras terrestres y fluviales. Seg\u00fan explic\u00f3 el presidente Iv\u00e1n Duque, la decisi\u00f3n obedece a que la Organizaci\u00f3n Mundial de la Salud (OMS) aun [&hellip;]\" \/>\n<meta property=\"og:url\" content=\"https:\/\/pagina10.com\/web\/se-ordena-mantener-el-cierre-de-fronteras-terrestres-y-fluviales-con-ecuador\/\" \/>\n<meta property=\"og:site_name\" content=\"P\u00e1gina10\" \/>\n<meta property=\"article:publisher\" content=\"https:\/\/www.facebook.com\/pag10com\" \/>\n<meta property=\"article:published_time\" content=\"2021-02-26T14:40:34+00:00\" \/>\n<meta property=\"article:modified_time\" content=\"2021-02-26T15:22:58+00:00\" \/>\n<meta property=\"og:image\" content=\"https:\/\/pagina10.com\/web\/wp-content\/uploads\/2021\/02\/Frontera-Ecuador-Colombia-Puente-Rumichaca.jpg\" \/>\n\t<meta property=\"og:image:width\" content=\"1200\" \/>\n\t<meta property=\"og:image:height\" content=\"675\" \/>\n\t<meta property=\"og:image:type\" content=\"image\/jpeg\" \/>\n<meta name=\"author\" content=\"P\u00e1gina 10\" \/>\n<meta name=\"twitter:card\" content=\"summary_large_image\" \/>\n<meta name=\"twitter:creator\" content=\"@Pag10com\" \/>\n<meta name=\"twitter:site\" content=\"@Pag10com\" \/>\n<meta name=\"twitter:label1\" content=\"Escrito por\" \/>\n\t<meta name=\"twitter:data1\" content=\"P\u00e1gina 10\" \/>\n\t<meta name=\"twitter:label2\" content=\"Tiempo de lectura\" \/>\n\t<meta name=\"twitter:data2\" content=\"1 minuto\" \/>\n<script type=\"application\/ld+json\" class=\"yoast-schema-graph\">{\"@context\":\"https:\/\/schema.org\",\"@graph\":[{\"@type\":\"Article\",\"@id\":\"https:\/\/pagina10.com\/web\/se-ordena-mantener-el-cierre-de-fronteras-terrestres-y-fluviales-con-ecuador\/#article\",\"isPartOf\":{\"@id\":\"https:\/\/pagina10.com\/web\/se-ordena-mantener-el-cierre-de-fronteras-terrestres-y-fluviales-con-ecuador\/\"},\"author\":{\"name\":\"P\u00e1gina 10\",\"@id\":\"https:\/\/pagina10.com\/web\/#\/schema\/person\/2efc4a090d25b667d3bc796798a3a81b\"},\"headline\":\"Se ordena mantener el cierre de fronteras terrestres y fluviales con Ecuador.\",\"datePublished\":\"2021-02-26T14:40:34+00:00\",\"dateModified\":\"2021-02-26T15:22:58+00:00\",\"mainEntityOfPage\":{\"@id\":\"https:\/\/pagina10.com\/web\/se-ordena-mantener-el-cierre-de-fronteras-terrestres-y-fluviales-con-ecuador\/\"},\"wordCount\":194,\"commentCount\":0,\"publisher\":{\"@id\":\"https:\/\/pagina10.com\/web\/#organization\"},\"image\":{\"@id\":\"https:\/\/pagina10.com\/web\/se-ordena-mantener-el-cierre-de-fronteras-terrestres-y-fluviales-con-ecuador\/#primaryimage\"},\"thumbnailUrl\":\"https:\/\/pagina10.com\/web\/wp-content\/uploads\/2021\/02\/Frontera-Ecuador-Colombia-Puente-Rumichaca.jpg\",\"articleSection\":[\"Nacional\"],\"inLanguage\":\"es\",\"potentialAction\":[{\"@type\":\"CommentAction\",\"name\":\"Comment\",\"target\":[\"https:\/\/pagina10.com\/web\/se-ordena-mantener-el-cierre-de-fronteras-terrestres-y-fluviales-con-ecuador\/#respond\"]}]},{\"@type\":\"WebPage\",\"@id\":\"https:\/\/pagina10.com\/web\/se-ordena-mantener-el-cierre-de-fronteras-terrestres-y-fluviales-con-ecuador\/\",\"url\":\"https:\/\/pagina10.com\/web\/se-ordena-mantener-el-cierre-de-fronteras-terrestres-y-fluviales-con-ecuador\/\",\"name\":\"Se ordena mantener el cierre de fronteras terrestres y fluviales con Ecuador. | P\u00e1gina10\",\"isPartOf\":{\"@id\":\"https:\/\/pagina10.com\/web\/#website\"},\"primaryImageOfPage\":{\"@id\":\"https:\/\/pagina10.com\/web\/se-ordena-mantener-el-cierre-de-fronteras-terrestres-y-fluviales-con-ecuador\/#primaryimage\"},\"image\":{\"@id\":\"https:\/\/pagina10.com\/web\/se-ordena-mantener-el-cierre-de-fronteras-terrestres-y-fluviales-con-ecuador\/#primaryimage\"},\"thumbnailUrl\":\"https:\/\/pagina10.com\/web\/wp-content\/uploads\/2021\/02\/Frontera-Ecuador-Colombia-Puente-Rumichaca.jpg\",\"datePublished\":\"2021-02-26T14:40:34+00:00\",\"dateModified\":\"2021-02-26T15:22:58+00:00\",\"breadcrumb\":{\"@id\":\"https:\/\/pagina10.com\/web\/se-ordena-mantener-el-cierre-de-fronteras-terrestres-y-fluviales-con-ecuador\/#breadcrumb\"},\"inLanguage\":\"es\",\"potentialAction\":[{\"@type\":\"ReadAction\",\"target\":[\"https:\/\/pagina10.com\/web\/se-ordena-mantener-el-cierre-de-fronteras-terrestres-y-fluviales-con-ecuador\/\"]}]},{\"@type\":\"ImageObject\",\"inLanguage\":\"es\",\"@id\":\"https:\/\/pagina10.com\/web\/se-ordena-mantener-el-cierre-de-fronteras-terrestres-y-fluviales-con-ecuador\/#primaryimage\",\"url\":\"https:\/\/pagina10.com\/web\/wp-content\/uploads\/2021\/02\/Frontera-Ecuador-Colombia-Puente-Rumichaca.jpg\",\"contentUrl\":\"https:\/\/pagina10.com\/web\/wp-content\/uploads\/2021\/02\/Frontera-Ecuador-Colombia-Puente-Rumichaca.jpg\",\"width\":1200,\"height\":675},{\"@type\":\"BreadcrumbList\",\"@id\":\"https:\/\/pagina10.com\/web\/se-ordena-mantener-el-cierre-de-fronteras-terrestres-y-fluviales-con-ecuador\/#breadcrumb\",\"itemListElement\":[{\"@type\":\"ListItem\",\"position\":1,\"name\":\"Portada\",\"item\":\"https:\/\/pagina10.com\/web\/\"},{\"@type\":\"ListItem\",\"position\":2,\"name\":\"Se ordena mantener el cierre de fronteras terrestres y fluviales con Ecuador.\"}]},{\"@type\":\"WebSite\",\"@id\":\"https:\/\/pagina10.com\/web\/#website\",\"url\":\"https:\/\/pagina10.com\/web\/\",\"name\":\"P\u00e1gina10\",\"description\":\"Peri\u00f3dico Regional\",\"publisher\":{\"@id\":\"https:\/\/pagina10.com\/web\/#organization\"},\"alternateName\":\"P\u00e1gina10 Peri\u00f3dico Regional\",\"potentialAction\":[{\"@type\":\"SearchAction\",\"target\":{\"@type\":\"EntryPoint\",\"urlTemplate\":\"https:\/\/pagina10.com\/web\/?s={search_term_string}\"},\"query-input\":{\"@type\":\"PropertyValueSpecification\",\"valueRequired\":true,\"valueName\":\"search_term_string\"}}],\"inLanguage\":\"es\"},{\"@type\":\"Organization\",\"@id\":\"https:\/\/pagina10.com\/web\/#organization\",\"name\":\"P\u00e1gina10\",\"alternateName\":\"P\u00e1gina10 Peri\u00f3dico Regional\",\"url\":\"https:\/\/pagina10.com\/web\/\",\"logo\":{\"@type\":\"ImageObject\",\"inLanguage\":\"es\",\"@id\":\"https:\/\/pagina10.com\/web\/#\/schema\/logo\/image\/\",\"url\":\"https:\/\/pagina10.com\/web\/wp-content\/uploads\/2024\/01\/40-pagina-10-periodico-regional-pasto.jpg\",\"contentUrl\":\"https:\/\/pagina10.com\/web\/wp-content\/uploads\/2024\/01\/40-pagina-10-periodico-regional-pasto.jpg\",\"width\":1280,\"height\":720,\"caption\":\"P\u00e1gina10\"},\"image\":{\"@id\":\"https:\/\/pagina10.com\/web\/#\/schema\/logo\/image\/\"},\"sameAs\":[\"https:\/\/www.facebook.com\/pag10com\",\"https:\/\/x.com\/Pag10com\",\"https:\/\/www.instagram.com\/pagina10col\/\",\"https:\/\/youtube.com\/channel\/pag10\",\"https:\/\/www.tiktok.com\/@p10col\"]},{\"@type\":\"Person\",\"@id\":\"https:\/\/pagina10.com\/web\/#\/schema\/person\/2efc4a090d25b667d3bc796798a3a81b\",\"name\":\"P\u00e1gina 10\",\"description\":\"P\u00e1gina 10 es un peri\u00f3dico regional que nace en Colombia, en el departamento de Nari\u00f1o, con un enfoque global, fundamentado en cuatro pilares esenciales: la libertad, el pluralismo, la inclusi\u00f3n y la independencia. P\u00e1gina 10 hace referencia a Nari\u00f1o como el d\u00e9cimo departamento creado en Colombia, despu\u00e9s de un proceso pol\u00edtico liderado por actores y actrices regionales con el fin de obtener la independencia y autonom\u00eda de nuestros territorios. Con la creaci\u00f3n de P\u00e1gina 10 se pretende abrir un escenario para el dialogo, la reflexi\u00f3n y el debate que se extienda a otras geograf\u00edas de Am\u00e9rica Latina y del planeta, en una apuesta por transformar colectivamente los desaf\u00edos de un mundo contempor\u00e1neo, m\u00e1s all\u00e1 de las fronteras impuestas.\",\"url\":\"https:\/\/pagina10.com\/web\/author\/pdiezadmin\/\"}]}<\/script>\n<!-- \/ Yoast SEO plugin. -->","yoast_head_json":{"title":"Se ordena mantener el cierre de fronteras terrestres y fluviales con Ecuador. | P\u00e1gina10","robots":{"index":"index","follow":"follow","max-snippet":"max-snippet:-1","max-image-preview":"max-image-preview:large","max-video-preview":"max-video-preview:-1"},"canonical":"https:\/\/pagina10.com\/web\/se-ordena-mantener-el-cierre-de-fronteras-terrestres-y-fluviales-con-ecuador\/","og_locale":"es_ES","og_type":"article","og_title":"Se ordena mantener el cierre de fronteras terrestres y fluviales con Ecuador. | P\u00e1gina10","og_description":"El d\u00eda de ayer el Ministro del Interior, Daniel Palacios, inform\u00f3 que mediante el\u00a0nuevo decreto de Orden P\u00fablico, que estar\u00e1 vigente hasta el 31 de mayo, se ordena mantener el cierre de fronteras terrestres y fluviales. Seg\u00fan explic\u00f3 el presidente Iv\u00e1n Duque, la decisi\u00f3n obedece a que la Organizaci\u00f3n Mundial de la Salud (OMS) aun [&hellip;]","og_url":"https:\/\/pagina10.com\/web\/se-ordena-mantener-el-cierre-de-fronteras-terrestres-y-fluviales-con-ecuador\/","og_site_name":"P\u00e1gina10","article_publisher":"https:\/\/www.facebook.com\/pag10com","article_published_time":"2021-02-26T14:40:34+00:00","article_modified_time":"2021-02-26T15:22:58+00:00","og_image":[{"width":1200,"height":675,"url":"https:\/\/pagina10.com\/web\/wp-content\/uploads\/2021\/02\/Frontera-Ecuador-Colombia-Puente-Rumichaca.jpg","type":"image\/jpeg"}],"author":"P\u00e1gina 10","twitter_card":"summary_large_image","twitter_creator":"@Pag10com","twitter_site":"@Pag10com","twitter_misc":{"Escrito por":"P\u00e1gina 10","Tiempo de lectura":"1 minuto"},"schema":{"@context":"https:\/\/schema.org","@graph":[{"@type":"Article","@id":"https:\/\/pagina10.com\/web\/se-ordena-mantener-el-cierre-de-fronteras-terrestres-y-fluviales-con-ecuador\/#article","isPartOf":{"@id":"https:\/\/pagina10.com\/web\/se-ordena-mantener-el-cierre-de-fronteras-terrestres-y-fluviales-con-ecuador\/"},"author":{"name":"P\u00e1gina 10","@id":"https:\/\/pagina10.com\/web\/#\/schema\/person\/2efc4a090d25b667d3bc796798a3a81b"},"headline":"Se ordena mantener el cierre de fronteras terrestres y fluviales con Ecuador.","datePublished":"2021-02-26T14:40:34+00:00","dateModified":"2021-02-26T15:22:58+00:00","mainEntityOfPage":{"@id":"https:\/\/pagina10.com\/web\/se-ordena-mantener-el-cierre-de-fronteras-terrestres-y-fluviales-con-ecuador\/"},"wordCount":194,"commentCount":0,"publisher":{"@id":"https:\/\/pagina10.com\/web\/#organization"},"image":{"@id":"https:\/\/pagina10.com\/web\/se-ordena-mantener-el-cierre-de-fronteras-terrestres-y-fluviales-con-ecuador\/#primaryimage"},"thumbnailUrl":"https:\/\/pagina10.com\/web\/wp-content\/uploads\/2021\/02\/Frontera-Ecuador-Colombia-Puente-Rumichaca.jpg","articleSection":["Nacional"],"inLanguage":"es","potentialAction":[{"@type":"CommentAction","name":"Comment","target":["https:\/\/pagina10.com\/web\/se-ordena-mantener-el-cierre-de-fronteras-terrestres-y-fluviales-con-ecuador\/#respond"]}]},{"@type":"WebPage","@id":"https:\/\/pagina10.com\/web\/se-ordena-mantener-el-cierre-de-fronteras-terrestres-y-fluviales-con-ecuador\/","url":"https:\/\/pagina10.com\/web\/se-ordena-mantener-el-cierre-de-fronteras-terrestres-y-fluviales-con-ecuador\/","name":"Se ordena mantener el cierre de fronteras terrestres y fluviales con Ecuador. | P\u00e1gina10","isPartOf":{"@id":"https:\/\/pagina10.com\/web\/#website"},"primaryImageOfPage":{"@id":"https:\/\/pagina10.com\/web\/se-ordena-mantener-el-cierre-de-fronteras-terrestres-y-fluviales-con-ecuador\/#primaryimage"},"image":{"@id":"https:\/\/pagina10.com\/web\/se-ordena-mantener-el-cierre-de-fronteras-terrestres-y-fluviales-con-ecuador\/#primaryimage"},"thumbnailUrl":"https:\/\/pagina10.com\/web\/wp-content\/uploads\/2021\/02\/Frontera-Ecuador-Colombia-Puente-Rumichaca.jpg","datePublished":"2021-02-26T14:40:34+00:00","dateModified":"2021-02-26T15:22:58+00:00","breadcrumb":{"@id":"https:\/\/pagina10.com\/web\/se-ordena-mantener-el-cierre-de-fronteras-terrestres-y-fluviales-con-ecuador\/#breadcrumb"},"inLanguage":"es","potentialAction":[{"@type":"ReadAction","target":["https:\/\/pagina10.com\/web\/se-ordena-mantener-el-cierre-de-fronteras-terrestres-y-fluviales-con-ecuador\/"]}]},{"@type":"ImageObject","inLanguage":"es","@id":"https:\/\/pagina10.com\/web\/se-ordena-mantener-el-cierre-de-fronteras-terrestres-y-fluviales-con-ecuador\/#primaryimage","url":"https:\/\/pagina10.com\/web\/wp-content\/uploads\/2021\/02\/Frontera-Ecuador-Colombia-Puente-Rumichaca.jpg","contentUrl":"https:\/\/pagina10.com\/web\/wp-content\/uploads\/2021\/02\/Frontera-Ecuador-Colombia-Puente-Rumichaca.jpg","width":1200,"height":675},{"@type":"BreadcrumbList","@id":"https:\/\/pagina10.com\/web\/se-ordena-mantener-el-cierre-de-fronteras-terrestres-y-fluviales-con-ecuador\/#breadcrumb","itemListElement":[{"@type":"ListItem","position":1,"name":"Portada","item":"https:\/\/pagina10.com\/web\/"},{"@type":"ListItem","position":2,"name":"Se ordena mantener el cierre de fronteras terrestres y fluviales con Ecuador."}]},{"@type":"WebSite","@id":"https:\/\/pagina10.com\/web\/#website","url":"https:\/\/pagina10.com\/web\/","name":"P\u00e1gina10","description":"Peri\u00f3dico Regional","publisher":{"@id":"https:\/\/pagina10.com\/web\/#organization"},"alternateName":"P\u00e1gina10 Peri\u00f3dico Regional","potentialAction":[{"@type":"SearchAction","target":{"@type":"EntryPoint","urlTemplate":"https:\/\/pagina10.com\/web\/?s={search_term_string}"},"query-input":{"@type":"PropertyValueSpecification","valueRequired":true,"valueName":"search_term_string"}}],"inLanguage":"es"},{"@type":"Organization","@id":"https:\/\/pagina10.com\/web\/#organization","name":"P\u00e1gina10","alternateName":"P\u00e1gina10 Peri\u00f3dico Regional","url":"https:\/\/pagina10.com\/web\/","logo":{"@type":"ImageObject","inLanguage":"es","@id":"https:\/\/pagina10.com\/web\/#\/schema\/logo\/image\/","url":"https:\/\/pagina10.com\/web\/wp-content\/uploads\/2024\/01\/40-pagina-10-periodico-regional-pasto.jpg","contentUrl":"https:\/\/pagina10.com\/web\/wp-content\/uploads\/2024\/01\/40-pagina-10-periodico-regional-pasto.jpg","width":1280,"height":720,"caption":"P\u00e1gina10"},"image":{"@id":"https:\/\/pagina10.com\/web\/#\/schema\/logo\/image\/"},"sameAs":["https:\/\/www.facebook.com\/pag10com","https:\/\/x.com\/Pag10com","https:\/\/www.instagram.com\/pagina10col\/","https:\/\/youtube.com\/channel\/pag10","https:\/\/www.tiktok.com\/@p10col"]},{"@type":"Person","@id":"https:\/\/pagina10.com\/web\/#\/schema\/person\/2efc4a090d25b667d3bc796798a3a81b","name":"P\u00e1gina 10","description":"P\u00e1gina 10 es un peri\u00f3dico regional que nace en Colombia, en el departamento de Nari\u00f1o, con un enfoque global, fundamentado en cuatro pilares esenciales: la libertad, el pluralismo, la inclusi\u00f3n y la independencia. P\u00e1gina 10 hace referencia a Nari\u00f1o como el d\u00e9cimo departamento creado en Colombia, despu\u00e9s de un proceso pol\u00edtico liderado por actores y actrices regionales con el fin de obtener la independencia y autonom\u00eda de nuestros territorios. Con la creaci\u00f3n de P\u00e1gina 10 se pretende abrir un escenario para el dialogo, la reflexi\u00f3n y el debate que se extienda a otras geograf\u00edas de Am\u00e9rica Latina y del planeta, en una apuesta por transformar colectivamente los desaf\u00edos de un mundo contempor\u00e1neo, m\u00e1s all\u00e1 de las fronteras impuestas.","url":"https:\/\/pagina10.com\/web\/author\/pdiezadmin\/"}]}},"_links":{"self":[{"href":"https:\/\/pagina10.com\/web\/wp-json\/wp\/v2\/posts\/50806","targetHints":{"allow":["GET"]}}],"collection":[{"href":"https:\/\/pagina10.com\/web\/wp-json\/wp\/v2\/posts"}],"about":[{"href":"https:\/\/pagina10.com\/web\/wp-json\/wp\/v2\/types\/post"}],"author":[{"embeddable":true,"href":"https:\/\/pagina10.com\/web\/wp-json\/wp\/v2\/users\/1"}],"replies":[{"embeddable":true,"href":"https:\/\/pagina10.com\/web\/wp-json\/wp\/v2\/comments?post=50806"}],"version-history":[{"count":4,"href":"https:\/\/pagina10.com\/web\/wp-json\/wp\/v2\/posts\/50806\/revisions"}],"predecessor-version":[{"id":50816,"href":"https:\/\/pagina10.com\/web\/wp-json\/wp\/v2\/posts\/50806\/revisions\/50816"}],"wp:featuredmedia":[{"embeddable":true,"href":"https:\/\/pagina10.com\/web\/wp-json\/wp\/v2\/media\/50808"}],"wp:attachment":[{"href":"https:\/\/pagina10.com\/web\/wp-json\/wp\/v2\/media?parent=50806"}],"wp:term":[{"taxonomy":"category","embeddable":true,"href":"https:\/\/pagina10.com\/web\/wp-json\/wp\/v2\/categories?post=50806"},{"taxonomy":"post_tag","embeddable":true,"href":"https:\/\/pagina10.com\/web\/wp-json\/wp\/v2\/tags?post=50806"}],"curies":[{"name":"wp","href":"https:\/\/api.w.org\/{rel}","templated":true}]}}