{"id":50817,"date":"2021-02-26T15:22:37","date_gmt":"2021-02-26T20:22:37","guid":{"rendered":"https:\/\/pagina10.com\/web\/?p=50817"},"modified":"2021-02-27T10:46:13","modified_gmt":"2021-02-27T15:46:13","slug":"narinenses-son-nombrados-conjueces-de-la-corte-constitucional","status":"publish","type":"post","link":"https:\/\/pagina10.com\/web\/narinenses-son-nombrados-conjueces-de-la-corte-constitucional\/","title":{"rendered":"Nari\u00f1enses son nombrados conjueces de la Corte Constitucional."},"content":{"rendered":"<p style=\"text-align: justify;\">La Sala Plena Virtual de la Corte Constitucional dio a conocer la lista de los conjueces elegidos para el periodo comprendido entre 1 de marzo del 2021 y el 28 de febrero de 2022. Entre los 18 juristas elegidos por parte de la Corporaci\u00f3n se encuentran tres nari\u00f1enses, Kenneth Burbano Villamar\u00edn,\u00a0 Alier Eduardo Hern\u00e1ndez Enr\u00edquez y Mauricio Alfredo Fajardo G\u00f3mez.<\/p>\n<p style=\"text-align: justify;\">Kenneth Burbano, es oriundo de la ciudad de Pasto. Desde hace 28 a\u00f1os se ha desempe\u00f1ado como profesor universitario. Es exmagistrado auxiliar de la Jurisdicci\u00f3n Especial para la Paz JEP, ex defensor del pueblo regional de Bogot\u00e1 y asesor de la Defensor\u00eda del Pueblo.<\/p>\n<p style=\"text-align: justify;\">El abogado manifest\u00f3 que recib\u00eda la menci\u00f3n como un \u201creconocimiento al trabajo que realiza el Observatorio Constitucional de la Universidad Libre en la Corte\u201d, donde se desempe\u00f1a como director desde hace 7 a\u00f1os.<\/p>\n<p style=\"text-align: justify;\">Alier Hern\u00e1ndez, oriundo del corregimiento de Las Mesas del municipio de El Tabl\u00f3n de G\u00f3mez, Nari\u00f1o, se desempe\u00f1\u00f3 como magistrado de la secci\u00f3n tercera del Consejo de Estado y como vicepresidente del mismo.<\/p>\n<p>Mauricio Fajardo naci\u00f3 en el departamento de Nari\u00f1o. Ha sido Secretario General de la Caja Agraria, de Telecom y de la Caja Social de Ahorros, y Vicepresidente Jur\u00eddico de la C\u00e1mara de Comercio de Bogot\u00e1. Se desempe\u00f1\u00f3 tambi\u00e9n como asesor del Ministro de Defensa en 1998 y como magistrado del Consejo de Estado, en 2011 fue elegido presidente de la misma corporaci\u00f3n.<\/p>\n","protected":false},"excerpt":{"rendered":"<p>La Sala Plena Virtual de la Corte Constitucional dio a conocer la lista de los conjueces elegidos para el periodo comprendido entre 1 de marzo del 2021 y el 28 de febrero de 2022. Entre los 18 juristas elegidos por parte de la Corporaci\u00f3n se encuentran tres nari\u00f1enses, Kenneth Burbano Villamar\u00edn,\u00a0 Alier Eduardo Hern\u00e1ndez Enr\u00edquez [&hellip;]<\/p>\n","protected":false},"author":1,"featured_media":50819,"comment_status":"open","ping_status":"open","sticky":false,"template":"","format":"standard","meta":{"footnotes":""},"categories":[94],"tags":[],"class_list":["post-50817","post","type-post","status-publish","format-standard","has-post-thumbnail","hentry","category-nacional-global-2"],"yoast_head":"<!-- This site is optimized with the Yoast SEO plugin v27.1.1 - https:\/\/yoast.com\/product\/yoast-seo-wordpress\/ -->\n<title>Nari\u00f1enses son nombrados conjueces de la Corte Constitucional. | P\u00e1gina10<\/title>\n<meta name=\"robots\" content=\"index, follow, max-snippet:-1, max-image-preview:large, max-video-preview:-1\" \/>\n<link rel=\"canonical\" href=\"https:\/\/pagina10.com\/web\/narinenses-son-nombrados-conjueces-de-la-corte-constitucional\/\" \/>\n<meta property=\"og:locale\" content=\"es_ES\" \/>\n<meta property=\"og:type\" content=\"article\" \/>\n<meta property=\"og:title\" content=\"Nari\u00f1enses son nombrados conjueces de la Corte Constitucional. | P\u00e1gina10\" \/>\n<meta property=\"og:description\" content=\"La Sala Plena Virtual de la Corte Constitucional dio a conocer la lista de los conjueces elegidos para el periodo comprendido entre 1 de marzo del 2021 y el 28 de febrero de 2022. Entre los 18 juristas elegidos por parte de la Corporaci\u00f3n se encuentran tres nari\u00f1enses, Kenneth Burbano Villamar\u00edn, Alier Eduardo Hern\u00e1ndez Enr\u00edquez [&hellip;]\" \/>\n<meta property=\"og:url\" content=\"https:\/\/pagina10.com\/web\/narinenses-son-nombrados-conjueces-de-la-corte-constitucional\/\" \/>\n<meta property=\"og:site_name\" content=\"P\u00e1gina10\" \/>\n<meta property=\"article:publisher\" content=\"https:\/\/www.facebook.com\/pag10com\" \/>\n<meta property=\"article:published_time\" content=\"2021-02-26T20:22:37+00:00\" \/>\n<meta property=\"article:modified_time\" content=\"2021-02-27T15:46:13+00:00\" \/>\n<meta property=\"og:image\" content=\"https:\/\/pagina10.com\/web\/wp-content\/uploads\/2021\/02\/Captura-de-Pantalla-2020-02-27-a-las-2.51.37-p.-m..png\" \/>\n\t<meta property=\"og:image:width\" content=\"526\" \/>\n\t<meta property=\"og:image:height\" content=\"318\" \/>\n\t<meta property=\"og:image:type\" content=\"image\/png\" \/>\n<meta name=\"author\" content=\"P\u00e1gina 10\" \/>\n<meta name=\"twitter:card\" content=\"summary_large_image\" \/>\n<meta name=\"twitter:creator\" content=\"@Pag10com\" \/>\n<meta name=\"twitter:site\" content=\"@Pag10com\" \/>\n<meta name=\"twitter:label1\" content=\"Escrito por\" \/>\n\t<meta name=\"twitter:data1\" content=\"P\u00e1gina 10\" \/>\n\t<meta name=\"twitter:label2\" content=\"Tiempo de lectura\" \/>\n\t<meta name=\"twitter:data2\" content=\"1 minuto\" \/>\n<script type=\"application\/ld+json\" class=\"yoast-schema-graph\">{\"@context\":\"https:\/\/schema.org\",\"@graph\":[{\"@type\":\"Article\",\"@id\":\"https:\/\/pagina10.com\/web\/narinenses-son-nombrados-conjueces-de-la-corte-constitucional\/#article\",\"isPartOf\":{\"@id\":\"https:\/\/pagina10.com\/web\/narinenses-son-nombrados-conjueces-de-la-corte-constitucional\/\"},\"author\":{\"name\":\"P\u00e1gina 10\",\"@id\":\"https:\/\/pagina10.com\/web\/#\/schema\/person\/2efc4a090d25b667d3bc796798a3a81b\"},\"headline\":\"Nari\u00f1enses son nombrados conjueces de la Corte Constitucional.\",\"datePublished\":\"2021-02-26T20:22:37+00:00\",\"dateModified\":\"2021-02-27T15:46:13+00:00\",\"mainEntityOfPage\":{\"@id\":\"https:\/\/pagina10.com\/web\/narinenses-son-nombrados-conjueces-de-la-corte-constitucional\/\"},\"wordCount\":256,\"commentCount\":0,\"publisher\":{\"@id\":\"https:\/\/pagina10.com\/web\/#organization\"},\"image\":{\"@id\":\"https:\/\/pagina10.com\/web\/narinenses-son-nombrados-conjueces-de-la-corte-constitucional\/#primaryimage\"},\"thumbnailUrl\":\"https:\/\/pagina10.com\/web\/wp-content\/uploads\/2021\/02\/Captura-de-Pantalla-2020-02-27-a-las-2.51.37-p.-m..png\",\"articleSection\":[\"Nacional\"],\"inLanguage\":\"es\",\"potentialAction\":[{\"@type\":\"CommentAction\",\"name\":\"Comment\",\"target\":[\"https:\/\/pagina10.com\/web\/narinenses-son-nombrados-conjueces-de-la-corte-constitucional\/#respond\"]}]},{\"@type\":\"WebPage\",\"@id\":\"https:\/\/pagina10.com\/web\/narinenses-son-nombrados-conjueces-de-la-corte-constitucional\/\",\"url\":\"https:\/\/pagina10.com\/web\/narinenses-son-nombrados-conjueces-de-la-corte-constitucional\/\",\"name\":\"Nari\u00f1enses son nombrados conjueces de la Corte Constitucional. | P\u00e1gina10\",\"isPartOf\":{\"@id\":\"https:\/\/pagina10.com\/web\/#website\"},\"primaryImageOfPage\":{\"@id\":\"https:\/\/pagina10.com\/web\/narinenses-son-nombrados-conjueces-de-la-corte-constitucional\/#primaryimage\"},\"image\":{\"@id\":\"https:\/\/pagina10.com\/web\/narinenses-son-nombrados-conjueces-de-la-corte-constitucional\/#primaryimage\"},\"thumbnailUrl\":\"https:\/\/pagina10.com\/web\/wp-content\/uploads\/2021\/02\/Captura-de-Pantalla-2020-02-27-a-las-2.51.37-p.-m..png\",\"datePublished\":\"2021-02-26T20:22:37+00:00\",\"dateModified\":\"2021-02-27T15:46:13+00:00\",\"breadcrumb\":{\"@id\":\"https:\/\/pagina10.com\/web\/narinenses-son-nombrados-conjueces-de-la-corte-constitucional\/#breadcrumb\"},\"inLanguage\":\"es\",\"potentialAction\":[{\"@type\":\"ReadAction\",\"target\":[\"https:\/\/pagina10.com\/web\/narinenses-son-nombrados-conjueces-de-la-corte-constitucional\/\"]}]},{\"@type\":\"ImageObject\",\"inLanguage\":\"es\",\"@id\":\"https:\/\/pagina10.com\/web\/narinenses-son-nombrados-conjueces-de-la-corte-constitucional\/#primaryimage\",\"url\":\"https:\/\/pagina10.com\/web\/wp-content\/uploads\/2021\/02\/Captura-de-Pantalla-2020-02-27-a-las-2.51.37-p.-m..png\",\"contentUrl\":\"https:\/\/pagina10.com\/web\/wp-content\/uploads\/2021\/02\/Captura-de-Pantalla-2020-02-27-a-las-2.51.37-p.-m..png\",\"width\":526,\"height\":318},{\"@type\":\"BreadcrumbList\",\"@id\":\"https:\/\/pagina10.com\/web\/narinenses-son-nombrados-conjueces-de-la-corte-constitucional\/#breadcrumb\",\"itemListElement\":[{\"@type\":\"ListItem\",\"position\":1,\"name\":\"Portada\",\"item\":\"https:\/\/pagina10.com\/web\/\"},{\"@type\":\"ListItem\",\"position\":2,\"name\":\"Nari\u00f1enses son nombrados conjueces de la Corte Constitucional.\"}]},{\"@type\":\"WebSite\",\"@id\":\"https:\/\/pagina10.com\/web\/#website\",\"url\":\"https:\/\/pagina10.com\/web\/\",\"name\":\"P\u00e1gina10\",\"description\":\"Peri\u00f3dico Regional\",\"publisher\":{\"@id\":\"https:\/\/pagina10.com\/web\/#organization\"},\"alternateName\":\"P\u00e1gina10 Peri\u00f3dico Regional\",\"potentialAction\":[{\"@type\":\"SearchAction\",\"target\":{\"@type\":\"EntryPoint\",\"urlTemplate\":\"https:\/\/pagina10.com\/web\/?s={search_term_string}\"},\"query-input\":{\"@type\":\"PropertyValueSpecification\",\"valueRequired\":true,\"valueName\":\"search_term_string\"}}],\"inLanguage\":\"es\"},{\"@type\":\"Organization\",\"@id\":\"https:\/\/pagina10.com\/web\/#organization\",\"name\":\"P\u00e1gina10\",\"alternateName\":\"P\u00e1gina10 Peri\u00f3dico Regional\",\"url\":\"https:\/\/pagina10.com\/web\/\",\"logo\":{\"@type\":\"ImageObject\",\"inLanguage\":\"es\",\"@id\":\"https:\/\/pagina10.com\/web\/#\/schema\/logo\/image\/\",\"url\":\"https:\/\/pagina10.com\/web\/wp-content\/uploads\/2024\/01\/40-pagina-10-periodico-regional-pasto.jpg\",\"contentUrl\":\"https:\/\/pagina10.com\/web\/wp-content\/uploads\/2024\/01\/40-pagina-10-periodico-regional-pasto.jpg\",\"width\":1280,\"height\":720,\"caption\":\"P\u00e1gina10\"},\"image\":{\"@id\":\"https:\/\/pagina10.com\/web\/#\/schema\/logo\/image\/\"},\"sameAs\":[\"https:\/\/www.facebook.com\/pag10com\",\"https:\/\/x.com\/Pag10com\",\"https:\/\/www.instagram.com\/pagina10col\/\",\"https:\/\/youtube.com\/channel\/pag10\",\"https:\/\/www.tiktok.com\/@p10col\"]},{\"@type\":\"Person\",\"@id\":\"https:\/\/pagina10.com\/web\/#\/schema\/person\/2efc4a090d25b667d3bc796798a3a81b\",\"name\":\"P\u00e1gina 10\",\"description\":\"P\u00e1gina 10 es un peri\u00f3dico regional que nace en Colombia, en el departamento de Nari\u00f1o, con un enfoque global, fundamentado en cuatro pilares esenciales: la libertad, el pluralismo, la inclusi\u00f3n y la independencia. P\u00e1gina 10 hace referencia a Nari\u00f1o como el d\u00e9cimo departamento creado en Colombia, despu\u00e9s de un proceso pol\u00edtico liderado por actores y actrices regionales con el fin de obtener la independencia y autonom\u00eda de nuestros territorios. Con la creaci\u00f3n de P\u00e1gina 10 se pretende abrir un escenario para el dialogo, la reflexi\u00f3n y el debate que se extienda a otras geograf\u00edas de Am\u00e9rica Latina y del planeta, en una apuesta por transformar colectivamente los desaf\u00edos de un mundo contempor\u00e1neo, m\u00e1s all\u00e1 de las fronteras impuestas.\",\"url\":\"https:\/\/pagina10.com\/web\/author\/pdiezadmin\/\"}]}<\/script>\n<!-- \/ Yoast SEO plugin. -->","yoast_head_json":{"title":"Nari\u00f1enses son nombrados conjueces de la Corte Constitucional. | P\u00e1gina10","robots":{"index":"index","follow":"follow","max-snippet":"max-snippet:-1","max-image-preview":"max-image-preview:large","max-video-preview":"max-video-preview:-1"},"canonical":"https:\/\/pagina10.com\/web\/narinenses-son-nombrados-conjueces-de-la-corte-constitucional\/","og_locale":"es_ES","og_type":"article","og_title":"Nari\u00f1enses son nombrados conjueces de la Corte Constitucional. | P\u00e1gina10","og_description":"La Sala Plena Virtual de la Corte Constitucional dio a conocer la lista de los conjueces elegidos para el periodo comprendido entre 1 de marzo del 2021 y el 28 de febrero de 2022. Entre los 18 juristas elegidos por parte de la Corporaci\u00f3n se encuentran tres nari\u00f1enses, Kenneth Burbano Villamar\u00edn, Alier Eduardo Hern\u00e1ndez Enr\u00edquez [&hellip;]","og_url":"https:\/\/pagina10.com\/web\/narinenses-son-nombrados-conjueces-de-la-corte-constitucional\/","og_site_name":"P\u00e1gina10","article_publisher":"https:\/\/www.facebook.com\/pag10com","article_published_time":"2021-02-26T20:22:37+00:00","article_modified_time":"2021-02-27T15:46:13+00:00","og_image":[{"width":526,"height":318,"url":"https:\/\/pagina10.com\/web\/wp-content\/uploads\/2021\/02\/Captura-de-Pantalla-2020-02-27-a-las-2.51.37-p.-m..png","type":"image\/png"}],"author":"P\u00e1gina 10","twitter_card":"summary_large_image","twitter_creator":"@Pag10com","twitter_site":"@Pag10com","twitter_misc":{"Escrito por":"P\u00e1gina 10","Tiempo de lectura":"1 minuto"},"schema":{"@context":"https:\/\/schema.org","@graph":[{"@type":"Article","@id":"https:\/\/pagina10.com\/web\/narinenses-son-nombrados-conjueces-de-la-corte-constitucional\/#article","isPartOf":{"@id":"https:\/\/pagina10.com\/web\/narinenses-son-nombrados-conjueces-de-la-corte-constitucional\/"},"author":{"name":"P\u00e1gina 10","@id":"https:\/\/pagina10.com\/web\/#\/schema\/person\/2efc4a090d25b667d3bc796798a3a81b"},"headline":"Nari\u00f1enses son nombrados conjueces de la Corte Constitucional.","datePublished":"2021-02-26T20:22:37+00:00","dateModified":"2021-02-27T15:46:13+00:00","mainEntityOfPage":{"@id":"https:\/\/pagina10.com\/web\/narinenses-son-nombrados-conjueces-de-la-corte-constitucional\/"},"wordCount":256,"commentCount":0,"publisher":{"@id":"https:\/\/pagina10.com\/web\/#organization"},"image":{"@id":"https:\/\/pagina10.com\/web\/narinenses-son-nombrados-conjueces-de-la-corte-constitucional\/#primaryimage"},"thumbnailUrl":"https:\/\/pagina10.com\/web\/wp-content\/uploads\/2021\/02\/Captura-de-Pantalla-2020-02-27-a-las-2.51.37-p.-m..png","articleSection":["Nacional"],"inLanguage":"es","potentialAction":[{"@type":"CommentAction","name":"Comment","target":["https:\/\/pagina10.com\/web\/narinenses-son-nombrados-conjueces-de-la-corte-constitucional\/#respond"]}]},{"@type":"WebPage","@id":"https:\/\/pagina10.com\/web\/narinenses-son-nombrados-conjueces-de-la-corte-constitucional\/","url":"https:\/\/pagina10.com\/web\/narinenses-son-nombrados-conjueces-de-la-corte-constitucional\/","name":"Nari\u00f1enses son nombrados conjueces de la Corte Constitucional. | P\u00e1gina10","isPartOf":{"@id":"https:\/\/pagina10.com\/web\/#website"},"primaryImageOfPage":{"@id":"https:\/\/pagina10.com\/web\/narinenses-son-nombrados-conjueces-de-la-corte-constitucional\/#primaryimage"},"image":{"@id":"https:\/\/pagina10.com\/web\/narinenses-son-nombrados-conjueces-de-la-corte-constitucional\/#primaryimage"},"thumbnailUrl":"https:\/\/pagina10.com\/web\/wp-content\/uploads\/2021\/02\/Captura-de-Pantalla-2020-02-27-a-las-2.51.37-p.-m..png","datePublished":"2021-02-26T20:22:37+00:00","dateModified":"2021-02-27T15:46:13+00:00","breadcrumb":{"@id":"https:\/\/pagina10.com\/web\/narinenses-son-nombrados-conjueces-de-la-corte-constitucional\/#breadcrumb"},"inLanguage":"es","potentialAction":[{"@type":"ReadAction","target":["https:\/\/pagina10.com\/web\/narinenses-son-nombrados-conjueces-de-la-corte-constitucional\/"]}]},{"@type":"ImageObject","inLanguage":"es","@id":"https:\/\/pagina10.com\/web\/narinenses-son-nombrados-conjueces-de-la-corte-constitucional\/#primaryimage","url":"https:\/\/pagina10.com\/web\/wp-content\/uploads\/2021\/02\/Captura-de-Pantalla-2020-02-27-a-las-2.51.37-p.-m..png","contentUrl":"https:\/\/pagina10.com\/web\/wp-content\/uploads\/2021\/02\/Captura-de-Pantalla-2020-02-27-a-las-2.51.37-p.-m..png","width":526,"height":318},{"@type":"BreadcrumbList","@id":"https:\/\/pagina10.com\/web\/narinenses-son-nombrados-conjueces-de-la-corte-constitucional\/#breadcrumb","itemListElement":[{"@type":"ListItem","position":1,"name":"Portada","item":"https:\/\/pagina10.com\/web\/"},{"@type":"ListItem","position":2,"name":"Nari\u00f1enses son nombrados conjueces de la Corte Constitucional."}]},{"@type":"WebSite","@id":"https:\/\/pagina10.com\/web\/#website","url":"https:\/\/pagina10.com\/web\/","name":"P\u00e1gina10","description":"Peri\u00f3dico Regional","publisher":{"@id":"https:\/\/pagina10.com\/web\/#organization"},"alternateName":"P\u00e1gina10 Peri\u00f3dico Regional","potentialAction":[{"@type":"SearchAction","target":{"@type":"EntryPoint","urlTemplate":"https:\/\/pagina10.com\/web\/?s={search_term_string}"},"query-input":{"@type":"PropertyValueSpecification","valueRequired":true,"valueName":"search_term_string"}}],"inLanguage":"es"},{"@type":"Organization","@id":"https:\/\/pagina10.com\/web\/#organization","name":"P\u00e1gina10","alternateName":"P\u00e1gina10 Peri\u00f3dico Regional","url":"https:\/\/pagina10.com\/web\/","logo":{"@type":"ImageObject","inLanguage":"es","@id":"https:\/\/pagina10.com\/web\/#\/schema\/logo\/image\/","url":"https:\/\/pagina10.com\/web\/wp-content\/uploads\/2024\/01\/40-pagina-10-periodico-regional-pasto.jpg","contentUrl":"https:\/\/pagina10.com\/web\/wp-content\/uploads\/2024\/01\/40-pagina-10-periodico-regional-pasto.jpg","width":1280,"height":720,"caption":"P\u00e1gina10"},"image":{"@id":"https:\/\/pagina10.com\/web\/#\/schema\/logo\/image\/"},"sameAs":["https:\/\/www.facebook.com\/pag10com","https:\/\/x.com\/Pag10com","https:\/\/www.instagram.com\/pagina10col\/","https:\/\/youtube.com\/channel\/pag10","https:\/\/www.tiktok.com\/@p10col"]},{"@type":"Person","@id":"https:\/\/pagina10.com\/web\/#\/schema\/person\/2efc4a090d25b667d3bc796798a3a81b","name":"P\u00e1gina 10","description":"P\u00e1gina 10 es un peri\u00f3dico regional que nace en Colombia, en el departamento de Nari\u00f1o, con un enfoque global, fundamentado en cuatro pilares esenciales: la libertad, el pluralismo, la inclusi\u00f3n y la independencia. P\u00e1gina 10 hace referencia a Nari\u00f1o como el d\u00e9cimo departamento creado en Colombia, despu\u00e9s de un proceso pol\u00edtico liderado por actores y actrices regionales con el fin de obtener la independencia y autonom\u00eda de nuestros territorios. Con la creaci\u00f3n de P\u00e1gina 10 se pretende abrir un escenario para el dialogo, la reflexi\u00f3n y el debate que se extienda a otras geograf\u00edas de Am\u00e9rica Latina y del planeta, en una apuesta por transformar colectivamente los desaf\u00edos de un mundo contempor\u00e1neo, m\u00e1s all\u00e1 de las fronteras impuestas.","url":"https:\/\/pagina10.com\/web\/author\/pdiezadmin\/"}]}},"_links":{"self":[{"href":"https:\/\/pagina10.com\/web\/wp-json\/wp\/v2\/posts\/50817","targetHints":{"allow":["GET"]}}],"collection":[{"href":"https:\/\/pagina10.com\/web\/wp-json\/wp\/v2\/posts"}],"about":[{"href":"https:\/\/pagina10.com\/web\/wp-json\/wp\/v2\/types\/post"}],"author":[{"embeddable":true,"href":"https:\/\/pagina10.com\/web\/wp-json\/wp\/v2\/users\/1"}],"replies":[{"embeddable":true,"href":"https:\/\/pagina10.com\/web\/wp-json\/wp\/v2\/comments?post=50817"}],"version-history":[{"count":5,"href":"https:\/\/pagina10.com\/web\/wp-json\/wp\/v2\/posts\/50817\/revisions"}],"predecessor-version":[{"id":50843,"href":"https:\/\/pagina10.com\/web\/wp-json\/wp\/v2\/posts\/50817\/revisions\/50843"}],"wp:featuredmedia":[{"embeddable":true,"href":"https:\/\/pagina10.com\/web\/wp-json\/wp\/v2\/media\/50819"}],"wp:attachment":[{"href":"https:\/\/pagina10.com\/web\/wp-json\/wp\/v2\/media?parent=50817"}],"wp:term":[{"taxonomy":"category","embeddable":true,"href":"https:\/\/pagina10.com\/web\/wp-json\/wp\/v2\/categories?post=50817"},{"taxonomy":"post_tag","embeddable":true,"href":"https:\/\/pagina10.com\/web\/wp-json\/wp\/v2\/tags?post=50817"}],"curies":[{"name":"wp","href":"https:\/\/api.w.org\/{rel}","templated":true}]}}