{"id":50825,"date":"2021-02-27T09:11:20","date_gmt":"2021-02-27T14:11:20","guid":{"rendered":"https:\/\/pagina10.com\/web\/?p=50825"},"modified":"2021-02-27T09:11:20","modified_gmt":"2021-02-27T14:11:20","slug":"consejo-de-estado-deja-en-firme-la-suspension-de-la-millonaria-multa-en-contra-de-gustavo-petro","status":"publish","type":"post","link":"https:\/\/pagina10.com\/web\/consejo-de-estado-deja-en-firme-la-suspension-de-la-millonaria-multa-en-contra-de-gustavo-petro\/","title":{"rendered":"Consejo de Estado deja en firme la suspensi\u00f3n de la millonaria multa en contra de Gustavo Petro."},"content":{"rendered":"<p style=\"text-align: justify;\">El d\u00eda de ayer, el Consejo de Estado ratific\u00f3\u00a0el fallo del Tribunal Administrativo de Cundinamarca que suspendi\u00f3 la millonaria multa que le impuso la Contralor\u00eda Distrital\u00a0a\u00a0<strong>Gustavo Petro<\/strong> por no subir las tarifas de transmilenio, cuando desempe\u00f1\u00f3 como Alcalde Mayor de Bogot\u00e1.<\/p>\n<p style=\"text-align: justify;\">El fallo del Consejo de Estado determin\u00f3 que la imposici\u00f3n de responsabilidad fiscal en contra de Petro, \u201cconfigur\u00f3 la violaci\u00f3n a los principios del debido proceso y de legalidad que de ning\u00fan modo la Sala en esta instancia puede pasar por alto\u201d. El senador precis\u00f3 que el contralor del caso, con el objetivo de inhabilitarlo, hab\u00eda roto toda normatividad y sentido de las proporciones al imponer la multa.<\/p>\n<p style=\"text-align: justify;\">La multa por 217 mil millones de pesos fue impuesta por Juan Carlos Granados Beccera, ex contralor investigado por el esc\u00e1ndalo de Odebrecht. El \u00f3rgano de control fiscal, hab\u00eda determinado, en ese momento, que la decisi\u00f3n de Gustavo Petro, hab\u00eda afectado y generado un detrimento patrimonial en el distrito.<\/p>\n<p style=\"text-align: justify;\">Al conocer la decisi\u00f3n, el senador de la Colombia Humana, manifest\u00f3 el d\u00eda de ayer por medio de su cuenta de Twitter que, \u201cse define si en Colombia se puede financiar el transporte p\u00fablico con el presupuesto, como en todos los pa\u00edses modernos, o sea cae en el fundamentalismo neoliberal de solo permitir que los costos de operaci\u00f3n del transporte p\u00fablico los financien los usuarios con m\u00e1s altas tarifas\u201d .<\/p>\n","protected":false},"excerpt":{"rendered":"<p>El d\u00eda de ayer, el Consejo de Estado ratific\u00f3\u00a0el fallo del Tribunal Administrativo de Cundinamarca que suspendi\u00f3 la millonaria multa que le impuso la Contralor\u00eda Distrital\u00a0a\u00a0Gustavo Petro por no subir las tarifas de transmilenio, cuando desempe\u00f1\u00f3 como Alcalde Mayor de Bogot\u00e1. El fallo del Consejo de Estado determin\u00f3 que la imposici\u00f3n de responsabilidad fiscal en [&hellip;]<\/p>\n","protected":false},"author":1,"featured_media":50827,"comment_status":"open","ping_status":"open","sticky":false,"template":"","format":"standard","meta":{"footnotes":""},"categories":[94],"tags":[],"class_list":["post-50825","post","type-post","status-publish","format-standard","has-post-thumbnail","hentry","category-nacional-global-2"],"yoast_head":"<!-- This site is optimized with the Yoast SEO plugin v27.1.1 - https:\/\/yoast.com\/product\/yoast-seo-wordpress\/ -->\n<title>Consejo de Estado deja en firme la suspensi\u00f3n de la millonaria multa en contra de Gustavo Petro. | P\u00e1gina10<\/title>\n<meta name=\"robots\" content=\"index, follow, max-snippet:-1, max-image-preview:large, max-video-preview:-1\" \/>\n<link rel=\"canonical\" href=\"https:\/\/pagina10.com\/web\/consejo-de-estado-deja-en-firme-la-suspension-de-la-millonaria-multa-en-contra-de-gustavo-petro\/\" \/>\n<meta property=\"og:locale\" content=\"es_ES\" \/>\n<meta property=\"og:type\" content=\"article\" \/>\n<meta property=\"og:title\" content=\"Consejo de Estado deja en firme la suspensi\u00f3n de la millonaria multa en contra de Gustavo Petro. | P\u00e1gina10\" \/>\n<meta property=\"og:description\" content=\"El d\u00eda de ayer, el Consejo de Estado ratific\u00f3\u00a0el fallo del Tribunal Administrativo de Cundinamarca que suspendi\u00f3 la millonaria multa que le impuso la Contralor\u00eda Distrital\u00a0a\u00a0Gustavo Petro por no subir las tarifas de transmilenio, cuando desempe\u00f1\u00f3 como Alcalde Mayor de Bogot\u00e1. El fallo del Consejo de Estado determin\u00f3 que la imposici\u00f3n de responsabilidad fiscal en [&hellip;]\" \/>\n<meta property=\"og:url\" content=\"https:\/\/pagina10.com\/web\/consejo-de-estado-deja-en-firme-la-suspension-de-la-millonaria-multa-en-contra-de-gustavo-petro\/\" \/>\n<meta property=\"og:site_name\" content=\"P\u00e1gina10\" \/>\n<meta property=\"article:publisher\" content=\"https:\/\/www.facebook.com\/pag10com\" \/>\n<meta property=\"article:published_time\" content=\"2021-02-27T14:11:20+00:00\" \/>\n<meta property=\"og:image\" content=\"https:\/\/pagina10.com\/web\/wp-content\/uploads\/2021\/02\/1595526045_566491_1595526317_noticia_normal.jpg\" \/>\n\t<meta property=\"og:image:width\" content=\"1170\" \/>\n\t<meta property=\"og:image:height\" content=\"900\" \/>\n\t<meta property=\"og:image:type\" content=\"image\/jpeg\" \/>\n<meta name=\"author\" content=\"P\u00e1gina 10\" \/>\n<meta name=\"twitter:card\" content=\"summary_large_image\" \/>\n<meta name=\"twitter:creator\" content=\"@Pag10com\" \/>\n<meta name=\"twitter:site\" content=\"@Pag10com\" \/>\n<meta name=\"twitter:label1\" content=\"Escrito por\" \/>\n\t<meta name=\"twitter:data1\" content=\"P\u00e1gina 10\" \/>\n\t<meta name=\"twitter:label2\" content=\"Tiempo de lectura\" \/>\n\t<meta name=\"twitter:data2\" content=\"1 minuto\" \/>\n<script type=\"application\/ld+json\" class=\"yoast-schema-graph\">{\"@context\":\"https:\/\/schema.org\",\"@graph\":[{\"@type\":\"Article\",\"@id\":\"https:\/\/pagina10.com\/web\/consejo-de-estado-deja-en-firme-la-suspension-de-la-millonaria-multa-en-contra-de-gustavo-petro\/#article\",\"isPartOf\":{\"@id\":\"https:\/\/pagina10.com\/web\/consejo-de-estado-deja-en-firme-la-suspension-de-la-millonaria-multa-en-contra-de-gustavo-petro\/\"},\"author\":{\"name\":\"P\u00e1gina 10\",\"@id\":\"https:\/\/pagina10.com\/web\/#\/schema\/person\/2efc4a090d25b667d3bc796798a3a81b\"},\"headline\":\"Consejo de Estado deja en firme la suspensi\u00f3n de la millonaria multa en contra de Gustavo Petro.\",\"datePublished\":\"2021-02-27T14:11:20+00:00\",\"mainEntityOfPage\":{\"@id\":\"https:\/\/pagina10.com\/web\/consejo-de-estado-deja-en-firme-la-suspension-de-la-millonaria-multa-en-contra-de-gustavo-petro\/\"},\"wordCount\":264,\"commentCount\":0,\"publisher\":{\"@id\":\"https:\/\/pagina10.com\/web\/#organization\"},\"image\":{\"@id\":\"https:\/\/pagina10.com\/web\/consejo-de-estado-deja-en-firme-la-suspension-de-la-millonaria-multa-en-contra-de-gustavo-petro\/#primaryimage\"},\"thumbnailUrl\":\"https:\/\/pagina10.com\/web\/wp-content\/uploads\/2021\/02\/1595526045_566491_1595526317_noticia_normal.jpg\",\"articleSection\":[\"Nacional\"],\"inLanguage\":\"es\",\"potentialAction\":[{\"@type\":\"CommentAction\",\"name\":\"Comment\",\"target\":[\"https:\/\/pagina10.com\/web\/consejo-de-estado-deja-en-firme-la-suspension-de-la-millonaria-multa-en-contra-de-gustavo-petro\/#respond\"]}]},{\"@type\":\"WebPage\",\"@id\":\"https:\/\/pagina10.com\/web\/consejo-de-estado-deja-en-firme-la-suspension-de-la-millonaria-multa-en-contra-de-gustavo-petro\/\",\"url\":\"https:\/\/pagina10.com\/web\/consejo-de-estado-deja-en-firme-la-suspension-de-la-millonaria-multa-en-contra-de-gustavo-petro\/\",\"name\":\"Consejo de Estado deja en firme la suspensi\u00f3n de la millonaria multa en contra de Gustavo Petro. | P\u00e1gina10\",\"isPartOf\":{\"@id\":\"https:\/\/pagina10.com\/web\/#website\"},\"primaryImageOfPage\":{\"@id\":\"https:\/\/pagina10.com\/web\/consejo-de-estado-deja-en-firme-la-suspension-de-la-millonaria-multa-en-contra-de-gustavo-petro\/#primaryimage\"},\"image\":{\"@id\":\"https:\/\/pagina10.com\/web\/consejo-de-estado-deja-en-firme-la-suspension-de-la-millonaria-multa-en-contra-de-gustavo-petro\/#primaryimage\"},\"thumbnailUrl\":\"https:\/\/pagina10.com\/web\/wp-content\/uploads\/2021\/02\/1595526045_566491_1595526317_noticia_normal.jpg\",\"datePublished\":\"2021-02-27T14:11:20+00:00\",\"breadcrumb\":{\"@id\":\"https:\/\/pagina10.com\/web\/consejo-de-estado-deja-en-firme-la-suspension-de-la-millonaria-multa-en-contra-de-gustavo-petro\/#breadcrumb\"},\"inLanguage\":\"es\",\"potentialAction\":[{\"@type\":\"ReadAction\",\"target\":[\"https:\/\/pagina10.com\/web\/consejo-de-estado-deja-en-firme-la-suspension-de-la-millonaria-multa-en-contra-de-gustavo-petro\/\"]}]},{\"@type\":\"ImageObject\",\"inLanguage\":\"es\",\"@id\":\"https:\/\/pagina10.com\/web\/consejo-de-estado-deja-en-firme-la-suspension-de-la-millonaria-multa-en-contra-de-gustavo-petro\/#primaryimage\",\"url\":\"https:\/\/pagina10.com\/web\/wp-content\/uploads\/2021\/02\/1595526045_566491_1595526317_noticia_normal.jpg\",\"contentUrl\":\"https:\/\/pagina10.com\/web\/wp-content\/uploads\/2021\/02\/1595526045_566491_1595526317_noticia_normal.jpg\",\"width\":1170,\"height\":900},{\"@type\":\"BreadcrumbList\",\"@id\":\"https:\/\/pagina10.com\/web\/consejo-de-estado-deja-en-firme-la-suspension-de-la-millonaria-multa-en-contra-de-gustavo-petro\/#breadcrumb\",\"itemListElement\":[{\"@type\":\"ListItem\",\"position\":1,\"name\":\"Portada\",\"item\":\"https:\/\/pagina10.com\/web\/\"},{\"@type\":\"ListItem\",\"position\":2,\"name\":\"Consejo de Estado deja en firme la suspensi\u00f3n de la millonaria multa en contra de Gustavo Petro.\"}]},{\"@type\":\"WebSite\",\"@id\":\"https:\/\/pagina10.com\/web\/#website\",\"url\":\"https:\/\/pagina10.com\/web\/\",\"name\":\"P\u00e1gina10\",\"description\":\"Peri\u00f3dico Regional\",\"publisher\":{\"@id\":\"https:\/\/pagina10.com\/web\/#organization\"},\"alternateName\":\"P\u00e1gina10 Peri\u00f3dico Regional\",\"potentialAction\":[{\"@type\":\"SearchAction\",\"target\":{\"@type\":\"EntryPoint\",\"urlTemplate\":\"https:\/\/pagina10.com\/web\/?s={search_term_string}\"},\"query-input\":{\"@type\":\"PropertyValueSpecification\",\"valueRequired\":true,\"valueName\":\"search_term_string\"}}],\"inLanguage\":\"es\"},{\"@type\":\"Organization\",\"@id\":\"https:\/\/pagina10.com\/web\/#organization\",\"name\":\"P\u00e1gina10\",\"alternateName\":\"P\u00e1gina10 Peri\u00f3dico Regional\",\"url\":\"https:\/\/pagina10.com\/web\/\",\"logo\":{\"@type\":\"ImageObject\",\"inLanguage\":\"es\",\"@id\":\"https:\/\/pagina10.com\/web\/#\/schema\/logo\/image\/\",\"url\":\"https:\/\/pagina10.com\/web\/wp-content\/uploads\/2024\/01\/40-pagina-10-periodico-regional-pasto.jpg\",\"contentUrl\":\"https:\/\/pagina10.com\/web\/wp-content\/uploads\/2024\/01\/40-pagina-10-periodico-regional-pasto.jpg\",\"width\":1280,\"height\":720,\"caption\":\"P\u00e1gina10\"},\"image\":{\"@id\":\"https:\/\/pagina10.com\/web\/#\/schema\/logo\/image\/\"},\"sameAs\":[\"https:\/\/www.facebook.com\/pag10com\",\"https:\/\/x.com\/Pag10com\",\"https:\/\/www.instagram.com\/pagina10col\/\",\"https:\/\/youtube.com\/channel\/pag10\",\"https:\/\/www.tiktok.com\/@p10col\"]},{\"@type\":\"Person\",\"@id\":\"https:\/\/pagina10.com\/web\/#\/schema\/person\/2efc4a090d25b667d3bc796798a3a81b\",\"name\":\"P\u00e1gina 10\",\"description\":\"P\u00e1gina 10 es un peri\u00f3dico regional que nace en Colombia, en el departamento de Nari\u00f1o, con un enfoque global, fundamentado en cuatro pilares esenciales: la libertad, el pluralismo, la inclusi\u00f3n y la independencia. P\u00e1gina 10 hace referencia a Nari\u00f1o como el d\u00e9cimo departamento creado en Colombia, despu\u00e9s de un proceso pol\u00edtico liderado por actores y actrices regionales con el fin de obtener la independencia y autonom\u00eda de nuestros territorios. Con la creaci\u00f3n de P\u00e1gina 10 se pretende abrir un escenario para el dialogo, la reflexi\u00f3n y el debate que se extienda a otras geograf\u00edas de Am\u00e9rica Latina y del planeta, en una apuesta por transformar colectivamente los desaf\u00edos de un mundo contempor\u00e1neo, m\u00e1s all\u00e1 de las fronteras impuestas.\",\"url\":\"https:\/\/pagina10.com\/web\/author\/pdiezadmin\/\"}]}<\/script>\n<!-- \/ Yoast SEO plugin. -->","yoast_head_json":{"title":"Consejo de Estado deja en firme la suspensi\u00f3n de la millonaria multa en contra de Gustavo Petro. | P\u00e1gina10","robots":{"index":"index","follow":"follow","max-snippet":"max-snippet:-1","max-image-preview":"max-image-preview:large","max-video-preview":"max-video-preview:-1"},"canonical":"https:\/\/pagina10.com\/web\/consejo-de-estado-deja-en-firme-la-suspension-de-la-millonaria-multa-en-contra-de-gustavo-petro\/","og_locale":"es_ES","og_type":"article","og_title":"Consejo de Estado deja en firme la suspensi\u00f3n de la millonaria multa en contra de Gustavo Petro. | P\u00e1gina10","og_description":"El d\u00eda de ayer, el Consejo de Estado ratific\u00f3\u00a0el fallo del Tribunal Administrativo de Cundinamarca que suspendi\u00f3 la millonaria multa que le impuso la Contralor\u00eda Distrital\u00a0a\u00a0Gustavo Petro por no subir las tarifas de transmilenio, cuando desempe\u00f1\u00f3 como Alcalde Mayor de Bogot\u00e1. El fallo del Consejo de Estado determin\u00f3 que la imposici\u00f3n de responsabilidad fiscal en [&hellip;]","og_url":"https:\/\/pagina10.com\/web\/consejo-de-estado-deja-en-firme-la-suspension-de-la-millonaria-multa-en-contra-de-gustavo-petro\/","og_site_name":"P\u00e1gina10","article_publisher":"https:\/\/www.facebook.com\/pag10com","article_published_time":"2021-02-27T14:11:20+00:00","og_image":[{"width":1170,"height":900,"url":"https:\/\/pagina10.com\/web\/wp-content\/uploads\/2021\/02\/1595526045_566491_1595526317_noticia_normal.jpg","type":"image\/jpeg"}],"author":"P\u00e1gina 10","twitter_card":"summary_large_image","twitter_creator":"@Pag10com","twitter_site":"@Pag10com","twitter_misc":{"Escrito por":"P\u00e1gina 10","Tiempo de lectura":"1 minuto"},"schema":{"@context":"https:\/\/schema.org","@graph":[{"@type":"Article","@id":"https:\/\/pagina10.com\/web\/consejo-de-estado-deja-en-firme-la-suspension-de-la-millonaria-multa-en-contra-de-gustavo-petro\/#article","isPartOf":{"@id":"https:\/\/pagina10.com\/web\/consejo-de-estado-deja-en-firme-la-suspension-de-la-millonaria-multa-en-contra-de-gustavo-petro\/"},"author":{"name":"P\u00e1gina 10","@id":"https:\/\/pagina10.com\/web\/#\/schema\/person\/2efc4a090d25b667d3bc796798a3a81b"},"headline":"Consejo de Estado deja en firme la suspensi\u00f3n de la millonaria multa en contra de Gustavo Petro.","datePublished":"2021-02-27T14:11:20+00:00","mainEntityOfPage":{"@id":"https:\/\/pagina10.com\/web\/consejo-de-estado-deja-en-firme-la-suspension-de-la-millonaria-multa-en-contra-de-gustavo-petro\/"},"wordCount":264,"commentCount":0,"publisher":{"@id":"https:\/\/pagina10.com\/web\/#organization"},"image":{"@id":"https:\/\/pagina10.com\/web\/consejo-de-estado-deja-en-firme-la-suspension-de-la-millonaria-multa-en-contra-de-gustavo-petro\/#primaryimage"},"thumbnailUrl":"https:\/\/pagina10.com\/web\/wp-content\/uploads\/2021\/02\/1595526045_566491_1595526317_noticia_normal.jpg","articleSection":["Nacional"],"inLanguage":"es","potentialAction":[{"@type":"CommentAction","name":"Comment","target":["https:\/\/pagina10.com\/web\/consejo-de-estado-deja-en-firme-la-suspension-de-la-millonaria-multa-en-contra-de-gustavo-petro\/#respond"]}]},{"@type":"WebPage","@id":"https:\/\/pagina10.com\/web\/consejo-de-estado-deja-en-firme-la-suspension-de-la-millonaria-multa-en-contra-de-gustavo-petro\/","url":"https:\/\/pagina10.com\/web\/consejo-de-estado-deja-en-firme-la-suspension-de-la-millonaria-multa-en-contra-de-gustavo-petro\/","name":"Consejo de Estado deja en firme la suspensi\u00f3n de la millonaria multa en contra de Gustavo Petro. | P\u00e1gina10","isPartOf":{"@id":"https:\/\/pagina10.com\/web\/#website"},"primaryImageOfPage":{"@id":"https:\/\/pagina10.com\/web\/consejo-de-estado-deja-en-firme-la-suspension-de-la-millonaria-multa-en-contra-de-gustavo-petro\/#primaryimage"},"image":{"@id":"https:\/\/pagina10.com\/web\/consejo-de-estado-deja-en-firme-la-suspension-de-la-millonaria-multa-en-contra-de-gustavo-petro\/#primaryimage"},"thumbnailUrl":"https:\/\/pagina10.com\/web\/wp-content\/uploads\/2021\/02\/1595526045_566491_1595526317_noticia_normal.jpg","datePublished":"2021-02-27T14:11:20+00:00","breadcrumb":{"@id":"https:\/\/pagina10.com\/web\/consejo-de-estado-deja-en-firme-la-suspension-de-la-millonaria-multa-en-contra-de-gustavo-petro\/#breadcrumb"},"inLanguage":"es","potentialAction":[{"@type":"ReadAction","target":["https:\/\/pagina10.com\/web\/consejo-de-estado-deja-en-firme-la-suspension-de-la-millonaria-multa-en-contra-de-gustavo-petro\/"]}]},{"@type":"ImageObject","inLanguage":"es","@id":"https:\/\/pagina10.com\/web\/consejo-de-estado-deja-en-firme-la-suspension-de-la-millonaria-multa-en-contra-de-gustavo-petro\/#primaryimage","url":"https:\/\/pagina10.com\/web\/wp-content\/uploads\/2021\/02\/1595526045_566491_1595526317_noticia_normal.jpg","contentUrl":"https:\/\/pagina10.com\/web\/wp-content\/uploads\/2021\/02\/1595526045_566491_1595526317_noticia_normal.jpg","width":1170,"height":900},{"@type":"BreadcrumbList","@id":"https:\/\/pagina10.com\/web\/consejo-de-estado-deja-en-firme-la-suspension-de-la-millonaria-multa-en-contra-de-gustavo-petro\/#breadcrumb","itemListElement":[{"@type":"ListItem","position":1,"name":"Portada","item":"https:\/\/pagina10.com\/web\/"},{"@type":"ListItem","position":2,"name":"Consejo de Estado deja en firme la suspensi\u00f3n de la millonaria multa en contra de Gustavo Petro."}]},{"@type":"WebSite","@id":"https:\/\/pagina10.com\/web\/#website","url":"https:\/\/pagina10.com\/web\/","name":"P\u00e1gina10","description":"Peri\u00f3dico Regional","publisher":{"@id":"https:\/\/pagina10.com\/web\/#organization"},"alternateName":"P\u00e1gina10 Peri\u00f3dico Regional","potentialAction":[{"@type":"SearchAction","target":{"@type":"EntryPoint","urlTemplate":"https:\/\/pagina10.com\/web\/?s={search_term_string}"},"query-input":{"@type":"PropertyValueSpecification","valueRequired":true,"valueName":"search_term_string"}}],"inLanguage":"es"},{"@type":"Organization","@id":"https:\/\/pagina10.com\/web\/#organization","name":"P\u00e1gina10","alternateName":"P\u00e1gina10 Peri\u00f3dico Regional","url":"https:\/\/pagina10.com\/web\/","logo":{"@type":"ImageObject","inLanguage":"es","@id":"https:\/\/pagina10.com\/web\/#\/schema\/logo\/image\/","url":"https:\/\/pagina10.com\/web\/wp-content\/uploads\/2024\/01\/40-pagina-10-periodico-regional-pasto.jpg","contentUrl":"https:\/\/pagina10.com\/web\/wp-content\/uploads\/2024\/01\/40-pagina-10-periodico-regional-pasto.jpg","width":1280,"height":720,"caption":"P\u00e1gina10"},"image":{"@id":"https:\/\/pagina10.com\/web\/#\/schema\/logo\/image\/"},"sameAs":["https:\/\/www.facebook.com\/pag10com","https:\/\/x.com\/Pag10com","https:\/\/www.instagram.com\/pagina10col\/","https:\/\/youtube.com\/channel\/pag10","https:\/\/www.tiktok.com\/@p10col"]},{"@type":"Person","@id":"https:\/\/pagina10.com\/web\/#\/schema\/person\/2efc4a090d25b667d3bc796798a3a81b","name":"P\u00e1gina 10","description":"P\u00e1gina 10 es un peri\u00f3dico regional que nace en Colombia, en el departamento de Nari\u00f1o, con un enfoque global, fundamentado en cuatro pilares esenciales: la libertad, el pluralismo, la inclusi\u00f3n y la independencia. P\u00e1gina 10 hace referencia a Nari\u00f1o como el d\u00e9cimo departamento creado en Colombia, despu\u00e9s de un proceso pol\u00edtico liderado por actores y actrices regionales con el fin de obtener la independencia y autonom\u00eda de nuestros territorios. Con la creaci\u00f3n de P\u00e1gina 10 se pretende abrir un escenario para el dialogo, la reflexi\u00f3n y el debate que se extienda a otras geograf\u00edas de Am\u00e9rica Latina y del planeta, en una apuesta por transformar colectivamente los desaf\u00edos de un mundo contempor\u00e1neo, m\u00e1s all\u00e1 de las fronteras impuestas.","url":"https:\/\/pagina10.com\/web\/author\/pdiezadmin\/"}]}},"_links":{"self":[{"href":"https:\/\/pagina10.com\/web\/wp-json\/wp\/v2\/posts\/50825","targetHints":{"allow":["GET"]}}],"collection":[{"href":"https:\/\/pagina10.com\/web\/wp-json\/wp\/v2\/posts"}],"about":[{"href":"https:\/\/pagina10.com\/web\/wp-json\/wp\/v2\/types\/post"}],"author":[{"embeddable":true,"href":"https:\/\/pagina10.com\/web\/wp-json\/wp\/v2\/users\/1"}],"replies":[{"embeddable":true,"href":"https:\/\/pagina10.com\/web\/wp-json\/wp\/v2\/comments?post=50825"}],"version-history":[{"count":1,"href":"https:\/\/pagina10.com\/web\/wp-json\/wp\/v2\/posts\/50825\/revisions"}],"predecessor-version":[{"id":50829,"href":"https:\/\/pagina10.com\/web\/wp-json\/wp\/v2\/posts\/50825\/revisions\/50829"}],"wp:featuredmedia":[{"embeddable":true,"href":"https:\/\/pagina10.com\/web\/wp-json\/wp\/v2\/media\/50827"}],"wp:attachment":[{"href":"https:\/\/pagina10.com\/web\/wp-json\/wp\/v2\/media?parent=50825"}],"wp:term":[{"taxonomy":"category","embeddable":true,"href":"https:\/\/pagina10.com\/web\/wp-json\/wp\/v2\/categories?post=50825"},{"taxonomy":"post_tag","embeddable":true,"href":"https:\/\/pagina10.com\/web\/wp-json\/wp\/v2\/tags?post=50825"}],"curies":[{"name":"wp","href":"https:\/\/api.w.org\/{rel}","templated":true}]}}