{"id":50875,"date":"2021-03-01T10:37:12","date_gmt":"2021-03-01T15:37:12","guid":{"rendered":"https:\/\/pagina10.com\/web\/?p=50875"},"modified":"2021-03-01T10:37:12","modified_gmt":"2021-03-01T15:37:12","slug":"julian-quintana-la-investigacion-debe-terminar-a-favor-de-jorge-onate","status":"publish","type":"post","link":"https:\/\/pagina10.com\/web\/julian-quintana-la-investigacion-debe-terminar-a-favor-de-jorge-onate\/","title":{"rendered":"Juli\u00e1n Quintana: la investigaci\u00f3n debe terminar a favor de Jorge O\u00f1ate."},"content":{"rendered":"<p style=\"text-align: justify;\">Jorge O\u00f1ate (q.e.p.d.), de acuerdo a versiones de Jhon Carlos Landeros Linares, jefe de los Urabe\u00f1os en La Paz, Cesar, tiene responsabilidad en el asesinato del dirigente pol\u00edtico Efra\u00edn Ovalle.<\/p>\n<p style=\"text-align: justify;\">Ovalle, fue asesinado el 25 de febrero del a\u00f1o 2012, era primo del cantante, exconcejal de La Paz y exdiputado del Cesar. De acuerdo a la hip\u00f3tesis que trabaja la Fiscal\u00eda la muerte la desencadenaron peleas por el poder local. En 2011, la esposa del cantante, Nancy Zuleta, perdi\u00f3 la alcald\u00eda en las urnas luego de que los Ovalle respaldaran a otro candidato.<\/p>\n<p style=\"text-align: justify;\">Daniel Juli\u00e1n Quintana, abogado del cantante, explic\u00f3 al peri\u00f3dico El Tiempo que &#8220;Despu\u00e9s del llamado a interrogatorio (marzo de 2020), la Fiscal\u00eda no volvi\u00f3 a insistir con el tema&#8221;. Y advirti\u00f3 que \u00e9l aport\u00f3 un memorial donde acredit\u00f3 que O\u00f1ate hab\u00eda sido v\u00edctima de falsos testigos. &#8220;Se trata del mismo clan del \u00d1e\u00f1e Hern\u00e1ndez; est\u00e1n vinculados los mismos investigadores que capturaron por ese tema, meti\u00e9ndolo en el cartel de Marquitos Figueroa&#8221;.<\/p>\n<p style=\"text-align: justify;\">Despu\u00e9s de la muerte del cantante, Quintana anunci\u00f3 que va a solicitar esta semana la preclusi\u00f3n de la investigaci\u00f3n, por imposibilidad de seguir la acci\u00f3n penal y esta se extingue. &#8220;El fiscal tendr\u00e1 que radicar ante los jueces de conocimiento una solicitud de preclusi\u00f3n para que la investigaci\u00f3n termine a favor de Jorge O\u00f1ate&#8221;, dijo el penalista.<\/p>\n","protected":false},"excerpt":{"rendered":"<p>Jorge O\u00f1ate (q.e.p.d.), de acuerdo a versiones de Jhon Carlos Landeros Linares, jefe de los Urabe\u00f1os en La Paz, Cesar, tiene responsabilidad en el asesinato del dirigente pol\u00edtico Efra\u00edn Ovalle. Ovalle, fue asesinado el 25 de febrero del a\u00f1o 2012, era primo del cantante, exconcejal de La Paz y exdiputado del Cesar. De acuerdo a [&hellip;]<\/p>\n","protected":false},"author":1,"featured_media":50876,"comment_status":"open","ping_status":"open","sticky":false,"template":"","format":"standard","meta":{"footnotes":""},"categories":[94],"tags":[],"class_list":["post-50875","post","type-post","status-publish","format-standard","has-post-thumbnail","hentry","category-nacional-global-2"],"yoast_head":"<!-- This site is optimized with the Yoast SEO plugin v27.1.1 - https:\/\/yoast.com\/product\/yoast-seo-wordpress\/ -->\n<title>Juli\u00e1n Quintana: la investigaci\u00f3n debe terminar a favor de Jorge O\u00f1ate. | P\u00e1gina10<\/title>\n<meta name=\"robots\" content=\"index, follow, max-snippet:-1, max-image-preview:large, max-video-preview:-1\" \/>\n<link rel=\"canonical\" href=\"https:\/\/pagina10.com\/web\/julian-quintana-la-investigacion-debe-terminar-a-favor-de-jorge-onate\/\" \/>\n<meta property=\"og:locale\" content=\"es_ES\" \/>\n<meta property=\"og:type\" content=\"article\" \/>\n<meta property=\"og:title\" content=\"Juli\u00e1n Quintana: la investigaci\u00f3n debe terminar a favor de Jorge O\u00f1ate. | P\u00e1gina10\" \/>\n<meta property=\"og:description\" content=\"Jorge O\u00f1ate (q.e.p.d.), de acuerdo a versiones de Jhon Carlos Landeros Linares, jefe de los Urabe\u00f1os en La Paz, Cesar, tiene responsabilidad en el asesinato del dirigente pol\u00edtico Efra\u00edn Ovalle. Ovalle, fue asesinado el 25 de febrero del a\u00f1o 2012, era primo del cantante, exconcejal de La Paz y exdiputado del Cesar. De acuerdo a [&hellip;]\" \/>\n<meta property=\"og:url\" content=\"https:\/\/pagina10.com\/web\/julian-quintana-la-investigacion-debe-terminar-a-favor-de-jorge-onate\/\" \/>\n<meta property=\"og:site_name\" content=\"P\u00e1gina10\" \/>\n<meta property=\"article:publisher\" content=\"https:\/\/www.facebook.com\/pag10com\" \/>\n<meta property=\"article:published_time\" content=\"2021-03-01T15:37:12+00:00\" \/>\n<meta property=\"og:image\" content=\"https:\/\/pagina10.com\/web\/wp-content\/uploads\/2021\/03\/Jorge-Onate.jpg\" \/>\n\t<meta property=\"og:image:width\" content=\"600\" \/>\n\t<meta property=\"og:image:height\" content=\"450\" \/>\n\t<meta property=\"og:image:type\" content=\"image\/jpeg\" \/>\n<meta name=\"author\" content=\"P\u00e1gina 10\" \/>\n<meta name=\"twitter:card\" content=\"summary_large_image\" \/>\n<meta name=\"twitter:creator\" content=\"@Pag10com\" \/>\n<meta name=\"twitter:site\" content=\"@Pag10com\" \/>\n<meta name=\"twitter:label1\" content=\"Escrito por\" \/>\n\t<meta name=\"twitter:data1\" content=\"P\u00e1gina 10\" \/>\n\t<meta name=\"twitter:label2\" content=\"Tiempo de lectura\" \/>\n\t<meta name=\"twitter:data2\" content=\"1 minuto\" \/>\n<script type=\"application\/ld+json\" class=\"yoast-schema-graph\">{\"@context\":\"https:\/\/schema.org\",\"@graph\":[{\"@type\":\"Article\",\"@id\":\"https:\/\/pagina10.com\/web\/julian-quintana-la-investigacion-debe-terminar-a-favor-de-jorge-onate\/#article\",\"isPartOf\":{\"@id\":\"https:\/\/pagina10.com\/web\/julian-quintana-la-investigacion-debe-terminar-a-favor-de-jorge-onate\/\"},\"author\":{\"name\":\"P\u00e1gina 10\",\"@id\":\"https:\/\/pagina10.com\/web\/#\/schema\/person\/2efc4a090d25b667d3bc796798a3a81b\"},\"headline\":\"Juli\u00e1n Quintana: la investigaci\u00f3n debe terminar a favor de Jorge O\u00f1ate.\",\"datePublished\":\"2021-03-01T15:37:12+00:00\",\"mainEntityOfPage\":{\"@id\":\"https:\/\/pagina10.com\/web\/julian-quintana-la-investigacion-debe-terminar-a-favor-de-jorge-onate\/\"},\"wordCount\":260,\"commentCount\":0,\"publisher\":{\"@id\":\"https:\/\/pagina10.com\/web\/#organization\"},\"image\":{\"@id\":\"https:\/\/pagina10.com\/web\/julian-quintana-la-investigacion-debe-terminar-a-favor-de-jorge-onate\/#primaryimage\"},\"thumbnailUrl\":\"https:\/\/pagina10.com\/web\/wp-content\/uploads\/2021\/03\/Jorge-Onate.jpg\",\"articleSection\":[\"Nacional\"],\"inLanguage\":\"es\",\"potentialAction\":[{\"@type\":\"CommentAction\",\"name\":\"Comment\",\"target\":[\"https:\/\/pagina10.com\/web\/julian-quintana-la-investigacion-debe-terminar-a-favor-de-jorge-onate\/#respond\"]}]},{\"@type\":\"WebPage\",\"@id\":\"https:\/\/pagina10.com\/web\/julian-quintana-la-investigacion-debe-terminar-a-favor-de-jorge-onate\/\",\"url\":\"https:\/\/pagina10.com\/web\/julian-quintana-la-investigacion-debe-terminar-a-favor-de-jorge-onate\/\",\"name\":\"Juli\u00e1n Quintana: la investigaci\u00f3n debe terminar a favor de Jorge O\u00f1ate. | P\u00e1gina10\",\"isPartOf\":{\"@id\":\"https:\/\/pagina10.com\/web\/#website\"},\"primaryImageOfPage\":{\"@id\":\"https:\/\/pagina10.com\/web\/julian-quintana-la-investigacion-debe-terminar-a-favor-de-jorge-onate\/#primaryimage\"},\"image\":{\"@id\":\"https:\/\/pagina10.com\/web\/julian-quintana-la-investigacion-debe-terminar-a-favor-de-jorge-onate\/#primaryimage\"},\"thumbnailUrl\":\"https:\/\/pagina10.com\/web\/wp-content\/uploads\/2021\/03\/Jorge-Onate.jpg\",\"datePublished\":\"2021-03-01T15:37:12+00:00\",\"breadcrumb\":{\"@id\":\"https:\/\/pagina10.com\/web\/julian-quintana-la-investigacion-debe-terminar-a-favor-de-jorge-onate\/#breadcrumb\"},\"inLanguage\":\"es\",\"potentialAction\":[{\"@type\":\"ReadAction\",\"target\":[\"https:\/\/pagina10.com\/web\/julian-quintana-la-investigacion-debe-terminar-a-favor-de-jorge-onate\/\"]}]},{\"@type\":\"ImageObject\",\"inLanguage\":\"es\",\"@id\":\"https:\/\/pagina10.com\/web\/julian-quintana-la-investigacion-debe-terminar-a-favor-de-jorge-onate\/#primaryimage\",\"url\":\"https:\/\/pagina10.com\/web\/wp-content\/uploads\/2021\/03\/Jorge-Onate.jpg\",\"contentUrl\":\"https:\/\/pagina10.com\/web\/wp-content\/uploads\/2021\/03\/Jorge-Onate.jpg\",\"width\":600,\"height\":450},{\"@type\":\"BreadcrumbList\",\"@id\":\"https:\/\/pagina10.com\/web\/julian-quintana-la-investigacion-debe-terminar-a-favor-de-jorge-onate\/#breadcrumb\",\"itemListElement\":[{\"@type\":\"ListItem\",\"position\":1,\"name\":\"Portada\",\"item\":\"https:\/\/pagina10.com\/web\/\"},{\"@type\":\"ListItem\",\"position\":2,\"name\":\"Juli\u00e1n Quintana: la investigaci\u00f3n debe terminar a favor de Jorge O\u00f1ate.\"}]},{\"@type\":\"WebSite\",\"@id\":\"https:\/\/pagina10.com\/web\/#website\",\"url\":\"https:\/\/pagina10.com\/web\/\",\"name\":\"P\u00e1gina10\",\"description\":\"Peri\u00f3dico Regional\",\"publisher\":{\"@id\":\"https:\/\/pagina10.com\/web\/#organization\"},\"alternateName\":\"P\u00e1gina10 Peri\u00f3dico Regional\",\"potentialAction\":[{\"@type\":\"SearchAction\",\"target\":{\"@type\":\"EntryPoint\",\"urlTemplate\":\"https:\/\/pagina10.com\/web\/?s={search_term_string}\"},\"query-input\":{\"@type\":\"PropertyValueSpecification\",\"valueRequired\":true,\"valueName\":\"search_term_string\"}}],\"inLanguage\":\"es\"},{\"@type\":\"Organization\",\"@id\":\"https:\/\/pagina10.com\/web\/#organization\",\"name\":\"P\u00e1gina10\",\"alternateName\":\"P\u00e1gina10 Peri\u00f3dico Regional\",\"url\":\"https:\/\/pagina10.com\/web\/\",\"logo\":{\"@type\":\"ImageObject\",\"inLanguage\":\"es\",\"@id\":\"https:\/\/pagina10.com\/web\/#\/schema\/logo\/image\/\",\"url\":\"https:\/\/pagina10.com\/web\/wp-content\/uploads\/2024\/01\/40-pagina-10-periodico-regional-pasto.jpg\",\"contentUrl\":\"https:\/\/pagina10.com\/web\/wp-content\/uploads\/2024\/01\/40-pagina-10-periodico-regional-pasto.jpg\",\"width\":1280,\"height\":720,\"caption\":\"P\u00e1gina10\"},\"image\":{\"@id\":\"https:\/\/pagina10.com\/web\/#\/schema\/logo\/image\/\"},\"sameAs\":[\"https:\/\/www.facebook.com\/pag10com\",\"https:\/\/x.com\/Pag10com\",\"https:\/\/www.instagram.com\/pagina10col\/\",\"https:\/\/youtube.com\/channel\/pag10\",\"https:\/\/www.tiktok.com\/@p10col\"]},{\"@type\":\"Person\",\"@id\":\"https:\/\/pagina10.com\/web\/#\/schema\/person\/2efc4a090d25b667d3bc796798a3a81b\",\"name\":\"P\u00e1gina 10\",\"description\":\"P\u00e1gina 10 es un peri\u00f3dico regional que nace en Colombia, en el departamento de Nari\u00f1o, con un enfoque global, fundamentado en cuatro pilares esenciales: la libertad, el pluralismo, la inclusi\u00f3n y la independencia. P\u00e1gina 10 hace referencia a Nari\u00f1o como el d\u00e9cimo departamento creado en Colombia, despu\u00e9s de un proceso pol\u00edtico liderado por actores y actrices regionales con el fin de obtener la independencia y autonom\u00eda de nuestros territorios. Con la creaci\u00f3n de P\u00e1gina 10 se pretende abrir un escenario para el dialogo, la reflexi\u00f3n y el debate que se extienda a otras geograf\u00edas de Am\u00e9rica Latina y del planeta, en una apuesta por transformar colectivamente los desaf\u00edos de un mundo contempor\u00e1neo, m\u00e1s all\u00e1 de las fronteras impuestas.\",\"url\":\"https:\/\/pagina10.com\/web\/author\/pdiezadmin\/\"}]}<\/script>\n<!-- \/ Yoast SEO plugin. -->","yoast_head_json":{"title":"Juli\u00e1n Quintana: la investigaci\u00f3n debe terminar a favor de Jorge O\u00f1ate. | P\u00e1gina10","robots":{"index":"index","follow":"follow","max-snippet":"max-snippet:-1","max-image-preview":"max-image-preview:large","max-video-preview":"max-video-preview:-1"},"canonical":"https:\/\/pagina10.com\/web\/julian-quintana-la-investigacion-debe-terminar-a-favor-de-jorge-onate\/","og_locale":"es_ES","og_type":"article","og_title":"Juli\u00e1n Quintana: la investigaci\u00f3n debe terminar a favor de Jorge O\u00f1ate. | P\u00e1gina10","og_description":"Jorge O\u00f1ate (q.e.p.d.), de acuerdo a versiones de Jhon Carlos Landeros Linares, jefe de los Urabe\u00f1os en La Paz, Cesar, tiene responsabilidad en el asesinato del dirigente pol\u00edtico Efra\u00edn Ovalle. Ovalle, fue asesinado el 25 de febrero del a\u00f1o 2012, era primo del cantante, exconcejal de La Paz y exdiputado del Cesar. De acuerdo a [&hellip;]","og_url":"https:\/\/pagina10.com\/web\/julian-quintana-la-investigacion-debe-terminar-a-favor-de-jorge-onate\/","og_site_name":"P\u00e1gina10","article_publisher":"https:\/\/www.facebook.com\/pag10com","article_published_time":"2021-03-01T15:37:12+00:00","og_image":[{"width":600,"height":450,"url":"https:\/\/pagina10.com\/web\/wp-content\/uploads\/2021\/03\/Jorge-Onate.jpg","type":"image\/jpeg"}],"author":"P\u00e1gina 10","twitter_card":"summary_large_image","twitter_creator":"@Pag10com","twitter_site":"@Pag10com","twitter_misc":{"Escrito por":"P\u00e1gina 10","Tiempo de lectura":"1 minuto"},"schema":{"@context":"https:\/\/schema.org","@graph":[{"@type":"Article","@id":"https:\/\/pagina10.com\/web\/julian-quintana-la-investigacion-debe-terminar-a-favor-de-jorge-onate\/#article","isPartOf":{"@id":"https:\/\/pagina10.com\/web\/julian-quintana-la-investigacion-debe-terminar-a-favor-de-jorge-onate\/"},"author":{"name":"P\u00e1gina 10","@id":"https:\/\/pagina10.com\/web\/#\/schema\/person\/2efc4a090d25b667d3bc796798a3a81b"},"headline":"Juli\u00e1n Quintana: la investigaci\u00f3n debe terminar a favor de Jorge O\u00f1ate.","datePublished":"2021-03-01T15:37:12+00:00","mainEntityOfPage":{"@id":"https:\/\/pagina10.com\/web\/julian-quintana-la-investigacion-debe-terminar-a-favor-de-jorge-onate\/"},"wordCount":260,"commentCount":0,"publisher":{"@id":"https:\/\/pagina10.com\/web\/#organization"},"image":{"@id":"https:\/\/pagina10.com\/web\/julian-quintana-la-investigacion-debe-terminar-a-favor-de-jorge-onate\/#primaryimage"},"thumbnailUrl":"https:\/\/pagina10.com\/web\/wp-content\/uploads\/2021\/03\/Jorge-Onate.jpg","articleSection":["Nacional"],"inLanguage":"es","potentialAction":[{"@type":"CommentAction","name":"Comment","target":["https:\/\/pagina10.com\/web\/julian-quintana-la-investigacion-debe-terminar-a-favor-de-jorge-onate\/#respond"]}]},{"@type":"WebPage","@id":"https:\/\/pagina10.com\/web\/julian-quintana-la-investigacion-debe-terminar-a-favor-de-jorge-onate\/","url":"https:\/\/pagina10.com\/web\/julian-quintana-la-investigacion-debe-terminar-a-favor-de-jorge-onate\/","name":"Juli\u00e1n Quintana: la investigaci\u00f3n debe terminar a favor de Jorge O\u00f1ate. | P\u00e1gina10","isPartOf":{"@id":"https:\/\/pagina10.com\/web\/#website"},"primaryImageOfPage":{"@id":"https:\/\/pagina10.com\/web\/julian-quintana-la-investigacion-debe-terminar-a-favor-de-jorge-onate\/#primaryimage"},"image":{"@id":"https:\/\/pagina10.com\/web\/julian-quintana-la-investigacion-debe-terminar-a-favor-de-jorge-onate\/#primaryimage"},"thumbnailUrl":"https:\/\/pagina10.com\/web\/wp-content\/uploads\/2021\/03\/Jorge-Onate.jpg","datePublished":"2021-03-01T15:37:12+00:00","breadcrumb":{"@id":"https:\/\/pagina10.com\/web\/julian-quintana-la-investigacion-debe-terminar-a-favor-de-jorge-onate\/#breadcrumb"},"inLanguage":"es","potentialAction":[{"@type":"ReadAction","target":["https:\/\/pagina10.com\/web\/julian-quintana-la-investigacion-debe-terminar-a-favor-de-jorge-onate\/"]}]},{"@type":"ImageObject","inLanguage":"es","@id":"https:\/\/pagina10.com\/web\/julian-quintana-la-investigacion-debe-terminar-a-favor-de-jorge-onate\/#primaryimage","url":"https:\/\/pagina10.com\/web\/wp-content\/uploads\/2021\/03\/Jorge-Onate.jpg","contentUrl":"https:\/\/pagina10.com\/web\/wp-content\/uploads\/2021\/03\/Jorge-Onate.jpg","width":600,"height":450},{"@type":"BreadcrumbList","@id":"https:\/\/pagina10.com\/web\/julian-quintana-la-investigacion-debe-terminar-a-favor-de-jorge-onate\/#breadcrumb","itemListElement":[{"@type":"ListItem","position":1,"name":"Portada","item":"https:\/\/pagina10.com\/web\/"},{"@type":"ListItem","position":2,"name":"Juli\u00e1n Quintana: la investigaci\u00f3n debe terminar a favor de Jorge O\u00f1ate."}]},{"@type":"WebSite","@id":"https:\/\/pagina10.com\/web\/#website","url":"https:\/\/pagina10.com\/web\/","name":"P\u00e1gina10","description":"Peri\u00f3dico Regional","publisher":{"@id":"https:\/\/pagina10.com\/web\/#organization"},"alternateName":"P\u00e1gina10 Peri\u00f3dico Regional","potentialAction":[{"@type":"SearchAction","target":{"@type":"EntryPoint","urlTemplate":"https:\/\/pagina10.com\/web\/?s={search_term_string}"},"query-input":{"@type":"PropertyValueSpecification","valueRequired":true,"valueName":"search_term_string"}}],"inLanguage":"es"},{"@type":"Organization","@id":"https:\/\/pagina10.com\/web\/#organization","name":"P\u00e1gina10","alternateName":"P\u00e1gina10 Peri\u00f3dico Regional","url":"https:\/\/pagina10.com\/web\/","logo":{"@type":"ImageObject","inLanguage":"es","@id":"https:\/\/pagina10.com\/web\/#\/schema\/logo\/image\/","url":"https:\/\/pagina10.com\/web\/wp-content\/uploads\/2024\/01\/40-pagina-10-periodico-regional-pasto.jpg","contentUrl":"https:\/\/pagina10.com\/web\/wp-content\/uploads\/2024\/01\/40-pagina-10-periodico-regional-pasto.jpg","width":1280,"height":720,"caption":"P\u00e1gina10"},"image":{"@id":"https:\/\/pagina10.com\/web\/#\/schema\/logo\/image\/"},"sameAs":["https:\/\/www.facebook.com\/pag10com","https:\/\/x.com\/Pag10com","https:\/\/www.instagram.com\/pagina10col\/","https:\/\/youtube.com\/channel\/pag10","https:\/\/www.tiktok.com\/@p10col"]},{"@type":"Person","@id":"https:\/\/pagina10.com\/web\/#\/schema\/person\/2efc4a090d25b667d3bc796798a3a81b","name":"P\u00e1gina 10","description":"P\u00e1gina 10 es un peri\u00f3dico regional que nace en Colombia, en el departamento de Nari\u00f1o, con un enfoque global, fundamentado en cuatro pilares esenciales: la libertad, el pluralismo, la inclusi\u00f3n y la independencia. P\u00e1gina 10 hace referencia a Nari\u00f1o como el d\u00e9cimo departamento creado en Colombia, despu\u00e9s de un proceso pol\u00edtico liderado por actores y actrices regionales con el fin de obtener la independencia y autonom\u00eda de nuestros territorios. Con la creaci\u00f3n de P\u00e1gina 10 se pretende abrir un escenario para el dialogo, la reflexi\u00f3n y el debate que se extienda a otras geograf\u00edas de Am\u00e9rica Latina y del planeta, en una apuesta por transformar colectivamente los desaf\u00edos de un mundo contempor\u00e1neo, m\u00e1s all\u00e1 de las fronteras impuestas.","url":"https:\/\/pagina10.com\/web\/author\/pdiezadmin\/"}]}},"_links":{"self":[{"href":"https:\/\/pagina10.com\/web\/wp-json\/wp\/v2\/posts\/50875","targetHints":{"allow":["GET"]}}],"collection":[{"href":"https:\/\/pagina10.com\/web\/wp-json\/wp\/v2\/posts"}],"about":[{"href":"https:\/\/pagina10.com\/web\/wp-json\/wp\/v2\/types\/post"}],"author":[{"embeddable":true,"href":"https:\/\/pagina10.com\/web\/wp-json\/wp\/v2\/users\/1"}],"replies":[{"embeddable":true,"href":"https:\/\/pagina10.com\/web\/wp-json\/wp\/v2\/comments?post=50875"}],"version-history":[{"count":1,"href":"https:\/\/pagina10.com\/web\/wp-json\/wp\/v2\/posts\/50875\/revisions"}],"predecessor-version":[{"id":50877,"href":"https:\/\/pagina10.com\/web\/wp-json\/wp\/v2\/posts\/50875\/revisions\/50877"}],"wp:featuredmedia":[{"embeddable":true,"href":"https:\/\/pagina10.com\/web\/wp-json\/wp\/v2\/media\/50876"}],"wp:attachment":[{"href":"https:\/\/pagina10.com\/web\/wp-json\/wp\/v2\/media?parent=50875"}],"wp:term":[{"taxonomy":"category","embeddable":true,"href":"https:\/\/pagina10.com\/web\/wp-json\/wp\/v2\/categories?post=50875"},{"taxonomy":"post_tag","embeddable":true,"href":"https:\/\/pagina10.com\/web\/wp-json\/wp\/v2\/tags?post=50875"}],"curies":[{"name":"wp","href":"https:\/\/api.w.org\/{rel}","templated":true}]}}