{"id":50890,"date":"2021-03-01T15:14:56","date_gmt":"2021-03-01T20:14:56","guid":{"rendered":"https:\/\/pagina10.com\/web\/?p=50890"},"modified":"2021-03-01T15:31:25","modified_gmt":"2021-03-01T20:31:25","slug":"empresario-narinense-carlos-solarte-gana-batalla-judicial-al-estado","status":"publish","type":"post","link":"https:\/\/pagina10.com\/web\/empresario-narinense-carlos-solarte-gana-batalla-judicial-al-estado\/","title":{"rendered":"Empresario nari\u00f1ense, Carlos Solarte, gana batalla judicial al Estado."},"content":{"rendered":"<p style=\"text-align: justify;\">De acuerdo con el laudo arbitral 15811, proferido por el Centro de Arbitraje de la C\u00e1mara de Comercio de Bogot\u00e1,\u00a0el Estado debe pagarle al constructor m\u00e1s de 800.000 millones, seg\u00fan una informaci\u00f3n que divulg\u00f3 este lunes W Radio.<\/p>\n<p style=\"text-align: justify;\">La situaci\u00f3n est\u00e1 relacionada con un contrato que se suscribi\u00f3 en 1999 con la Uni\u00f3n Temporal Desarrollo Vial del Valle del Cauca y Cauca, integrada por el Grupo Solarte como principal socio y Pavimentos Colombia, y, que tuvo una adici\u00f3n en 2006 cuando se ampli\u00f3 la concesi\u00f3n de 14 a 54 a\u00f1os, situaci\u00f3n que origin\u00f3 varias investigaciones de los entes de control debido que nunca antes se hab\u00eda extendido tanto una concesi\u00f3n de este tipo.<\/p>\n<p style=\"text-align: justify;\">El documento de 261 p\u00e1ginas indica en su parte resolutiva que\u00a0no hubo acuerdo entre la Agencia Nacional de Infraestructura (ANI) y el constructor Carlos Solarte y que la providencia debe ser acatada\u00a0por ambas partes.<\/p>\n<p style=\"text-align: justify;\">En el noveno punto de esta misma parte resolutiva se indica que el monto a pagar por la ANI asciende a 823.455 millones de pesos, suma que incluye la actualizaci\u00f3n monetaria comprendida entre el momento de su causaci\u00f3n y el mes de agosto de 2020, conforme a los t\u00e9rminos consignados en la parte considerativa.<\/p>\n<p style=\"text-align: justify;\">En el punto seis de la pol\u00e9mica decisi\u00f3n detalla el nombre de las personas y firmas que se beneficiar\u00e1n con el laudo. \u201cComo consecuencia de las anteriores declaraciones,\u00a0condenar a la Agencia Nacional de Infraestructura a pagar (&#8230;) todas las sumas de dinero que resulten a su favor como resultado de la liquidaci\u00f3n\u00a0del Contrato Adicional No. 13 al Contrato de Concesi\u00f3n No. 005 de 1999 y de sus Otros\u00edes 1, 2, 3 y 4\u201d, indica el texto del laudo conocido por Dinero.<\/p>\n<p style=\"text-align: justify;\">Fuente: Revista Semana.<\/p>\n","protected":false},"excerpt":{"rendered":"<p>De acuerdo con el laudo arbitral 15811, proferido por el Centro de Arbitraje de la C\u00e1mara de Comercio de Bogot\u00e1,\u00a0el Estado debe pagarle al constructor m\u00e1s de 800.000 millones, seg\u00fan una informaci\u00f3n que divulg\u00f3 este lunes W Radio. La situaci\u00f3n est\u00e1 relacionada con un contrato que se suscribi\u00f3 en 1999 con la Uni\u00f3n Temporal Desarrollo [&hellip;]<\/p>\n","protected":false},"author":1,"featured_media":50891,"comment_status":"open","ping_status":"open","sticky":false,"template":"","format":"standard","meta":{"footnotes":""},"categories":[94],"tags":[],"class_list":["post-50890","post","type-post","status-publish","format-standard","has-post-thumbnail","hentry","category-nacional-global-2"],"yoast_head":"<!-- This site is optimized with the Yoast SEO plugin v27.1.1 - https:\/\/yoast.com\/product\/yoast-seo-wordpress\/ -->\n<title>Empresario nari\u00f1ense, Carlos Solarte, gana batalla judicial al Estado. | P\u00e1gina10<\/title>\n<meta name=\"robots\" content=\"index, follow, max-snippet:-1, max-image-preview:large, max-video-preview:-1\" \/>\n<link rel=\"canonical\" href=\"https:\/\/pagina10.com\/web\/empresario-narinense-carlos-solarte-gana-batalla-judicial-al-estado\/\" \/>\n<meta property=\"og:locale\" content=\"es_ES\" \/>\n<meta property=\"og:type\" content=\"article\" \/>\n<meta property=\"og:title\" content=\"Empresario nari\u00f1ense, Carlos Solarte, gana batalla judicial al Estado. | P\u00e1gina10\" \/>\n<meta property=\"og:description\" content=\"De acuerdo con el laudo arbitral 15811, proferido por el Centro de Arbitraje de la C\u00e1mara de Comercio de Bogot\u00e1,\u00a0el Estado debe pagarle al constructor m\u00e1s de 800.000 millones, seg\u00fan una informaci\u00f3n que divulg\u00f3 este lunes W Radio. La situaci\u00f3n est\u00e1 relacionada con un contrato que se suscribi\u00f3 en 1999 con la Uni\u00f3n Temporal Desarrollo [&hellip;]\" \/>\n<meta property=\"og:url\" content=\"https:\/\/pagina10.com\/web\/empresario-narinense-carlos-solarte-gana-batalla-judicial-al-estado\/\" \/>\n<meta property=\"og:site_name\" content=\"P\u00e1gina10\" \/>\n<meta property=\"article:publisher\" content=\"https:\/\/www.facebook.com\/pag10com\" \/>\n<meta property=\"article:published_time\" content=\"2021-03-01T20:14:56+00:00\" \/>\n<meta property=\"article:modified_time\" content=\"2021-03-01T20:31:25+00:00\" \/>\n<meta property=\"og:image\" content=\"https:\/\/pagina10.com\/web\/wp-content\/uploads\/2021\/03\/Captura-de-pantalla-51.png\" \/>\n\t<meta property=\"og:image:width\" content=\"867\" \/>\n\t<meta property=\"og:image:height\" content=\"520\" \/>\n\t<meta property=\"og:image:type\" content=\"image\/png\" \/>\n<meta name=\"author\" content=\"P\u00e1gina 10\" \/>\n<meta name=\"twitter:card\" content=\"summary_large_image\" \/>\n<meta name=\"twitter:creator\" content=\"@Pag10com\" \/>\n<meta name=\"twitter:site\" content=\"@Pag10com\" \/>\n<meta name=\"twitter:label1\" content=\"Escrito por\" \/>\n\t<meta name=\"twitter:data1\" content=\"P\u00e1gina 10\" \/>\n\t<meta name=\"twitter:label2\" content=\"Tiempo de lectura\" \/>\n\t<meta name=\"twitter:data2\" content=\"1 minuto\" \/>\n<script type=\"application\/ld+json\" class=\"yoast-schema-graph\">{\"@context\":\"https:\/\/schema.org\",\"@graph\":[{\"@type\":\"Article\",\"@id\":\"https:\/\/pagina10.com\/web\/empresario-narinense-carlos-solarte-gana-batalla-judicial-al-estado\/#article\",\"isPartOf\":{\"@id\":\"https:\/\/pagina10.com\/web\/empresario-narinense-carlos-solarte-gana-batalla-judicial-al-estado\/\"},\"author\":{\"name\":\"P\u00e1gina 10\",\"@id\":\"https:\/\/pagina10.com\/web\/#\/schema\/person\/2efc4a090d25b667d3bc796798a3a81b\"},\"headline\":\"Empresario nari\u00f1ense, Carlos Solarte, gana batalla judicial al Estado.\",\"datePublished\":\"2021-03-01T20:14:56+00:00\",\"dateModified\":\"2021-03-01T20:31:25+00:00\",\"mainEntityOfPage\":{\"@id\":\"https:\/\/pagina10.com\/web\/empresario-narinense-carlos-solarte-gana-batalla-judicial-al-estado\/\"},\"wordCount\":305,\"commentCount\":0,\"publisher\":{\"@id\":\"https:\/\/pagina10.com\/web\/#organization\"},\"image\":{\"@id\":\"https:\/\/pagina10.com\/web\/empresario-narinense-carlos-solarte-gana-batalla-judicial-al-estado\/#primaryimage\"},\"thumbnailUrl\":\"https:\/\/pagina10.com\/web\/wp-content\/uploads\/2021\/03\/Captura-de-pantalla-51.png\",\"articleSection\":[\"Nacional\"],\"inLanguage\":\"es\",\"potentialAction\":[{\"@type\":\"CommentAction\",\"name\":\"Comment\",\"target\":[\"https:\/\/pagina10.com\/web\/empresario-narinense-carlos-solarte-gana-batalla-judicial-al-estado\/#respond\"]}]},{\"@type\":\"WebPage\",\"@id\":\"https:\/\/pagina10.com\/web\/empresario-narinense-carlos-solarte-gana-batalla-judicial-al-estado\/\",\"url\":\"https:\/\/pagina10.com\/web\/empresario-narinense-carlos-solarte-gana-batalla-judicial-al-estado\/\",\"name\":\"Empresario nari\u00f1ense, Carlos Solarte, gana batalla judicial al Estado. | P\u00e1gina10\",\"isPartOf\":{\"@id\":\"https:\/\/pagina10.com\/web\/#website\"},\"primaryImageOfPage\":{\"@id\":\"https:\/\/pagina10.com\/web\/empresario-narinense-carlos-solarte-gana-batalla-judicial-al-estado\/#primaryimage\"},\"image\":{\"@id\":\"https:\/\/pagina10.com\/web\/empresario-narinense-carlos-solarte-gana-batalla-judicial-al-estado\/#primaryimage\"},\"thumbnailUrl\":\"https:\/\/pagina10.com\/web\/wp-content\/uploads\/2021\/03\/Captura-de-pantalla-51.png\",\"datePublished\":\"2021-03-01T20:14:56+00:00\",\"dateModified\":\"2021-03-01T20:31:25+00:00\",\"breadcrumb\":{\"@id\":\"https:\/\/pagina10.com\/web\/empresario-narinense-carlos-solarte-gana-batalla-judicial-al-estado\/#breadcrumb\"},\"inLanguage\":\"es\",\"potentialAction\":[{\"@type\":\"ReadAction\",\"target\":[\"https:\/\/pagina10.com\/web\/empresario-narinense-carlos-solarte-gana-batalla-judicial-al-estado\/\"]}]},{\"@type\":\"ImageObject\",\"inLanguage\":\"es\",\"@id\":\"https:\/\/pagina10.com\/web\/empresario-narinense-carlos-solarte-gana-batalla-judicial-al-estado\/#primaryimage\",\"url\":\"https:\/\/pagina10.com\/web\/wp-content\/uploads\/2021\/03\/Captura-de-pantalla-51.png\",\"contentUrl\":\"https:\/\/pagina10.com\/web\/wp-content\/uploads\/2021\/03\/Captura-de-pantalla-51.png\",\"width\":867,\"height\":520},{\"@type\":\"BreadcrumbList\",\"@id\":\"https:\/\/pagina10.com\/web\/empresario-narinense-carlos-solarte-gana-batalla-judicial-al-estado\/#breadcrumb\",\"itemListElement\":[{\"@type\":\"ListItem\",\"position\":1,\"name\":\"Portada\",\"item\":\"https:\/\/pagina10.com\/web\/\"},{\"@type\":\"ListItem\",\"position\":2,\"name\":\"Empresario nari\u00f1ense, Carlos Solarte, gana batalla judicial al Estado.\"}]},{\"@type\":\"WebSite\",\"@id\":\"https:\/\/pagina10.com\/web\/#website\",\"url\":\"https:\/\/pagina10.com\/web\/\",\"name\":\"P\u00e1gina10\",\"description\":\"Peri\u00f3dico Regional\",\"publisher\":{\"@id\":\"https:\/\/pagina10.com\/web\/#organization\"},\"alternateName\":\"P\u00e1gina10 Peri\u00f3dico Regional\",\"potentialAction\":[{\"@type\":\"SearchAction\",\"target\":{\"@type\":\"EntryPoint\",\"urlTemplate\":\"https:\/\/pagina10.com\/web\/?s={search_term_string}\"},\"query-input\":{\"@type\":\"PropertyValueSpecification\",\"valueRequired\":true,\"valueName\":\"search_term_string\"}}],\"inLanguage\":\"es\"},{\"@type\":\"Organization\",\"@id\":\"https:\/\/pagina10.com\/web\/#organization\",\"name\":\"P\u00e1gina10\",\"alternateName\":\"P\u00e1gina10 Peri\u00f3dico Regional\",\"url\":\"https:\/\/pagina10.com\/web\/\",\"logo\":{\"@type\":\"ImageObject\",\"inLanguage\":\"es\",\"@id\":\"https:\/\/pagina10.com\/web\/#\/schema\/logo\/image\/\",\"url\":\"https:\/\/pagina10.com\/web\/wp-content\/uploads\/2024\/01\/40-pagina-10-periodico-regional-pasto.jpg\",\"contentUrl\":\"https:\/\/pagina10.com\/web\/wp-content\/uploads\/2024\/01\/40-pagina-10-periodico-regional-pasto.jpg\",\"width\":1280,\"height\":720,\"caption\":\"P\u00e1gina10\"},\"image\":{\"@id\":\"https:\/\/pagina10.com\/web\/#\/schema\/logo\/image\/\"},\"sameAs\":[\"https:\/\/www.facebook.com\/pag10com\",\"https:\/\/x.com\/Pag10com\",\"https:\/\/www.instagram.com\/pagina10col\/\",\"https:\/\/youtube.com\/channel\/pag10\",\"https:\/\/www.tiktok.com\/@p10col\"]},{\"@type\":\"Person\",\"@id\":\"https:\/\/pagina10.com\/web\/#\/schema\/person\/2efc4a090d25b667d3bc796798a3a81b\",\"name\":\"P\u00e1gina 10\",\"description\":\"P\u00e1gina 10 es un peri\u00f3dico regional que nace en Colombia, en el departamento de Nari\u00f1o, con un enfoque global, fundamentado en cuatro pilares esenciales: la libertad, el pluralismo, la inclusi\u00f3n y la independencia. P\u00e1gina 10 hace referencia a Nari\u00f1o como el d\u00e9cimo departamento creado en Colombia, despu\u00e9s de un proceso pol\u00edtico liderado por actores y actrices regionales con el fin de obtener la independencia y autonom\u00eda de nuestros territorios. Con la creaci\u00f3n de P\u00e1gina 10 se pretende abrir un escenario para el dialogo, la reflexi\u00f3n y el debate que se extienda a otras geograf\u00edas de Am\u00e9rica Latina y del planeta, en una apuesta por transformar colectivamente los desaf\u00edos de un mundo contempor\u00e1neo, m\u00e1s all\u00e1 de las fronteras impuestas.\",\"url\":\"https:\/\/pagina10.com\/web\/author\/pdiezadmin\/\"}]}<\/script>\n<!-- \/ Yoast SEO plugin. -->","yoast_head_json":{"title":"Empresario nari\u00f1ense, Carlos Solarte, gana batalla judicial al Estado. | P\u00e1gina10","robots":{"index":"index","follow":"follow","max-snippet":"max-snippet:-1","max-image-preview":"max-image-preview:large","max-video-preview":"max-video-preview:-1"},"canonical":"https:\/\/pagina10.com\/web\/empresario-narinense-carlos-solarte-gana-batalla-judicial-al-estado\/","og_locale":"es_ES","og_type":"article","og_title":"Empresario nari\u00f1ense, Carlos Solarte, gana batalla judicial al Estado. | P\u00e1gina10","og_description":"De acuerdo con el laudo arbitral 15811, proferido por el Centro de Arbitraje de la C\u00e1mara de Comercio de Bogot\u00e1,\u00a0el Estado debe pagarle al constructor m\u00e1s de 800.000 millones, seg\u00fan una informaci\u00f3n que divulg\u00f3 este lunes W Radio. La situaci\u00f3n est\u00e1 relacionada con un contrato que se suscribi\u00f3 en 1999 con la Uni\u00f3n Temporal Desarrollo [&hellip;]","og_url":"https:\/\/pagina10.com\/web\/empresario-narinense-carlos-solarte-gana-batalla-judicial-al-estado\/","og_site_name":"P\u00e1gina10","article_publisher":"https:\/\/www.facebook.com\/pag10com","article_published_time":"2021-03-01T20:14:56+00:00","article_modified_time":"2021-03-01T20:31:25+00:00","og_image":[{"width":867,"height":520,"url":"https:\/\/pagina10.com\/web\/wp-content\/uploads\/2021\/03\/Captura-de-pantalla-51.png","type":"image\/png"}],"author":"P\u00e1gina 10","twitter_card":"summary_large_image","twitter_creator":"@Pag10com","twitter_site":"@Pag10com","twitter_misc":{"Escrito por":"P\u00e1gina 10","Tiempo de lectura":"1 minuto"},"schema":{"@context":"https:\/\/schema.org","@graph":[{"@type":"Article","@id":"https:\/\/pagina10.com\/web\/empresario-narinense-carlos-solarte-gana-batalla-judicial-al-estado\/#article","isPartOf":{"@id":"https:\/\/pagina10.com\/web\/empresario-narinense-carlos-solarte-gana-batalla-judicial-al-estado\/"},"author":{"name":"P\u00e1gina 10","@id":"https:\/\/pagina10.com\/web\/#\/schema\/person\/2efc4a090d25b667d3bc796798a3a81b"},"headline":"Empresario nari\u00f1ense, Carlos Solarte, gana batalla judicial al Estado.","datePublished":"2021-03-01T20:14:56+00:00","dateModified":"2021-03-01T20:31:25+00:00","mainEntityOfPage":{"@id":"https:\/\/pagina10.com\/web\/empresario-narinense-carlos-solarte-gana-batalla-judicial-al-estado\/"},"wordCount":305,"commentCount":0,"publisher":{"@id":"https:\/\/pagina10.com\/web\/#organization"},"image":{"@id":"https:\/\/pagina10.com\/web\/empresario-narinense-carlos-solarte-gana-batalla-judicial-al-estado\/#primaryimage"},"thumbnailUrl":"https:\/\/pagina10.com\/web\/wp-content\/uploads\/2021\/03\/Captura-de-pantalla-51.png","articleSection":["Nacional"],"inLanguage":"es","potentialAction":[{"@type":"CommentAction","name":"Comment","target":["https:\/\/pagina10.com\/web\/empresario-narinense-carlos-solarte-gana-batalla-judicial-al-estado\/#respond"]}]},{"@type":"WebPage","@id":"https:\/\/pagina10.com\/web\/empresario-narinense-carlos-solarte-gana-batalla-judicial-al-estado\/","url":"https:\/\/pagina10.com\/web\/empresario-narinense-carlos-solarte-gana-batalla-judicial-al-estado\/","name":"Empresario nari\u00f1ense, Carlos Solarte, gana batalla judicial al Estado. | P\u00e1gina10","isPartOf":{"@id":"https:\/\/pagina10.com\/web\/#website"},"primaryImageOfPage":{"@id":"https:\/\/pagina10.com\/web\/empresario-narinense-carlos-solarte-gana-batalla-judicial-al-estado\/#primaryimage"},"image":{"@id":"https:\/\/pagina10.com\/web\/empresario-narinense-carlos-solarte-gana-batalla-judicial-al-estado\/#primaryimage"},"thumbnailUrl":"https:\/\/pagina10.com\/web\/wp-content\/uploads\/2021\/03\/Captura-de-pantalla-51.png","datePublished":"2021-03-01T20:14:56+00:00","dateModified":"2021-03-01T20:31:25+00:00","breadcrumb":{"@id":"https:\/\/pagina10.com\/web\/empresario-narinense-carlos-solarte-gana-batalla-judicial-al-estado\/#breadcrumb"},"inLanguage":"es","potentialAction":[{"@type":"ReadAction","target":["https:\/\/pagina10.com\/web\/empresario-narinense-carlos-solarte-gana-batalla-judicial-al-estado\/"]}]},{"@type":"ImageObject","inLanguage":"es","@id":"https:\/\/pagina10.com\/web\/empresario-narinense-carlos-solarte-gana-batalla-judicial-al-estado\/#primaryimage","url":"https:\/\/pagina10.com\/web\/wp-content\/uploads\/2021\/03\/Captura-de-pantalla-51.png","contentUrl":"https:\/\/pagina10.com\/web\/wp-content\/uploads\/2021\/03\/Captura-de-pantalla-51.png","width":867,"height":520},{"@type":"BreadcrumbList","@id":"https:\/\/pagina10.com\/web\/empresario-narinense-carlos-solarte-gana-batalla-judicial-al-estado\/#breadcrumb","itemListElement":[{"@type":"ListItem","position":1,"name":"Portada","item":"https:\/\/pagina10.com\/web\/"},{"@type":"ListItem","position":2,"name":"Empresario nari\u00f1ense, Carlos Solarte, gana batalla judicial al Estado."}]},{"@type":"WebSite","@id":"https:\/\/pagina10.com\/web\/#website","url":"https:\/\/pagina10.com\/web\/","name":"P\u00e1gina10","description":"Peri\u00f3dico Regional","publisher":{"@id":"https:\/\/pagina10.com\/web\/#organization"},"alternateName":"P\u00e1gina10 Peri\u00f3dico Regional","potentialAction":[{"@type":"SearchAction","target":{"@type":"EntryPoint","urlTemplate":"https:\/\/pagina10.com\/web\/?s={search_term_string}"},"query-input":{"@type":"PropertyValueSpecification","valueRequired":true,"valueName":"search_term_string"}}],"inLanguage":"es"},{"@type":"Organization","@id":"https:\/\/pagina10.com\/web\/#organization","name":"P\u00e1gina10","alternateName":"P\u00e1gina10 Peri\u00f3dico Regional","url":"https:\/\/pagina10.com\/web\/","logo":{"@type":"ImageObject","inLanguage":"es","@id":"https:\/\/pagina10.com\/web\/#\/schema\/logo\/image\/","url":"https:\/\/pagina10.com\/web\/wp-content\/uploads\/2024\/01\/40-pagina-10-periodico-regional-pasto.jpg","contentUrl":"https:\/\/pagina10.com\/web\/wp-content\/uploads\/2024\/01\/40-pagina-10-periodico-regional-pasto.jpg","width":1280,"height":720,"caption":"P\u00e1gina10"},"image":{"@id":"https:\/\/pagina10.com\/web\/#\/schema\/logo\/image\/"},"sameAs":["https:\/\/www.facebook.com\/pag10com","https:\/\/x.com\/Pag10com","https:\/\/www.instagram.com\/pagina10col\/","https:\/\/youtube.com\/channel\/pag10","https:\/\/www.tiktok.com\/@p10col"]},{"@type":"Person","@id":"https:\/\/pagina10.com\/web\/#\/schema\/person\/2efc4a090d25b667d3bc796798a3a81b","name":"P\u00e1gina 10","description":"P\u00e1gina 10 es un peri\u00f3dico regional que nace en Colombia, en el departamento de Nari\u00f1o, con un enfoque global, fundamentado en cuatro pilares esenciales: la libertad, el pluralismo, la inclusi\u00f3n y la independencia. P\u00e1gina 10 hace referencia a Nari\u00f1o como el d\u00e9cimo departamento creado en Colombia, despu\u00e9s de un proceso pol\u00edtico liderado por actores y actrices regionales con el fin de obtener la independencia y autonom\u00eda de nuestros territorios. Con la creaci\u00f3n de P\u00e1gina 10 se pretende abrir un escenario para el dialogo, la reflexi\u00f3n y el debate que se extienda a otras geograf\u00edas de Am\u00e9rica Latina y del planeta, en una apuesta por transformar colectivamente los desaf\u00edos de un mundo contempor\u00e1neo, m\u00e1s all\u00e1 de las fronteras impuestas.","url":"https:\/\/pagina10.com\/web\/author\/pdiezadmin\/"}]}},"_links":{"self":[{"href":"https:\/\/pagina10.com\/web\/wp-json\/wp\/v2\/posts\/50890","targetHints":{"allow":["GET"]}}],"collection":[{"href":"https:\/\/pagina10.com\/web\/wp-json\/wp\/v2\/posts"}],"about":[{"href":"https:\/\/pagina10.com\/web\/wp-json\/wp\/v2\/types\/post"}],"author":[{"embeddable":true,"href":"https:\/\/pagina10.com\/web\/wp-json\/wp\/v2\/users\/1"}],"replies":[{"embeddable":true,"href":"https:\/\/pagina10.com\/web\/wp-json\/wp\/v2\/comments?post=50890"}],"version-history":[{"count":2,"href":"https:\/\/pagina10.com\/web\/wp-json\/wp\/v2\/posts\/50890\/revisions"}],"predecessor-version":[{"id":50894,"href":"https:\/\/pagina10.com\/web\/wp-json\/wp\/v2\/posts\/50890\/revisions\/50894"}],"wp:featuredmedia":[{"embeddable":true,"href":"https:\/\/pagina10.com\/web\/wp-json\/wp\/v2\/media\/50891"}],"wp:attachment":[{"href":"https:\/\/pagina10.com\/web\/wp-json\/wp\/v2\/media?parent=50890"}],"wp:term":[{"taxonomy":"category","embeddable":true,"href":"https:\/\/pagina10.com\/web\/wp-json\/wp\/v2\/categories?post=50890"},{"taxonomy":"post_tag","embeddable":true,"href":"https:\/\/pagina10.com\/web\/wp-json\/wp\/v2\/tags?post=50890"}],"curies":[{"name":"wp","href":"https:\/\/api.w.org\/{rel}","templated":true}]}}