{"id":50934,"date":"2021-03-03T12:54:42","date_gmt":"2021-03-03T17:54:42","guid":{"rendered":"https:\/\/pagina10.com\/web\/?p=50934"},"modified":"2021-03-03T12:54:42","modified_gmt":"2021-03-03T17:54:42","slug":"roy-barreras-precandidato-presidencial-del-denominado-pacto-historico","status":"publish","type":"post","link":"https:\/\/pagina10.com\/web\/roy-barreras-precandidato-presidencial-del-denominado-pacto-historico\/","title":{"rendered":"Roy Barreras: precandidato presidencial del denominado Pacto Hist\u00f3rico."},"content":{"rendered":"<p style=\"text-align: justify;\">El Senador de la Rep\u00fablica, Roy Barreras, anunci\u00f3 que participar\u00e1 como precandidato a la Presidencia de la Rep\u00fablica en las elecciones del 2022. Barreras,<strong>\u00a0<\/strong>dijo que buscar\u00e1 la uni\u00f3n de todos los sectores democr\u00e1ticos progresistas\u00a0para crear listas al Congreso de la Rep\u00fablica y poder tener al menos una bancada de 55 senadores.<\/p>\n<p style=\"text-align: justify;\">A la consulta del denominado pacto hist\u00f3rico, que cuenta hasta el momento con la participaci\u00f3n de Gustavo Petro de la Colombia Humana y de Alexander Maya del Polo Democr\u00e1tico Alternativo, se le suma la participaci\u00f3n de Roy Barreras del Partido de la U. A pr\u00e1cticamente un a\u00f1o de la consulta presidencial, \u201ccompetiremos con Gustavo Petro y lo vamos hacer sin miedos en esta gran alianza por el pacto hist\u00f3rico\u201d, dijo el senador.<\/p>\n<p style=\"text-align: justify;\">Durante la rueda de prensa, manifest\u00f3 que &#8220;hay que tenerle miedo es a la derecha que ha sembrado la cultura de la guerra, hay que tenerle miedo a los gobiernos indolentes e ineficaces que no protegen la vida, hay que tenerle miedo a que Colombia est\u00e9 en los \u00faltimos puestos de vacunaci\u00f3n mientras que otros pa\u00edses m\u00e1s peque\u00f1os van mucho m\u00e1s adelante&#8221;.<\/p>\n<p style=\"text-align: justify;\">El senador del Partido Liberal, Luis Fernando Velasco, calific\u00f3 la decisi\u00f3n de Barreras como audaz. Entre los precandidatos del Pacto Hist\u00f3rico, existe un elemento com\u00fan que los acerca, la defensa de los acuerdos de paz, recalc\u00f3 el senador.<\/p>\n<p style=\"text-align: justify;\">Por su parte, el senador Gustavo Petro, tras conocer la decisi\u00f3n de Barreas, dijo \u201cCompetiremos por el voto a trav\u00e9s del debate de ideas y propuestas para Colombia. El pueblo decidir\u00e1\u201d.<\/p>\n<p style=\"text-align: justify;\">\n<p style=\"text-align: justify;\">\n","protected":false},"excerpt":{"rendered":"<p>El Senador de la Rep\u00fablica, Roy Barreras, anunci\u00f3 que participar\u00e1 como precandidato a la Presidencia de la Rep\u00fablica en las elecciones del 2022. Barreras,\u00a0dijo que buscar\u00e1 la uni\u00f3n de todos los sectores democr\u00e1ticos progresistas\u00a0para crear listas al Congreso de la Rep\u00fablica y poder tener al menos una bancada de 55 senadores. A la consulta del [&hellip;]<\/p>\n","protected":false},"author":1,"featured_media":50935,"comment_status":"open","ping_status":"open","sticky":false,"template":"","format":"standard","meta":{"footnotes":""},"categories":[94],"tags":[],"class_list":["post-50934","post","type-post","status-publish","format-standard","has-post-thumbnail","hentry","category-nacional-global-2"],"yoast_head":"<!-- This site is optimized with the Yoast SEO plugin v27.1.1 - https:\/\/yoast.com\/product\/yoast-seo-wordpress\/ -->\n<title>Roy Barreras: precandidato presidencial del denominado Pacto Hist\u00f3rico. | P\u00e1gina10<\/title>\n<meta name=\"robots\" content=\"index, follow, max-snippet:-1, max-image-preview:large, max-video-preview:-1\" \/>\n<link rel=\"canonical\" href=\"https:\/\/pagina10.com\/web\/roy-barreras-precandidato-presidencial-del-denominado-pacto-historico\/\" \/>\n<meta property=\"og:locale\" content=\"es_ES\" \/>\n<meta property=\"og:type\" content=\"article\" \/>\n<meta property=\"og:title\" content=\"Roy Barreras: precandidato presidencial del denominado Pacto Hist\u00f3rico. | P\u00e1gina10\" \/>\n<meta property=\"og:description\" content=\"El Senador de la Rep\u00fablica, Roy Barreras, anunci\u00f3 que participar\u00e1 como precandidato a la Presidencia de la Rep\u00fablica en las elecciones del 2022. Barreras,\u00a0dijo que buscar\u00e1 la uni\u00f3n de todos los sectores democr\u00e1ticos progresistas\u00a0para crear listas al Congreso de la Rep\u00fablica y poder tener al menos una bancada de 55 senadores. A la consulta del [&hellip;]\" \/>\n<meta property=\"og:url\" content=\"https:\/\/pagina10.com\/web\/roy-barreras-precandidato-presidencial-del-denominado-pacto-historico\/\" \/>\n<meta property=\"og:site_name\" content=\"P\u00e1gina10\" \/>\n<meta property=\"article:publisher\" content=\"https:\/\/www.facebook.com\/pag10com\" \/>\n<meta property=\"article:published_time\" content=\"2021-03-03T17:54:42+00:00\" \/>\n<meta property=\"og:image\" content=\"https:\/\/pagina10.com\/web\/wp-content\/uploads\/2021\/03\/5cfeea1395dc7.r_1582561933215.0-0-3000-1489.jpeg\" \/>\n\t<meta property=\"og:image:width\" content=\"640\" \/>\n\t<meta property=\"og:image:height\" content=\"428\" \/>\n\t<meta property=\"og:image:type\" content=\"image\/jpeg\" \/>\n<meta name=\"author\" content=\"P\u00e1gina 10\" \/>\n<meta name=\"twitter:card\" content=\"summary_large_image\" \/>\n<meta name=\"twitter:creator\" content=\"@Pag10com\" \/>\n<meta name=\"twitter:site\" content=\"@Pag10com\" \/>\n<meta name=\"twitter:label1\" content=\"Escrito por\" \/>\n\t<meta name=\"twitter:data1\" content=\"P\u00e1gina 10\" \/>\n\t<meta name=\"twitter:label2\" content=\"Tiempo de lectura\" \/>\n\t<meta name=\"twitter:data2\" content=\"1 minuto\" \/>\n<script type=\"application\/ld+json\" class=\"yoast-schema-graph\">{\"@context\":\"https:\/\/schema.org\",\"@graph\":[{\"@type\":\"Article\",\"@id\":\"https:\/\/pagina10.com\/web\/roy-barreras-precandidato-presidencial-del-denominado-pacto-historico\/#article\",\"isPartOf\":{\"@id\":\"https:\/\/pagina10.com\/web\/roy-barreras-precandidato-presidencial-del-denominado-pacto-historico\/\"},\"author\":{\"name\":\"P\u00e1gina 10\",\"@id\":\"https:\/\/pagina10.com\/web\/#\/schema\/person\/2efc4a090d25b667d3bc796798a3a81b\"},\"headline\":\"Roy Barreras: precandidato presidencial del denominado Pacto Hist\u00f3rico.\",\"datePublished\":\"2021-03-03T17:54:42+00:00\",\"mainEntityOfPage\":{\"@id\":\"https:\/\/pagina10.com\/web\/roy-barreras-precandidato-presidencial-del-denominado-pacto-historico\/\"},\"wordCount\":285,\"commentCount\":0,\"publisher\":{\"@id\":\"https:\/\/pagina10.com\/web\/#organization\"},\"image\":{\"@id\":\"https:\/\/pagina10.com\/web\/roy-barreras-precandidato-presidencial-del-denominado-pacto-historico\/#primaryimage\"},\"thumbnailUrl\":\"https:\/\/pagina10.com\/web\/wp-content\/uploads\/2021\/03\/5cfeea1395dc7.r_1582561933215.0-0-3000-1489.jpeg\",\"articleSection\":[\"Nacional\"],\"inLanguage\":\"es\",\"potentialAction\":[{\"@type\":\"CommentAction\",\"name\":\"Comment\",\"target\":[\"https:\/\/pagina10.com\/web\/roy-barreras-precandidato-presidencial-del-denominado-pacto-historico\/#respond\"]}]},{\"@type\":\"WebPage\",\"@id\":\"https:\/\/pagina10.com\/web\/roy-barreras-precandidato-presidencial-del-denominado-pacto-historico\/\",\"url\":\"https:\/\/pagina10.com\/web\/roy-barreras-precandidato-presidencial-del-denominado-pacto-historico\/\",\"name\":\"Roy Barreras: precandidato presidencial del denominado Pacto Hist\u00f3rico. | P\u00e1gina10\",\"isPartOf\":{\"@id\":\"https:\/\/pagina10.com\/web\/#website\"},\"primaryImageOfPage\":{\"@id\":\"https:\/\/pagina10.com\/web\/roy-barreras-precandidato-presidencial-del-denominado-pacto-historico\/#primaryimage\"},\"image\":{\"@id\":\"https:\/\/pagina10.com\/web\/roy-barreras-precandidato-presidencial-del-denominado-pacto-historico\/#primaryimage\"},\"thumbnailUrl\":\"https:\/\/pagina10.com\/web\/wp-content\/uploads\/2021\/03\/5cfeea1395dc7.r_1582561933215.0-0-3000-1489.jpeg\",\"datePublished\":\"2021-03-03T17:54:42+00:00\",\"breadcrumb\":{\"@id\":\"https:\/\/pagina10.com\/web\/roy-barreras-precandidato-presidencial-del-denominado-pacto-historico\/#breadcrumb\"},\"inLanguage\":\"es\",\"potentialAction\":[{\"@type\":\"ReadAction\",\"target\":[\"https:\/\/pagina10.com\/web\/roy-barreras-precandidato-presidencial-del-denominado-pacto-historico\/\"]}]},{\"@type\":\"ImageObject\",\"inLanguage\":\"es\",\"@id\":\"https:\/\/pagina10.com\/web\/roy-barreras-precandidato-presidencial-del-denominado-pacto-historico\/#primaryimage\",\"url\":\"https:\/\/pagina10.com\/web\/wp-content\/uploads\/2021\/03\/5cfeea1395dc7.r_1582561933215.0-0-3000-1489.jpeg\",\"contentUrl\":\"https:\/\/pagina10.com\/web\/wp-content\/uploads\/2021\/03\/5cfeea1395dc7.r_1582561933215.0-0-3000-1489.jpeg\",\"width\":640,\"height\":428},{\"@type\":\"BreadcrumbList\",\"@id\":\"https:\/\/pagina10.com\/web\/roy-barreras-precandidato-presidencial-del-denominado-pacto-historico\/#breadcrumb\",\"itemListElement\":[{\"@type\":\"ListItem\",\"position\":1,\"name\":\"Portada\",\"item\":\"https:\/\/pagina10.com\/web\/\"},{\"@type\":\"ListItem\",\"position\":2,\"name\":\"Roy Barreras: precandidato presidencial del denominado Pacto Hist\u00f3rico.\"}]},{\"@type\":\"WebSite\",\"@id\":\"https:\/\/pagina10.com\/web\/#website\",\"url\":\"https:\/\/pagina10.com\/web\/\",\"name\":\"P\u00e1gina10\",\"description\":\"Peri\u00f3dico Regional\",\"publisher\":{\"@id\":\"https:\/\/pagina10.com\/web\/#organization\"},\"alternateName\":\"P\u00e1gina10 Peri\u00f3dico Regional\",\"potentialAction\":[{\"@type\":\"SearchAction\",\"target\":{\"@type\":\"EntryPoint\",\"urlTemplate\":\"https:\/\/pagina10.com\/web\/?s={search_term_string}\"},\"query-input\":{\"@type\":\"PropertyValueSpecification\",\"valueRequired\":true,\"valueName\":\"search_term_string\"}}],\"inLanguage\":\"es\"},{\"@type\":\"Organization\",\"@id\":\"https:\/\/pagina10.com\/web\/#organization\",\"name\":\"P\u00e1gina10\",\"alternateName\":\"P\u00e1gina10 Peri\u00f3dico Regional\",\"url\":\"https:\/\/pagina10.com\/web\/\",\"logo\":{\"@type\":\"ImageObject\",\"inLanguage\":\"es\",\"@id\":\"https:\/\/pagina10.com\/web\/#\/schema\/logo\/image\/\",\"url\":\"https:\/\/pagina10.com\/web\/wp-content\/uploads\/2024\/01\/40-pagina-10-periodico-regional-pasto.jpg\",\"contentUrl\":\"https:\/\/pagina10.com\/web\/wp-content\/uploads\/2024\/01\/40-pagina-10-periodico-regional-pasto.jpg\",\"width\":1280,\"height\":720,\"caption\":\"P\u00e1gina10\"},\"image\":{\"@id\":\"https:\/\/pagina10.com\/web\/#\/schema\/logo\/image\/\"},\"sameAs\":[\"https:\/\/www.facebook.com\/pag10com\",\"https:\/\/x.com\/Pag10com\",\"https:\/\/www.instagram.com\/pagina10col\/\",\"https:\/\/youtube.com\/channel\/pag10\",\"https:\/\/www.tiktok.com\/@p10col\"]},{\"@type\":\"Person\",\"@id\":\"https:\/\/pagina10.com\/web\/#\/schema\/person\/2efc4a090d25b667d3bc796798a3a81b\",\"name\":\"P\u00e1gina 10\",\"description\":\"P\u00e1gina 10 es un peri\u00f3dico regional que nace en Colombia, en el departamento de Nari\u00f1o, con un enfoque global, fundamentado en cuatro pilares esenciales: la libertad, el pluralismo, la inclusi\u00f3n y la independencia. P\u00e1gina 10 hace referencia a Nari\u00f1o como el d\u00e9cimo departamento creado en Colombia, despu\u00e9s de un proceso pol\u00edtico liderado por actores y actrices regionales con el fin de obtener la independencia y autonom\u00eda de nuestros territorios. Con la creaci\u00f3n de P\u00e1gina 10 se pretende abrir un escenario para el dialogo, la reflexi\u00f3n y el debate que se extienda a otras geograf\u00edas de Am\u00e9rica Latina y del planeta, en una apuesta por transformar colectivamente los desaf\u00edos de un mundo contempor\u00e1neo, m\u00e1s all\u00e1 de las fronteras impuestas.\",\"url\":\"https:\/\/pagina10.com\/web\/author\/pdiezadmin\/\"}]}<\/script>\n<!-- \/ Yoast SEO plugin. -->","yoast_head_json":{"title":"Roy Barreras: precandidato presidencial del denominado Pacto Hist\u00f3rico. | P\u00e1gina10","robots":{"index":"index","follow":"follow","max-snippet":"max-snippet:-1","max-image-preview":"max-image-preview:large","max-video-preview":"max-video-preview:-1"},"canonical":"https:\/\/pagina10.com\/web\/roy-barreras-precandidato-presidencial-del-denominado-pacto-historico\/","og_locale":"es_ES","og_type":"article","og_title":"Roy Barreras: precandidato presidencial del denominado Pacto Hist\u00f3rico. | P\u00e1gina10","og_description":"El Senador de la Rep\u00fablica, Roy Barreras, anunci\u00f3 que participar\u00e1 como precandidato a la Presidencia de la Rep\u00fablica en las elecciones del 2022. Barreras,\u00a0dijo que buscar\u00e1 la uni\u00f3n de todos los sectores democr\u00e1ticos progresistas\u00a0para crear listas al Congreso de la Rep\u00fablica y poder tener al menos una bancada de 55 senadores. A la consulta del [&hellip;]","og_url":"https:\/\/pagina10.com\/web\/roy-barreras-precandidato-presidencial-del-denominado-pacto-historico\/","og_site_name":"P\u00e1gina10","article_publisher":"https:\/\/www.facebook.com\/pag10com","article_published_time":"2021-03-03T17:54:42+00:00","og_image":[{"width":640,"height":428,"url":"https:\/\/pagina10.com\/web\/wp-content\/uploads\/2021\/03\/5cfeea1395dc7.r_1582561933215.0-0-3000-1489.jpeg","type":"image\/jpeg"}],"author":"P\u00e1gina 10","twitter_card":"summary_large_image","twitter_creator":"@Pag10com","twitter_site":"@Pag10com","twitter_misc":{"Escrito por":"P\u00e1gina 10","Tiempo de lectura":"1 minuto"},"schema":{"@context":"https:\/\/schema.org","@graph":[{"@type":"Article","@id":"https:\/\/pagina10.com\/web\/roy-barreras-precandidato-presidencial-del-denominado-pacto-historico\/#article","isPartOf":{"@id":"https:\/\/pagina10.com\/web\/roy-barreras-precandidato-presidencial-del-denominado-pacto-historico\/"},"author":{"name":"P\u00e1gina 10","@id":"https:\/\/pagina10.com\/web\/#\/schema\/person\/2efc4a090d25b667d3bc796798a3a81b"},"headline":"Roy Barreras: precandidato presidencial del denominado Pacto Hist\u00f3rico.","datePublished":"2021-03-03T17:54:42+00:00","mainEntityOfPage":{"@id":"https:\/\/pagina10.com\/web\/roy-barreras-precandidato-presidencial-del-denominado-pacto-historico\/"},"wordCount":285,"commentCount":0,"publisher":{"@id":"https:\/\/pagina10.com\/web\/#organization"},"image":{"@id":"https:\/\/pagina10.com\/web\/roy-barreras-precandidato-presidencial-del-denominado-pacto-historico\/#primaryimage"},"thumbnailUrl":"https:\/\/pagina10.com\/web\/wp-content\/uploads\/2021\/03\/5cfeea1395dc7.r_1582561933215.0-0-3000-1489.jpeg","articleSection":["Nacional"],"inLanguage":"es","potentialAction":[{"@type":"CommentAction","name":"Comment","target":["https:\/\/pagina10.com\/web\/roy-barreras-precandidato-presidencial-del-denominado-pacto-historico\/#respond"]}]},{"@type":"WebPage","@id":"https:\/\/pagina10.com\/web\/roy-barreras-precandidato-presidencial-del-denominado-pacto-historico\/","url":"https:\/\/pagina10.com\/web\/roy-barreras-precandidato-presidencial-del-denominado-pacto-historico\/","name":"Roy Barreras: precandidato presidencial del denominado Pacto Hist\u00f3rico. | P\u00e1gina10","isPartOf":{"@id":"https:\/\/pagina10.com\/web\/#website"},"primaryImageOfPage":{"@id":"https:\/\/pagina10.com\/web\/roy-barreras-precandidato-presidencial-del-denominado-pacto-historico\/#primaryimage"},"image":{"@id":"https:\/\/pagina10.com\/web\/roy-barreras-precandidato-presidencial-del-denominado-pacto-historico\/#primaryimage"},"thumbnailUrl":"https:\/\/pagina10.com\/web\/wp-content\/uploads\/2021\/03\/5cfeea1395dc7.r_1582561933215.0-0-3000-1489.jpeg","datePublished":"2021-03-03T17:54:42+00:00","breadcrumb":{"@id":"https:\/\/pagina10.com\/web\/roy-barreras-precandidato-presidencial-del-denominado-pacto-historico\/#breadcrumb"},"inLanguage":"es","potentialAction":[{"@type":"ReadAction","target":["https:\/\/pagina10.com\/web\/roy-barreras-precandidato-presidencial-del-denominado-pacto-historico\/"]}]},{"@type":"ImageObject","inLanguage":"es","@id":"https:\/\/pagina10.com\/web\/roy-barreras-precandidato-presidencial-del-denominado-pacto-historico\/#primaryimage","url":"https:\/\/pagina10.com\/web\/wp-content\/uploads\/2021\/03\/5cfeea1395dc7.r_1582561933215.0-0-3000-1489.jpeg","contentUrl":"https:\/\/pagina10.com\/web\/wp-content\/uploads\/2021\/03\/5cfeea1395dc7.r_1582561933215.0-0-3000-1489.jpeg","width":640,"height":428},{"@type":"BreadcrumbList","@id":"https:\/\/pagina10.com\/web\/roy-barreras-precandidato-presidencial-del-denominado-pacto-historico\/#breadcrumb","itemListElement":[{"@type":"ListItem","position":1,"name":"Portada","item":"https:\/\/pagina10.com\/web\/"},{"@type":"ListItem","position":2,"name":"Roy Barreras: precandidato presidencial del denominado Pacto Hist\u00f3rico."}]},{"@type":"WebSite","@id":"https:\/\/pagina10.com\/web\/#website","url":"https:\/\/pagina10.com\/web\/","name":"P\u00e1gina10","description":"Peri\u00f3dico Regional","publisher":{"@id":"https:\/\/pagina10.com\/web\/#organization"},"alternateName":"P\u00e1gina10 Peri\u00f3dico Regional","potentialAction":[{"@type":"SearchAction","target":{"@type":"EntryPoint","urlTemplate":"https:\/\/pagina10.com\/web\/?s={search_term_string}"},"query-input":{"@type":"PropertyValueSpecification","valueRequired":true,"valueName":"search_term_string"}}],"inLanguage":"es"},{"@type":"Organization","@id":"https:\/\/pagina10.com\/web\/#organization","name":"P\u00e1gina10","alternateName":"P\u00e1gina10 Peri\u00f3dico Regional","url":"https:\/\/pagina10.com\/web\/","logo":{"@type":"ImageObject","inLanguage":"es","@id":"https:\/\/pagina10.com\/web\/#\/schema\/logo\/image\/","url":"https:\/\/pagina10.com\/web\/wp-content\/uploads\/2024\/01\/40-pagina-10-periodico-regional-pasto.jpg","contentUrl":"https:\/\/pagina10.com\/web\/wp-content\/uploads\/2024\/01\/40-pagina-10-periodico-regional-pasto.jpg","width":1280,"height":720,"caption":"P\u00e1gina10"},"image":{"@id":"https:\/\/pagina10.com\/web\/#\/schema\/logo\/image\/"},"sameAs":["https:\/\/www.facebook.com\/pag10com","https:\/\/x.com\/Pag10com","https:\/\/www.instagram.com\/pagina10col\/","https:\/\/youtube.com\/channel\/pag10","https:\/\/www.tiktok.com\/@p10col"]},{"@type":"Person","@id":"https:\/\/pagina10.com\/web\/#\/schema\/person\/2efc4a090d25b667d3bc796798a3a81b","name":"P\u00e1gina 10","description":"P\u00e1gina 10 es un peri\u00f3dico regional que nace en Colombia, en el departamento de Nari\u00f1o, con un enfoque global, fundamentado en cuatro pilares esenciales: la libertad, el pluralismo, la inclusi\u00f3n y la independencia. P\u00e1gina 10 hace referencia a Nari\u00f1o como el d\u00e9cimo departamento creado en Colombia, despu\u00e9s de un proceso pol\u00edtico liderado por actores y actrices regionales con el fin de obtener la independencia y autonom\u00eda de nuestros territorios. Con la creaci\u00f3n de P\u00e1gina 10 se pretende abrir un escenario para el dialogo, la reflexi\u00f3n y el debate que se extienda a otras geograf\u00edas de Am\u00e9rica Latina y del planeta, en una apuesta por transformar colectivamente los desaf\u00edos de un mundo contempor\u00e1neo, m\u00e1s all\u00e1 de las fronteras impuestas.","url":"https:\/\/pagina10.com\/web\/author\/pdiezadmin\/"}]}},"_links":{"self":[{"href":"https:\/\/pagina10.com\/web\/wp-json\/wp\/v2\/posts\/50934","targetHints":{"allow":["GET"]}}],"collection":[{"href":"https:\/\/pagina10.com\/web\/wp-json\/wp\/v2\/posts"}],"about":[{"href":"https:\/\/pagina10.com\/web\/wp-json\/wp\/v2\/types\/post"}],"author":[{"embeddable":true,"href":"https:\/\/pagina10.com\/web\/wp-json\/wp\/v2\/users\/1"}],"replies":[{"embeddable":true,"href":"https:\/\/pagina10.com\/web\/wp-json\/wp\/v2\/comments?post=50934"}],"version-history":[{"count":1,"href":"https:\/\/pagina10.com\/web\/wp-json\/wp\/v2\/posts\/50934\/revisions"}],"predecessor-version":[{"id":50936,"href":"https:\/\/pagina10.com\/web\/wp-json\/wp\/v2\/posts\/50934\/revisions\/50936"}],"wp:featuredmedia":[{"embeddable":true,"href":"https:\/\/pagina10.com\/web\/wp-json\/wp\/v2\/media\/50935"}],"wp:attachment":[{"href":"https:\/\/pagina10.com\/web\/wp-json\/wp\/v2\/media?parent=50934"}],"wp:term":[{"taxonomy":"category","embeddable":true,"href":"https:\/\/pagina10.com\/web\/wp-json\/wp\/v2\/categories?post=50934"},{"taxonomy":"post_tag","embeddable":true,"href":"https:\/\/pagina10.com\/web\/wp-json\/wp\/v2\/tags?post=50934"}],"curies":[{"name":"wp","href":"https:\/\/api.w.org\/{rel}","templated":true}]}}