{"id":50938,"date":"2021-03-03T14:05:47","date_gmt":"2021-03-03T19:05:47","guid":{"rendered":"https:\/\/pagina10.com\/web\/?p=50938"},"modified":"2021-03-03T14:52:05","modified_gmt":"2021-03-03T19:52:05","slug":"francisco-taborda-es-un-falso-testigo-reciclado-ivan-cepeda","status":"publish","type":"post","link":"https:\/\/pagina10.com\/web\/francisco-taborda-es-un-falso-testigo-reciclado-ivan-cepeda\/","title":{"rendered":"&#8220;Francisco Taborda es un falso testigo reciclado&#8221; Iv\u00e1n Cepeda."},"content":{"rendered":"<p style=\"text-align: justify;\">Al proceso en contra de Uribe Vel\u00e9z por soborno de testigos y fraude procesal, se sum\u00f3 la declaraci\u00f3n, publicada por Noticias RCN, del exparamilitar Francisco Taborda. El nuevo testigo se\u00f1al\u00f3 que \u201cel testigo Juan Guillermo Monsalve supuestamente se movi\u00f3 por beneficios en las versiones entregadas contra Uribe V\u00e9lez\u201d. Adem\u00e1s dijo que a \u00e9l \u201cle consta que a la c\u00e1rcel ingres\u00f3 el senador Iv\u00e1n Cepeda y la exsenadora Piedad C\u00f3rdoba y que Monsalve le pregunt\u00f3 que si \u00e9l lo pod\u00eda respaldar en las declaraciones que estaba dando contra Uribe V\u00e9lez\u201d.<\/p>\n<p style=\"text-align: justify;\">La publicaci\u00f3n gener\u00f3 la reacci\u00f3n del senador Iv\u00e1n Cepeda, quien por medio de un tuit dio a conocer que: \u201cCon escrito que enviar\u00e9 hoy al Fiscal Jaimes, dejo constancia que el nuevo falso testigo que presenta la defensa de Uribe, Francisco Taborda, tiene en su prontuario al menos una condena por ser falso testigo y autor de fraude procesal. Es decir es un falso testigo reciclado\u201d.<\/p>\n<p style=\"text-align: justify;\">Al respecto, el abogado Jaime Granados Pe\u00f1a, defensor del expresidente, se\u00f1al\u00f3 que de fondo el tema no es el prontuario criminal del testigo sino la informaci\u00f3n que aporta y la posibilidad de corroborarla y si guarda relaci\u00f3n con los hechos del proceso.<\/p>\n<p style=\"text-align: justify;\">Por otra parte, hace unos d\u00edas el abogado Miguel \u00c1ngel Del R\u00edo, apoderado de Monsalve, manifest\u00f3 que la Fiscal\u00eda tiene lista la preclusi\u00f3n del caso de Uribe. \u201cLes puedo garantizar que esta semana ya debe estar lista la solicitud de preclusi\u00f3n por parte de la Fiscal\u00eda General de la Naci\u00f3n, declare Monsalve o no lo haga\u201d.<\/p>\n<p style=\"text-align: justify;\">Finalmente, basado en la conducta de la Fiscal\u00eda y de los responsables del supuesto delito, Iv\u00e1n Cepeda anunci\u00f3 que \u201cEsta semana el pa\u00eds asistir\u00e1 a un espect\u00e1culo de insolente impunidad: la investigaci\u00f3n penal, postrada ante el poder criminal, intentando justificar el cierre de un proceso. Vano esfuerzo. Tarde o temprano la justicia y la verdad prevalecer\u00e1n\u201d.<\/p>\n","protected":false},"excerpt":{"rendered":"<p>Al proceso en contra de Uribe Vel\u00e9z por soborno de testigos y fraude procesal, se sum\u00f3 la declaraci\u00f3n, publicada por Noticias RCN, del exparamilitar Francisco Taborda. El nuevo testigo se\u00f1al\u00f3 que \u201cel testigo Juan Guillermo Monsalve supuestamente se movi\u00f3 por beneficios en las versiones entregadas contra Uribe V\u00e9lez\u201d. Adem\u00e1s dijo que a \u00e9l \u201cle consta [&hellip;]<\/p>\n","protected":false},"author":1,"featured_media":50939,"comment_status":"open","ping_status":"open","sticky":false,"template":"","format":"standard","meta":{"footnotes":""},"categories":[61],"tags":[],"class_list":["post-50938","post","type-post","status-publish","format-standard","has-post-thumbnail","hentry","category-judicial"],"yoast_head":"<!-- This site is optimized with the Yoast SEO plugin v27.1.1 - https:\/\/yoast.com\/product\/yoast-seo-wordpress\/ -->\n<title>&quot;Francisco Taborda es un falso testigo reciclado&quot; Iv\u00e1n Cepeda. | P\u00e1gina10<\/title>\n<meta name=\"robots\" content=\"index, follow, max-snippet:-1, max-image-preview:large, max-video-preview:-1\" \/>\n<link rel=\"canonical\" href=\"https:\/\/pagina10.com\/web\/francisco-taborda-es-un-falso-testigo-reciclado-ivan-cepeda\/\" \/>\n<meta property=\"og:locale\" content=\"es_ES\" \/>\n<meta property=\"og:type\" content=\"article\" \/>\n<meta property=\"og:title\" content=\"&quot;Francisco Taborda es un falso testigo reciclado&quot; Iv\u00e1n Cepeda. | P\u00e1gina10\" \/>\n<meta property=\"og:description\" content=\"Al proceso en contra de Uribe Vel\u00e9z por soborno de testigos y fraude procesal, se sum\u00f3 la declaraci\u00f3n, publicada por Noticias RCN, del exparamilitar Francisco Taborda. El nuevo testigo se\u00f1al\u00f3 que \u201cel testigo Juan Guillermo Monsalve supuestamente se movi\u00f3 por beneficios en las versiones entregadas contra Uribe V\u00e9lez\u201d. Adem\u00e1s dijo que a \u00e9l \u201cle consta [&hellip;]\" \/>\n<meta property=\"og:url\" content=\"https:\/\/pagina10.com\/web\/francisco-taborda-es-un-falso-testigo-reciclado-ivan-cepeda\/\" \/>\n<meta property=\"og:site_name\" content=\"P\u00e1gina10\" \/>\n<meta property=\"article:publisher\" content=\"https:\/\/www.facebook.com\/pag10com\" \/>\n<meta property=\"article:published_time\" content=\"2021-03-03T19:05:47+00:00\" \/>\n<meta property=\"article:modified_time\" content=\"2021-03-03T19:52:05+00:00\" \/>\n<meta property=\"og:image\" content=\"https:\/\/pagina10.com\/web\/wp-content\/uploads\/2021\/03\/cepeda-y-uribe-2.jpg\" \/>\n\t<meta property=\"og:image:width\" content=\"1024\" \/>\n\t<meta property=\"og:image:height\" content=\"600\" \/>\n\t<meta property=\"og:image:type\" content=\"image\/jpeg\" \/>\n<meta name=\"author\" content=\"P\u00e1gina 10\" \/>\n<meta name=\"twitter:card\" content=\"summary_large_image\" \/>\n<meta name=\"twitter:creator\" content=\"@Pag10com\" \/>\n<meta name=\"twitter:site\" content=\"@Pag10com\" \/>\n<meta name=\"twitter:label1\" content=\"Escrito por\" \/>\n\t<meta name=\"twitter:data1\" content=\"P\u00e1gina 10\" \/>\n\t<meta name=\"twitter:label2\" content=\"Tiempo de lectura\" \/>\n\t<meta name=\"twitter:data2\" content=\"2 minutos\" \/>\n<script type=\"application\/ld+json\" class=\"yoast-schema-graph\">{\"@context\":\"https:\/\/schema.org\",\"@graph\":[{\"@type\":\"Article\",\"@id\":\"https:\/\/pagina10.com\/web\/francisco-taborda-es-un-falso-testigo-reciclado-ivan-cepeda\/#article\",\"isPartOf\":{\"@id\":\"https:\/\/pagina10.com\/web\/francisco-taborda-es-un-falso-testigo-reciclado-ivan-cepeda\/\"},\"author\":{\"name\":\"P\u00e1gina 10\",\"@id\":\"https:\/\/pagina10.com\/web\/#\/schema\/person\/2efc4a090d25b667d3bc796798a3a81b\"},\"headline\":\"&#8220;Francisco Taborda es un falso testigo reciclado&#8221; Iv\u00e1n Cepeda.\",\"datePublished\":\"2021-03-03T19:05:47+00:00\",\"dateModified\":\"2021-03-03T19:52:05+00:00\",\"mainEntityOfPage\":{\"@id\":\"https:\/\/pagina10.com\/web\/francisco-taborda-es-un-falso-testigo-reciclado-ivan-cepeda\/\"},\"wordCount\":349,\"commentCount\":0,\"publisher\":{\"@id\":\"https:\/\/pagina10.com\/web\/#organization\"},\"image\":{\"@id\":\"https:\/\/pagina10.com\/web\/francisco-taborda-es-un-falso-testigo-reciclado-ivan-cepeda\/#primaryimage\"},\"thumbnailUrl\":\"https:\/\/pagina10.com\/web\/wp-content\/uploads\/2021\/03\/cepeda-y-uribe-2.jpg\",\"articleSection\":[\"Judicial\"],\"inLanguage\":\"es\",\"potentialAction\":[{\"@type\":\"CommentAction\",\"name\":\"Comment\",\"target\":[\"https:\/\/pagina10.com\/web\/francisco-taborda-es-un-falso-testigo-reciclado-ivan-cepeda\/#respond\"]}]},{\"@type\":\"WebPage\",\"@id\":\"https:\/\/pagina10.com\/web\/francisco-taborda-es-un-falso-testigo-reciclado-ivan-cepeda\/\",\"url\":\"https:\/\/pagina10.com\/web\/francisco-taborda-es-un-falso-testigo-reciclado-ivan-cepeda\/\",\"name\":\"\\\"Francisco Taborda es un falso testigo reciclado\\\" Iv\u00e1n Cepeda. | P\u00e1gina10\",\"isPartOf\":{\"@id\":\"https:\/\/pagina10.com\/web\/#website\"},\"primaryImageOfPage\":{\"@id\":\"https:\/\/pagina10.com\/web\/francisco-taborda-es-un-falso-testigo-reciclado-ivan-cepeda\/#primaryimage\"},\"image\":{\"@id\":\"https:\/\/pagina10.com\/web\/francisco-taborda-es-un-falso-testigo-reciclado-ivan-cepeda\/#primaryimage\"},\"thumbnailUrl\":\"https:\/\/pagina10.com\/web\/wp-content\/uploads\/2021\/03\/cepeda-y-uribe-2.jpg\",\"datePublished\":\"2021-03-03T19:05:47+00:00\",\"dateModified\":\"2021-03-03T19:52:05+00:00\",\"breadcrumb\":{\"@id\":\"https:\/\/pagina10.com\/web\/francisco-taborda-es-un-falso-testigo-reciclado-ivan-cepeda\/#breadcrumb\"},\"inLanguage\":\"es\",\"potentialAction\":[{\"@type\":\"ReadAction\",\"target\":[\"https:\/\/pagina10.com\/web\/francisco-taborda-es-un-falso-testigo-reciclado-ivan-cepeda\/\"]}]},{\"@type\":\"ImageObject\",\"inLanguage\":\"es\",\"@id\":\"https:\/\/pagina10.com\/web\/francisco-taborda-es-un-falso-testigo-reciclado-ivan-cepeda\/#primaryimage\",\"url\":\"https:\/\/pagina10.com\/web\/wp-content\/uploads\/2021\/03\/cepeda-y-uribe-2.jpg\",\"contentUrl\":\"https:\/\/pagina10.com\/web\/wp-content\/uploads\/2021\/03\/cepeda-y-uribe-2.jpg\",\"width\":1024,\"height\":600},{\"@type\":\"BreadcrumbList\",\"@id\":\"https:\/\/pagina10.com\/web\/francisco-taborda-es-un-falso-testigo-reciclado-ivan-cepeda\/#breadcrumb\",\"itemListElement\":[{\"@type\":\"ListItem\",\"position\":1,\"name\":\"Portada\",\"item\":\"https:\/\/pagina10.com\/web\/\"},{\"@type\":\"ListItem\",\"position\":2,\"name\":\"&#8220;Francisco Taborda es un falso testigo reciclado&#8221; Iv\u00e1n Cepeda.\"}]},{\"@type\":\"WebSite\",\"@id\":\"https:\/\/pagina10.com\/web\/#website\",\"url\":\"https:\/\/pagina10.com\/web\/\",\"name\":\"P\u00e1gina10\",\"description\":\"Peri\u00f3dico Regional\",\"publisher\":{\"@id\":\"https:\/\/pagina10.com\/web\/#organization\"},\"alternateName\":\"P\u00e1gina10 Peri\u00f3dico Regional\",\"potentialAction\":[{\"@type\":\"SearchAction\",\"target\":{\"@type\":\"EntryPoint\",\"urlTemplate\":\"https:\/\/pagina10.com\/web\/?s={search_term_string}\"},\"query-input\":{\"@type\":\"PropertyValueSpecification\",\"valueRequired\":true,\"valueName\":\"search_term_string\"}}],\"inLanguage\":\"es\"},{\"@type\":\"Organization\",\"@id\":\"https:\/\/pagina10.com\/web\/#organization\",\"name\":\"P\u00e1gina10\",\"alternateName\":\"P\u00e1gina10 Peri\u00f3dico Regional\",\"url\":\"https:\/\/pagina10.com\/web\/\",\"logo\":{\"@type\":\"ImageObject\",\"inLanguage\":\"es\",\"@id\":\"https:\/\/pagina10.com\/web\/#\/schema\/logo\/image\/\",\"url\":\"https:\/\/pagina10.com\/web\/wp-content\/uploads\/2024\/01\/40-pagina-10-periodico-regional-pasto.jpg\",\"contentUrl\":\"https:\/\/pagina10.com\/web\/wp-content\/uploads\/2024\/01\/40-pagina-10-periodico-regional-pasto.jpg\",\"width\":1280,\"height\":720,\"caption\":\"P\u00e1gina10\"},\"image\":{\"@id\":\"https:\/\/pagina10.com\/web\/#\/schema\/logo\/image\/\"},\"sameAs\":[\"https:\/\/www.facebook.com\/pag10com\",\"https:\/\/x.com\/Pag10com\",\"https:\/\/www.instagram.com\/pagina10col\/\",\"https:\/\/youtube.com\/channel\/pag10\",\"https:\/\/www.tiktok.com\/@p10col\"]},{\"@type\":\"Person\",\"@id\":\"https:\/\/pagina10.com\/web\/#\/schema\/person\/2efc4a090d25b667d3bc796798a3a81b\",\"name\":\"P\u00e1gina 10\",\"description\":\"P\u00e1gina 10 es un peri\u00f3dico regional que nace en Colombia, en el departamento de Nari\u00f1o, con un enfoque global, fundamentado en cuatro pilares esenciales: la libertad, el pluralismo, la inclusi\u00f3n y la independencia. P\u00e1gina 10 hace referencia a Nari\u00f1o como el d\u00e9cimo departamento creado en Colombia, despu\u00e9s de un proceso pol\u00edtico liderado por actores y actrices regionales con el fin de obtener la independencia y autonom\u00eda de nuestros territorios. Con la creaci\u00f3n de P\u00e1gina 10 se pretende abrir un escenario para el dialogo, la reflexi\u00f3n y el debate que se extienda a otras geograf\u00edas de Am\u00e9rica Latina y del planeta, en una apuesta por transformar colectivamente los desaf\u00edos de un mundo contempor\u00e1neo, m\u00e1s all\u00e1 de las fronteras impuestas.\",\"url\":\"https:\/\/pagina10.com\/web\/author\/pdiezadmin\/\"}]}<\/script>\n<!-- \/ Yoast SEO plugin. -->","yoast_head_json":{"title":"\"Francisco Taborda es un falso testigo reciclado\" Iv\u00e1n Cepeda. | P\u00e1gina10","robots":{"index":"index","follow":"follow","max-snippet":"max-snippet:-1","max-image-preview":"max-image-preview:large","max-video-preview":"max-video-preview:-1"},"canonical":"https:\/\/pagina10.com\/web\/francisco-taborda-es-un-falso-testigo-reciclado-ivan-cepeda\/","og_locale":"es_ES","og_type":"article","og_title":"\"Francisco Taborda es un falso testigo reciclado\" Iv\u00e1n Cepeda. | P\u00e1gina10","og_description":"Al proceso en contra de Uribe Vel\u00e9z por soborno de testigos y fraude procesal, se sum\u00f3 la declaraci\u00f3n, publicada por Noticias RCN, del exparamilitar Francisco Taborda. El nuevo testigo se\u00f1al\u00f3 que \u201cel testigo Juan Guillermo Monsalve supuestamente se movi\u00f3 por beneficios en las versiones entregadas contra Uribe V\u00e9lez\u201d. Adem\u00e1s dijo que a \u00e9l \u201cle consta [&hellip;]","og_url":"https:\/\/pagina10.com\/web\/francisco-taborda-es-un-falso-testigo-reciclado-ivan-cepeda\/","og_site_name":"P\u00e1gina10","article_publisher":"https:\/\/www.facebook.com\/pag10com","article_published_time":"2021-03-03T19:05:47+00:00","article_modified_time":"2021-03-03T19:52:05+00:00","og_image":[{"width":1024,"height":600,"url":"https:\/\/pagina10.com\/web\/wp-content\/uploads\/2021\/03\/cepeda-y-uribe-2.jpg","type":"image\/jpeg"}],"author":"P\u00e1gina 10","twitter_card":"summary_large_image","twitter_creator":"@Pag10com","twitter_site":"@Pag10com","twitter_misc":{"Escrito por":"P\u00e1gina 10","Tiempo de lectura":"2 minutos"},"schema":{"@context":"https:\/\/schema.org","@graph":[{"@type":"Article","@id":"https:\/\/pagina10.com\/web\/francisco-taborda-es-un-falso-testigo-reciclado-ivan-cepeda\/#article","isPartOf":{"@id":"https:\/\/pagina10.com\/web\/francisco-taborda-es-un-falso-testigo-reciclado-ivan-cepeda\/"},"author":{"name":"P\u00e1gina 10","@id":"https:\/\/pagina10.com\/web\/#\/schema\/person\/2efc4a090d25b667d3bc796798a3a81b"},"headline":"&#8220;Francisco Taborda es un falso testigo reciclado&#8221; Iv\u00e1n Cepeda.","datePublished":"2021-03-03T19:05:47+00:00","dateModified":"2021-03-03T19:52:05+00:00","mainEntityOfPage":{"@id":"https:\/\/pagina10.com\/web\/francisco-taborda-es-un-falso-testigo-reciclado-ivan-cepeda\/"},"wordCount":349,"commentCount":0,"publisher":{"@id":"https:\/\/pagina10.com\/web\/#organization"},"image":{"@id":"https:\/\/pagina10.com\/web\/francisco-taborda-es-un-falso-testigo-reciclado-ivan-cepeda\/#primaryimage"},"thumbnailUrl":"https:\/\/pagina10.com\/web\/wp-content\/uploads\/2021\/03\/cepeda-y-uribe-2.jpg","articleSection":["Judicial"],"inLanguage":"es","potentialAction":[{"@type":"CommentAction","name":"Comment","target":["https:\/\/pagina10.com\/web\/francisco-taborda-es-un-falso-testigo-reciclado-ivan-cepeda\/#respond"]}]},{"@type":"WebPage","@id":"https:\/\/pagina10.com\/web\/francisco-taborda-es-un-falso-testigo-reciclado-ivan-cepeda\/","url":"https:\/\/pagina10.com\/web\/francisco-taborda-es-un-falso-testigo-reciclado-ivan-cepeda\/","name":"\"Francisco Taborda es un falso testigo reciclado\" Iv\u00e1n Cepeda. | P\u00e1gina10","isPartOf":{"@id":"https:\/\/pagina10.com\/web\/#website"},"primaryImageOfPage":{"@id":"https:\/\/pagina10.com\/web\/francisco-taborda-es-un-falso-testigo-reciclado-ivan-cepeda\/#primaryimage"},"image":{"@id":"https:\/\/pagina10.com\/web\/francisco-taborda-es-un-falso-testigo-reciclado-ivan-cepeda\/#primaryimage"},"thumbnailUrl":"https:\/\/pagina10.com\/web\/wp-content\/uploads\/2021\/03\/cepeda-y-uribe-2.jpg","datePublished":"2021-03-03T19:05:47+00:00","dateModified":"2021-03-03T19:52:05+00:00","breadcrumb":{"@id":"https:\/\/pagina10.com\/web\/francisco-taborda-es-un-falso-testigo-reciclado-ivan-cepeda\/#breadcrumb"},"inLanguage":"es","potentialAction":[{"@type":"ReadAction","target":["https:\/\/pagina10.com\/web\/francisco-taborda-es-un-falso-testigo-reciclado-ivan-cepeda\/"]}]},{"@type":"ImageObject","inLanguage":"es","@id":"https:\/\/pagina10.com\/web\/francisco-taborda-es-un-falso-testigo-reciclado-ivan-cepeda\/#primaryimage","url":"https:\/\/pagina10.com\/web\/wp-content\/uploads\/2021\/03\/cepeda-y-uribe-2.jpg","contentUrl":"https:\/\/pagina10.com\/web\/wp-content\/uploads\/2021\/03\/cepeda-y-uribe-2.jpg","width":1024,"height":600},{"@type":"BreadcrumbList","@id":"https:\/\/pagina10.com\/web\/francisco-taborda-es-un-falso-testigo-reciclado-ivan-cepeda\/#breadcrumb","itemListElement":[{"@type":"ListItem","position":1,"name":"Portada","item":"https:\/\/pagina10.com\/web\/"},{"@type":"ListItem","position":2,"name":"&#8220;Francisco Taborda es un falso testigo reciclado&#8221; Iv\u00e1n Cepeda."}]},{"@type":"WebSite","@id":"https:\/\/pagina10.com\/web\/#website","url":"https:\/\/pagina10.com\/web\/","name":"P\u00e1gina10","description":"Peri\u00f3dico Regional","publisher":{"@id":"https:\/\/pagina10.com\/web\/#organization"},"alternateName":"P\u00e1gina10 Peri\u00f3dico Regional","potentialAction":[{"@type":"SearchAction","target":{"@type":"EntryPoint","urlTemplate":"https:\/\/pagina10.com\/web\/?s={search_term_string}"},"query-input":{"@type":"PropertyValueSpecification","valueRequired":true,"valueName":"search_term_string"}}],"inLanguage":"es"},{"@type":"Organization","@id":"https:\/\/pagina10.com\/web\/#organization","name":"P\u00e1gina10","alternateName":"P\u00e1gina10 Peri\u00f3dico Regional","url":"https:\/\/pagina10.com\/web\/","logo":{"@type":"ImageObject","inLanguage":"es","@id":"https:\/\/pagina10.com\/web\/#\/schema\/logo\/image\/","url":"https:\/\/pagina10.com\/web\/wp-content\/uploads\/2024\/01\/40-pagina-10-periodico-regional-pasto.jpg","contentUrl":"https:\/\/pagina10.com\/web\/wp-content\/uploads\/2024\/01\/40-pagina-10-periodico-regional-pasto.jpg","width":1280,"height":720,"caption":"P\u00e1gina10"},"image":{"@id":"https:\/\/pagina10.com\/web\/#\/schema\/logo\/image\/"},"sameAs":["https:\/\/www.facebook.com\/pag10com","https:\/\/x.com\/Pag10com","https:\/\/www.instagram.com\/pagina10col\/","https:\/\/youtube.com\/channel\/pag10","https:\/\/www.tiktok.com\/@p10col"]},{"@type":"Person","@id":"https:\/\/pagina10.com\/web\/#\/schema\/person\/2efc4a090d25b667d3bc796798a3a81b","name":"P\u00e1gina 10","description":"P\u00e1gina 10 es un peri\u00f3dico regional que nace en Colombia, en el departamento de Nari\u00f1o, con un enfoque global, fundamentado en cuatro pilares esenciales: la libertad, el pluralismo, la inclusi\u00f3n y la independencia. P\u00e1gina 10 hace referencia a Nari\u00f1o como el d\u00e9cimo departamento creado en Colombia, despu\u00e9s de un proceso pol\u00edtico liderado por actores y actrices regionales con el fin de obtener la independencia y autonom\u00eda de nuestros territorios. Con la creaci\u00f3n de P\u00e1gina 10 se pretende abrir un escenario para el dialogo, la reflexi\u00f3n y el debate que se extienda a otras geograf\u00edas de Am\u00e9rica Latina y del planeta, en una apuesta por transformar colectivamente los desaf\u00edos de un mundo contempor\u00e1neo, m\u00e1s all\u00e1 de las fronteras impuestas.","url":"https:\/\/pagina10.com\/web\/author\/pdiezadmin\/"}]}},"_links":{"self":[{"href":"https:\/\/pagina10.com\/web\/wp-json\/wp\/v2\/posts\/50938","targetHints":{"allow":["GET"]}}],"collection":[{"href":"https:\/\/pagina10.com\/web\/wp-json\/wp\/v2\/posts"}],"about":[{"href":"https:\/\/pagina10.com\/web\/wp-json\/wp\/v2\/types\/post"}],"author":[{"embeddable":true,"href":"https:\/\/pagina10.com\/web\/wp-json\/wp\/v2\/users\/1"}],"replies":[{"embeddable":true,"href":"https:\/\/pagina10.com\/web\/wp-json\/wp\/v2\/comments?post=50938"}],"version-history":[{"count":4,"href":"https:\/\/pagina10.com\/web\/wp-json\/wp\/v2\/posts\/50938\/revisions"}],"predecessor-version":[{"id":50941,"href":"https:\/\/pagina10.com\/web\/wp-json\/wp\/v2\/posts\/50938\/revisions\/50941"}],"wp:featuredmedia":[{"embeddable":true,"href":"https:\/\/pagina10.com\/web\/wp-json\/wp\/v2\/media\/50939"}],"wp:attachment":[{"href":"https:\/\/pagina10.com\/web\/wp-json\/wp\/v2\/media?parent=50938"}],"wp:term":[{"taxonomy":"category","embeddable":true,"href":"https:\/\/pagina10.com\/web\/wp-json\/wp\/v2\/categories?post=50938"},{"taxonomy":"post_tag","embeddable":true,"href":"https:\/\/pagina10.com\/web\/wp-json\/wp\/v2\/tags?post=50938"}],"curies":[{"name":"wp","href":"https:\/\/api.w.org\/{rel}","templated":true}]}}