{"id":50977,"date":"2021-03-05T09:11:48","date_gmt":"2021-03-05T14:11:48","guid":{"rendered":"https:\/\/pagina10.com\/web\/?p=50977"},"modified":"2021-03-05T09:11:48","modified_gmt":"2021-03-05T14:11:48","slug":"la-fiscalia-solicita-audiencia-de-preclusion-en-el-caso-de-uribe-velez","status":"publish","type":"post","link":"https:\/\/pagina10.com\/web\/la-fiscalia-solicita-audiencia-de-preclusion-en-el-caso-de-uribe-velez\/","title":{"rendered":"La Fiscal\u00eda solicita audiencia de preclusi\u00f3n en el caso de Uribe V\u00e9lez."},"content":{"rendered":"<p style=\"text-align: justify;\">Por medio de un comunicado de opini\u00f3n p\u00fablica, la Fiscal\u00eda General de Naci\u00f3n dio a conocer hoy la decisi\u00f3n de solicitar ante la Corte Suprema de Justicia, audiencia de preclusi\u00f3n de la investigaci\u00f3n que se sigue en contra del exsenador \u00c1lvaro Uribe V\u00e9lez.<\/p>\n<p style=\"text-align: justify;\">De acuerdo al documento de la Fiscal\u00eda, la decisi\u00f3n se tom\u00f3 luego de hacer una valoraci\u00f3n de los elementos materiales probatorios y de la informaci\u00f3n legalmente obtenida durante el curso del proceso. Recalco que de acuerdo al fiscal del caso, &#8220;se estableci\u00f3 que varias de las conductas por las cuales se vincul\u00f3 jur\u00eddicamente al excongresista no tienen la caracter\u00edstica de delito, y otras que s\u00ed lo son, no se le puede atribuir como autor o participe&#8221;.<\/p>\n<p style=\"text-align: justify;\">Despu\u00e9s de hacer p\u00fablica la decisi\u00f3n, Iv\u00e1n Cepeda envi\u00f3 un mensaje al exsenador, \u00a0\u201ctriste historia la suya, al final de su vida p\u00fablica, intenta torcer y mancillar por todos los medios la justicia. Pero eso ha sido in\u00fatil. El pa\u00eds sabe de su culpabilidad, la juventud conoce su verdadero rostro. Para usted no habr\u00e1 luz al final del t\u00fanel\u201d, dijo a trav\u00e9s de su cuenta de Twitter.<\/p>\n<p style=\"text-align: justify;\">El senador asegur\u00f3 que el fiscal no actu\u00f3 con imparcialidad y benefici\u00f3 los intereses del acusado en detrimento de las acciones que adelantaba la parte acusadora. &#8220;La sociedad colombiana ha presenciado su sucio ataque contra los magistrados de la Corte Suprema. El uso de toda clase de medios para atacar a las v\u00edctimas, a mi familia y de presionar a todos los testigos del caso&#8221;, dijo Cepeda en La Fm.<\/p>\n<p style=\"text-align: justify;\">El abogado Miguel \u00c1ngel del Rio, calific\u00f3 la decisi\u00f3n de la Fiscal\u00eda como \u201cel \u00faltimo actos del circo\u201d y dijo \u201cse confirma la verg\u00fcenza. La Fiscal\u00eda no tuvo pudor para solicitar la preclusi\u00f3n. Una complicidad prevaricadora de una instituci\u00f3n al servicio del poder\u201d<\/p>\n<p style=\"text-align: justify;\">Por su parte, el exsenador Uribe V\u00e9lez, por medio de un tuit agradeci\u00f3 a Dios por este \u201cpaso positivo\u201d y a todas las personas por sus oraciones y solidaridad.<\/p>\n","protected":false},"excerpt":{"rendered":"<p>Por medio de un comunicado de opini\u00f3n p\u00fablica, la Fiscal\u00eda General de Naci\u00f3n dio a conocer hoy la decisi\u00f3n de solicitar ante la Corte Suprema de Justicia, audiencia de preclusi\u00f3n de la investigaci\u00f3n que se sigue en contra del exsenador \u00c1lvaro Uribe V\u00e9lez. De acuerdo al documento de la Fiscal\u00eda, la decisi\u00f3n se tom\u00f3 luego [&hellip;]<\/p>\n","protected":false},"author":1,"featured_media":50978,"comment_status":"open","ping_status":"open","sticky":false,"template":"","format":"standard","meta":{"footnotes":""},"categories":[94],"tags":[],"class_list":["post-50977","post","type-post","status-publish","format-standard","has-post-thumbnail","hentry","category-nacional-global-2"],"yoast_head":"<!-- This site is optimized with the Yoast SEO plugin v27.1.1 - https:\/\/yoast.com\/product\/yoast-seo-wordpress\/ -->\n<title>La Fiscal\u00eda solicita audiencia de preclusi\u00f3n en el caso de Uribe V\u00e9lez. | P\u00e1gina10<\/title>\n<meta name=\"robots\" content=\"index, follow, max-snippet:-1, max-image-preview:large, max-video-preview:-1\" \/>\n<link rel=\"canonical\" href=\"https:\/\/pagina10.com\/web\/la-fiscalia-solicita-audiencia-de-preclusion-en-el-caso-de-uribe-velez\/\" \/>\n<meta property=\"og:locale\" content=\"es_ES\" \/>\n<meta property=\"og:type\" content=\"article\" \/>\n<meta property=\"og:title\" content=\"La Fiscal\u00eda solicita audiencia de preclusi\u00f3n en el caso de Uribe V\u00e9lez. | P\u00e1gina10\" \/>\n<meta property=\"og:description\" content=\"Por medio de un comunicado de opini\u00f3n p\u00fablica, la Fiscal\u00eda General de Naci\u00f3n dio a conocer hoy la decisi\u00f3n de solicitar ante la Corte Suprema de Justicia, audiencia de preclusi\u00f3n de la investigaci\u00f3n que se sigue en contra del exsenador \u00c1lvaro Uribe V\u00e9lez. De acuerdo al documento de la Fiscal\u00eda, la decisi\u00f3n se tom\u00f3 luego [&hellip;]\" \/>\n<meta property=\"og:url\" content=\"https:\/\/pagina10.com\/web\/la-fiscalia-solicita-audiencia-de-preclusion-en-el-caso-de-uribe-velez\/\" \/>\n<meta property=\"og:site_name\" content=\"P\u00e1gina10\" \/>\n<meta property=\"article:publisher\" content=\"https:\/\/www.facebook.com\/pag10com\" \/>\n<meta property=\"article:published_time\" content=\"2021-03-05T14:11:48+00:00\" \/>\n<meta property=\"og:image\" content=\"https:\/\/pagina10.com\/web\/wp-content\/uploads\/2021\/03\/7OS3AFV7NBDIRAVCPRTRS2BROY.jpg\" \/>\n\t<meta property=\"og:image:width\" content=\"1200\" \/>\n\t<meta property=\"og:image:height\" content=\"675\" \/>\n\t<meta property=\"og:image:type\" content=\"image\/jpeg\" \/>\n<meta name=\"author\" content=\"P\u00e1gina 10\" \/>\n<meta name=\"twitter:card\" content=\"summary_large_image\" \/>\n<meta name=\"twitter:creator\" content=\"@Pag10com\" \/>\n<meta name=\"twitter:site\" content=\"@Pag10com\" \/>\n<meta name=\"twitter:label1\" content=\"Escrito por\" \/>\n\t<meta name=\"twitter:data1\" content=\"P\u00e1gina 10\" \/>\n\t<meta name=\"twitter:label2\" content=\"Tiempo de lectura\" \/>\n\t<meta name=\"twitter:data2\" content=\"2 minutos\" \/>\n<script type=\"application\/ld+json\" class=\"yoast-schema-graph\">{\"@context\":\"https:\/\/schema.org\",\"@graph\":[{\"@type\":\"Article\",\"@id\":\"https:\/\/pagina10.com\/web\/la-fiscalia-solicita-audiencia-de-preclusion-en-el-caso-de-uribe-velez\/#article\",\"isPartOf\":{\"@id\":\"https:\/\/pagina10.com\/web\/la-fiscalia-solicita-audiencia-de-preclusion-en-el-caso-de-uribe-velez\/\"},\"author\":{\"name\":\"P\u00e1gina 10\",\"@id\":\"https:\/\/pagina10.com\/web\/#\/schema\/person\/2efc4a090d25b667d3bc796798a3a81b\"},\"headline\":\"La Fiscal\u00eda solicita audiencia de preclusi\u00f3n en el caso de Uribe V\u00e9lez.\",\"datePublished\":\"2021-03-05T14:11:48+00:00\",\"mainEntityOfPage\":{\"@id\":\"https:\/\/pagina10.com\/web\/la-fiscalia-solicita-audiencia-de-preclusion-en-el-caso-de-uribe-velez\/\"},\"wordCount\":374,\"commentCount\":0,\"publisher\":{\"@id\":\"https:\/\/pagina10.com\/web\/#organization\"},\"image\":{\"@id\":\"https:\/\/pagina10.com\/web\/la-fiscalia-solicita-audiencia-de-preclusion-en-el-caso-de-uribe-velez\/#primaryimage\"},\"thumbnailUrl\":\"https:\/\/pagina10.com\/web\/wp-content\/uploads\/2021\/03\/7OS3AFV7NBDIRAVCPRTRS2BROY.jpg\",\"articleSection\":[\"Nacional\"],\"inLanguage\":\"es\",\"potentialAction\":[{\"@type\":\"CommentAction\",\"name\":\"Comment\",\"target\":[\"https:\/\/pagina10.com\/web\/la-fiscalia-solicita-audiencia-de-preclusion-en-el-caso-de-uribe-velez\/#respond\"]}]},{\"@type\":\"WebPage\",\"@id\":\"https:\/\/pagina10.com\/web\/la-fiscalia-solicita-audiencia-de-preclusion-en-el-caso-de-uribe-velez\/\",\"url\":\"https:\/\/pagina10.com\/web\/la-fiscalia-solicita-audiencia-de-preclusion-en-el-caso-de-uribe-velez\/\",\"name\":\"La Fiscal\u00eda solicita audiencia de preclusi\u00f3n en el caso de Uribe V\u00e9lez. | P\u00e1gina10\",\"isPartOf\":{\"@id\":\"https:\/\/pagina10.com\/web\/#website\"},\"primaryImageOfPage\":{\"@id\":\"https:\/\/pagina10.com\/web\/la-fiscalia-solicita-audiencia-de-preclusion-en-el-caso-de-uribe-velez\/#primaryimage\"},\"image\":{\"@id\":\"https:\/\/pagina10.com\/web\/la-fiscalia-solicita-audiencia-de-preclusion-en-el-caso-de-uribe-velez\/#primaryimage\"},\"thumbnailUrl\":\"https:\/\/pagina10.com\/web\/wp-content\/uploads\/2021\/03\/7OS3AFV7NBDIRAVCPRTRS2BROY.jpg\",\"datePublished\":\"2021-03-05T14:11:48+00:00\",\"breadcrumb\":{\"@id\":\"https:\/\/pagina10.com\/web\/la-fiscalia-solicita-audiencia-de-preclusion-en-el-caso-de-uribe-velez\/#breadcrumb\"},\"inLanguage\":\"es\",\"potentialAction\":[{\"@type\":\"ReadAction\",\"target\":[\"https:\/\/pagina10.com\/web\/la-fiscalia-solicita-audiencia-de-preclusion-en-el-caso-de-uribe-velez\/\"]}]},{\"@type\":\"ImageObject\",\"inLanguage\":\"es\",\"@id\":\"https:\/\/pagina10.com\/web\/la-fiscalia-solicita-audiencia-de-preclusion-en-el-caso-de-uribe-velez\/#primaryimage\",\"url\":\"https:\/\/pagina10.com\/web\/wp-content\/uploads\/2021\/03\/7OS3AFV7NBDIRAVCPRTRS2BROY.jpg\",\"contentUrl\":\"https:\/\/pagina10.com\/web\/wp-content\/uploads\/2021\/03\/7OS3AFV7NBDIRAVCPRTRS2BROY.jpg\",\"width\":1200,\"height\":675},{\"@type\":\"BreadcrumbList\",\"@id\":\"https:\/\/pagina10.com\/web\/la-fiscalia-solicita-audiencia-de-preclusion-en-el-caso-de-uribe-velez\/#breadcrumb\",\"itemListElement\":[{\"@type\":\"ListItem\",\"position\":1,\"name\":\"Portada\",\"item\":\"https:\/\/pagina10.com\/web\/\"},{\"@type\":\"ListItem\",\"position\":2,\"name\":\"La Fiscal\u00eda solicita audiencia de preclusi\u00f3n en el caso de Uribe V\u00e9lez.\"}]},{\"@type\":\"WebSite\",\"@id\":\"https:\/\/pagina10.com\/web\/#website\",\"url\":\"https:\/\/pagina10.com\/web\/\",\"name\":\"P\u00e1gina10\",\"description\":\"Peri\u00f3dico Regional\",\"publisher\":{\"@id\":\"https:\/\/pagina10.com\/web\/#organization\"},\"alternateName\":\"P\u00e1gina10 Peri\u00f3dico Regional\",\"potentialAction\":[{\"@type\":\"SearchAction\",\"target\":{\"@type\":\"EntryPoint\",\"urlTemplate\":\"https:\/\/pagina10.com\/web\/?s={search_term_string}\"},\"query-input\":{\"@type\":\"PropertyValueSpecification\",\"valueRequired\":true,\"valueName\":\"search_term_string\"}}],\"inLanguage\":\"es\"},{\"@type\":\"Organization\",\"@id\":\"https:\/\/pagina10.com\/web\/#organization\",\"name\":\"P\u00e1gina10\",\"alternateName\":\"P\u00e1gina10 Peri\u00f3dico Regional\",\"url\":\"https:\/\/pagina10.com\/web\/\",\"logo\":{\"@type\":\"ImageObject\",\"inLanguage\":\"es\",\"@id\":\"https:\/\/pagina10.com\/web\/#\/schema\/logo\/image\/\",\"url\":\"https:\/\/pagina10.com\/web\/wp-content\/uploads\/2024\/01\/40-pagina-10-periodico-regional-pasto.jpg\",\"contentUrl\":\"https:\/\/pagina10.com\/web\/wp-content\/uploads\/2024\/01\/40-pagina-10-periodico-regional-pasto.jpg\",\"width\":1280,\"height\":720,\"caption\":\"P\u00e1gina10\"},\"image\":{\"@id\":\"https:\/\/pagina10.com\/web\/#\/schema\/logo\/image\/\"},\"sameAs\":[\"https:\/\/www.facebook.com\/pag10com\",\"https:\/\/x.com\/Pag10com\",\"https:\/\/www.instagram.com\/pagina10col\/\",\"https:\/\/youtube.com\/channel\/pag10\",\"https:\/\/www.tiktok.com\/@p10col\"]},{\"@type\":\"Person\",\"@id\":\"https:\/\/pagina10.com\/web\/#\/schema\/person\/2efc4a090d25b667d3bc796798a3a81b\",\"name\":\"P\u00e1gina 10\",\"description\":\"P\u00e1gina 10 es un peri\u00f3dico regional que nace en Colombia, en el departamento de Nari\u00f1o, con un enfoque global, fundamentado en cuatro pilares esenciales: la libertad, el pluralismo, la inclusi\u00f3n y la independencia. P\u00e1gina 10 hace referencia a Nari\u00f1o como el d\u00e9cimo departamento creado en Colombia, despu\u00e9s de un proceso pol\u00edtico liderado por actores y actrices regionales con el fin de obtener la independencia y autonom\u00eda de nuestros territorios. Con la creaci\u00f3n de P\u00e1gina 10 se pretende abrir un escenario para el dialogo, la reflexi\u00f3n y el debate que se extienda a otras geograf\u00edas de Am\u00e9rica Latina y del planeta, en una apuesta por transformar colectivamente los desaf\u00edos de un mundo contempor\u00e1neo, m\u00e1s all\u00e1 de las fronteras impuestas.\",\"url\":\"https:\/\/pagina10.com\/web\/author\/pdiezadmin\/\"}]}<\/script>\n<!-- \/ Yoast SEO plugin. -->","yoast_head_json":{"title":"La Fiscal\u00eda solicita audiencia de preclusi\u00f3n en el caso de Uribe V\u00e9lez. | P\u00e1gina10","robots":{"index":"index","follow":"follow","max-snippet":"max-snippet:-1","max-image-preview":"max-image-preview:large","max-video-preview":"max-video-preview:-1"},"canonical":"https:\/\/pagina10.com\/web\/la-fiscalia-solicita-audiencia-de-preclusion-en-el-caso-de-uribe-velez\/","og_locale":"es_ES","og_type":"article","og_title":"La Fiscal\u00eda solicita audiencia de preclusi\u00f3n en el caso de Uribe V\u00e9lez. | P\u00e1gina10","og_description":"Por medio de un comunicado de opini\u00f3n p\u00fablica, la Fiscal\u00eda General de Naci\u00f3n dio a conocer hoy la decisi\u00f3n de solicitar ante la Corte Suprema de Justicia, audiencia de preclusi\u00f3n de la investigaci\u00f3n que se sigue en contra del exsenador \u00c1lvaro Uribe V\u00e9lez. De acuerdo al documento de la Fiscal\u00eda, la decisi\u00f3n se tom\u00f3 luego [&hellip;]","og_url":"https:\/\/pagina10.com\/web\/la-fiscalia-solicita-audiencia-de-preclusion-en-el-caso-de-uribe-velez\/","og_site_name":"P\u00e1gina10","article_publisher":"https:\/\/www.facebook.com\/pag10com","article_published_time":"2021-03-05T14:11:48+00:00","og_image":[{"width":1200,"height":675,"url":"https:\/\/pagina10.com\/web\/wp-content\/uploads\/2021\/03\/7OS3AFV7NBDIRAVCPRTRS2BROY.jpg","type":"image\/jpeg"}],"author":"P\u00e1gina 10","twitter_card":"summary_large_image","twitter_creator":"@Pag10com","twitter_site":"@Pag10com","twitter_misc":{"Escrito por":"P\u00e1gina 10","Tiempo de lectura":"2 minutos"},"schema":{"@context":"https:\/\/schema.org","@graph":[{"@type":"Article","@id":"https:\/\/pagina10.com\/web\/la-fiscalia-solicita-audiencia-de-preclusion-en-el-caso-de-uribe-velez\/#article","isPartOf":{"@id":"https:\/\/pagina10.com\/web\/la-fiscalia-solicita-audiencia-de-preclusion-en-el-caso-de-uribe-velez\/"},"author":{"name":"P\u00e1gina 10","@id":"https:\/\/pagina10.com\/web\/#\/schema\/person\/2efc4a090d25b667d3bc796798a3a81b"},"headline":"La Fiscal\u00eda solicita audiencia de preclusi\u00f3n en el caso de Uribe V\u00e9lez.","datePublished":"2021-03-05T14:11:48+00:00","mainEntityOfPage":{"@id":"https:\/\/pagina10.com\/web\/la-fiscalia-solicita-audiencia-de-preclusion-en-el-caso-de-uribe-velez\/"},"wordCount":374,"commentCount":0,"publisher":{"@id":"https:\/\/pagina10.com\/web\/#organization"},"image":{"@id":"https:\/\/pagina10.com\/web\/la-fiscalia-solicita-audiencia-de-preclusion-en-el-caso-de-uribe-velez\/#primaryimage"},"thumbnailUrl":"https:\/\/pagina10.com\/web\/wp-content\/uploads\/2021\/03\/7OS3AFV7NBDIRAVCPRTRS2BROY.jpg","articleSection":["Nacional"],"inLanguage":"es","potentialAction":[{"@type":"CommentAction","name":"Comment","target":["https:\/\/pagina10.com\/web\/la-fiscalia-solicita-audiencia-de-preclusion-en-el-caso-de-uribe-velez\/#respond"]}]},{"@type":"WebPage","@id":"https:\/\/pagina10.com\/web\/la-fiscalia-solicita-audiencia-de-preclusion-en-el-caso-de-uribe-velez\/","url":"https:\/\/pagina10.com\/web\/la-fiscalia-solicita-audiencia-de-preclusion-en-el-caso-de-uribe-velez\/","name":"La Fiscal\u00eda solicita audiencia de preclusi\u00f3n en el caso de Uribe V\u00e9lez. | P\u00e1gina10","isPartOf":{"@id":"https:\/\/pagina10.com\/web\/#website"},"primaryImageOfPage":{"@id":"https:\/\/pagina10.com\/web\/la-fiscalia-solicita-audiencia-de-preclusion-en-el-caso-de-uribe-velez\/#primaryimage"},"image":{"@id":"https:\/\/pagina10.com\/web\/la-fiscalia-solicita-audiencia-de-preclusion-en-el-caso-de-uribe-velez\/#primaryimage"},"thumbnailUrl":"https:\/\/pagina10.com\/web\/wp-content\/uploads\/2021\/03\/7OS3AFV7NBDIRAVCPRTRS2BROY.jpg","datePublished":"2021-03-05T14:11:48+00:00","breadcrumb":{"@id":"https:\/\/pagina10.com\/web\/la-fiscalia-solicita-audiencia-de-preclusion-en-el-caso-de-uribe-velez\/#breadcrumb"},"inLanguage":"es","potentialAction":[{"@type":"ReadAction","target":["https:\/\/pagina10.com\/web\/la-fiscalia-solicita-audiencia-de-preclusion-en-el-caso-de-uribe-velez\/"]}]},{"@type":"ImageObject","inLanguage":"es","@id":"https:\/\/pagina10.com\/web\/la-fiscalia-solicita-audiencia-de-preclusion-en-el-caso-de-uribe-velez\/#primaryimage","url":"https:\/\/pagina10.com\/web\/wp-content\/uploads\/2021\/03\/7OS3AFV7NBDIRAVCPRTRS2BROY.jpg","contentUrl":"https:\/\/pagina10.com\/web\/wp-content\/uploads\/2021\/03\/7OS3AFV7NBDIRAVCPRTRS2BROY.jpg","width":1200,"height":675},{"@type":"BreadcrumbList","@id":"https:\/\/pagina10.com\/web\/la-fiscalia-solicita-audiencia-de-preclusion-en-el-caso-de-uribe-velez\/#breadcrumb","itemListElement":[{"@type":"ListItem","position":1,"name":"Portada","item":"https:\/\/pagina10.com\/web\/"},{"@type":"ListItem","position":2,"name":"La Fiscal\u00eda solicita audiencia de preclusi\u00f3n en el caso de Uribe V\u00e9lez."}]},{"@type":"WebSite","@id":"https:\/\/pagina10.com\/web\/#website","url":"https:\/\/pagina10.com\/web\/","name":"P\u00e1gina10","description":"Peri\u00f3dico Regional","publisher":{"@id":"https:\/\/pagina10.com\/web\/#organization"},"alternateName":"P\u00e1gina10 Peri\u00f3dico Regional","potentialAction":[{"@type":"SearchAction","target":{"@type":"EntryPoint","urlTemplate":"https:\/\/pagina10.com\/web\/?s={search_term_string}"},"query-input":{"@type":"PropertyValueSpecification","valueRequired":true,"valueName":"search_term_string"}}],"inLanguage":"es"},{"@type":"Organization","@id":"https:\/\/pagina10.com\/web\/#organization","name":"P\u00e1gina10","alternateName":"P\u00e1gina10 Peri\u00f3dico Regional","url":"https:\/\/pagina10.com\/web\/","logo":{"@type":"ImageObject","inLanguage":"es","@id":"https:\/\/pagina10.com\/web\/#\/schema\/logo\/image\/","url":"https:\/\/pagina10.com\/web\/wp-content\/uploads\/2024\/01\/40-pagina-10-periodico-regional-pasto.jpg","contentUrl":"https:\/\/pagina10.com\/web\/wp-content\/uploads\/2024\/01\/40-pagina-10-periodico-regional-pasto.jpg","width":1280,"height":720,"caption":"P\u00e1gina10"},"image":{"@id":"https:\/\/pagina10.com\/web\/#\/schema\/logo\/image\/"},"sameAs":["https:\/\/www.facebook.com\/pag10com","https:\/\/x.com\/Pag10com","https:\/\/www.instagram.com\/pagina10col\/","https:\/\/youtube.com\/channel\/pag10","https:\/\/www.tiktok.com\/@p10col"]},{"@type":"Person","@id":"https:\/\/pagina10.com\/web\/#\/schema\/person\/2efc4a090d25b667d3bc796798a3a81b","name":"P\u00e1gina 10","description":"P\u00e1gina 10 es un peri\u00f3dico regional que nace en Colombia, en el departamento de Nari\u00f1o, con un enfoque global, fundamentado en cuatro pilares esenciales: la libertad, el pluralismo, la inclusi\u00f3n y la independencia. P\u00e1gina 10 hace referencia a Nari\u00f1o como el d\u00e9cimo departamento creado en Colombia, despu\u00e9s de un proceso pol\u00edtico liderado por actores y actrices regionales con el fin de obtener la independencia y autonom\u00eda de nuestros territorios. Con la creaci\u00f3n de P\u00e1gina 10 se pretende abrir un escenario para el dialogo, la reflexi\u00f3n y el debate que se extienda a otras geograf\u00edas de Am\u00e9rica Latina y del planeta, en una apuesta por transformar colectivamente los desaf\u00edos de un mundo contempor\u00e1neo, m\u00e1s all\u00e1 de las fronteras impuestas.","url":"https:\/\/pagina10.com\/web\/author\/pdiezadmin\/"}]}},"_links":{"self":[{"href":"https:\/\/pagina10.com\/web\/wp-json\/wp\/v2\/posts\/50977","targetHints":{"allow":["GET"]}}],"collection":[{"href":"https:\/\/pagina10.com\/web\/wp-json\/wp\/v2\/posts"}],"about":[{"href":"https:\/\/pagina10.com\/web\/wp-json\/wp\/v2\/types\/post"}],"author":[{"embeddable":true,"href":"https:\/\/pagina10.com\/web\/wp-json\/wp\/v2\/users\/1"}],"replies":[{"embeddable":true,"href":"https:\/\/pagina10.com\/web\/wp-json\/wp\/v2\/comments?post=50977"}],"version-history":[{"count":1,"href":"https:\/\/pagina10.com\/web\/wp-json\/wp\/v2\/posts\/50977\/revisions"}],"predecessor-version":[{"id":50979,"href":"https:\/\/pagina10.com\/web\/wp-json\/wp\/v2\/posts\/50977\/revisions\/50979"}],"wp:featuredmedia":[{"embeddable":true,"href":"https:\/\/pagina10.com\/web\/wp-json\/wp\/v2\/media\/50978"}],"wp:attachment":[{"href":"https:\/\/pagina10.com\/web\/wp-json\/wp\/v2\/media?parent=50977"}],"wp:term":[{"taxonomy":"category","embeddable":true,"href":"https:\/\/pagina10.com\/web\/wp-json\/wp\/v2\/categories?post=50977"},{"taxonomy":"post_tag","embeddable":true,"href":"https:\/\/pagina10.com\/web\/wp-json\/wp\/v2\/tags?post=50977"}],"curies":[{"name":"wp","href":"https:\/\/api.w.org\/{rel}","templated":true}]}}