{"id":50991,"date":"2021-03-05T17:40:15","date_gmt":"2021-03-05T22:40:15","guid":{"rendered":"https:\/\/pagina10.com\/web\/?p=50991"},"modified":"2021-03-05T17:40:15","modified_gmt":"2021-03-05T22:40:15","slug":"en-narino-inicia-la-temporada-de-lluvias-con-incidencia-del-fenomeno-de-la-nina","status":"publish","type":"post","link":"https:\/\/pagina10.com\/web\/en-narino-inicia-la-temporada-de-lluvias-con-incidencia-del-fenomeno-de-la-nina\/","title":{"rendered":"En Nari\u00f1o inicia la temporada de lluvias con incidencia del fen\u00f3meno de La Ni\u00f1a."},"content":{"rendered":"<p style=\"text-align: justify;\">Ante el incremento de lluvias, en las \u00faltimas horas se han registrado afectaciones en los municipios de Guaitarilla, San Bernardo, La Uni\u00f3n, San Pedro de Cartago, Taminango y Arboleda. A trav\u00e9s de los Consejos Municipales de Gesti\u00f3n del Riesgo de Desastres se est\u00e1n evaluando las afectaciones.<\/p>\n<p style=\"text-align: justify;\">Desde la Administraci\u00f3n Departamental, a trav\u00e9s de La Direcci\u00f3n de Gesti\u00f3n del Riesgo de Desastres se ha emitido la circular 010-21 en la que se hace el llamado a alcaldes y alcaldesas para activar los planes de contingencia por lluvias, realizar seguimiento y monitoreo a las zonas donde hist\u00f3ricamente se registran inundaciones, deslizamientos y avenidas torrenciales.<br \/>\nAdem\u00e1s, la Gobernaci\u00f3n de Nari\u00f1o cuenta con una central de comunicaciones donde monitorea los 64 municipios, con el fin de dar una respuesta oportuna y para proteger la vida de los nari\u00f1enses.<\/p>\n<div style=\"text-align: justify;\">\nInvitamos a la comunidad a acoger las siguientes recomendaciones en defensa de la seguridad y la vida:<\/p>\n<p>1. Realizar mantenimiento preventivo a los sistemas de recolecci\u00f3n de aguas lluvias.<br \/>\n2. Asegurar el techo, tejas, l\u00e1minas de zinc y objetos que puedan ser arrastrados por la fuerza de vientos intensos asociados a la temporada de lluvias.<br \/>\n3. Revisar, ajustar, cambiar y limpiar techos, canales y canaletas para evitar inundaciones en las viviendas.<br \/>\n4. No desviar, ni taponar ca\u00f1os o desag\u00fces.<br \/>\n5. Evitar botar troncos y materiales, que puedan taponar lechos y r\u00edos.<br \/>\n6. Identificar los n\u00fameros de emergencia del Municipio: Bomberos, Defensa Civil, Polic\u00eda Nacional, Consejo Municipal de Gesti\u00f3n del Riesgo.<br \/>\n7. Tener un Plan Familiar de Emergencias en el que todos sepamos que hacer e incluir un Kit de emergencia que contenga los elementos necesarios para proteger la vida.<br \/>\n8. No invadir zonas cerca de cauces de r\u00edos, laderas o sitios con fallas.<br \/>\n9. Incluir a los animales en el Plan Familiar de Gesti\u00f3n del Riesgo. Tomar las medidas necesarias para protegerlos de las amenazas y riesgos.<br \/>\n10. Estar pendiente de tormentas el\u00e9ctricas, evitar estar en un campo abierto y apagar los equipos electr\u00f3nicos.<br \/>\n11. Evitar salir de paseo a r\u00edos o quebradas en la temporada de lluvias, estar atento al cauce y si hay sonidos fuertes alejarse, ya que pueden presentarse crecientes s\u00fabitos por incremento en lluvias.<\/p><\/div>\n<div><\/div>\n<div style=\"text-align: justify;\">En las v\u00edas del departamento:<br \/>\n1. Evitar conducir cuando est\u00e1 lloviendo, pues se disminuye la visibilidad e incrementa el riesgo de accidentes.<br \/>\n2. S\u00ed se observan afectaciones viales por movimientos en masa, comunicarse inmediatamente a las l\u00edneas: Polic\u00eda de Tr\u00e1nsito y Transporte #767, Polic\u00eda Nacional y Bomberos<\/div>\n<div><\/div>\n<div style=\"text-align: justify;\">Para agricultores y ganaderos:<br \/>\n1. Aprovechar la temporada de lluvias para almacenar agua y darle un uso adecuado en los siguientes meses.<br \/>\n2.Tener en cuenta el aumento de la oferta h\u00eddrica y la probabilidad de anegamientos en \u00e1reas de bajo drenaje.<br \/>\n3.Programarse ante el desarrollo de plagas y enfermedades propias de la temporada de lluvias.<br \/>\n4. Identificar \u00e1reas alternas para el pastoreo y la implementaci\u00f3n de cultivos resistentes a fen\u00f3menos meteorol\u00f3gicos extremos que pueden presentarse en el Departamento.<\/div>\n","protected":false},"excerpt":{"rendered":"<p>Ante el incremento de lluvias, en las \u00faltimas horas se han registrado afectaciones en los municipios de Guaitarilla, San Bernardo, La Uni\u00f3n, San Pedro de Cartago, Taminango y Arboleda. A trav\u00e9s de los Consejos Municipales de Gesti\u00f3n del Riesgo de Desastres se est\u00e1n evaluando las afectaciones. Desde la Administraci\u00f3n Departamental, a trav\u00e9s de La Direcci\u00f3n [&hellip;]<\/p>\n","protected":false},"author":1,"featured_media":50992,"comment_status":"open","ping_status":"open","sticky":false,"template":"","format":"standard","meta":{"footnotes":""},"categories":[53],"tags":[],"class_list":["post-50991","post","type-post","status-publish","format-standard","has-post-thumbnail","hentry","category-regiones"],"yoast_head":"<!-- This site is optimized with the Yoast SEO plugin v27.1.1 - https:\/\/yoast.com\/product\/yoast-seo-wordpress\/ -->\n<title>En Nari\u00f1o inicia la temporada de lluvias con incidencia del fen\u00f3meno de La Ni\u00f1a. | P\u00e1gina10<\/title>\n<meta name=\"robots\" content=\"index, follow, max-snippet:-1, max-image-preview:large, max-video-preview:-1\" \/>\n<link rel=\"canonical\" href=\"https:\/\/pagina10.com\/web\/en-narino-inicia-la-temporada-de-lluvias-con-incidencia-del-fenomeno-de-la-nina\/\" \/>\n<meta property=\"og:locale\" content=\"es_ES\" \/>\n<meta property=\"og:type\" content=\"article\" \/>\n<meta property=\"og:title\" content=\"En Nari\u00f1o inicia la temporada de lluvias con incidencia del fen\u00f3meno de La Ni\u00f1a. | P\u00e1gina10\" \/>\n<meta property=\"og:description\" content=\"Ante el incremento de lluvias, en las \u00faltimas horas se han registrado afectaciones en los municipios de Guaitarilla, San Bernardo, La Uni\u00f3n, San Pedro de Cartago, Taminango y Arboleda. A trav\u00e9s de los Consejos Municipales de Gesti\u00f3n del Riesgo de Desastres se est\u00e1n evaluando las afectaciones. Desde la Administraci\u00f3n Departamental, a trav\u00e9s de La Direcci\u00f3n [&hellip;]\" \/>\n<meta property=\"og:url\" content=\"https:\/\/pagina10.com\/web\/en-narino-inicia-la-temporada-de-lluvias-con-incidencia-del-fenomeno-de-la-nina\/\" \/>\n<meta property=\"og:site_name\" content=\"P\u00e1gina10\" \/>\n<meta property=\"article:publisher\" content=\"https:\/\/www.facebook.com\/pag10com\" \/>\n<meta property=\"article:published_time\" content=\"2021-03-05T22:40:15+00:00\" \/>\n<meta property=\"og:image\" content=\"https:\/\/pagina10.com\/web\/wp-content\/uploads\/2021\/03\/Captura-de-pantalla-63.png\" \/>\n\t<meta property=\"og:image:width\" content=\"786\" \/>\n\t<meta property=\"og:image:height\" content=\"430\" \/>\n\t<meta property=\"og:image:type\" content=\"image\/png\" \/>\n<meta name=\"author\" content=\"P\u00e1gina 10\" \/>\n<meta name=\"twitter:card\" content=\"summary_large_image\" \/>\n<meta name=\"twitter:creator\" content=\"@Pag10com\" \/>\n<meta name=\"twitter:site\" content=\"@Pag10com\" \/>\n<meta name=\"twitter:label1\" content=\"Escrito por\" \/>\n\t<meta name=\"twitter:data1\" content=\"P\u00e1gina 10\" \/>\n\t<meta name=\"twitter:label2\" content=\"Tiempo de lectura\" \/>\n\t<meta name=\"twitter:data2\" content=\"3 minutos\" \/>\n<script type=\"application\/ld+json\" class=\"yoast-schema-graph\">{\"@context\":\"https:\/\/schema.org\",\"@graph\":[{\"@type\":\"Article\",\"@id\":\"https:\/\/pagina10.com\/web\/en-narino-inicia-la-temporada-de-lluvias-con-incidencia-del-fenomeno-de-la-nina\/#article\",\"isPartOf\":{\"@id\":\"https:\/\/pagina10.com\/web\/en-narino-inicia-la-temporada-de-lluvias-con-incidencia-del-fenomeno-de-la-nina\/\"},\"author\":{\"name\":\"P\u00e1gina 10\",\"@id\":\"https:\/\/pagina10.com\/web\/#\/schema\/person\/2efc4a090d25b667d3bc796798a3a81b\"},\"headline\":\"En Nari\u00f1o inicia la temporada de lluvias con incidencia del fen\u00f3meno de La Ni\u00f1a.\",\"datePublished\":\"2021-03-05T22:40:15+00:00\",\"mainEntityOfPage\":{\"@id\":\"https:\/\/pagina10.com\/web\/en-narino-inicia-la-temporada-de-lluvias-con-incidencia-del-fenomeno-de-la-nina\/\"},\"wordCount\":523,\"commentCount\":0,\"publisher\":{\"@id\":\"https:\/\/pagina10.com\/web\/#organization\"},\"image\":{\"@id\":\"https:\/\/pagina10.com\/web\/en-narino-inicia-la-temporada-de-lluvias-con-incidencia-del-fenomeno-de-la-nina\/#primaryimage\"},\"thumbnailUrl\":\"https:\/\/pagina10.com\/web\/wp-content\/uploads\/2021\/03\/Captura-de-pantalla-63.png\",\"articleSection\":[\"Regiones\"],\"inLanguage\":\"es\",\"potentialAction\":[{\"@type\":\"CommentAction\",\"name\":\"Comment\",\"target\":[\"https:\/\/pagina10.com\/web\/en-narino-inicia-la-temporada-de-lluvias-con-incidencia-del-fenomeno-de-la-nina\/#respond\"]}]},{\"@type\":\"WebPage\",\"@id\":\"https:\/\/pagina10.com\/web\/en-narino-inicia-la-temporada-de-lluvias-con-incidencia-del-fenomeno-de-la-nina\/\",\"url\":\"https:\/\/pagina10.com\/web\/en-narino-inicia-la-temporada-de-lluvias-con-incidencia-del-fenomeno-de-la-nina\/\",\"name\":\"En Nari\u00f1o inicia la temporada de lluvias con incidencia del fen\u00f3meno de La Ni\u00f1a. | P\u00e1gina10\",\"isPartOf\":{\"@id\":\"https:\/\/pagina10.com\/web\/#website\"},\"primaryImageOfPage\":{\"@id\":\"https:\/\/pagina10.com\/web\/en-narino-inicia-la-temporada-de-lluvias-con-incidencia-del-fenomeno-de-la-nina\/#primaryimage\"},\"image\":{\"@id\":\"https:\/\/pagina10.com\/web\/en-narino-inicia-la-temporada-de-lluvias-con-incidencia-del-fenomeno-de-la-nina\/#primaryimage\"},\"thumbnailUrl\":\"https:\/\/pagina10.com\/web\/wp-content\/uploads\/2021\/03\/Captura-de-pantalla-63.png\",\"datePublished\":\"2021-03-05T22:40:15+00:00\",\"breadcrumb\":{\"@id\":\"https:\/\/pagina10.com\/web\/en-narino-inicia-la-temporada-de-lluvias-con-incidencia-del-fenomeno-de-la-nina\/#breadcrumb\"},\"inLanguage\":\"es\",\"potentialAction\":[{\"@type\":\"ReadAction\",\"target\":[\"https:\/\/pagina10.com\/web\/en-narino-inicia-la-temporada-de-lluvias-con-incidencia-del-fenomeno-de-la-nina\/\"]}]},{\"@type\":\"ImageObject\",\"inLanguage\":\"es\",\"@id\":\"https:\/\/pagina10.com\/web\/en-narino-inicia-la-temporada-de-lluvias-con-incidencia-del-fenomeno-de-la-nina\/#primaryimage\",\"url\":\"https:\/\/pagina10.com\/web\/wp-content\/uploads\/2021\/03\/Captura-de-pantalla-63.png\",\"contentUrl\":\"https:\/\/pagina10.com\/web\/wp-content\/uploads\/2021\/03\/Captura-de-pantalla-63.png\",\"width\":786,\"height\":430},{\"@type\":\"BreadcrumbList\",\"@id\":\"https:\/\/pagina10.com\/web\/en-narino-inicia-la-temporada-de-lluvias-con-incidencia-del-fenomeno-de-la-nina\/#breadcrumb\",\"itemListElement\":[{\"@type\":\"ListItem\",\"position\":1,\"name\":\"Portada\",\"item\":\"https:\/\/pagina10.com\/web\/\"},{\"@type\":\"ListItem\",\"position\":2,\"name\":\"En Nari\u00f1o inicia la temporada de lluvias con incidencia del fen\u00f3meno de La Ni\u00f1a.\"}]},{\"@type\":\"WebSite\",\"@id\":\"https:\/\/pagina10.com\/web\/#website\",\"url\":\"https:\/\/pagina10.com\/web\/\",\"name\":\"P\u00e1gina10\",\"description\":\"Peri\u00f3dico Regional\",\"publisher\":{\"@id\":\"https:\/\/pagina10.com\/web\/#organization\"},\"alternateName\":\"P\u00e1gina10 Peri\u00f3dico Regional\",\"potentialAction\":[{\"@type\":\"SearchAction\",\"target\":{\"@type\":\"EntryPoint\",\"urlTemplate\":\"https:\/\/pagina10.com\/web\/?s={search_term_string}\"},\"query-input\":{\"@type\":\"PropertyValueSpecification\",\"valueRequired\":true,\"valueName\":\"search_term_string\"}}],\"inLanguage\":\"es\"},{\"@type\":\"Organization\",\"@id\":\"https:\/\/pagina10.com\/web\/#organization\",\"name\":\"P\u00e1gina10\",\"alternateName\":\"P\u00e1gina10 Peri\u00f3dico Regional\",\"url\":\"https:\/\/pagina10.com\/web\/\",\"logo\":{\"@type\":\"ImageObject\",\"inLanguage\":\"es\",\"@id\":\"https:\/\/pagina10.com\/web\/#\/schema\/logo\/image\/\",\"url\":\"https:\/\/pagina10.com\/web\/wp-content\/uploads\/2024\/01\/40-pagina-10-periodico-regional-pasto.jpg\",\"contentUrl\":\"https:\/\/pagina10.com\/web\/wp-content\/uploads\/2024\/01\/40-pagina-10-periodico-regional-pasto.jpg\",\"width\":1280,\"height\":720,\"caption\":\"P\u00e1gina10\"},\"image\":{\"@id\":\"https:\/\/pagina10.com\/web\/#\/schema\/logo\/image\/\"},\"sameAs\":[\"https:\/\/www.facebook.com\/pag10com\",\"https:\/\/x.com\/Pag10com\",\"https:\/\/www.instagram.com\/pagina10col\/\",\"https:\/\/youtube.com\/channel\/pag10\",\"https:\/\/www.tiktok.com\/@p10col\"]},{\"@type\":\"Person\",\"@id\":\"https:\/\/pagina10.com\/web\/#\/schema\/person\/2efc4a090d25b667d3bc796798a3a81b\",\"name\":\"P\u00e1gina 10\",\"description\":\"P\u00e1gina 10 es un peri\u00f3dico regional que nace en Colombia, en el departamento de Nari\u00f1o, con un enfoque global, fundamentado en cuatro pilares esenciales: la libertad, el pluralismo, la inclusi\u00f3n y la independencia. P\u00e1gina 10 hace referencia a Nari\u00f1o como el d\u00e9cimo departamento creado en Colombia, despu\u00e9s de un proceso pol\u00edtico liderado por actores y actrices regionales con el fin de obtener la independencia y autonom\u00eda de nuestros territorios. Con la creaci\u00f3n de P\u00e1gina 10 se pretende abrir un escenario para el dialogo, la reflexi\u00f3n y el debate que se extienda a otras geograf\u00edas de Am\u00e9rica Latina y del planeta, en una apuesta por transformar colectivamente los desaf\u00edos de un mundo contempor\u00e1neo, m\u00e1s all\u00e1 de las fronteras impuestas.\",\"url\":\"https:\/\/pagina10.com\/web\/author\/pdiezadmin\/\"}]}<\/script>\n<!-- \/ Yoast SEO plugin. -->","yoast_head_json":{"title":"En Nari\u00f1o inicia la temporada de lluvias con incidencia del fen\u00f3meno de La Ni\u00f1a. | P\u00e1gina10","robots":{"index":"index","follow":"follow","max-snippet":"max-snippet:-1","max-image-preview":"max-image-preview:large","max-video-preview":"max-video-preview:-1"},"canonical":"https:\/\/pagina10.com\/web\/en-narino-inicia-la-temporada-de-lluvias-con-incidencia-del-fenomeno-de-la-nina\/","og_locale":"es_ES","og_type":"article","og_title":"En Nari\u00f1o inicia la temporada de lluvias con incidencia del fen\u00f3meno de La Ni\u00f1a. | P\u00e1gina10","og_description":"Ante el incremento de lluvias, en las \u00faltimas horas se han registrado afectaciones en los municipios de Guaitarilla, San Bernardo, La Uni\u00f3n, San Pedro de Cartago, Taminango y Arboleda. A trav\u00e9s de los Consejos Municipales de Gesti\u00f3n del Riesgo de Desastres se est\u00e1n evaluando las afectaciones. Desde la Administraci\u00f3n Departamental, a trav\u00e9s de La Direcci\u00f3n [&hellip;]","og_url":"https:\/\/pagina10.com\/web\/en-narino-inicia-la-temporada-de-lluvias-con-incidencia-del-fenomeno-de-la-nina\/","og_site_name":"P\u00e1gina10","article_publisher":"https:\/\/www.facebook.com\/pag10com","article_published_time":"2021-03-05T22:40:15+00:00","og_image":[{"width":786,"height":430,"url":"https:\/\/pagina10.com\/web\/wp-content\/uploads\/2021\/03\/Captura-de-pantalla-63.png","type":"image\/png"}],"author":"P\u00e1gina 10","twitter_card":"summary_large_image","twitter_creator":"@Pag10com","twitter_site":"@Pag10com","twitter_misc":{"Escrito por":"P\u00e1gina 10","Tiempo de lectura":"3 minutos"},"schema":{"@context":"https:\/\/schema.org","@graph":[{"@type":"Article","@id":"https:\/\/pagina10.com\/web\/en-narino-inicia-la-temporada-de-lluvias-con-incidencia-del-fenomeno-de-la-nina\/#article","isPartOf":{"@id":"https:\/\/pagina10.com\/web\/en-narino-inicia-la-temporada-de-lluvias-con-incidencia-del-fenomeno-de-la-nina\/"},"author":{"name":"P\u00e1gina 10","@id":"https:\/\/pagina10.com\/web\/#\/schema\/person\/2efc4a090d25b667d3bc796798a3a81b"},"headline":"En Nari\u00f1o inicia la temporada de lluvias con incidencia del fen\u00f3meno de La Ni\u00f1a.","datePublished":"2021-03-05T22:40:15+00:00","mainEntityOfPage":{"@id":"https:\/\/pagina10.com\/web\/en-narino-inicia-la-temporada-de-lluvias-con-incidencia-del-fenomeno-de-la-nina\/"},"wordCount":523,"commentCount":0,"publisher":{"@id":"https:\/\/pagina10.com\/web\/#organization"},"image":{"@id":"https:\/\/pagina10.com\/web\/en-narino-inicia-la-temporada-de-lluvias-con-incidencia-del-fenomeno-de-la-nina\/#primaryimage"},"thumbnailUrl":"https:\/\/pagina10.com\/web\/wp-content\/uploads\/2021\/03\/Captura-de-pantalla-63.png","articleSection":["Regiones"],"inLanguage":"es","potentialAction":[{"@type":"CommentAction","name":"Comment","target":["https:\/\/pagina10.com\/web\/en-narino-inicia-la-temporada-de-lluvias-con-incidencia-del-fenomeno-de-la-nina\/#respond"]}]},{"@type":"WebPage","@id":"https:\/\/pagina10.com\/web\/en-narino-inicia-la-temporada-de-lluvias-con-incidencia-del-fenomeno-de-la-nina\/","url":"https:\/\/pagina10.com\/web\/en-narino-inicia-la-temporada-de-lluvias-con-incidencia-del-fenomeno-de-la-nina\/","name":"En Nari\u00f1o inicia la temporada de lluvias con incidencia del fen\u00f3meno de La Ni\u00f1a. | P\u00e1gina10","isPartOf":{"@id":"https:\/\/pagina10.com\/web\/#website"},"primaryImageOfPage":{"@id":"https:\/\/pagina10.com\/web\/en-narino-inicia-la-temporada-de-lluvias-con-incidencia-del-fenomeno-de-la-nina\/#primaryimage"},"image":{"@id":"https:\/\/pagina10.com\/web\/en-narino-inicia-la-temporada-de-lluvias-con-incidencia-del-fenomeno-de-la-nina\/#primaryimage"},"thumbnailUrl":"https:\/\/pagina10.com\/web\/wp-content\/uploads\/2021\/03\/Captura-de-pantalla-63.png","datePublished":"2021-03-05T22:40:15+00:00","breadcrumb":{"@id":"https:\/\/pagina10.com\/web\/en-narino-inicia-la-temporada-de-lluvias-con-incidencia-del-fenomeno-de-la-nina\/#breadcrumb"},"inLanguage":"es","potentialAction":[{"@type":"ReadAction","target":["https:\/\/pagina10.com\/web\/en-narino-inicia-la-temporada-de-lluvias-con-incidencia-del-fenomeno-de-la-nina\/"]}]},{"@type":"ImageObject","inLanguage":"es","@id":"https:\/\/pagina10.com\/web\/en-narino-inicia-la-temporada-de-lluvias-con-incidencia-del-fenomeno-de-la-nina\/#primaryimage","url":"https:\/\/pagina10.com\/web\/wp-content\/uploads\/2021\/03\/Captura-de-pantalla-63.png","contentUrl":"https:\/\/pagina10.com\/web\/wp-content\/uploads\/2021\/03\/Captura-de-pantalla-63.png","width":786,"height":430},{"@type":"BreadcrumbList","@id":"https:\/\/pagina10.com\/web\/en-narino-inicia-la-temporada-de-lluvias-con-incidencia-del-fenomeno-de-la-nina\/#breadcrumb","itemListElement":[{"@type":"ListItem","position":1,"name":"Portada","item":"https:\/\/pagina10.com\/web\/"},{"@type":"ListItem","position":2,"name":"En Nari\u00f1o inicia la temporada de lluvias con incidencia del fen\u00f3meno de La Ni\u00f1a."}]},{"@type":"WebSite","@id":"https:\/\/pagina10.com\/web\/#website","url":"https:\/\/pagina10.com\/web\/","name":"P\u00e1gina10","description":"Peri\u00f3dico Regional","publisher":{"@id":"https:\/\/pagina10.com\/web\/#organization"},"alternateName":"P\u00e1gina10 Peri\u00f3dico Regional","potentialAction":[{"@type":"SearchAction","target":{"@type":"EntryPoint","urlTemplate":"https:\/\/pagina10.com\/web\/?s={search_term_string}"},"query-input":{"@type":"PropertyValueSpecification","valueRequired":true,"valueName":"search_term_string"}}],"inLanguage":"es"},{"@type":"Organization","@id":"https:\/\/pagina10.com\/web\/#organization","name":"P\u00e1gina10","alternateName":"P\u00e1gina10 Peri\u00f3dico Regional","url":"https:\/\/pagina10.com\/web\/","logo":{"@type":"ImageObject","inLanguage":"es","@id":"https:\/\/pagina10.com\/web\/#\/schema\/logo\/image\/","url":"https:\/\/pagina10.com\/web\/wp-content\/uploads\/2024\/01\/40-pagina-10-periodico-regional-pasto.jpg","contentUrl":"https:\/\/pagina10.com\/web\/wp-content\/uploads\/2024\/01\/40-pagina-10-periodico-regional-pasto.jpg","width":1280,"height":720,"caption":"P\u00e1gina10"},"image":{"@id":"https:\/\/pagina10.com\/web\/#\/schema\/logo\/image\/"},"sameAs":["https:\/\/www.facebook.com\/pag10com","https:\/\/x.com\/Pag10com","https:\/\/www.instagram.com\/pagina10col\/","https:\/\/youtube.com\/channel\/pag10","https:\/\/www.tiktok.com\/@p10col"]},{"@type":"Person","@id":"https:\/\/pagina10.com\/web\/#\/schema\/person\/2efc4a090d25b667d3bc796798a3a81b","name":"P\u00e1gina 10","description":"P\u00e1gina 10 es un peri\u00f3dico regional que nace en Colombia, en el departamento de Nari\u00f1o, con un enfoque global, fundamentado en cuatro pilares esenciales: la libertad, el pluralismo, la inclusi\u00f3n y la independencia. P\u00e1gina 10 hace referencia a Nari\u00f1o como el d\u00e9cimo departamento creado en Colombia, despu\u00e9s de un proceso pol\u00edtico liderado por actores y actrices regionales con el fin de obtener la independencia y autonom\u00eda de nuestros territorios. Con la creaci\u00f3n de P\u00e1gina 10 se pretende abrir un escenario para el dialogo, la reflexi\u00f3n y el debate que se extienda a otras geograf\u00edas de Am\u00e9rica Latina y del planeta, en una apuesta por transformar colectivamente los desaf\u00edos de un mundo contempor\u00e1neo, m\u00e1s all\u00e1 de las fronteras impuestas.","url":"https:\/\/pagina10.com\/web\/author\/pdiezadmin\/"}]}},"_links":{"self":[{"href":"https:\/\/pagina10.com\/web\/wp-json\/wp\/v2\/posts\/50991","targetHints":{"allow":["GET"]}}],"collection":[{"href":"https:\/\/pagina10.com\/web\/wp-json\/wp\/v2\/posts"}],"about":[{"href":"https:\/\/pagina10.com\/web\/wp-json\/wp\/v2\/types\/post"}],"author":[{"embeddable":true,"href":"https:\/\/pagina10.com\/web\/wp-json\/wp\/v2\/users\/1"}],"replies":[{"embeddable":true,"href":"https:\/\/pagina10.com\/web\/wp-json\/wp\/v2\/comments?post=50991"}],"version-history":[{"count":1,"href":"https:\/\/pagina10.com\/web\/wp-json\/wp\/v2\/posts\/50991\/revisions"}],"predecessor-version":[{"id":50993,"href":"https:\/\/pagina10.com\/web\/wp-json\/wp\/v2\/posts\/50991\/revisions\/50993"}],"wp:featuredmedia":[{"embeddable":true,"href":"https:\/\/pagina10.com\/web\/wp-json\/wp\/v2\/media\/50992"}],"wp:attachment":[{"href":"https:\/\/pagina10.com\/web\/wp-json\/wp\/v2\/media?parent=50991"}],"wp:term":[{"taxonomy":"category","embeddable":true,"href":"https:\/\/pagina10.com\/web\/wp-json\/wp\/v2\/categories?post=50991"},{"taxonomy":"post_tag","embeddable":true,"href":"https:\/\/pagina10.com\/web\/wp-json\/wp\/v2\/tags?post=50991"}],"curies":[{"name":"wp","href":"https:\/\/api.w.org\/{rel}","templated":true}]}}