{"id":51004,"date":"2021-03-06T12:53:37","date_gmt":"2021-03-06T17:53:37","guid":{"rendered":"https:\/\/pagina10.com\/web\/?p=51004"},"modified":"2021-03-06T12:55:22","modified_gmt":"2021-03-06T17:55:22","slug":"a-la-espera-de-la-apertura-de-la-frontera-con-el-ecuador","status":"publish","type":"post","link":"https:\/\/pagina10.com\/web\/a-la-espera-de-la-apertura-de-la-frontera-con-el-ecuador\/","title":{"rendered":"A la espera de la apertura de la frontera con el Ecuador."},"content":{"rendered":"<p style=\"text-align: justify;\">La prolongaci\u00f3n hasta el 31 de mayo del nuevo decreto de Orden P\u00fablico, que estableci\u00f3 el cierre de las fronteras terrestres y fluviales con el vecino pa\u00eds del Ecuador, ha generado sin lugar a dudas, el descontento en los sectores comerciales de ambos pa\u00edses, que esperaban una reapertura que permita el transporte normal de personas, veh\u00edculos y mercanc\u00edas en la frontera.<\/p>\n<p style=\"text-align: justify;\">El d\u00eda de hoy el viceministro de Desarrollo Empresarial, Sa\u00fal Pineda, se manifest\u00f3 al respecto y se\u00f1al\u00f3 que entre el presidente de Colombia y Ecuador ha existido la voluntad de avanzar en un Plan de Acci\u00f3n que en su momento los dos presidentes hab\u00edan delineado pero que la coyuntura electoral que se vive en el vecino pa\u00eds del Ecuador no ha permitido avanzar efectivamente como se quisiera.<\/p>\n<p style=\"text-align: justify;\">El viceministro, precis\u00f3 que aunque se han encontrado algunas dificultades, \u201ctenemos la convicci\u00f3n de que efectivamente una vez superado esa coyuntura electoral se van a habilitar las condiciones para que entre abril y junio se vuelva a reactivar ese plan de acci\u00f3n en el entendido de que se d\u00e9 definitivamente la apertura de esa frontera\u201d.<\/p>\n<p style=\"text-align: justify;\">Puntualiz\u00f3 finalmente, que la ventaja que ha encontrado hoy por hoy, el comercio entre los dos pa\u00edses, es que el \u201ctransporte de carga est\u00e1 habilitado y de esa manera se garantizan que el flujo de comercio entre los dos pa\u00edses contin\u00fae por lo menos desde esta perspectiva\u201d.<\/p>\n","protected":false},"excerpt":{"rendered":"<p>La prolongaci\u00f3n hasta el 31 de mayo del nuevo decreto de Orden P\u00fablico, que estableci\u00f3 el cierre de las fronteras terrestres y fluviales con el vecino pa\u00eds del Ecuador, ha generado sin lugar a dudas, el descontento en los sectores comerciales de ambos pa\u00edses, que esperaban una reapertura que permita el transporte normal de personas, [&hellip;]<\/p>\n","protected":false},"author":1,"featured_media":50808,"comment_status":"open","ping_status":"open","sticky":false,"template":"","format":"standard","meta":{"footnotes":""},"categories":[53],"tags":[],"class_list":["post-51004","post","type-post","status-publish","format-standard","has-post-thumbnail","hentry","category-regiones"],"yoast_head":"<!-- This site is optimized with the Yoast SEO plugin v27.1.1 - https:\/\/yoast.com\/product\/yoast-seo-wordpress\/ -->\n<title>A la espera de la apertura de la frontera con el Ecuador. | P\u00e1gina10<\/title>\n<meta name=\"robots\" content=\"index, follow, max-snippet:-1, max-image-preview:large, max-video-preview:-1\" \/>\n<link rel=\"canonical\" href=\"https:\/\/pagina10.com\/web\/a-la-espera-de-la-apertura-de-la-frontera-con-el-ecuador\/\" \/>\n<meta property=\"og:locale\" content=\"es_ES\" \/>\n<meta property=\"og:type\" content=\"article\" \/>\n<meta property=\"og:title\" content=\"A la espera de la apertura de la frontera con el Ecuador. | P\u00e1gina10\" \/>\n<meta property=\"og:description\" content=\"La prolongaci\u00f3n hasta el 31 de mayo del nuevo decreto de Orden P\u00fablico, que estableci\u00f3 el cierre de las fronteras terrestres y fluviales con el vecino pa\u00eds del Ecuador, ha generado sin lugar a dudas, el descontento en los sectores comerciales de ambos pa\u00edses, que esperaban una reapertura que permita el transporte normal de personas, [&hellip;]\" \/>\n<meta property=\"og:url\" content=\"https:\/\/pagina10.com\/web\/a-la-espera-de-la-apertura-de-la-frontera-con-el-ecuador\/\" \/>\n<meta property=\"og:site_name\" content=\"P\u00e1gina10\" \/>\n<meta property=\"article:publisher\" content=\"https:\/\/www.facebook.com\/pag10com\" \/>\n<meta property=\"article:published_time\" content=\"2021-03-06T17:53:37+00:00\" \/>\n<meta property=\"article:modified_time\" content=\"2021-03-06T17:55:22+00:00\" \/>\n<meta property=\"og:image\" content=\"https:\/\/pagina10.com\/web\/wp-content\/uploads\/2021\/02\/Frontera-Ecuador-Colombia-Puente-Rumichaca.jpg\" \/>\n\t<meta property=\"og:image:width\" content=\"1200\" \/>\n\t<meta property=\"og:image:height\" content=\"675\" \/>\n\t<meta property=\"og:image:type\" content=\"image\/jpeg\" \/>\n<meta name=\"author\" content=\"P\u00e1gina 10\" \/>\n<meta name=\"twitter:card\" content=\"summary_large_image\" \/>\n<meta name=\"twitter:creator\" content=\"@Pag10com\" \/>\n<meta name=\"twitter:site\" content=\"@Pag10com\" \/>\n<meta name=\"twitter:label1\" content=\"Escrito por\" \/>\n\t<meta name=\"twitter:data1\" content=\"P\u00e1gina 10\" \/>\n\t<meta name=\"twitter:label2\" content=\"Tiempo de lectura\" \/>\n\t<meta name=\"twitter:data2\" content=\"1 minuto\" \/>\n<script type=\"application\/ld+json\" class=\"yoast-schema-graph\">{\"@context\":\"https:\/\/schema.org\",\"@graph\":[{\"@type\":\"Article\",\"@id\":\"https:\/\/pagina10.com\/web\/a-la-espera-de-la-apertura-de-la-frontera-con-el-ecuador\/#article\",\"isPartOf\":{\"@id\":\"https:\/\/pagina10.com\/web\/a-la-espera-de-la-apertura-de-la-frontera-con-el-ecuador\/\"},\"author\":{\"name\":\"P\u00e1gina 10\",\"@id\":\"https:\/\/pagina10.com\/web\/#\/schema\/person\/2efc4a090d25b667d3bc796798a3a81b\"},\"headline\":\"A la espera de la apertura de la frontera con el Ecuador.\",\"datePublished\":\"2021-03-06T17:53:37+00:00\",\"dateModified\":\"2021-03-06T17:55:22+00:00\",\"mainEntityOfPage\":{\"@id\":\"https:\/\/pagina10.com\/web\/a-la-espera-de-la-apertura-de-la-frontera-con-el-ecuador\/\"},\"wordCount\":258,\"commentCount\":0,\"publisher\":{\"@id\":\"https:\/\/pagina10.com\/web\/#organization\"},\"image\":{\"@id\":\"https:\/\/pagina10.com\/web\/a-la-espera-de-la-apertura-de-la-frontera-con-el-ecuador\/#primaryimage\"},\"thumbnailUrl\":\"https:\/\/pagina10.com\/web\/wp-content\/uploads\/2021\/02\/Frontera-Ecuador-Colombia-Puente-Rumichaca.jpg\",\"articleSection\":[\"Regiones\"],\"inLanguage\":\"es\",\"potentialAction\":[{\"@type\":\"CommentAction\",\"name\":\"Comment\",\"target\":[\"https:\/\/pagina10.com\/web\/a-la-espera-de-la-apertura-de-la-frontera-con-el-ecuador\/#respond\"]}]},{\"@type\":\"WebPage\",\"@id\":\"https:\/\/pagina10.com\/web\/a-la-espera-de-la-apertura-de-la-frontera-con-el-ecuador\/\",\"url\":\"https:\/\/pagina10.com\/web\/a-la-espera-de-la-apertura-de-la-frontera-con-el-ecuador\/\",\"name\":\"A la espera de la apertura de la frontera con el Ecuador. | P\u00e1gina10\",\"isPartOf\":{\"@id\":\"https:\/\/pagina10.com\/web\/#website\"},\"primaryImageOfPage\":{\"@id\":\"https:\/\/pagina10.com\/web\/a-la-espera-de-la-apertura-de-la-frontera-con-el-ecuador\/#primaryimage\"},\"image\":{\"@id\":\"https:\/\/pagina10.com\/web\/a-la-espera-de-la-apertura-de-la-frontera-con-el-ecuador\/#primaryimage\"},\"thumbnailUrl\":\"https:\/\/pagina10.com\/web\/wp-content\/uploads\/2021\/02\/Frontera-Ecuador-Colombia-Puente-Rumichaca.jpg\",\"datePublished\":\"2021-03-06T17:53:37+00:00\",\"dateModified\":\"2021-03-06T17:55:22+00:00\",\"breadcrumb\":{\"@id\":\"https:\/\/pagina10.com\/web\/a-la-espera-de-la-apertura-de-la-frontera-con-el-ecuador\/#breadcrumb\"},\"inLanguage\":\"es\",\"potentialAction\":[{\"@type\":\"ReadAction\",\"target\":[\"https:\/\/pagina10.com\/web\/a-la-espera-de-la-apertura-de-la-frontera-con-el-ecuador\/\"]}]},{\"@type\":\"ImageObject\",\"inLanguage\":\"es\",\"@id\":\"https:\/\/pagina10.com\/web\/a-la-espera-de-la-apertura-de-la-frontera-con-el-ecuador\/#primaryimage\",\"url\":\"https:\/\/pagina10.com\/web\/wp-content\/uploads\/2021\/02\/Frontera-Ecuador-Colombia-Puente-Rumichaca.jpg\",\"contentUrl\":\"https:\/\/pagina10.com\/web\/wp-content\/uploads\/2021\/02\/Frontera-Ecuador-Colombia-Puente-Rumichaca.jpg\",\"width\":1200,\"height\":675},{\"@type\":\"BreadcrumbList\",\"@id\":\"https:\/\/pagina10.com\/web\/a-la-espera-de-la-apertura-de-la-frontera-con-el-ecuador\/#breadcrumb\",\"itemListElement\":[{\"@type\":\"ListItem\",\"position\":1,\"name\":\"Portada\",\"item\":\"https:\/\/pagina10.com\/web\/\"},{\"@type\":\"ListItem\",\"position\":2,\"name\":\"A la espera de la apertura de la frontera con el Ecuador.\"}]},{\"@type\":\"WebSite\",\"@id\":\"https:\/\/pagina10.com\/web\/#website\",\"url\":\"https:\/\/pagina10.com\/web\/\",\"name\":\"P\u00e1gina10\",\"description\":\"Peri\u00f3dico Regional\",\"publisher\":{\"@id\":\"https:\/\/pagina10.com\/web\/#organization\"},\"alternateName\":\"P\u00e1gina10 Peri\u00f3dico Regional\",\"potentialAction\":[{\"@type\":\"SearchAction\",\"target\":{\"@type\":\"EntryPoint\",\"urlTemplate\":\"https:\/\/pagina10.com\/web\/?s={search_term_string}\"},\"query-input\":{\"@type\":\"PropertyValueSpecification\",\"valueRequired\":true,\"valueName\":\"search_term_string\"}}],\"inLanguage\":\"es\"},{\"@type\":\"Organization\",\"@id\":\"https:\/\/pagina10.com\/web\/#organization\",\"name\":\"P\u00e1gina10\",\"alternateName\":\"P\u00e1gina10 Peri\u00f3dico Regional\",\"url\":\"https:\/\/pagina10.com\/web\/\",\"logo\":{\"@type\":\"ImageObject\",\"inLanguage\":\"es\",\"@id\":\"https:\/\/pagina10.com\/web\/#\/schema\/logo\/image\/\",\"url\":\"https:\/\/pagina10.com\/web\/wp-content\/uploads\/2024\/01\/40-pagina-10-periodico-regional-pasto.jpg\",\"contentUrl\":\"https:\/\/pagina10.com\/web\/wp-content\/uploads\/2024\/01\/40-pagina-10-periodico-regional-pasto.jpg\",\"width\":1280,\"height\":720,\"caption\":\"P\u00e1gina10\"},\"image\":{\"@id\":\"https:\/\/pagina10.com\/web\/#\/schema\/logo\/image\/\"},\"sameAs\":[\"https:\/\/www.facebook.com\/pag10com\",\"https:\/\/x.com\/Pag10com\",\"https:\/\/www.instagram.com\/pagina10col\/\",\"https:\/\/youtube.com\/channel\/pag10\",\"https:\/\/www.tiktok.com\/@p10col\"]},{\"@type\":\"Person\",\"@id\":\"https:\/\/pagina10.com\/web\/#\/schema\/person\/2efc4a090d25b667d3bc796798a3a81b\",\"name\":\"P\u00e1gina 10\",\"description\":\"P\u00e1gina 10 es un peri\u00f3dico regional que nace en Colombia, en el departamento de Nari\u00f1o, con un enfoque global, fundamentado en cuatro pilares esenciales: la libertad, el pluralismo, la inclusi\u00f3n y la independencia. P\u00e1gina 10 hace referencia a Nari\u00f1o como el d\u00e9cimo departamento creado en Colombia, despu\u00e9s de un proceso pol\u00edtico liderado por actores y actrices regionales con el fin de obtener la independencia y autonom\u00eda de nuestros territorios. Con la creaci\u00f3n de P\u00e1gina 10 se pretende abrir un escenario para el dialogo, la reflexi\u00f3n y el debate que se extienda a otras geograf\u00edas de Am\u00e9rica Latina y del planeta, en una apuesta por transformar colectivamente los desaf\u00edos de un mundo contempor\u00e1neo, m\u00e1s all\u00e1 de las fronteras impuestas.\",\"url\":\"https:\/\/pagina10.com\/web\/author\/pdiezadmin\/\"}]}<\/script>\n<!-- \/ Yoast SEO plugin. -->","yoast_head_json":{"title":"A la espera de la apertura de la frontera con el Ecuador. | P\u00e1gina10","robots":{"index":"index","follow":"follow","max-snippet":"max-snippet:-1","max-image-preview":"max-image-preview:large","max-video-preview":"max-video-preview:-1"},"canonical":"https:\/\/pagina10.com\/web\/a-la-espera-de-la-apertura-de-la-frontera-con-el-ecuador\/","og_locale":"es_ES","og_type":"article","og_title":"A la espera de la apertura de la frontera con el Ecuador. | P\u00e1gina10","og_description":"La prolongaci\u00f3n hasta el 31 de mayo del nuevo decreto de Orden P\u00fablico, que estableci\u00f3 el cierre de las fronteras terrestres y fluviales con el vecino pa\u00eds del Ecuador, ha generado sin lugar a dudas, el descontento en los sectores comerciales de ambos pa\u00edses, que esperaban una reapertura que permita el transporte normal de personas, [&hellip;]","og_url":"https:\/\/pagina10.com\/web\/a-la-espera-de-la-apertura-de-la-frontera-con-el-ecuador\/","og_site_name":"P\u00e1gina10","article_publisher":"https:\/\/www.facebook.com\/pag10com","article_published_time":"2021-03-06T17:53:37+00:00","article_modified_time":"2021-03-06T17:55:22+00:00","og_image":[{"width":1200,"height":675,"url":"https:\/\/pagina10.com\/web\/wp-content\/uploads\/2021\/02\/Frontera-Ecuador-Colombia-Puente-Rumichaca.jpg","type":"image\/jpeg"}],"author":"P\u00e1gina 10","twitter_card":"summary_large_image","twitter_creator":"@Pag10com","twitter_site":"@Pag10com","twitter_misc":{"Escrito por":"P\u00e1gina 10","Tiempo de lectura":"1 minuto"},"schema":{"@context":"https:\/\/schema.org","@graph":[{"@type":"Article","@id":"https:\/\/pagina10.com\/web\/a-la-espera-de-la-apertura-de-la-frontera-con-el-ecuador\/#article","isPartOf":{"@id":"https:\/\/pagina10.com\/web\/a-la-espera-de-la-apertura-de-la-frontera-con-el-ecuador\/"},"author":{"name":"P\u00e1gina 10","@id":"https:\/\/pagina10.com\/web\/#\/schema\/person\/2efc4a090d25b667d3bc796798a3a81b"},"headline":"A la espera de la apertura de la frontera con el Ecuador.","datePublished":"2021-03-06T17:53:37+00:00","dateModified":"2021-03-06T17:55:22+00:00","mainEntityOfPage":{"@id":"https:\/\/pagina10.com\/web\/a-la-espera-de-la-apertura-de-la-frontera-con-el-ecuador\/"},"wordCount":258,"commentCount":0,"publisher":{"@id":"https:\/\/pagina10.com\/web\/#organization"},"image":{"@id":"https:\/\/pagina10.com\/web\/a-la-espera-de-la-apertura-de-la-frontera-con-el-ecuador\/#primaryimage"},"thumbnailUrl":"https:\/\/pagina10.com\/web\/wp-content\/uploads\/2021\/02\/Frontera-Ecuador-Colombia-Puente-Rumichaca.jpg","articleSection":["Regiones"],"inLanguage":"es","potentialAction":[{"@type":"CommentAction","name":"Comment","target":["https:\/\/pagina10.com\/web\/a-la-espera-de-la-apertura-de-la-frontera-con-el-ecuador\/#respond"]}]},{"@type":"WebPage","@id":"https:\/\/pagina10.com\/web\/a-la-espera-de-la-apertura-de-la-frontera-con-el-ecuador\/","url":"https:\/\/pagina10.com\/web\/a-la-espera-de-la-apertura-de-la-frontera-con-el-ecuador\/","name":"A la espera de la apertura de la frontera con el Ecuador. | P\u00e1gina10","isPartOf":{"@id":"https:\/\/pagina10.com\/web\/#website"},"primaryImageOfPage":{"@id":"https:\/\/pagina10.com\/web\/a-la-espera-de-la-apertura-de-la-frontera-con-el-ecuador\/#primaryimage"},"image":{"@id":"https:\/\/pagina10.com\/web\/a-la-espera-de-la-apertura-de-la-frontera-con-el-ecuador\/#primaryimage"},"thumbnailUrl":"https:\/\/pagina10.com\/web\/wp-content\/uploads\/2021\/02\/Frontera-Ecuador-Colombia-Puente-Rumichaca.jpg","datePublished":"2021-03-06T17:53:37+00:00","dateModified":"2021-03-06T17:55:22+00:00","breadcrumb":{"@id":"https:\/\/pagina10.com\/web\/a-la-espera-de-la-apertura-de-la-frontera-con-el-ecuador\/#breadcrumb"},"inLanguage":"es","potentialAction":[{"@type":"ReadAction","target":["https:\/\/pagina10.com\/web\/a-la-espera-de-la-apertura-de-la-frontera-con-el-ecuador\/"]}]},{"@type":"ImageObject","inLanguage":"es","@id":"https:\/\/pagina10.com\/web\/a-la-espera-de-la-apertura-de-la-frontera-con-el-ecuador\/#primaryimage","url":"https:\/\/pagina10.com\/web\/wp-content\/uploads\/2021\/02\/Frontera-Ecuador-Colombia-Puente-Rumichaca.jpg","contentUrl":"https:\/\/pagina10.com\/web\/wp-content\/uploads\/2021\/02\/Frontera-Ecuador-Colombia-Puente-Rumichaca.jpg","width":1200,"height":675},{"@type":"BreadcrumbList","@id":"https:\/\/pagina10.com\/web\/a-la-espera-de-la-apertura-de-la-frontera-con-el-ecuador\/#breadcrumb","itemListElement":[{"@type":"ListItem","position":1,"name":"Portada","item":"https:\/\/pagina10.com\/web\/"},{"@type":"ListItem","position":2,"name":"A la espera de la apertura de la frontera con el Ecuador."}]},{"@type":"WebSite","@id":"https:\/\/pagina10.com\/web\/#website","url":"https:\/\/pagina10.com\/web\/","name":"P\u00e1gina10","description":"Peri\u00f3dico Regional","publisher":{"@id":"https:\/\/pagina10.com\/web\/#organization"},"alternateName":"P\u00e1gina10 Peri\u00f3dico Regional","potentialAction":[{"@type":"SearchAction","target":{"@type":"EntryPoint","urlTemplate":"https:\/\/pagina10.com\/web\/?s={search_term_string}"},"query-input":{"@type":"PropertyValueSpecification","valueRequired":true,"valueName":"search_term_string"}}],"inLanguage":"es"},{"@type":"Organization","@id":"https:\/\/pagina10.com\/web\/#organization","name":"P\u00e1gina10","alternateName":"P\u00e1gina10 Peri\u00f3dico Regional","url":"https:\/\/pagina10.com\/web\/","logo":{"@type":"ImageObject","inLanguage":"es","@id":"https:\/\/pagina10.com\/web\/#\/schema\/logo\/image\/","url":"https:\/\/pagina10.com\/web\/wp-content\/uploads\/2024\/01\/40-pagina-10-periodico-regional-pasto.jpg","contentUrl":"https:\/\/pagina10.com\/web\/wp-content\/uploads\/2024\/01\/40-pagina-10-periodico-regional-pasto.jpg","width":1280,"height":720,"caption":"P\u00e1gina10"},"image":{"@id":"https:\/\/pagina10.com\/web\/#\/schema\/logo\/image\/"},"sameAs":["https:\/\/www.facebook.com\/pag10com","https:\/\/x.com\/Pag10com","https:\/\/www.instagram.com\/pagina10col\/","https:\/\/youtube.com\/channel\/pag10","https:\/\/www.tiktok.com\/@p10col"]},{"@type":"Person","@id":"https:\/\/pagina10.com\/web\/#\/schema\/person\/2efc4a090d25b667d3bc796798a3a81b","name":"P\u00e1gina 10","description":"P\u00e1gina 10 es un peri\u00f3dico regional que nace en Colombia, en el departamento de Nari\u00f1o, con un enfoque global, fundamentado en cuatro pilares esenciales: la libertad, el pluralismo, la inclusi\u00f3n y la independencia. P\u00e1gina 10 hace referencia a Nari\u00f1o como el d\u00e9cimo departamento creado en Colombia, despu\u00e9s de un proceso pol\u00edtico liderado por actores y actrices regionales con el fin de obtener la independencia y autonom\u00eda de nuestros territorios. Con la creaci\u00f3n de P\u00e1gina 10 se pretende abrir un escenario para el dialogo, la reflexi\u00f3n y el debate que se extienda a otras geograf\u00edas de Am\u00e9rica Latina y del planeta, en una apuesta por transformar colectivamente los desaf\u00edos de un mundo contempor\u00e1neo, m\u00e1s all\u00e1 de las fronteras impuestas.","url":"https:\/\/pagina10.com\/web\/author\/pdiezadmin\/"}]}},"_links":{"self":[{"href":"https:\/\/pagina10.com\/web\/wp-json\/wp\/v2\/posts\/51004","targetHints":{"allow":["GET"]}}],"collection":[{"href":"https:\/\/pagina10.com\/web\/wp-json\/wp\/v2\/posts"}],"about":[{"href":"https:\/\/pagina10.com\/web\/wp-json\/wp\/v2\/types\/post"}],"author":[{"embeddable":true,"href":"https:\/\/pagina10.com\/web\/wp-json\/wp\/v2\/users\/1"}],"replies":[{"embeddable":true,"href":"https:\/\/pagina10.com\/web\/wp-json\/wp\/v2\/comments?post=51004"}],"version-history":[{"count":2,"href":"https:\/\/pagina10.com\/web\/wp-json\/wp\/v2\/posts\/51004\/revisions"}],"predecessor-version":[{"id":51006,"href":"https:\/\/pagina10.com\/web\/wp-json\/wp\/v2\/posts\/51004\/revisions\/51006"}],"wp:featuredmedia":[{"embeddable":true,"href":"https:\/\/pagina10.com\/web\/wp-json\/wp\/v2\/media\/50808"}],"wp:attachment":[{"href":"https:\/\/pagina10.com\/web\/wp-json\/wp\/v2\/media?parent=51004"}],"wp:term":[{"taxonomy":"category","embeddable":true,"href":"https:\/\/pagina10.com\/web\/wp-json\/wp\/v2\/categories?post=51004"},{"taxonomy":"post_tag","embeddable":true,"href":"https:\/\/pagina10.com\/web\/wp-json\/wp\/v2\/tags?post=51004"}],"curies":[{"name":"wp","href":"https:\/\/api.w.org\/{rel}","templated":true}]}}