{"id":51008,"date":"2021-03-06T13:27:22","date_gmt":"2021-03-06T18:27:22","guid":{"rendered":"https:\/\/pagina10.com\/web\/?p=51008"},"modified":"2021-03-06T13:27:22","modified_gmt":"2021-03-06T18:27:22","slug":"la-jep-invita-a-victimas-individuales-y-colectivas-de-tumaco-ricaurte-y-barbacoas-a-acreditarse","status":"publish","type":"post","link":"https:\/\/pagina10.com\/web\/la-jep-invita-a-victimas-individuales-y-colectivas-de-tumaco-ricaurte-y-barbacoas-a-acreditarse\/","title":{"rendered":"La JEP invita a v\u00edctimas individuales y colectivas de Tumaco, Ricaurte y Barbacoas, a acreditarse."},"content":{"rendered":"<p style=\"text-align: justify;\">La Jurisdicci\u00f3n Especial para la Paz, JEP, invit\u00f3 a acreditarse a las personas y territorios ancestrales y colectivos de los municipios de Ricaurte, Tumaco y Barbacoas, que hayan sido v\u00edctimas individuales o colectivas, de violaciones a los derechos humanos e infracciones al Derecho Internacional Humanitario.<\/p>\n<p style=\"text-align: justify;\">Las v\u00edctimas acreditas ante la JEP tendr\u00e1n la posibilidad de participar en todo el proceso de investigaci\u00f3n. Es decir, ser\u00e1n participes de las diligencias, ser representadas judicialmente, aportar pruebas, interponer recursos contra las decisiones que se dicten, recibir acompa\u00f1amiento psicosocial y jur\u00eddico, seguir los avances de la investigaci\u00f3n, presentar observaciones a las versiones de los comparecientes, asistir a la audiencia de reconocimiento de verdad y responsabilidad, adem\u00e1s de solicitar medidas de protecci\u00f3n en caso de que sus derechos fundamentales sean amenazados.<\/p>\n<p style=\"text-align: justify;\">Por medio del Caso 02, abierto en el a\u00f1o 2018, se prioriz\u00f3 esta regi\u00f3n del pa\u00eds y se busca investigar los cr\u00edmenes cometidos por las Farc- EP, miembros de la fuerza p\u00fablica, y terceros, sometidos voluntariamente a la JEP, entre el 1 de enero de 1990 y antes del 1 de diciembre de 2016. 105.205 v\u00edctimas ya se han acreditado en el Caso 02, y est\u00e1n participando activamente los pueblos ind\u00edgenas Aw\u00e1 y Eperara Siapidaara de Nari\u00f1o y el pueblo negro afrocolombiano de los consejos comunitarios de Barbacoas y Tumaco.<\/p>\n<p style=\"text-align: justify;\">\n","protected":false},"excerpt":{"rendered":"<p>La Jurisdicci\u00f3n Especial para la Paz, JEP, invit\u00f3 a acreditarse a las personas y territorios ancestrales y colectivos de los municipios de Ricaurte, Tumaco y Barbacoas, que hayan sido v\u00edctimas individuales o colectivas, de violaciones a los derechos humanos e infracciones al Derecho Internacional Humanitario. Las v\u00edctimas acreditas ante la JEP tendr\u00e1n la posibilidad de [&hellip;]<\/p>\n","protected":false},"author":1,"featured_media":51009,"comment_status":"open","ping_status":"open","sticky":false,"template":"","format":"standard","meta":{"footnotes":""},"categories":[53],"tags":[],"class_list":["post-51008","post","type-post","status-publish","format-standard","has-post-thumbnail","hentry","category-regiones"],"yoast_head":"<!-- This site is optimized with the Yoast SEO plugin v27.1.1 - https:\/\/yoast.com\/product\/yoast-seo-wordpress\/ -->\n<title>La JEP invita a v\u00edctimas individuales y colectivas de Tumaco, Ricaurte y Barbacoas, a acreditarse. | P\u00e1gina10<\/title>\n<meta name=\"robots\" content=\"index, follow, max-snippet:-1, max-image-preview:large, max-video-preview:-1\" \/>\n<link rel=\"canonical\" href=\"https:\/\/pagina10.com\/web\/la-jep-invita-a-victimas-individuales-y-colectivas-de-tumaco-ricaurte-y-barbacoas-a-acreditarse\/\" \/>\n<meta property=\"og:locale\" content=\"es_ES\" \/>\n<meta property=\"og:type\" content=\"article\" \/>\n<meta property=\"og:title\" content=\"La JEP invita a v\u00edctimas individuales y colectivas de Tumaco, Ricaurte y Barbacoas, a acreditarse. | P\u00e1gina10\" \/>\n<meta property=\"og:description\" content=\"La Jurisdicci\u00f3n Especial para la Paz, JEP, invit\u00f3 a acreditarse a las personas y territorios ancestrales y colectivos de los municipios de Ricaurte, Tumaco y Barbacoas, que hayan sido v\u00edctimas individuales o colectivas, de violaciones a los derechos humanos e infracciones al Derecho Internacional Humanitario. Las v\u00edctimas acreditas ante la JEP tendr\u00e1n la posibilidad de [&hellip;]\" \/>\n<meta property=\"og:url\" content=\"https:\/\/pagina10.com\/web\/la-jep-invita-a-victimas-individuales-y-colectivas-de-tumaco-ricaurte-y-barbacoas-a-acreditarse\/\" \/>\n<meta property=\"og:site_name\" content=\"P\u00e1gina10\" \/>\n<meta property=\"article:publisher\" content=\"https:\/\/www.facebook.com\/pag10com\" \/>\n<meta property=\"article:published_time\" content=\"2021-03-06T18:27:22+00:00\" \/>\n<meta property=\"og:image\" content=\"https:\/\/pagina10.com\/web\/wp-content\/uploads\/2021\/03\/unnamed.jpg\" \/>\n\t<meta property=\"og:image:width\" content=\"512\" \/>\n\t<meta property=\"og:image:height\" content=\"288\" \/>\n\t<meta property=\"og:image:type\" content=\"image\/jpeg\" \/>\n<meta name=\"author\" content=\"P\u00e1gina 10\" \/>\n<meta name=\"twitter:card\" content=\"summary_large_image\" \/>\n<meta name=\"twitter:creator\" content=\"@Pag10com\" \/>\n<meta name=\"twitter:site\" content=\"@Pag10com\" \/>\n<meta name=\"twitter:label1\" content=\"Escrito por\" \/>\n\t<meta name=\"twitter:data1\" content=\"P\u00e1gina 10\" \/>\n\t<meta name=\"twitter:label2\" content=\"Tiempo de lectura\" \/>\n\t<meta name=\"twitter:data2\" content=\"1 minuto\" \/>\n<script type=\"application\/ld+json\" class=\"yoast-schema-graph\">{\"@context\":\"https:\/\/schema.org\",\"@graph\":[{\"@type\":\"Article\",\"@id\":\"https:\/\/pagina10.com\/web\/la-jep-invita-a-victimas-individuales-y-colectivas-de-tumaco-ricaurte-y-barbacoas-a-acreditarse\/#article\",\"isPartOf\":{\"@id\":\"https:\/\/pagina10.com\/web\/la-jep-invita-a-victimas-individuales-y-colectivas-de-tumaco-ricaurte-y-barbacoas-a-acreditarse\/\"},\"author\":{\"name\":\"P\u00e1gina 10\",\"@id\":\"https:\/\/pagina10.com\/web\/#\/schema\/person\/2efc4a090d25b667d3bc796798a3a81b\"},\"headline\":\"La JEP invita a v\u00edctimas individuales y colectivas de Tumaco, Ricaurte y Barbacoas, a acreditarse.\",\"datePublished\":\"2021-03-06T18:27:22+00:00\",\"mainEntityOfPage\":{\"@id\":\"https:\/\/pagina10.com\/web\/la-jep-invita-a-victimas-individuales-y-colectivas-de-tumaco-ricaurte-y-barbacoas-a-acreditarse\/\"},\"wordCount\":244,\"commentCount\":0,\"publisher\":{\"@id\":\"https:\/\/pagina10.com\/web\/#organization\"},\"image\":{\"@id\":\"https:\/\/pagina10.com\/web\/la-jep-invita-a-victimas-individuales-y-colectivas-de-tumaco-ricaurte-y-barbacoas-a-acreditarse\/#primaryimage\"},\"thumbnailUrl\":\"https:\/\/pagina10.com\/web\/wp-content\/uploads\/2021\/03\/unnamed.jpg\",\"articleSection\":[\"Regiones\"],\"inLanguage\":\"es\",\"potentialAction\":[{\"@type\":\"CommentAction\",\"name\":\"Comment\",\"target\":[\"https:\/\/pagina10.com\/web\/la-jep-invita-a-victimas-individuales-y-colectivas-de-tumaco-ricaurte-y-barbacoas-a-acreditarse\/#respond\"]}]},{\"@type\":\"WebPage\",\"@id\":\"https:\/\/pagina10.com\/web\/la-jep-invita-a-victimas-individuales-y-colectivas-de-tumaco-ricaurte-y-barbacoas-a-acreditarse\/\",\"url\":\"https:\/\/pagina10.com\/web\/la-jep-invita-a-victimas-individuales-y-colectivas-de-tumaco-ricaurte-y-barbacoas-a-acreditarse\/\",\"name\":\"La JEP invita a v\u00edctimas individuales y colectivas de Tumaco, Ricaurte y Barbacoas, a acreditarse. | P\u00e1gina10\",\"isPartOf\":{\"@id\":\"https:\/\/pagina10.com\/web\/#website\"},\"primaryImageOfPage\":{\"@id\":\"https:\/\/pagina10.com\/web\/la-jep-invita-a-victimas-individuales-y-colectivas-de-tumaco-ricaurte-y-barbacoas-a-acreditarse\/#primaryimage\"},\"image\":{\"@id\":\"https:\/\/pagina10.com\/web\/la-jep-invita-a-victimas-individuales-y-colectivas-de-tumaco-ricaurte-y-barbacoas-a-acreditarse\/#primaryimage\"},\"thumbnailUrl\":\"https:\/\/pagina10.com\/web\/wp-content\/uploads\/2021\/03\/unnamed.jpg\",\"datePublished\":\"2021-03-06T18:27:22+00:00\",\"breadcrumb\":{\"@id\":\"https:\/\/pagina10.com\/web\/la-jep-invita-a-victimas-individuales-y-colectivas-de-tumaco-ricaurte-y-barbacoas-a-acreditarse\/#breadcrumb\"},\"inLanguage\":\"es\",\"potentialAction\":[{\"@type\":\"ReadAction\",\"target\":[\"https:\/\/pagina10.com\/web\/la-jep-invita-a-victimas-individuales-y-colectivas-de-tumaco-ricaurte-y-barbacoas-a-acreditarse\/\"]}]},{\"@type\":\"ImageObject\",\"inLanguage\":\"es\",\"@id\":\"https:\/\/pagina10.com\/web\/la-jep-invita-a-victimas-individuales-y-colectivas-de-tumaco-ricaurte-y-barbacoas-a-acreditarse\/#primaryimage\",\"url\":\"https:\/\/pagina10.com\/web\/wp-content\/uploads\/2021\/03\/unnamed.jpg\",\"contentUrl\":\"https:\/\/pagina10.com\/web\/wp-content\/uploads\/2021\/03\/unnamed.jpg\",\"width\":512,\"height\":288},{\"@type\":\"BreadcrumbList\",\"@id\":\"https:\/\/pagina10.com\/web\/la-jep-invita-a-victimas-individuales-y-colectivas-de-tumaco-ricaurte-y-barbacoas-a-acreditarse\/#breadcrumb\",\"itemListElement\":[{\"@type\":\"ListItem\",\"position\":1,\"name\":\"Portada\",\"item\":\"https:\/\/pagina10.com\/web\/\"},{\"@type\":\"ListItem\",\"position\":2,\"name\":\"La JEP invita a v\u00edctimas individuales y colectivas de Tumaco, Ricaurte y Barbacoas, a acreditarse.\"}]},{\"@type\":\"WebSite\",\"@id\":\"https:\/\/pagina10.com\/web\/#website\",\"url\":\"https:\/\/pagina10.com\/web\/\",\"name\":\"P\u00e1gina10\",\"description\":\"Peri\u00f3dico Regional\",\"publisher\":{\"@id\":\"https:\/\/pagina10.com\/web\/#organization\"},\"alternateName\":\"P\u00e1gina10 Peri\u00f3dico Regional\",\"potentialAction\":[{\"@type\":\"SearchAction\",\"target\":{\"@type\":\"EntryPoint\",\"urlTemplate\":\"https:\/\/pagina10.com\/web\/?s={search_term_string}\"},\"query-input\":{\"@type\":\"PropertyValueSpecification\",\"valueRequired\":true,\"valueName\":\"search_term_string\"}}],\"inLanguage\":\"es\"},{\"@type\":\"Organization\",\"@id\":\"https:\/\/pagina10.com\/web\/#organization\",\"name\":\"P\u00e1gina10\",\"alternateName\":\"P\u00e1gina10 Peri\u00f3dico Regional\",\"url\":\"https:\/\/pagina10.com\/web\/\",\"logo\":{\"@type\":\"ImageObject\",\"inLanguage\":\"es\",\"@id\":\"https:\/\/pagina10.com\/web\/#\/schema\/logo\/image\/\",\"url\":\"https:\/\/pagina10.com\/web\/wp-content\/uploads\/2024\/01\/40-pagina-10-periodico-regional-pasto.jpg\",\"contentUrl\":\"https:\/\/pagina10.com\/web\/wp-content\/uploads\/2024\/01\/40-pagina-10-periodico-regional-pasto.jpg\",\"width\":1280,\"height\":720,\"caption\":\"P\u00e1gina10\"},\"image\":{\"@id\":\"https:\/\/pagina10.com\/web\/#\/schema\/logo\/image\/\"},\"sameAs\":[\"https:\/\/www.facebook.com\/pag10com\",\"https:\/\/x.com\/Pag10com\",\"https:\/\/www.instagram.com\/pagina10col\/\",\"https:\/\/youtube.com\/channel\/pag10\",\"https:\/\/www.tiktok.com\/@p10col\"]},{\"@type\":\"Person\",\"@id\":\"https:\/\/pagina10.com\/web\/#\/schema\/person\/2efc4a090d25b667d3bc796798a3a81b\",\"name\":\"P\u00e1gina 10\",\"description\":\"P\u00e1gina 10 es un peri\u00f3dico regional que nace en Colombia, en el departamento de Nari\u00f1o, con un enfoque global, fundamentado en cuatro pilares esenciales: la libertad, el pluralismo, la inclusi\u00f3n y la independencia. P\u00e1gina 10 hace referencia a Nari\u00f1o como el d\u00e9cimo departamento creado en Colombia, despu\u00e9s de un proceso pol\u00edtico liderado por actores y actrices regionales con el fin de obtener la independencia y autonom\u00eda de nuestros territorios. Con la creaci\u00f3n de P\u00e1gina 10 se pretende abrir un escenario para el dialogo, la reflexi\u00f3n y el debate que se extienda a otras geograf\u00edas de Am\u00e9rica Latina y del planeta, en una apuesta por transformar colectivamente los desaf\u00edos de un mundo contempor\u00e1neo, m\u00e1s all\u00e1 de las fronteras impuestas.\",\"url\":\"https:\/\/pagina10.com\/web\/author\/pdiezadmin\/\"}]}<\/script>\n<!-- \/ Yoast SEO plugin. -->","yoast_head_json":{"title":"La JEP invita a v\u00edctimas individuales y colectivas de Tumaco, Ricaurte y Barbacoas, a acreditarse. | P\u00e1gina10","robots":{"index":"index","follow":"follow","max-snippet":"max-snippet:-1","max-image-preview":"max-image-preview:large","max-video-preview":"max-video-preview:-1"},"canonical":"https:\/\/pagina10.com\/web\/la-jep-invita-a-victimas-individuales-y-colectivas-de-tumaco-ricaurte-y-barbacoas-a-acreditarse\/","og_locale":"es_ES","og_type":"article","og_title":"La JEP invita a v\u00edctimas individuales y colectivas de Tumaco, Ricaurte y Barbacoas, a acreditarse. | P\u00e1gina10","og_description":"La Jurisdicci\u00f3n Especial para la Paz, JEP, invit\u00f3 a acreditarse a las personas y territorios ancestrales y colectivos de los municipios de Ricaurte, Tumaco y Barbacoas, que hayan sido v\u00edctimas individuales o colectivas, de violaciones a los derechos humanos e infracciones al Derecho Internacional Humanitario. Las v\u00edctimas acreditas ante la JEP tendr\u00e1n la posibilidad de [&hellip;]","og_url":"https:\/\/pagina10.com\/web\/la-jep-invita-a-victimas-individuales-y-colectivas-de-tumaco-ricaurte-y-barbacoas-a-acreditarse\/","og_site_name":"P\u00e1gina10","article_publisher":"https:\/\/www.facebook.com\/pag10com","article_published_time":"2021-03-06T18:27:22+00:00","og_image":[{"width":512,"height":288,"url":"https:\/\/pagina10.com\/web\/wp-content\/uploads\/2021\/03\/unnamed.jpg","type":"image\/jpeg"}],"author":"P\u00e1gina 10","twitter_card":"summary_large_image","twitter_creator":"@Pag10com","twitter_site":"@Pag10com","twitter_misc":{"Escrito por":"P\u00e1gina 10","Tiempo de lectura":"1 minuto"},"schema":{"@context":"https:\/\/schema.org","@graph":[{"@type":"Article","@id":"https:\/\/pagina10.com\/web\/la-jep-invita-a-victimas-individuales-y-colectivas-de-tumaco-ricaurte-y-barbacoas-a-acreditarse\/#article","isPartOf":{"@id":"https:\/\/pagina10.com\/web\/la-jep-invita-a-victimas-individuales-y-colectivas-de-tumaco-ricaurte-y-barbacoas-a-acreditarse\/"},"author":{"name":"P\u00e1gina 10","@id":"https:\/\/pagina10.com\/web\/#\/schema\/person\/2efc4a090d25b667d3bc796798a3a81b"},"headline":"La JEP invita a v\u00edctimas individuales y colectivas de Tumaco, Ricaurte y Barbacoas, a acreditarse.","datePublished":"2021-03-06T18:27:22+00:00","mainEntityOfPage":{"@id":"https:\/\/pagina10.com\/web\/la-jep-invita-a-victimas-individuales-y-colectivas-de-tumaco-ricaurte-y-barbacoas-a-acreditarse\/"},"wordCount":244,"commentCount":0,"publisher":{"@id":"https:\/\/pagina10.com\/web\/#organization"},"image":{"@id":"https:\/\/pagina10.com\/web\/la-jep-invita-a-victimas-individuales-y-colectivas-de-tumaco-ricaurte-y-barbacoas-a-acreditarse\/#primaryimage"},"thumbnailUrl":"https:\/\/pagina10.com\/web\/wp-content\/uploads\/2021\/03\/unnamed.jpg","articleSection":["Regiones"],"inLanguage":"es","potentialAction":[{"@type":"CommentAction","name":"Comment","target":["https:\/\/pagina10.com\/web\/la-jep-invita-a-victimas-individuales-y-colectivas-de-tumaco-ricaurte-y-barbacoas-a-acreditarse\/#respond"]}]},{"@type":"WebPage","@id":"https:\/\/pagina10.com\/web\/la-jep-invita-a-victimas-individuales-y-colectivas-de-tumaco-ricaurte-y-barbacoas-a-acreditarse\/","url":"https:\/\/pagina10.com\/web\/la-jep-invita-a-victimas-individuales-y-colectivas-de-tumaco-ricaurte-y-barbacoas-a-acreditarse\/","name":"La JEP invita a v\u00edctimas individuales y colectivas de Tumaco, Ricaurte y Barbacoas, a acreditarse. | P\u00e1gina10","isPartOf":{"@id":"https:\/\/pagina10.com\/web\/#website"},"primaryImageOfPage":{"@id":"https:\/\/pagina10.com\/web\/la-jep-invita-a-victimas-individuales-y-colectivas-de-tumaco-ricaurte-y-barbacoas-a-acreditarse\/#primaryimage"},"image":{"@id":"https:\/\/pagina10.com\/web\/la-jep-invita-a-victimas-individuales-y-colectivas-de-tumaco-ricaurte-y-barbacoas-a-acreditarse\/#primaryimage"},"thumbnailUrl":"https:\/\/pagina10.com\/web\/wp-content\/uploads\/2021\/03\/unnamed.jpg","datePublished":"2021-03-06T18:27:22+00:00","breadcrumb":{"@id":"https:\/\/pagina10.com\/web\/la-jep-invita-a-victimas-individuales-y-colectivas-de-tumaco-ricaurte-y-barbacoas-a-acreditarse\/#breadcrumb"},"inLanguage":"es","potentialAction":[{"@type":"ReadAction","target":["https:\/\/pagina10.com\/web\/la-jep-invita-a-victimas-individuales-y-colectivas-de-tumaco-ricaurte-y-barbacoas-a-acreditarse\/"]}]},{"@type":"ImageObject","inLanguage":"es","@id":"https:\/\/pagina10.com\/web\/la-jep-invita-a-victimas-individuales-y-colectivas-de-tumaco-ricaurte-y-barbacoas-a-acreditarse\/#primaryimage","url":"https:\/\/pagina10.com\/web\/wp-content\/uploads\/2021\/03\/unnamed.jpg","contentUrl":"https:\/\/pagina10.com\/web\/wp-content\/uploads\/2021\/03\/unnamed.jpg","width":512,"height":288},{"@type":"BreadcrumbList","@id":"https:\/\/pagina10.com\/web\/la-jep-invita-a-victimas-individuales-y-colectivas-de-tumaco-ricaurte-y-barbacoas-a-acreditarse\/#breadcrumb","itemListElement":[{"@type":"ListItem","position":1,"name":"Portada","item":"https:\/\/pagina10.com\/web\/"},{"@type":"ListItem","position":2,"name":"La JEP invita a v\u00edctimas individuales y colectivas de Tumaco, Ricaurte y Barbacoas, a acreditarse."}]},{"@type":"WebSite","@id":"https:\/\/pagina10.com\/web\/#website","url":"https:\/\/pagina10.com\/web\/","name":"P\u00e1gina10","description":"Peri\u00f3dico Regional","publisher":{"@id":"https:\/\/pagina10.com\/web\/#organization"},"alternateName":"P\u00e1gina10 Peri\u00f3dico Regional","potentialAction":[{"@type":"SearchAction","target":{"@type":"EntryPoint","urlTemplate":"https:\/\/pagina10.com\/web\/?s={search_term_string}"},"query-input":{"@type":"PropertyValueSpecification","valueRequired":true,"valueName":"search_term_string"}}],"inLanguage":"es"},{"@type":"Organization","@id":"https:\/\/pagina10.com\/web\/#organization","name":"P\u00e1gina10","alternateName":"P\u00e1gina10 Peri\u00f3dico Regional","url":"https:\/\/pagina10.com\/web\/","logo":{"@type":"ImageObject","inLanguage":"es","@id":"https:\/\/pagina10.com\/web\/#\/schema\/logo\/image\/","url":"https:\/\/pagina10.com\/web\/wp-content\/uploads\/2024\/01\/40-pagina-10-periodico-regional-pasto.jpg","contentUrl":"https:\/\/pagina10.com\/web\/wp-content\/uploads\/2024\/01\/40-pagina-10-periodico-regional-pasto.jpg","width":1280,"height":720,"caption":"P\u00e1gina10"},"image":{"@id":"https:\/\/pagina10.com\/web\/#\/schema\/logo\/image\/"},"sameAs":["https:\/\/www.facebook.com\/pag10com","https:\/\/x.com\/Pag10com","https:\/\/www.instagram.com\/pagina10col\/","https:\/\/youtube.com\/channel\/pag10","https:\/\/www.tiktok.com\/@p10col"]},{"@type":"Person","@id":"https:\/\/pagina10.com\/web\/#\/schema\/person\/2efc4a090d25b667d3bc796798a3a81b","name":"P\u00e1gina 10","description":"P\u00e1gina 10 es un peri\u00f3dico regional que nace en Colombia, en el departamento de Nari\u00f1o, con un enfoque global, fundamentado en cuatro pilares esenciales: la libertad, el pluralismo, la inclusi\u00f3n y la independencia. P\u00e1gina 10 hace referencia a Nari\u00f1o como el d\u00e9cimo departamento creado en Colombia, despu\u00e9s de un proceso pol\u00edtico liderado por actores y actrices regionales con el fin de obtener la independencia y autonom\u00eda de nuestros territorios. Con la creaci\u00f3n de P\u00e1gina 10 se pretende abrir un escenario para el dialogo, la reflexi\u00f3n y el debate que se extienda a otras geograf\u00edas de Am\u00e9rica Latina y del planeta, en una apuesta por transformar colectivamente los desaf\u00edos de un mundo contempor\u00e1neo, m\u00e1s all\u00e1 de las fronteras impuestas.","url":"https:\/\/pagina10.com\/web\/author\/pdiezadmin\/"}]}},"_links":{"self":[{"href":"https:\/\/pagina10.com\/web\/wp-json\/wp\/v2\/posts\/51008","targetHints":{"allow":["GET"]}}],"collection":[{"href":"https:\/\/pagina10.com\/web\/wp-json\/wp\/v2\/posts"}],"about":[{"href":"https:\/\/pagina10.com\/web\/wp-json\/wp\/v2\/types\/post"}],"author":[{"embeddable":true,"href":"https:\/\/pagina10.com\/web\/wp-json\/wp\/v2\/users\/1"}],"replies":[{"embeddable":true,"href":"https:\/\/pagina10.com\/web\/wp-json\/wp\/v2\/comments?post=51008"}],"version-history":[{"count":1,"href":"https:\/\/pagina10.com\/web\/wp-json\/wp\/v2\/posts\/51008\/revisions"}],"predecessor-version":[{"id":51010,"href":"https:\/\/pagina10.com\/web\/wp-json\/wp\/v2\/posts\/51008\/revisions\/51010"}],"wp:featuredmedia":[{"embeddable":true,"href":"https:\/\/pagina10.com\/web\/wp-json\/wp\/v2\/media\/51009"}],"wp:attachment":[{"href":"https:\/\/pagina10.com\/web\/wp-json\/wp\/v2\/media?parent=51008"}],"wp:term":[{"taxonomy":"category","embeddable":true,"href":"https:\/\/pagina10.com\/web\/wp-json\/wp\/v2\/categories?post=51008"},{"taxonomy":"post_tag","embeddable":true,"href":"https:\/\/pagina10.com\/web\/wp-json\/wp\/v2\/tags?post=51008"}],"curies":[{"name":"wp","href":"https:\/\/api.w.org\/{rel}","templated":true}]}}