{"id":51012,"date":"2021-03-06T16:21:39","date_gmt":"2021-03-06T21:21:39","guid":{"rendered":"https:\/\/pagina10.com\/web\/?p=51012"},"modified":"2021-03-06T16:21:39","modified_gmt":"2021-03-06T21:21:39","slug":"las-condiciones-de-seguridad-que-se-viven-en-narino-obstaculizan-el-trabajo-de-la-jep-y-obstruyen-la-participacion-de-las-victimas","status":"publish","type":"post","link":"https:\/\/pagina10.com\/web\/las-condiciones-de-seguridad-que-se-viven-en-narino-obstaculizan-el-trabajo-de-la-jep-y-obstruyen-la-participacion-de-las-victimas\/","title":{"rendered":"Las condiciones de seguridad que se viven en Nari\u00f1o obstaculizan el trabajo de la JEP y obstruyen la participaci\u00f3n de las v\u00edctimas."},"content":{"rendered":"<p>Por medio del comunicado 029, \u00a0la Jurisdicci\u00f3n Especial para la Paz, a trav\u00e9s de la Unidad de Investigaci\u00f3n y Acusaci\u00f3n UIA, \u00a0dio a conocer el pasado 3 de marzo que el futuro del caso 02 que investiga la situaci\u00f3n territorial de Ricaurte, Tumaco y Barbacoas, podr\u00eda estar en riesgo si las condiciones de seguridad en el departamento no mejoran.<\/p>\n<p>De acuerdo al monitoreo de la Unidad de Investigaci\u00f3n y Acusaci\u00f3n (UIA), los derechos a la verdad y justicia de 105.213 v\u00edctimas acreditadas ante la JEP, podr\u00edan verse vulnerados por los alarmantes registros de violencia que se viven en la zona.<\/p>\n<p>El documento revela que solo el pasado 21 de febrero se cometi\u00f3\u00a011 asesinatos, para un total de 117 cr\u00edmenes cometidos en esta zona del pa\u00eds\u00a0desde la firma del acuerdo de paz entre el Estado colombiano y las Farc. La UIA, manifest\u00f3 que los asesinatos corresponden a la masacre n\u00famero 22 que ocurre en el departamento desde el 2016.<\/p>\n<p>El monitoreo realizado por la UIA recalca que en el pacifico nari\u00f1ense se presentan hechos continuos de revictimizaci\u00f3n, es decir, muchas organizaciones y personas que fueron v\u00edctimas de grupos armados que antiguamente operaban en la zona, hoy por hoy, siguen siendo victimizadas por parte de las disidencias de las Farc y dem\u00e1s grupos armados.<\/p>\n<p>De acuerdo a los datos que arroj\u00f3 el monitoreo, la UIA advirti\u00f3 que \u201cla regi\u00f3n vive una crisis humanitaria debido al alto n\u00famero de masacres, eventos masivos de desplazamiento forzado, confinamiento de comunidades enteras y las amenazas que restringe el liderazgo social\u201d.<\/p>\n<p>\u201cLa falta de garant\u00edas para el ejercicio del liderazgo social que, entre otras cosas, atenta contra el inter\u00e9s de las comunidades de participar en el proceso judicial. Las amenazas de muerte y el asesinato continuo de autoridades ind\u00edgenas del pueblo Awa desestimula la participaci\u00f3n en la JEP. Se atemoriza a las personas de base a seguir teniendo contacto con las autoridades judiciales como es el caso de la jurisdicci\u00f3n\u201d manifiesta la UIA.<\/p>\n<p>Finalmente, la JEP puntualiz\u00f3 en que las p\u00e9simas condiciones de seguridad que se viven en el pa\u00eds obstaculizan las labores de esta instituci\u00f3n y obstruyen la participaci\u00f3n activa de las v\u00edctimas.<\/p>\n","protected":false},"excerpt":{"rendered":"<p>Por medio del comunicado 029, \u00a0la Jurisdicci\u00f3n Especial para la Paz, a trav\u00e9s de la Unidad de Investigaci\u00f3n y Acusaci\u00f3n UIA, \u00a0dio a conocer el pasado 3 de marzo que el futuro del caso 02 que investiga la situaci\u00f3n territorial de Ricaurte, Tumaco y Barbacoas, podr\u00eda estar en riesgo si las condiciones de seguridad en [&hellip;]<\/p>\n","protected":false},"author":1,"featured_media":51013,"comment_status":"open","ping_status":"open","sticky":false,"template":"","format":"standard","meta":{"footnotes":""},"categories":[53],"tags":[],"class_list":["post-51012","post","type-post","status-publish","format-standard","has-post-thumbnail","hentry","category-regiones"],"yoast_head":"<!-- This site is optimized with the Yoast SEO plugin v27.1.1 - https:\/\/yoast.com\/product\/yoast-seo-wordpress\/ -->\n<title>Las condiciones de seguridad que se viven en Nari\u00f1o obstaculizan el trabajo de la JEP y obstruyen la participaci\u00f3n de las v\u00edctimas. | P\u00e1gina10<\/title>\n<meta name=\"robots\" content=\"index, follow, max-snippet:-1, max-image-preview:large, max-video-preview:-1\" \/>\n<link rel=\"canonical\" href=\"https:\/\/pagina10.com\/web\/las-condiciones-de-seguridad-que-se-viven-en-narino-obstaculizan-el-trabajo-de-la-jep-y-obstruyen-la-participacion-de-las-victimas\/\" \/>\n<meta property=\"og:locale\" content=\"es_ES\" \/>\n<meta property=\"og:type\" content=\"article\" \/>\n<meta property=\"og:title\" content=\"Las condiciones de seguridad que se viven en Nari\u00f1o obstaculizan el trabajo de la JEP y obstruyen la participaci\u00f3n de las v\u00edctimas. | P\u00e1gina10\" \/>\n<meta property=\"og:description\" content=\"Por medio del comunicado 029, la Jurisdicci\u00f3n Especial para la Paz, a trav\u00e9s de la Unidad de Investigaci\u00f3n y Acusaci\u00f3n UIA, dio a conocer el pasado 3 de marzo que el futuro del caso 02 que investiga la situaci\u00f3n territorial de Ricaurte, Tumaco y Barbacoas, podr\u00eda estar en riesgo si las condiciones de seguridad en [&hellip;]\" \/>\n<meta property=\"og:url\" content=\"https:\/\/pagina10.com\/web\/las-condiciones-de-seguridad-que-se-viven-en-narino-obstaculizan-el-trabajo-de-la-jep-y-obstruyen-la-participacion-de-las-victimas\/\" \/>\n<meta property=\"og:site_name\" content=\"P\u00e1gina10\" \/>\n<meta property=\"article:publisher\" content=\"https:\/\/www.facebook.com\/pag10com\" \/>\n<meta property=\"article:published_time\" content=\"2021-03-06T21:21:39+00:00\" \/>\n<meta property=\"og:image\" content=\"https:\/\/pagina10.com\/web\/wp-content\/uploads\/2021\/03\/RGKJP5XYG5CQLIHT2KK5XCOGUQ.jpg\" \/>\n\t<meta property=\"og:image:width\" content=\"420\" \/>\n\t<meta property=\"og:image:height\" content=\"280\" \/>\n\t<meta property=\"og:image:type\" content=\"image\/jpeg\" \/>\n<meta name=\"author\" content=\"P\u00e1gina 10\" \/>\n<meta name=\"twitter:card\" content=\"summary_large_image\" \/>\n<meta name=\"twitter:creator\" content=\"@Pag10com\" \/>\n<meta name=\"twitter:site\" content=\"@Pag10com\" \/>\n<meta name=\"twitter:label1\" content=\"Escrito por\" \/>\n\t<meta name=\"twitter:data1\" content=\"P\u00e1gina 10\" \/>\n\t<meta name=\"twitter:label2\" content=\"Tiempo de lectura\" \/>\n\t<meta name=\"twitter:data2\" content=\"2 minutos\" \/>\n<script type=\"application\/ld+json\" class=\"yoast-schema-graph\">{\"@context\":\"https:\/\/schema.org\",\"@graph\":[{\"@type\":\"Article\",\"@id\":\"https:\/\/pagina10.com\/web\/las-condiciones-de-seguridad-que-se-viven-en-narino-obstaculizan-el-trabajo-de-la-jep-y-obstruyen-la-participacion-de-las-victimas\/#article\",\"isPartOf\":{\"@id\":\"https:\/\/pagina10.com\/web\/las-condiciones-de-seguridad-que-se-viven-en-narino-obstaculizan-el-trabajo-de-la-jep-y-obstruyen-la-participacion-de-las-victimas\/\"},\"author\":{\"name\":\"P\u00e1gina 10\",\"@id\":\"https:\/\/pagina10.com\/web\/#\/schema\/person\/2efc4a090d25b667d3bc796798a3a81b\"},\"headline\":\"Las condiciones de seguridad que se viven en Nari\u00f1o obstaculizan el trabajo de la JEP y obstruyen la participaci\u00f3n de las v\u00edctimas.\",\"datePublished\":\"2021-03-06T21:21:39+00:00\",\"mainEntityOfPage\":{\"@id\":\"https:\/\/pagina10.com\/web\/las-condiciones-de-seguridad-que-se-viven-en-narino-obstaculizan-el-trabajo-de-la-jep-y-obstruyen-la-participacion-de-las-victimas\/\"},\"wordCount\":404,\"commentCount\":0,\"publisher\":{\"@id\":\"https:\/\/pagina10.com\/web\/#organization\"},\"image\":{\"@id\":\"https:\/\/pagina10.com\/web\/las-condiciones-de-seguridad-que-se-viven-en-narino-obstaculizan-el-trabajo-de-la-jep-y-obstruyen-la-participacion-de-las-victimas\/#primaryimage\"},\"thumbnailUrl\":\"https:\/\/pagina10.com\/web\/wp-content\/uploads\/2021\/03\/RGKJP5XYG5CQLIHT2KK5XCOGUQ.jpg\",\"articleSection\":[\"Regiones\"],\"inLanguage\":\"es\",\"potentialAction\":[{\"@type\":\"CommentAction\",\"name\":\"Comment\",\"target\":[\"https:\/\/pagina10.com\/web\/las-condiciones-de-seguridad-que-se-viven-en-narino-obstaculizan-el-trabajo-de-la-jep-y-obstruyen-la-participacion-de-las-victimas\/#respond\"]}]},{\"@type\":\"WebPage\",\"@id\":\"https:\/\/pagina10.com\/web\/las-condiciones-de-seguridad-que-se-viven-en-narino-obstaculizan-el-trabajo-de-la-jep-y-obstruyen-la-participacion-de-las-victimas\/\",\"url\":\"https:\/\/pagina10.com\/web\/las-condiciones-de-seguridad-que-se-viven-en-narino-obstaculizan-el-trabajo-de-la-jep-y-obstruyen-la-participacion-de-las-victimas\/\",\"name\":\"Las condiciones de seguridad que se viven en Nari\u00f1o obstaculizan el trabajo de la JEP y obstruyen la participaci\u00f3n de las v\u00edctimas. | P\u00e1gina10\",\"isPartOf\":{\"@id\":\"https:\/\/pagina10.com\/web\/#website\"},\"primaryImageOfPage\":{\"@id\":\"https:\/\/pagina10.com\/web\/las-condiciones-de-seguridad-que-se-viven-en-narino-obstaculizan-el-trabajo-de-la-jep-y-obstruyen-la-participacion-de-las-victimas\/#primaryimage\"},\"image\":{\"@id\":\"https:\/\/pagina10.com\/web\/las-condiciones-de-seguridad-que-se-viven-en-narino-obstaculizan-el-trabajo-de-la-jep-y-obstruyen-la-participacion-de-las-victimas\/#primaryimage\"},\"thumbnailUrl\":\"https:\/\/pagina10.com\/web\/wp-content\/uploads\/2021\/03\/RGKJP5XYG5CQLIHT2KK5XCOGUQ.jpg\",\"datePublished\":\"2021-03-06T21:21:39+00:00\",\"breadcrumb\":{\"@id\":\"https:\/\/pagina10.com\/web\/las-condiciones-de-seguridad-que-se-viven-en-narino-obstaculizan-el-trabajo-de-la-jep-y-obstruyen-la-participacion-de-las-victimas\/#breadcrumb\"},\"inLanguage\":\"es\",\"potentialAction\":[{\"@type\":\"ReadAction\",\"target\":[\"https:\/\/pagina10.com\/web\/las-condiciones-de-seguridad-que-se-viven-en-narino-obstaculizan-el-trabajo-de-la-jep-y-obstruyen-la-participacion-de-las-victimas\/\"]}]},{\"@type\":\"ImageObject\",\"inLanguage\":\"es\",\"@id\":\"https:\/\/pagina10.com\/web\/las-condiciones-de-seguridad-que-se-viven-en-narino-obstaculizan-el-trabajo-de-la-jep-y-obstruyen-la-participacion-de-las-victimas\/#primaryimage\",\"url\":\"https:\/\/pagina10.com\/web\/wp-content\/uploads\/2021\/03\/RGKJP5XYG5CQLIHT2KK5XCOGUQ.jpg\",\"contentUrl\":\"https:\/\/pagina10.com\/web\/wp-content\/uploads\/2021\/03\/RGKJP5XYG5CQLIHT2KK5XCOGUQ.jpg\",\"width\":420,\"height\":280},{\"@type\":\"BreadcrumbList\",\"@id\":\"https:\/\/pagina10.com\/web\/las-condiciones-de-seguridad-que-se-viven-en-narino-obstaculizan-el-trabajo-de-la-jep-y-obstruyen-la-participacion-de-las-victimas\/#breadcrumb\",\"itemListElement\":[{\"@type\":\"ListItem\",\"position\":1,\"name\":\"Portada\",\"item\":\"https:\/\/pagina10.com\/web\/\"},{\"@type\":\"ListItem\",\"position\":2,\"name\":\"Las condiciones de seguridad que se viven en Nari\u00f1o obstaculizan el trabajo de la JEP y obstruyen la participaci\u00f3n de las v\u00edctimas.\"}]},{\"@type\":\"WebSite\",\"@id\":\"https:\/\/pagina10.com\/web\/#website\",\"url\":\"https:\/\/pagina10.com\/web\/\",\"name\":\"P\u00e1gina10\",\"description\":\"Peri\u00f3dico Regional\",\"publisher\":{\"@id\":\"https:\/\/pagina10.com\/web\/#organization\"},\"alternateName\":\"P\u00e1gina10 Peri\u00f3dico Regional\",\"potentialAction\":[{\"@type\":\"SearchAction\",\"target\":{\"@type\":\"EntryPoint\",\"urlTemplate\":\"https:\/\/pagina10.com\/web\/?s={search_term_string}\"},\"query-input\":{\"@type\":\"PropertyValueSpecification\",\"valueRequired\":true,\"valueName\":\"search_term_string\"}}],\"inLanguage\":\"es\"},{\"@type\":\"Organization\",\"@id\":\"https:\/\/pagina10.com\/web\/#organization\",\"name\":\"P\u00e1gina10\",\"alternateName\":\"P\u00e1gina10 Peri\u00f3dico Regional\",\"url\":\"https:\/\/pagina10.com\/web\/\",\"logo\":{\"@type\":\"ImageObject\",\"inLanguage\":\"es\",\"@id\":\"https:\/\/pagina10.com\/web\/#\/schema\/logo\/image\/\",\"url\":\"https:\/\/pagina10.com\/web\/wp-content\/uploads\/2024\/01\/40-pagina-10-periodico-regional-pasto.jpg\",\"contentUrl\":\"https:\/\/pagina10.com\/web\/wp-content\/uploads\/2024\/01\/40-pagina-10-periodico-regional-pasto.jpg\",\"width\":1280,\"height\":720,\"caption\":\"P\u00e1gina10\"},\"image\":{\"@id\":\"https:\/\/pagina10.com\/web\/#\/schema\/logo\/image\/\"},\"sameAs\":[\"https:\/\/www.facebook.com\/pag10com\",\"https:\/\/x.com\/Pag10com\",\"https:\/\/www.instagram.com\/pagina10col\/\",\"https:\/\/youtube.com\/channel\/pag10\",\"https:\/\/www.tiktok.com\/@p10col\"]},{\"@type\":\"Person\",\"@id\":\"https:\/\/pagina10.com\/web\/#\/schema\/person\/2efc4a090d25b667d3bc796798a3a81b\",\"name\":\"P\u00e1gina 10\",\"description\":\"P\u00e1gina 10 es un peri\u00f3dico regional que nace en Colombia, en el departamento de Nari\u00f1o, con un enfoque global, fundamentado en cuatro pilares esenciales: la libertad, el pluralismo, la inclusi\u00f3n y la independencia. P\u00e1gina 10 hace referencia a Nari\u00f1o como el d\u00e9cimo departamento creado en Colombia, despu\u00e9s de un proceso pol\u00edtico liderado por actores y actrices regionales con el fin de obtener la independencia y autonom\u00eda de nuestros territorios. Con la creaci\u00f3n de P\u00e1gina 10 se pretende abrir un escenario para el dialogo, la reflexi\u00f3n y el debate que se extienda a otras geograf\u00edas de Am\u00e9rica Latina y del planeta, en una apuesta por transformar colectivamente los desaf\u00edos de un mundo contempor\u00e1neo, m\u00e1s all\u00e1 de las fronteras impuestas.\",\"url\":\"https:\/\/pagina10.com\/web\/author\/pdiezadmin\/\"}]}<\/script>\n<!-- \/ Yoast SEO plugin. -->","yoast_head_json":{"title":"Las condiciones de seguridad que se viven en Nari\u00f1o obstaculizan el trabajo de la JEP y obstruyen la participaci\u00f3n de las v\u00edctimas. | P\u00e1gina10","robots":{"index":"index","follow":"follow","max-snippet":"max-snippet:-1","max-image-preview":"max-image-preview:large","max-video-preview":"max-video-preview:-1"},"canonical":"https:\/\/pagina10.com\/web\/las-condiciones-de-seguridad-que-se-viven-en-narino-obstaculizan-el-trabajo-de-la-jep-y-obstruyen-la-participacion-de-las-victimas\/","og_locale":"es_ES","og_type":"article","og_title":"Las condiciones de seguridad que se viven en Nari\u00f1o obstaculizan el trabajo de la JEP y obstruyen la participaci\u00f3n de las v\u00edctimas. | P\u00e1gina10","og_description":"Por medio del comunicado 029, la Jurisdicci\u00f3n Especial para la Paz, a trav\u00e9s de la Unidad de Investigaci\u00f3n y Acusaci\u00f3n UIA, dio a conocer el pasado 3 de marzo que el futuro del caso 02 que investiga la situaci\u00f3n territorial de Ricaurte, Tumaco y Barbacoas, podr\u00eda estar en riesgo si las condiciones de seguridad en [&hellip;]","og_url":"https:\/\/pagina10.com\/web\/las-condiciones-de-seguridad-que-se-viven-en-narino-obstaculizan-el-trabajo-de-la-jep-y-obstruyen-la-participacion-de-las-victimas\/","og_site_name":"P\u00e1gina10","article_publisher":"https:\/\/www.facebook.com\/pag10com","article_published_time":"2021-03-06T21:21:39+00:00","og_image":[{"width":420,"height":280,"url":"https:\/\/pagina10.com\/web\/wp-content\/uploads\/2021\/03\/RGKJP5XYG5CQLIHT2KK5XCOGUQ.jpg","type":"image\/jpeg"}],"author":"P\u00e1gina 10","twitter_card":"summary_large_image","twitter_creator":"@Pag10com","twitter_site":"@Pag10com","twitter_misc":{"Escrito por":"P\u00e1gina 10","Tiempo de lectura":"2 minutos"},"schema":{"@context":"https:\/\/schema.org","@graph":[{"@type":"Article","@id":"https:\/\/pagina10.com\/web\/las-condiciones-de-seguridad-que-se-viven-en-narino-obstaculizan-el-trabajo-de-la-jep-y-obstruyen-la-participacion-de-las-victimas\/#article","isPartOf":{"@id":"https:\/\/pagina10.com\/web\/las-condiciones-de-seguridad-que-se-viven-en-narino-obstaculizan-el-trabajo-de-la-jep-y-obstruyen-la-participacion-de-las-victimas\/"},"author":{"name":"P\u00e1gina 10","@id":"https:\/\/pagina10.com\/web\/#\/schema\/person\/2efc4a090d25b667d3bc796798a3a81b"},"headline":"Las condiciones de seguridad que se viven en Nari\u00f1o obstaculizan el trabajo de la JEP y obstruyen la participaci\u00f3n de las v\u00edctimas.","datePublished":"2021-03-06T21:21:39+00:00","mainEntityOfPage":{"@id":"https:\/\/pagina10.com\/web\/las-condiciones-de-seguridad-que-se-viven-en-narino-obstaculizan-el-trabajo-de-la-jep-y-obstruyen-la-participacion-de-las-victimas\/"},"wordCount":404,"commentCount":0,"publisher":{"@id":"https:\/\/pagina10.com\/web\/#organization"},"image":{"@id":"https:\/\/pagina10.com\/web\/las-condiciones-de-seguridad-que-se-viven-en-narino-obstaculizan-el-trabajo-de-la-jep-y-obstruyen-la-participacion-de-las-victimas\/#primaryimage"},"thumbnailUrl":"https:\/\/pagina10.com\/web\/wp-content\/uploads\/2021\/03\/RGKJP5XYG5CQLIHT2KK5XCOGUQ.jpg","articleSection":["Regiones"],"inLanguage":"es","potentialAction":[{"@type":"CommentAction","name":"Comment","target":["https:\/\/pagina10.com\/web\/las-condiciones-de-seguridad-que-se-viven-en-narino-obstaculizan-el-trabajo-de-la-jep-y-obstruyen-la-participacion-de-las-victimas\/#respond"]}]},{"@type":"WebPage","@id":"https:\/\/pagina10.com\/web\/las-condiciones-de-seguridad-que-se-viven-en-narino-obstaculizan-el-trabajo-de-la-jep-y-obstruyen-la-participacion-de-las-victimas\/","url":"https:\/\/pagina10.com\/web\/las-condiciones-de-seguridad-que-se-viven-en-narino-obstaculizan-el-trabajo-de-la-jep-y-obstruyen-la-participacion-de-las-victimas\/","name":"Las condiciones de seguridad que se viven en Nari\u00f1o obstaculizan el trabajo de la JEP y obstruyen la participaci\u00f3n de las v\u00edctimas. | P\u00e1gina10","isPartOf":{"@id":"https:\/\/pagina10.com\/web\/#website"},"primaryImageOfPage":{"@id":"https:\/\/pagina10.com\/web\/las-condiciones-de-seguridad-que-se-viven-en-narino-obstaculizan-el-trabajo-de-la-jep-y-obstruyen-la-participacion-de-las-victimas\/#primaryimage"},"image":{"@id":"https:\/\/pagina10.com\/web\/las-condiciones-de-seguridad-que-se-viven-en-narino-obstaculizan-el-trabajo-de-la-jep-y-obstruyen-la-participacion-de-las-victimas\/#primaryimage"},"thumbnailUrl":"https:\/\/pagina10.com\/web\/wp-content\/uploads\/2021\/03\/RGKJP5XYG5CQLIHT2KK5XCOGUQ.jpg","datePublished":"2021-03-06T21:21:39+00:00","breadcrumb":{"@id":"https:\/\/pagina10.com\/web\/las-condiciones-de-seguridad-que-se-viven-en-narino-obstaculizan-el-trabajo-de-la-jep-y-obstruyen-la-participacion-de-las-victimas\/#breadcrumb"},"inLanguage":"es","potentialAction":[{"@type":"ReadAction","target":["https:\/\/pagina10.com\/web\/las-condiciones-de-seguridad-que-se-viven-en-narino-obstaculizan-el-trabajo-de-la-jep-y-obstruyen-la-participacion-de-las-victimas\/"]}]},{"@type":"ImageObject","inLanguage":"es","@id":"https:\/\/pagina10.com\/web\/las-condiciones-de-seguridad-que-se-viven-en-narino-obstaculizan-el-trabajo-de-la-jep-y-obstruyen-la-participacion-de-las-victimas\/#primaryimage","url":"https:\/\/pagina10.com\/web\/wp-content\/uploads\/2021\/03\/RGKJP5XYG5CQLIHT2KK5XCOGUQ.jpg","contentUrl":"https:\/\/pagina10.com\/web\/wp-content\/uploads\/2021\/03\/RGKJP5XYG5CQLIHT2KK5XCOGUQ.jpg","width":420,"height":280},{"@type":"BreadcrumbList","@id":"https:\/\/pagina10.com\/web\/las-condiciones-de-seguridad-que-se-viven-en-narino-obstaculizan-el-trabajo-de-la-jep-y-obstruyen-la-participacion-de-las-victimas\/#breadcrumb","itemListElement":[{"@type":"ListItem","position":1,"name":"Portada","item":"https:\/\/pagina10.com\/web\/"},{"@type":"ListItem","position":2,"name":"Las condiciones de seguridad que se viven en Nari\u00f1o obstaculizan el trabajo de la JEP y obstruyen la participaci\u00f3n de las v\u00edctimas."}]},{"@type":"WebSite","@id":"https:\/\/pagina10.com\/web\/#website","url":"https:\/\/pagina10.com\/web\/","name":"P\u00e1gina10","description":"Peri\u00f3dico Regional","publisher":{"@id":"https:\/\/pagina10.com\/web\/#organization"},"alternateName":"P\u00e1gina10 Peri\u00f3dico Regional","potentialAction":[{"@type":"SearchAction","target":{"@type":"EntryPoint","urlTemplate":"https:\/\/pagina10.com\/web\/?s={search_term_string}"},"query-input":{"@type":"PropertyValueSpecification","valueRequired":true,"valueName":"search_term_string"}}],"inLanguage":"es"},{"@type":"Organization","@id":"https:\/\/pagina10.com\/web\/#organization","name":"P\u00e1gina10","alternateName":"P\u00e1gina10 Peri\u00f3dico Regional","url":"https:\/\/pagina10.com\/web\/","logo":{"@type":"ImageObject","inLanguage":"es","@id":"https:\/\/pagina10.com\/web\/#\/schema\/logo\/image\/","url":"https:\/\/pagina10.com\/web\/wp-content\/uploads\/2024\/01\/40-pagina-10-periodico-regional-pasto.jpg","contentUrl":"https:\/\/pagina10.com\/web\/wp-content\/uploads\/2024\/01\/40-pagina-10-periodico-regional-pasto.jpg","width":1280,"height":720,"caption":"P\u00e1gina10"},"image":{"@id":"https:\/\/pagina10.com\/web\/#\/schema\/logo\/image\/"},"sameAs":["https:\/\/www.facebook.com\/pag10com","https:\/\/x.com\/Pag10com","https:\/\/www.instagram.com\/pagina10col\/","https:\/\/youtube.com\/channel\/pag10","https:\/\/www.tiktok.com\/@p10col"]},{"@type":"Person","@id":"https:\/\/pagina10.com\/web\/#\/schema\/person\/2efc4a090d25b667d3bc796798a3a81b","name":"P\u00e1gina 10","description":"P\u00e1gina 10 es un peri\u00f3dico regional que nace en Colombia, en el departamento de Nari\u00f1o, con un enfoque global, fundamentado en cuatro pilares esenciales: la libertad, el pluralismo, la inclusi\u00f3n y la independencia. P\u00e1gina 10 hace referencia a Nari\u00f1o como el d\u00e9cimo departamento creado en Colombia, despu\u00e9s de un proceso pol\u00edtico liderado por actores y actrices regionales con el fin de obtener la independencia y autonom\u00eda de nuestros territorios. Con la creaci\u00f3n de P\u00e1gina 10 se pretende abrir un escenario para el dialogo, la reflexi\u00f3n y el debate que se extienda a otras geograf\u00edas de Am\u00e9rica Latina y del planeta, en una apuesta por transformar colectivamente los desaf\u00edos de un mundo contempor\u00e1neo, m\u00e1s all\u00e1 de las fronteras impuestas.","url":"https:\/\/pagina10.com\/web\/author\/pdiezadmin\/"}]}},"_links":{"self":[{"href":"https:\/\/pagina10.com\/web\/wp-json\/wp\/v2\/posts\/51012","targetHints":{"allow":["GET"]}}],"collection":[{"href":"https:\/\/pagina10.com\/web\/wp-json\/wp\/v2\/posts"}],"about":[{"href":"https:\/\/pagina10.com\/web\/wp-json\/wp\/v2\/types\/post"}],"author":[{"embeddable":true,"href":"https:\/\/pagina10.com\/web\/wp-json\/wp\/v2\/users\/1"}],"replies":[{"embeddable":true,"href":"https:\/\/pagina10.com\/web\/wp-json\/wp\/v2\/comments?post=51012"}],"version-history":[{"count":1,"href":"https:\/\/pagina10.com\/web\/wp-json\/wp\/v2\/posts\/51012\/revisions"}],"predecessor-version":[{"id":51014,"href":"https:\/\/pagina10.com\/web\/wp-json\/wp\/v2\/posts\/51012\/revisions\/51014"}],"wp:featuredmedia":[{"embeddable":true,"href":"https:\/\/pagina10.com\/web\/wp-json\/wp\/v2\/media\/51013"}],"wp:attachment":[{"href":"https:\/\/pagina10.com\/web\/wp-json\/wp\/v2\/media?parent=51012"}],"wp:term":[{"taxonomy":"category","embeddable":true,"href":"https:\/\/pagina10.com\/web\/wp-json\/wp\/v2\/categories?post=51012"},{"taxonomy":"post_tag","embeddable":true,"href":"https:\/\/pagina10.com\/web\/wp-json\/wp\/v2\/tags?post=51012"}],"curies":[{"name":"wp","href":"https:\/\/api.w.org\/{rel}","templated":true}]}}