{"id":51019,"date":"2021-03-07T09:36:13","date_gmt":"2021-03-07T14:36:13","guid":{"rendered":"https:\/\/pagina10.com\/web\/?p=51019"},"modified":"2021-03-07T12:21:44","modified_gmt":"2021-03-07T17:21:44","slug":"alcalde-de-guaitarilla-hace-un-llamado-al-gobierno-departamental-por-la-ola-invernal","status":"publish","type":"post","link":"https:\/\/pagina10.com\/web\/alcalde-de-guaitarilla-hace-un-llamado-al-gobierno-departamental-por-la-ola-invernal\/","title":{"rendered":"Alcalde de Guaitarilla hace un llamado al Gobierno Departamental por la ola invernal."},"content":{"rendered":"<p style=\"text-align: justify;\">El alcalde del municipio de Guaitarilla, Carlos Yovany Bastidas, hizo un llamado urgente al Gobierno Departamental y a la Unidad del Riesgo del Departamento por la ola invernal que afecta al municipio.<\/p>\n<p style=\"text-align: justify;\">Hasta el momento, \u201ctenemos varios represamientos que ha causado que muchas personas se encuentren en calamidad, tenemos estancamiento y represamiento de agua en todos los sectores del municipio de Guaitarilla\u201d se\u00f1al\u00f3 el mandatario.<\/p>\n<p style=\"text-align: justify;\">Manifest\u00f3 que aunque han estado trabajando con el Ej\u00e9rcito Nacional, la Polic\u00eda y los Bomberos del municipio, haciendo lo que sea posible para mitigar esta ola invernal, es urgente la atenci\u00f3n y el apoyo del gobierno departamental.<\/p>\n<p>&nbsp;<\/p>\n<p>Esto fue lo que manifest\u00f3 el mandatario:<\/p>\n<div style=\"width: 800px;\" class=\"wp-video\"><video class=\"wp-video-shortcode\" id=\"video-51019-1\" width=\"800\" height=\"450\" preload=\"metadata\" controls=\"controls\"><source type=\"video\/mp4\" src=\"https:\/\/pagina10.com\/web\/wp-content\/uploads\/2021\/03\/10000000_717356662295448_143124848985485693_n.mp4?_=1\" \/><a href=\"https:\/\/pagina10.com\/web\/wp-content\/uploads\/2021\/03\/10000000_717356662295448_143124848985485693_n.mp4\">https:\/\/pagina10.com\/web\/wp-content\/uploads\/2021\/03\/10000000_717356662295448_143124848985485693_n.mp4<\/a><\/video><\/div>\n","protected":false},"excerpt":{"rendered":"<p>El alcalde del municipio de Guaitarilla, Carlos Yovany Bastidas, hizo un llamado urgente al Gobierno Departamental y a la Unidad del Riesgo del Departamento por la ola invernal que afecta al municipio. Hasta el momento, \u201ctenemos varios represamientos que ha causado que muchas personas se encuentren en calamidad, tenemos estancamiento y represamiento de agua en [&hellip;]<\/p>\n","protected":false},"author":1,"featured_media":51022,"comment_status":"open","ping_status":"open","sticky":false,"template":"","format":"standard","meta":{"footnotes":""},"categories":[53,1],"tags":[],"class_list":["post-51019","post","type-post","status-publish","format-standard","has-post-thumbnail","hentry","category-regiones","category-sin-categoria"],"yoast_head":"<!-- This site is optimized with the Yoast SEO plugin v27.1.1 - https:\/\/yoast.com\/product\/yoast-seo-wordpress\/ -->\n<title>Alcalde de Guaitarilla hace un llamado al Gobierno Departamental por la ola invernal. | P\u00e1gina10<\/title>\n<meta name=\"robots\" content=\"index, follow, max-snippet:-1, max-image-preview:large, max-video-preview:-1\" \/>\n<link rel=\"canonical\" href=\"https:\/\/pagina10.com\/web\/alcalde-de-guaitarilla-hace-un-llamado-al-gobierno-departamental-por-la-ola-invernal\/\" \/>\n<meta property=\"og:locale\" content=\"es_ES\" \/>\n<meta property=\"og:type\" content=\"article\" \/>\n<meta property=\"og:title\" content=\"Alcalde de Guaitarilla hace un llamado al Gobierno Departamental por la ola invernal. | P\u00e1gina10\" \/>\n<meta property=\"og:description\" content=\"El alcalde del municipio de Guaitarilla, Carlos Yovany Bastidas, hizo un llamado urgente al Gobierno Departamental y a la Unidad del Riesgo del Departamento por la ola invernal que afecta al municipio. Hasta el momento, \u201ctenemos varios represamientos que ha causado que muchas personas se encuentren en calamidad, tenemos estancamiento y represamiento de agua en [&hellip;]\" \/>\n<meta property=\"og:url\" content=\"https:\/\/pagina10.com\/web\/alcalde-de-guaitarilla-hace-un-llamado-al-gobierno-departamental-por-la-ola-invernal\/\" \/>\n<meta property=\"og:site_name\" content=\"P\u00e1gina10\" \/>\n<meta property=\"article:publisher\" content=\"https:\/\/www.facebook.com\/pag10com\" \/>\n<meta property=\"article:published_time\" content=\"2021-03-07T14:36:13+00:00\" \/>\n<meta property=\"article:modified_time\" content=\"2021-03-07T17:21:44+00:00\" \/>\n<meta property=\"og:image\" content=\"https:\/\/pagina10.com\/web\/wp-content\/uploads\/2021\/03\/descarga.jpeg\" \/>\n\t<meta property=\"og:image:width\" content=\"275\" \/>\n\t<meta property=\"og:image:height\" content=\"183\" \/>\n\t<meta property=\"og:image:type\" content=\"image\/jpeg\" \/>\n<meta name=\"author\" content=\"P\u00e1gina 10\" \/>\n<meta name=\"twitter:card\" content=\"summary_large_image\" \/>\n<meta name=\"twitter:creator\" content=\"@Pag10com\" \/>\n<meta name=\"twitter:site\" content=\"@Pag10com\" \/>\n<meta name=\"twitter:label1\" content=\"Escrito por\" \/>\n\t<meta name=\"twitter:data1\" content=\"P\u00e1gina 10\" \/>\n\t<meta name=\"twitter:label2\" content=\"Tiempo de lectura\" \/>\n\t<meta name=\"twitter:data2\" content=\"1 minuto\" \/>\n<script type=\"application\/ld+json\" class=\"yoast-schema-graph\">{\"@context\":\"https:\/\/schema.org\",\"@graph\":[{\"@type\":\"Article\",\"@id\":\"https:\/\/pagina10.com\/web\/alcalde-de-guaitarilla-hace-un-llamado-al-gobierno-departamental-por-la-ola-invernal\/#article\",\"isPartOf\":{\"@id\":\"https:\/\/pagina10.com\/web\/alcalde-de-guaitarilla-hace-un-llamado-al-gobierno-departamental-por-la-ola-invernal\/\"},\"author\":{\"name\":\"P\u00e1gina 10\",\"@id\":\"https:\/\/pagina10.com\/web\/#\/schema\/person\/2efc4a090d25b667d3bc796798a3a81b\"},\"headline\":\"Alcalde de Guaitarilla hace un llamado al Gobierno Departamental por la ola invernal.\",\"datePublished\":\"2021-03-07T14:36:13+00:00\",\"dateModified\":\"2021-03-07T17:21:44+00:00\",\"mainEntityOfPage\":{\"@id\":\"https:\/\/pagina10.com\/web\/alcalde-de-guaitarilla-hace-un-llamado-al-gobierno-departamental-por-la-ola-invernal\/\"},\"wordCount\":140,\"commentCount\":0,\"publisher\":{\"@id\":\"https:\/\/pagina10.com\/web\/#organization\"},\"image\":{\"@id\":\"https:\/\/pagina10.com\/web\/alcalde-de-guaitarilla-hace-un-llamado-al-gobierno-departamental-por-la-ola-invernal\/#primaryimage\"},\"thumbnailUrl\":\"https:\/\/pagina10.com\/web\/wp-content\/uploads\/2021\/03\/descarga.jpeg\",\"articleSection\":[\"Regiones\"],\"inLanguage\":\"es\",\"potentialAction\":[{\"@type\":\"CommentAction\",\"name\":\"Comment\",\"target\":[\"https:\/\/pagina10.com\/web\/alcalde-de-guaitarilla-hace-un-llamado-al-gobierno-departamental-por-la-ola-invernal\/#respond\"]}]},{\"@type\":\"WebPage\",\"@id\":\"https:\/\/pagina10.com\/web\/alcalde-de-guaitarilla-hace-un-llamado-al-gobierno-departamental-por-la-ola-invernal\/\",\"url\":\"https:\/\/pagina10.com\/web\/alcalde-de-guaitarilla-hace-un-llamado-al-gobierno-departamental-por-la-ola-invernal\/\",\"name\":\"Alcalde de Guaitarilla hace un llamado al Gobierno Departamental por la ola invernal. | P\u00e1gina10\",\"isPartOf\":{\"@id\":\"https:\/\/pagina10.com\/web\/#website\"},\"primaryImageOfPage\":{\"@id\":\"https:\/\/pagina10.com\/web\/alcalde-de-guaitarilla-hace-un-llamado-al-gobierno-departamental-por-la-ola-invernal\/#primaryimage\"},\"image\":{\"@id\":\"https:\/\/pagina10.com\/web\/alcalde-de-guaitarilla-hace-un-llamado-al-gobierno-departamental-por-la-ola-invernal\/#primaryimage\"},\"thumbnailUrl\":\"https:\/\/pagina10.com\/web\/wp-content\/uploads\/2021\/03\/descarga.jpeg\",\"datePublished\":\"2021-03-07T14:36:13+00:00\",\"dateModified\":\"2021-03-07T17:21:44+00:00\",\"breadcrumb\":{\"@id\":\"https:\/\/pagina10.com\/web\/alcalde-de-guaitarilla-hace-un-llamado-al-gobierno-departamental-por-la-ola-invernal\/#breadcrumb\"},\"inLanguage\":\"es\",\"potentialAction\":[{\"@type\":\"ReadAction\",\"target\":[\"https:\/\/pagina10.com\/web\/alcalde-de-guaitarilla-hace-un-llamado-al-gobierno-departamental-por-la-ola-invernal\/\"]}]},{\"@type\":\"ImageObject\",\"inLanguage\":\"es\",\"@id\":\"https:\/\/pagina10.com\/web\/alcalde-de-guaitarilla-hace-un-llamado-al-gobierno-departamental-por-la-ola-invernal\/#primaryimage\",\"url\":\"https:\/\/pagina10.com\/web\/wp-content\/uploads\/2021\/03\/descarga.jpeg\",\"contentUrl\":\"https:\/\/pagina10.com\/web\/wp-content\/uploads\/2021\/03\/descarga.jpeg\",\"width\":275,\"height\":183},{\"@type\":\"BreadcrumbList\",\"@id\":\"https:\/\/pagina10.com\/web\/alcalde-de-guaitarilla-hace-un-llamado-al-gobierno-departamental-por-la-ola-invernal\/#breadcrumb\",\"itemListElement\":[{\"@type\":\"ListItem\",\"position\":1,\"name\":\"Portada\",\"item\":\"https:\/\/pagina10.com\/web\/\"},{\"@type\":\"ListItem\",\"position\":2,\"name\":\"Alcalde de Guaitarilla hace un llamado al Gobierno Departamental por la ola invernal.\"}]},{\"@type\":\"WebSite\",\"@id\":\"https:\/\/pagina10.com\/web\/#website\",\"url\":\"https:\/\/pagina10.com\/web\/\",\"name\":\"P\u00e1gina10\",\"description\":\"Peri\u00f3dico Regional\",\"publisher\":{\"@id\":\"https:\/\/pagina10.com\/web\/#organization\"},\"alternateName\":\"P\u00e1gina10 Peri\u00f3dico Regional\",\"potentialAction\":[{\"@type\":\"SearchAction\",\"target\":{\"@type\":\"EntryPoint\",\"urlTemplate\":\"https:\/\/pagina10.com\/web\/?s={search_term_string}\"},\"query-input\":{\"@type\":\"PropertyValueSpecification\",\"valueRequired\":true,\"valueName\":\"search_term_string\"}}],\"inLanguage\":\"es\"},{\"@type\":\"Organization\",\"@id\":\"https:\/\/pagina10.com\/web\/#organization\",\"name\":\"P\u00e1gina10\",\"alternateName\":\"P\u00e1gina10 Peri\u00f3dico Regional\",\"url\":\"https:\/\/pagina10.com\/web\/\",\"logo\":{\"@type\":\"ImageObject\",\"inLanguage\":\"es\",\"@id\":\"https:\/\/pagina10.com\/web\/#\/schema\/logo\/image\/\",\"url\":\"https:\/\/pagina10.com\/web\/wp-content\/uploads\/2024\/01\/40-pagina-10-periodico-regional-pasto.jpg\",\"contentUrl\":\"https:\/\/pagina10.com\/web\/wp-content\/uploads\/2024\/01\/40-pagina-10-periodico-regional-pasto.jpg\",\"width\":1280,\"height\":720,\"caption\":\"P\u00e1gina10\"},\"image\":{\"@id\":\"https:\/\/pagina10.com\/web\/#\/schema\/logo\/image\/\"},\"sameAs\":[\"https:\/\/www.facebook.com\/pag10com\",\"https:\/\/x.com\/Pag10com\",\"https:\/\/www.instagram.com\/pagina10col\/\",\"https:\/\/youtube.com\/channel\/pag10\",\"https:\/\/www.tiktok.com\/@p10col\"]},{\"@type\":\"Person\",\"@id\":\"https:\/\/pagina10.com\/web\/#\/schema\/person\/2efc4a090d25b667d3bc796798a3a81b\",\"name\":\"P\u00e1gina 10\",\"description\":\"P\u00e1gina 10 es un peri\u00f3dico regional que nace en Colombia, en el departamento de Nari\u00f1o, con un enfoque global, fundamentado en cuatro pilares esenciales: la libertad, el pluralismo, la inclusi\u00f3n y la independencia. P\u00e1gina 10 hace referencia a Nari\u00f1o como el d\u00e9cimo departamento creado en Colombia, despu\u00e9s de un proceso pol\u00edtico liderado por actores y actrices regionales con el fin de obtener la independencia y autonom\u00eda de nuestros territorios. Con la creaci\u00f3n de P\u00e1gina 10 se pretende abrir un escenario para el dialogo, la reflexi\u00f3n y el debate que se extienda a otras geograf\u00edas de Am\u00e9rica Latina y del planeta, en una apuesta por transformar colectivamente los desaf\u00edos de un mundo contempor\u00e1neo, m\u00e1s all\u00e1 de las fronteras impuestas.\",\"url\":\"https:\/\/pagina10.com\/web\/author\/pdiezadmin\/\"}]}<\/script>\n<!-- \/ Yoast SEO plugin. -->","yoast_head_json":{"title":"Alcalde de Guaitarilla hace un llamado al Gobierno Departamental por la ola invernal. | P\u00e1gina10","robots":{"index":"index","follow":"follow","max-snippet":"max-snippet:-1","max-image-preview":"max-image-preview:large","max-video-preview":"max-video-preview:-1"},"canonical":"https:\/\/pagina10.com\/web\/alcalde-de-guaitarilla-hace-un-llamado-al-gobierno-departamental-por-la-ola-invernal\/","og_locale":"es_ES","og_type":"article","og_title":"Alcalde de Guaitarilla hace un llamado al Gobierno Departamental por la ola invernal. | P\u00e1gina10","og_description":"El alcalde del municipio de Guaitarilla, Carlos Yovany Bastidas, hizo un llamado urgente al Gobierno Departamental y a la Unidad del Riesgo del Departamento por la ola invernal que afecta al municipio. Hasta el momento, \u201ctenemos varios represamientos que ha causado que muchas personas se encuentren en calamidad, tenemos estancamiento y represamiento de agua en [&hellip;]","og_url":"https:\/\/pagina10.com\/web\/alcalde-de-guaitarilla-hace-un-llamado-al-gobierno-departamental-por-la-ola-invernal\/","og_site_name":"P\u00e1gina10","article_publisher":"https:\/\/www.facebook.com\/pag10com","article_published_time":"2021-03-07T14:36:13+00:00","article_modified_time":"2021-03-07T17:21:44+00:00","og_image":[{"width":275,"height":183,"url":"https:\/\/pagina10.com\/web\/wp-content\/uploads\/2021\/03\/descarga.jpeg","type":"image\/jpeg"}],"author":"P\u00e1gina 10","twitter_card":"summary_large_image","twitter_creator":"@Pag10com","twitter_site":"@Pag10com","twitter_misc":{"Escrito por":"P\u00e1gina 10","Tiempo de lectura":"1 minuto"},"schema":{"@context":"https:\/\/schema.org","@graph":[{"@type":"Article","@id":"https:\/\/pagina10.com\/web\/alcalde-de-guaitarilla-hace-un-llamado-al-gobierno-departamental-por-la-ola-invernal\/#article","isPartOf":{"@id":"https:\/\/pagina10.com\/web\/alcalde-de-guaitarilla-hace-un-llamado-al-gobierno-departamental-por-la-ola-invernal\/"},"author":{"name":"P\u00e1gina 10","@id":"https:\/\/pagina10.com\/web\/#\/schema\/person\/2efc4a090d25b667d3bc796798a3a81b"},"headline":"Alcalde de Guaitarilla hace un llamado al Gobierno Departamental por la ola invernal.","datePublished":"2021-03-07T14:36:13+00:00","dateModified":"2021-03-07T17:21:44+00:00","mainEntityOfPage":{"@id":"https:\/\/pagina10.com\/web\/alcalde-de-guaitarilla-hace-un-llamado-al-gobierno-departamental-por-la-ola-invernal\/"},"wordCount":140,"commentCount":0,"publisher":{"@id":"https:\/\/pagina10.com\/web\/#organization"},"image":{"@id":"https:\/\/pagina10.com\/web\/alcalde-de-guaitarilla-hace-un-llamado-al-gobierno-departamental-por-la-ola-invernal\/#primaryimage"},"thumbnailUrl":"https:\/\/pagina10.com\/web\/wp-content\/uploads\/2021\/03\/descarga.jpeg","articleSection":["Regiones"],"inLanguage":"es","potentialAction":[{"@type":"CommentAction","name":"Comment","target":["https:\/\/pagina10.com\/web\/alcalde-de-guaitarilla-hace-un-llamado-al-gobierno-departamental-por-la-ola-invernal\/#respond"]}]},{"@type":"WebPage","@id":"https:\/\/pagina10.com\/web\/alcalde-de-guaitarilla-hace-un-llamado-al-gobierno-departamental-por-la-ola-invernal\/","url":"https:\/\/pagina10.com\/web\/alcalde-de-guaitarilla-hace-un-llamado-al-gobierno-departamental-por-la-ola-invernal\/","name":"Alcalde de Guaitarilla hace un llamado al Gobierno Departamental por la ola invernal. | P\u00e1gina10","isPartOf":{"@id":"https:\/\/pagina10.com\/web\/#website"},"primaryImageOfPage":{"@id":"https:\/\/pagina10.com\/web\/alcalde-de-guaitarilla-hace-un-llamado-al-gobierno-departamental-por-la-ola-invernal\/#primaryimage"},"image":{"@id":"https:\/\/pagina10.com\/web\/alcalde-de-guaitarilla-hace-un-llamado-al-gobierno-departamental-por-la-ola-invernal\/#primaryimage"},"thumbnailUrl":"https:\/\/pagina10.com\/web\/wp-content\/uploads\/2021\/03\/descarga.jpeg","datePublished":"2021-03-07T14:36:13+00:00","dateModified":"2021-03-07T17:21:44+00:00","breadcrumb":{"@id":"https:\/\/pagina10.com\/web\/alcalde-de-guaitarilla-hace-un-llamado-al-gobierno-departamental-por-la-ola-invernal\/#breadcrumb"},"inLanguage":"es","potentialAction":[{"@type":"ReadAction","target":["https:\/\/pagina10.com\/web\/alcalde-de-guaitarilla-hace-un-llamado-al-gobierno-departamental-por-la-ola-invernal\/"]}]},{"@type":"ImageObject","inLanguage":"es","@id":"https:\/\/pagina10.com\/web\/alcalde-de-guaitarilla-hace-un-llamado-al-gobierno-departamental-por-la-ola-invernal\/#primaryimage","url":"https:\/\/pagina10.com\/web\/wp-content\/uploads\/2021\/03\/descarga.jpeg","contentUrl":"https:\/\/pagina10.com\/web\/wp-content\/uploads\/2021\/03\/descarga.jpeg","width":275,"height":183},{"@type":"BreadcrumbList","@id":"https:\/\/pagina10.com\/web\/alcalde-de-guaitarilla-hace-un-llamado-al-gobierno-departamental-por-la-ola-invernal\/#breadcrumb","itemListElement":[{"@type":"ListItem","position":1,"name":"Portada","item":"https:\/\/pagina10.com\/web\/"},{"@type":"ListItem","position":2,"name":"Alcalde de Guaitarilla hace un llamado al Gobierno Departamental por la ola invernal."}]},{"@type":"WebSite","@id":"https:\/\/pagina10.com\/web\/#website","url":"https:\/\/pagina10.com\/web\/","name":"P\u00e1gina10","description":"Peri\u00f3dico Regional","publisher":{"@id":"https:\/\/pagina10.com\/web\/#organization"},"alternateName":"P\u00e1gina10 Peri\u00f3dico Regional","potentialAction":[{"@type":"SearchAction","target":{"@type":"EntryPoint","urlTemplate":"https:\/\/pagina10.com\/web\/?s={search_term_string}"},"query-input":{"@type":"PropertyValueSpecification","valueRequired":true,"valueName":"search_term_string"}}],"inLanguage":"es"},{"@type":"Organization","@id":"https:\/\/pagina10.com\/web\/#organization","name":"P\u00e1gina10","alternateName":"P\u00e1gina10 Peri\u00f3dico Regional","url":"https:\/\/pagina10.com\/web\/","logo":{"@type":"ImageObject","inLanguage":"es","@id":"https:\/\/pagina10.com\/web\/#\/schema\/logo\/image\/","url":"https:\/\/pagina10.com\/web\/wp-content\/uploads\/2024\/01\/40-pagina-10-periodico-regional-pasto.jpg","contentUrl":"https:\/\/pagina10.com\/web\/wp-content\/uploads\/2024\/01\/40-pagina-10-periodico-regional-pasto.jpg","width":1280,"height":720,"caption":"P\u00e1gina10"},"image":{"@id":"https:\/\/pagina10.com\/web\/#\/schema\/logo\/image\/"},"sameAs":["https:\/\/www.facebook.com\/pag10com","https:\/\/x.com\/Pag10com","https:\/\/www.instagram.com\/pagina10col\/","https:\/\/youtube.com\/channel\/pag10","https:\/\/www.tiktok.com\/@p10col"]},{"@type":"Person","@id":"https:\/\/pagina10.com\/web\/#\/schema\/person\/2efc4a090d25b667d3bc796798a3a81b","name":"P\u00e1gina 10","description":"P\u00e1gina 10 es un peri\u00f3dico regional que nace en Colombia, en el departamento de Nari\u00f1o, con un enfoque global, fundamentado en cuatro pilares esenciales: la libertad, el pluralismo, la inclusi\u00f3n y la independencia. P\u00e1gina 10 hace referencia a Nari\u00f1o como el d\u00e9cimo departamento creado en Colombia, despu\u00e9s de un proceso pol\u00edtico liderado por actores y actrices regionales con el fin de obtener la independencia y autonom\u00eda de nuestros territorios. Con la creaci\u00f3n de P\u00e1gina 10 se pretende abrir un escenario para el dialogo, la reflexi\u00f3n y el debate que se extienda a otras geograf\u00edas de Am\u00e9rica Latina y del planeta, en una apuesta por transformar colectivamente los desaf\u00edos de un mundo contempor\u00e1neo, m\u00e1s all\u00e1 de las fronteras impuestas.","url":"https:\/\/pagina10.com\/web\/author\/pdiezadmin\/"}]}},"_links":{"self":[{"href":"https:\/\/pagina10.com\/web\/wp-json\/wp\/v2\/posts\/51019","targetHints":{"allow":["GET"]}}],"collection":[{"href":"https:\/\/pagina10.com\/web\/wp-json\/wp\/v2\/posts"}],"about":[{"href":"https:\/\/pagina10.com\/web\/wp-json\/wp\/v2\/types\/post"}],"author":[{"embeddable":true,"href":"https:\/\/pagina10.com\/web\/wp-json\/wp\/v2\/users\/1"}],"replies":[{"embeddable":true,"href":"https:\/\/pagina10.com\/web\/wp-json\/wp\/v2\/comments?post=51019"}],"version-history":[{"count":2,"href":"https:\/\/pagina10.com\/web\/wp-json\/wp\/v2\/posts\/51019\/revisions"}],"predecessor-version":[{"id":51026,"href":"https:\/\/pagina10.com\/web\/wp-json\/wp\/v2\/posts\/51019\/revisions\/51026"}],"wp:featuredmedia":[{"embeddable":true,"href":"https:\/\/pagina10.com\/web\/wp-json\/wp\/v2\/media\/51022"}],"wp:attachment":[{"href":"https:\/\/pagina10.com\/web\/wp-json\/wp\/v2\/media?parent=51019"}],"wp:term":[{"taxonomy":"category","embeddable":true,"href":"https:\/\/pagina10.com\/web\/wp-json\/wp\/v2\/categories?post=51019"},{"taxonomy":"post_tag","embeddable":true,"href":"https:\/\/pagina10.com\/web\/wp-json\/wp\/v2\/tags?post=51019"}],"curies":[{"name":"wp","href":"https:\/\/api.w.org\/{rel}","templated":true}]}}