{"id":51032,"date":"2021-03-07T13:26:12","date_gmt":"2021-03-07T18:26:12","guid":{"rendered":"https:\/\/pagina10.com\/web\/?p=51032"},"modified":"2021-03-07T13:26:12","modified_gmt":"2021-03-07T18:26:12","slug":"acciones-de-reparacion-colectiva-en-el-municipio-de-san-jose-de-alban","status":"publish","type":"post","link":"https:\/\/pagina10.com\/web\/acciones-de-reparacion-colectiva-en-el-municipio-de-san-jose-de-alban\/","title":{"rendered":"Acciones de reparaci\u00f3n colectiva en el Municipio de San Jos\u00e9 de Alb\u00e1n."},"content":{"rendered":"<p style=\"text-align: justify;\">Como parte del proceso de Reparaci\u00f3n Integral Colectiva en el Municipio de San Jos\u00e9 de Alb\u00e1n, la Gobernaci\u00f3n de Nari\u00f1o, acompa\u00f1\u00f3 a la Unidad de Atenci\u00f3n y Reparaci\u00f3n Integral para las V\u00edctimas-UARIV en la entrega de dotaci\u00f3n mobiliaria, tecnol\u00f3gica y de cocina a tres instituciones educativas de esta zona del Departamento.<\/p>\n<p style=\"text-align: justify;\">La Secretar\u00eda de Gobierno Departamental, viene acompa\u00f1ando el proceso de Reparaci\u00f3n Colectiva Integral del Municipio de San Jos\u00e9 de Alb\u00e1n, enfocado en el fortalecimiento de las capacidades de las instituciones educativas del municipio. \u201cEstamos acompa\u00f1ando a la Unidad para las V\u00edctimas a realizar la entrega de elementos para fortalecer el sector educativo de este municipio. Esto demuestra que el trabajo unificado con la fuerza p\u00fablica y de la mano con la comunidad, se puede ir superando las tristezas que se produjeron en estos territorios y podremos llegar a todos los rincones de nuestro Departamento\u201d. Indic\u00f3 el Secretario de Gobierno Departamental, Francisco Cer\u00f3n.<\/p>\n<div>\n<div style=\"text-align: justify;\">\nEsta entrega tambi\u00e9n represent\u00f3 un reconocimiento para las familias de Elizabeth Erazo y Arley Farinango, dos j\u00f3venes que perdieron su vida estando en las instituciones educativas. \u201cEste es un homenaje para estos j\u00f3venes y para sus familias y quedar\u00e1 como recuerdo. Los salones de inform\u00e1tica de estos tres colegios del municipio de San Jos\u00e9 de Alb\u00e1n llevar\u00e1n sus nombres\u201d se\u00f1al\u00f3 el Director Territorial de la Unidad para las V\u00edctimas, William Pinz\u00f3n.<\/div>\n<div style=\"text-align: justify;\">\nPor su parte, el Alcalde del Municipio de San Jos\u00e9 de Alb\u00e1n, Saulo Moreno, expres\u00f3 que este Municipio fue uno de los m\u00e1s violentados del Departamento, padeciendo el sufrimiento y el desplazamiento de sus pobladores y agradeci\u00f3 este aporte realizado por la UARIV que representa un impulso a la educaci\u00f3n de este territorio.<\/div>\n<\/div>\n","protected":false},"excerpt":{"rendered":"<p>Como parte del proceso de Reparaci\u00f3n Integral Colectiva en el Municipio de San Jos\u00e9 de Alb\u00e1n, la Gobernaci\u00f3n de Nari\u00f1o, acompa\u00f1\u00f3 a la Unidad de Atenci\u00f3n y Reparaci\u00f3n Integral para las V\u00edctimas-UARIV en la entrega de dotaci\u00f3n mobiliaria, tecnol\u00f3gica y de cocina a tres instituciones educativas de esta zona del Departamento. La Secretar\u00eda de Gobierno [&hellip;]<\/p>\n","protected":false},"author":1,"featured_media":51033,"comment_status":"open","ping_status":"open","sticky":false,"template":"","format":"standard","meta":{"footnotes":""},"categories":[53],"tags":[],"class_list":["post-51032","post","type-post","status-publish","format-standard","has-post-thumbnail","hentry","category-regiones"],"yoast_head":"<!-- This site is optimized with the Yoast SEO plugin v27.1.1 - https:\/\/yoast.com\/product\/yoast-seo-wordpress\/ -->\n<title>Acciones de reparaci\u00f3n colectiva en el Municipio de San Jos\u00e9 de Alb\u00e1n. | P\u00e1gina10<\/title>\n<meta name=\"robots\" content=\"index, follow, max-snippet:-1, max-image-preview:large, max-video-preview:-1\" \/>\n<link rel=\"canonical\" href=\"https:\/\/pagina10.com\/web\/acciones-de-reparacion-colectiva-en-el-municipio-de-san-jose-de-alban\/\" \/>\n<meta property=\"og:locale\" content=\"es_ES\" \/>\n<meta property=\"og:type\" content=\"article\" \/>\n<meta property=\"og:title\" content=\"Acciones de reparaci\u00f3n colectiva en el Municipio de San Jos\u00e9 de Alb\u00e1n. | P\u00e1gina10\" \/>\n<meta property=\"og:description\" content=\"Como parte del proceso de Reparaci\u00f3n Integral Colectiva en el Municipio de San Jos\u00e9 de Alb\u00e1n, la Gobernaci\u00f3n de Nari\u00f1o, acompa\u00f1\u00f3 a la Unidad de Atenci\u00f3n y Reparaci\u00f3n Integral para las V\u00edctimas-UARIV en la entrega de dotaci\u00f3n mobiliaria, tecnol\u00f3gica y de cocina a tres instituciones educativas de esta zona del Departamento. La Secretar\u00eda de Gobierno [&hellip;]\" \/>\n<meta property=\"og:url\" content=\"https:\/\/pagina10.com\/web\/acciones-de-reparacion-colectiva-en-el-municipio-de-san-jose-de-alban\/\" \/>\n<meta property=\"og:site_name\" content=\"P\u00e1gina10\" \/>\n<meta property=\"article:publisher\" content=\"https:\/\/www.facebook.com\/pag10com\" \/>\n<meta property=\"article:published_time\" content=\"2021-03-07T18:26:12+00:00\" \/>\n<meta property=\"og:image\" content=\"https:\/\/pagina10.com\/web\/wp-content\/uploads\/2021\/03\/aapas_0.jpg\" \/>\n\t<meta property=\"og:image:width\" content=\"700\" \/>\n\t<meta property=\"og:image:height\" content=\"350\" \/>\n\t<meta property=\"og:image:type\" content=\"image\/jpeg\" \/>\n<meta name=\"author\" content=\"P\u00e1gina 10\" \/>\n<meta name=\"twitter:card\" content=\"summary_large_image\" \/>\n<meta name=\"twitter:creator\" content=\"@Pag10com\" \/>\n<meta name=\"twitter:site\" content=\"@Pag10com\" \/>\n<meta name=\"twitter:label1\" content=\"Escrito por\" \/>\n\t<meta name=\"twitter:data1\" content=\"P\u00e1gina 10\" \/>\n\t<meta name=\"twitter:label2\" content=\"Tiempo de lectura\" \/>\n\t<meta name=\"twitter:data2\" content=\"2 minutos\" \/>\n<script type=\"application\/ld+json\" class=\"yoast-schema-graph\">{\"@context\":\"https:\/\/schema.org\",\"@graph\":[{\"@type\":\"Article\",\"@id\":\"https:\/\/pagina10.com\/web\/acciones-de-reparacion-colectiva-en-el-municipio-de-san-jose-de-alban\/#article\",\"isPartOf\":{\"@id\":\"https:\/\/pagina10.com\/web\/acciones-de-reparacion-colectiva-en-el-municipio-de-san-jose-de-alban\/\"},\"author\":{\"name\":\"P\u00e1gina 10\",\"@id\":\"https:\/\/pagina10.com\/web\/#\/schema\/person\/2efc4a090d25b667d3bc796798a3a81b\"},\"headline\":\"Acciones de reparaci\u00f3n colectiva en el Municipio de San Jos\u00e9 de Alb\u00e1n.\",\"datePublished\":\"2021-03-07T18:26:12+00:00\",\"mainEntityOfPage\":{\"@id\":\"https:\/\/pagina10.com\/web\/acciones-de-reparacion-colectiva-en-el-municipio-de-san-jose-de-alban\/\"},\"wordCount\":320,\"commentCount\":0,\"publisher\":{\"@id\":\"https:\/\/pagina10.com\/web\/#organization\"},\"image\":{\"@id\":\"https:\/\/pagina10.com\/web\/acciones-de-reparacion-colectiva-en-el-municipio-de-san-jose-de-alban\/#primaryimage\"},\"thumbnailUrl\":\"https:\/\/pagina10.com\/web\/wp-content\/uploads\/2021\/03\/aapas_0.jpg\",\"articleSection\":[\"Regiones\"],\"inLanguage\":\"es\",\"potentialAction\":[{\"@type\":\"CommentAction\",\"name\":\"Comment\",\"target\":[\"https:\/\/pagina10.com\/web\/acciones-de-reparacion-colectiva-en-el-municipio-de-san-jose-de-alban\/#respond\"]}]},{\"@type\":\"WebPage\",\"@id\":\"https:\/\/pagina10.com\/web\/acciones-de-reparacion-colectiva-en-el-municipio-de-san-jose-de-alban\/\",\"url\":\"https:\/\/pagina10.com\/web\/acciones-de-reparacion-colectiva-en-el-municipio-de-san-jose-de-alban\/\",\"name\":\"Acciones de reparaci\u00f3n colectiva en el Municipio de San Jos\u00e9 de Alb\u00e1n. | P\u00e1gina10\",\"isPartOf\":{\"@id\":\"https:\/\/pagina10.com\/web\/#website\"},\"primaryImageOfPage\":{\"@id\":\"https:\/\/pagina10.com\/web\/acciones-de-reparacion-colectiva-en-el-municipio-de-san-jose-de-alban\/#primaryimage\"},\"image\":{\"@id\":\"https:\/\/pagina10.com\/web\/acciones-de-reparacion-colectiva-en-el-municipio-de-san-jose-de-alban\/#primaryimage\"},\"thumbnailUrl\":\"https:\/\/pagina10.com\/web\/wp-content\/uploads\/2021\/03\/aapas_0.jpg\",\"datePublished\":\"2021-03-07T18:26:12+00:00\",\"breadcrumb\":{\"@id\":\"https:\/\/pagina10.com\/web\/acciones-de-reparacion-colectiva-en-el-municipio-de-san-jose-de-alban\/#breadcrumb\"},\"inLanguage\":\"es\",\"potentialAction\":[{\"@type\":\"ReadAction\",\"target\":[\"https:\/\/pagina10.com\/web\/acciones-de-reparacion-colectiva-en-el-municipio-de-san-jose-de-alban\/\"]}]},{\"@type\":\"ImageObject\",\"inLanguage\":\"es\",\"@id\":\"https:\/\/pagina10.com\/web\/acciones-de-reparacion-colectiva-en-el-municipio-de-san-jose-de-alban\/#primaryimage\",\"url\":\"https:\/\/pagina10.com\/web\/wp-content\/uploads\/2021\/03\/aapas_0.jpg\",\"contentUrl\":\"https:\/\/pagina10.com\/web\/wp-content\/uploads\/2021\/03\/aapas_0.jpg\",\"width\":700,\"height\":350},{\"@type\":\"BreadcrumbList\",\"@id\":\"https:\/\/pagina10.com\/web\/acciones-de-reparacion-colectiva-en-el-municipio-de-san-jose-de-alban\/#breadcrumb\",\"itemListElement\":[{\"@type\":\"ListItem\",\"position\":1,\"name\":\"Portada\",\"item\":\"https:\/\/pagina10.com\/web\/\"},{\"@type\":\"ListItem\",\"position\":2,\"name\":\"Acciones de reparaci\u00f3n colectiva en el Municipio de San Jos\u00e9 de Alb\u00e1n.\"}]},{\"@type\":\"WebSite\",\"@id\":\"https:\/\/pagina10.com\/web\/#website\",\"url\":\"https:\/\/pagina10.com\/web\/\",\"name\":\"P\u00e1gina10\",\"description\":\"Peri\u00f3dico Regional\",\"publisher\":{\"@id\":\"https:\/\/pagina10.com\/web\/#organization\"},\"alternateName\":\"P\u00e1gina10 Peri\u00f3dico Regional\",\"potentialAction\":[{\"@type\":\"SearchAction\",\"target\":{\"@type\":\"EntryPoint\",\"urlTemplate\":\"https:\/\/pagina10.com\/web\/?s={search_term_string}\"},\"query-input\":{\"@type\":\"PropertyValueSpecification\",\"valueRequired\":true,\"valueName\":\"search_term_string\"}}],\"inLanguage\":\"es\"},{\"@type\":\"Organization\",\"@id\":\"https:\/\/pagina10.com\/web\/#organization\",\"name\":\"P\u00e1gina10\",\"alternateName\":\"P\u00e1gina10 Peri\u00f3dico Regional\",\"url\":\"https:\/\/pagina10.com\/web\/\",\"logo\":{\"@type\":\"ImageObject\",\"inLanguage\":\"es\",\"@id\":\"https:\/\/pagina10.com\/web\/#\/schema\/logo\/image\/\",\"url\":\"https:\/\/pagina10.com\/web\/wp-content\/uploads\/2024\/01\/40-pagina-10-periodico-regional-pasto.jpg\",\"contentUrl\":\"https:\/\/pagina10.com\/web\/wp-content\/uploads\/2024\/01\/40-pagina-10-periodico-regional-pasto.jpg\",\"width\":1280,\"height\":720,\"caption\":\"P\u00e1gina10\"},\"image\":{\"@id\":\"https:\/\/pagina10.com\/web\/#\/schema\/logo\/image\/\"},\"sameAs\":[\"https:\/\/www.facebook.com\/pag10com\",\"https:\/\/x.com\/Pag10com\",\"https:\/\/www.instagram.com\/pagina10col\/\",\"https:\/\/youtube.com\/channel\/pag10\",\"https:\/\/www.tiktok.com\/@p10col\"]},{\"@type\":\"Person\",\"@id\":\"https:\/\/pagina10.com\/web\/#\/schema\/person\/2efc4a090d25b667d3bc796798a3a81b\",\"name\":\"P\u00e1gina 10\",\"description\":\"P\u00e1gina 10 es un peri\u00f3dico regional que nace en Colombia, en el departamento de Nari\u00f1o, con un enfoque global, fundamentado en cuatro pilares esenciales: la libertad, el pluralismo, la inclusi\u00f3n y la independencia. P\u00e1gina 10 hace referencia a Nari\u00f1o como el d\u00e9cimo departamento creado en Colombia, despu\u00e9s de un proceso pol\u00edtico liderado por actores y actrices regionales con el fin de obtener la independencia y autonom\u00eda de nuestros territorios. Con la creaci\u00f3n de P\u00e1gina 10 se pretende abrir un escenario para el dialogo, la reflexi\u00f3n y el debate que se extienda a otras geograf\u00edas de Am\u00e9rica Latina y del planeta, en una apuesta por transformar colectivamente los desaf\u00edos de un mundo contempor\u00e1neo, m\u00e1s all\u00e1 de las fronteras impuestas.\",\"url\":\"https:\/\/pagina10.com\/web\/author\/pdiezadmin\/\"}]}<\/script>\n<!-- \/ Yoast SEO plugin. -->","yoast_head_json":{"title":"Acciones de reparaci\u00f3n colectiva en el Municipio de San Jos\u00e9 de Alb\u00e1n. | P\u00e1gina10","robots":{"index":"index","follow":"follow","max-snippet":"max-snippet:-1","max-image-preview":"max-image-preview:large","max-video-preview":"max-video-preview:-1"},"canonical":"https:\/\/pagina10.com\/web\/acciones-de-reparacion-colectiva-en-el-municipio-de-san-jose-de-alban\/","og_locale":"es_ES","og_type":"article","og_title":"Acciones de reparaci\u00f3n colectiva en el Municipio de San Jos\u00e9 de Alb\u00e1n. | P\u00e1gina10","og_description":"Como parte del proceso de Reparaci\u00f3n Integral Colectiva en el Municipio de San Jos\u00e9 de Alb\u00e1n, la Gobernaci\u00f3n de Nari\u00f1o, acompa\u00f1\u00f3 a la Unidad de Atenci\u00f3n y Reparaci\u00f3n Integral para las V\u00edctimas-UARIV en la entrega de dotaci\u00f3n mobiliaria, tecnol\u00f3gica y de cocina a tres instituciones educativas de esta zona del Departamento. La Secretar\u00eda de Gobierno [&hellip;]","og_url":"https:\/\/pagina10.com\/web\/acciones-de-reparacion-colectiva-en-el-municipio-de-san-jose-de-alban\/","og_site_name":"P\u00e1gina10","article_publisher":"https:\/\/www.facebook.com\/pag10com","article_published_time":"2021-03-07T18:26:12+00:00","og_image":[{"width":700,"height":350,"url":"https:\/\/pagina10.com\/web\/wp-content\/uploads\/2021\/03\/aapas_0.jpg","type":"image\/jpeg"}],"author":"P\u00e1gina 10","twitter_card":"summary_large_image","twitter_creator":"@Pag10com","twitter_site":"@Pag10com","twitter_misc":{"Escrito por":"P\u00e1gina 10","Tiempo de lectura":"2 minutos"},"schema":{"@context":"https:\/\/schema.org","@graph":[{"@type":"Article","@id":"https:\/\/pagina10.com\/web\/acciones-de-reparacion-colectiva-en-el-municipio-de-san-jose-de-alban\/#article","isPartOf":{"@id":"https:\/\/pagina10.com\/web\/acciones-de-reparacion-colectiva-en-el-municipio-de-san-jose-de-alban\/"},"author":{"name":"P\u00e1gina 10","@id":"https:\/\/pagina10.com\/web\/#\/schema\/person\/2efc4a090d25b667d3bc796798a3a81b"},"headline":"Acciones de reparaci\u00f3n colectiva en el Municipio de San Jos\u00e9 de Alb\u00e1n.","datePublished":"2021-03-07T18:26:12+00:00","mainEntityOfPage":{"@id":"https:\/\/pagina10.com\/web\/acciones-de-reparacion-colectiva-en-el-municipio-de-san-jose-de-alban\/"},"wordCount":320,"commentCount":0,"publisher":{"@id":"https:\/\/pagina10.com\/web\/#organization"},"image":{"@id":"https:\/\/pagina10.com\/web\/acciones-de-reparacion-colectiva-en-el-municipio-de-san-jose-de-alban\/#primaryimage"},"thumbnailUrl":"https:\/\/pagina10.com\/web\/wp-content\/uploads\/2021\/03\/aapas_0.jpg","articleSection":["Regiones"],"inLanguage":"es","potentialAction":[{"@type":"CommentAction","name":"Comment","target":["https:\/\/pagina10.com\/web\/acciones-de-reparacion-colectiva-en-el-municipio-de-san-jose-de-alban\/#respond"]}]},{"@type":"WebPage","@id":"https:\/\/pagina10.com\/web\/acciones-de-reparacion-colectiva-en-el-municipio-de-san-jose-de-alban\/","url":"https:\/\/pagina10.com\/web\/acciones-de-reparacion-colectiva-en-el-municipio-de-san-jose-de-alban\/","name":"Acciones de reparaci\u00f3n colectiva en el Municipio de San Jos\u00e9 de Alb\u00e1n. | P\u00e1gina10","isPartOf":{"@id":"https:\/\/pagina10.com\/web\/#website"},"primaryImageOfPage":{"@id":"https:\/\/pagina10.com\/web\/acciones-de-reparacion-colectiva-en-el-municipio-de-san-jose-de-alban\/#primaryimage"},"image":{"@id":"https:\/\/pagina10.com\/web\/acciones-de-reparacion-colectiva-en-el-municipio-de-san-jose-de-alban\/#primaryimage"},"thumbnailUrl":"https:\/\/pagina10.com\/web\/wp-content\/uploads\/2021\/03\/aapas_0.jpg","datePublished":"2021-03-07T18:26:12+00:00","breadcrumb":{"@id":"https:\/\/pagina10.com\/web\/acciones-de-reparacion-colectiva-en-el-municipio-de-san-jose-de-alban\/#breadcrumb"},"inLanguage":"es","potentialAction":[{"@type":"ReadAction","target":["https:\/\/pagina10.com\/web\/acciones-de-reparacion-colectiva-en-el-municipio-de-san-jose-de-alban\/"]}]},{"@type":"ImageObject","inLanguage":"es","@id":"https:\/\/pagina10.com\/web\/acciones-de-reparacion-colectiva-en-el-municipio-de-san-jose-de-alban\/#primaryimage","url":"https:\/\/pagina10.com\/web\/wp-content\/uploads\/2021\/03\/aapas_0.jpg","contentUrl":"https:\/\/pagina10.com\/web\/wp-content\/uploads\/2021\/03\/aapas_0.jpg","width":700,"height":350},{"@type":"BreadcrumbList","@id":"https:\/\/pagina10.com\/web\/acciones-de-reparacion-colectiva-en-el-municipio-de-san-jose-de-alban\/#breadcrumb","itemListElement":[{"@type":"ListItem","position":1,"name":"Portada","item":"https:\/\/pagina10.com\/web\/"},{"@type":"ListItem","position":2,"name":"Acciones de reparaci\u00f3n colectiva en el Municipio de San Jos\u00e9 de Alb\u00e1n."}]},{"@type":"WebSite","@id":"https:\/\/pagina10.com\/web\/#website","url":"https:\/\/pagina10.com\/web\/","name":"P\u00e1gina10","description":"Peri\u00f3dico Regional","publisher":{"@id":"https:\/\/pagina10.com\/web\/#organization"},"alternateName":"P\u00e1gina10 Peri\u00f3dico Regional","potentialAction":[{"@type":"SearchAction","target":{"@type":"EntryPoint","urlTemplate":"https:\/\/pagina10.com\/web\/?s={search_term_string}"},"query-input":{"@type":"PropertyValueSpecification","valueRequired":true,"valueName":"search_term_string"}}],"inLanguage":"es"},{"@type":"Organization","@id":"https:\/\/pagina10.com\/web\/#organization","name":"P\u00e1gina10","alternateName":"P\u00e1gina10 Peri\u00f3dico Regional","url":"https:\/\/pagina10.com\/web\/","logo":{"@type":"ImageObject","inLanguage":"es","@id":"https:\/\/pagina10.com\/web\/#\/schema\/logo\/image\/","url":"https:\/\/pagina10.com\/web\/wp-content\/uploads\/2024\/01\/40-pagina-10-periodico-regional-pasto.jpg","contentUrl":"https:\/\/pagina10.com\/web\/wp-content\/uploads\/2024\/01\/40-pagina-10-periodico-regional-pasto.jpg","width":1280,"height":720,"caption":"P\u00e1gina10"},"image":{"@id":"https:\/\/pagina10.com\/web\/#\/schema\/logo\/image\/"},"sameAs":["https:\/\/www.facebook.com\/pag10com","https:\/\/x.com\/Pag10com","https:\/\/www.instagram.com\/pagina10col\/","https:\/\/youtube.com\/channel\/pag10","https:\/\/www.tiktok.com\/@p10col"]},{"@type":"Person","@id":"https:\/\/pagina10.com\/web\/#\/schema\/person\/2efc4a090d25b667d3bc796798a3a81b","name":"P\u00e1gina 10","description":"P\u00e1gina 10 es un peri\u00f3dico regional que nace en Colombia, en el departamento de Nari\u00f1o, con un enfoque global, fundamentado en cuatro pilares esenciales: la libertad, el pluralismo, la inclusi\u00f3n y la independencia. P\u00e1gina 10 hace referencia a Nari\u00f1o como el d\u00e9cimo departamento creado en Colombia, despu\u00e9s de un proceso pol\u00edtico liderado por actores y actrices regionales con el fin de obtener la independencia y autonom\u00eda de nuestros territorios. Con la creaci\u00f3n de P\u00e1gina 10 se pretende abrir un escenario para el dialogo, la reflexi\u00f3n y el debate que se extienda a otras geograf\u00edas de Am\u00e9rica Latina y del planeta, en una apuesta por transformar colectivamente los desaf\u00edos de un mundo contempor\u00e1neo, m\u00e1s all\u00e1 de las fronteras impuestas.","url":"https:\/\/pagina10.com\/web\/author\/pdiezadmin\/"}]}},"_links":{"self":[{"href":"https:\/\/pagina10.com\/web\/wp-json\/wp\/v2\/posts\/51032","targetHints":{"allow":["GET"]}}],"collection":[{"href":"https:\/\/pagina10.com\/web\/wp-json\/wp\/v2\/posts"}],"about":[{"href":"https:\/\/pagina10.com\/web\/wp-json\/wp\/v2\/types\/post"}],"author":[{"embeddable":true,"href":"https:\/\/pagina10.com\/web\/wp-json\/wp\/v2\/users\/1"}],"replies":[{"embeddable":true,"href":"https:\/\/pagina10.com\/web\/wp-json\/wp\/v2\/comments?post=51032"}],"version-history":[{"count":1,"href":"https:\/\/pagina10.com\/web\/wp-json\/wp\/v2\/posts\/51032\/revisions"}],"predecessor-version":[{"id":51034,"href":"https:\/\/pagina10.com\/web\/wp-json\/wp\/v2\/posts\/51032\/revisions\/51034"}],"wp:featuredmedia":[{"embeddable":true,"href":"https:\/\/pagina10.com\/web\/wp-json\/wp\/v2\/media\/51033"}],"wp:attachment":[{"href":"https:\/\/pagina10.com\/web\/wp-json\/wp\/v2\/media?parent=51032"}],"wp:term":[{"taxonomy":"category","embeddable":true,"href":"https:\/\/pagina10.com\/web\/wp-json\/wp\/v2\/categories?post=51032"},{"taxonomy":"post_tag","embeddable":true,"href":"https:\/\/pagina10.com\/web\/wp-json\/wp\/v2\/tags?post=51032"}],"curies":[{"name":"wp","href":"https:\/\/api.w.org\/{rel}","templated":true}]}}