{"id":51042,"date":"2021-03-08T14:29:34","date_gmt":"2021-03-08T19:29:34","guid":{"rendered":"https:\/\/pagina10.com\/web\/?p=51042"},"modified":"2021-03-08T14:29:34","modified_gmt":"2021-03-08T19:29:34","slug":"precios-del-glp-al-usuario-final-se-incrementaron-debido-al-aumento-de-los-precios-internacionales","status":"publish","type":"post","link":"https:\/\/pagina10.com\/web\/precios-del-glp-al-usuario-final-se-incrementaron-debido-al-aumento-de-los-precios-internacionales\/","title":{"rendered":"Precios del GLP al usuario final se incrementaron debido al aumento de los precios internacionales."},"content":{"rendered":"<p style=\"font-weight: 400; text-align: justify;\">El mundo atraviesa por una excepcional incertidumbre que afecta las proyecciones del comportamiento de la econom\u00eda mundial, las cuales impactan directamente a los sectores nacionales, incluyendo al gremio del gas LP (GLP o gas propano): pese a que la demanda de este servicio p\u00fablico domiciliario est\u00e1 creciendo desde el 2019, este a\u00f1o preocupa por el aumento de los precios internacionales.<\/p>\n<p style=\"font-weight: 400; text-align: justify;\">\u201cEl incremento de los precios de venta a los usuarios finales de GLP se debe al aumento de los precios internacionales del propano y butano Mont Belvieu en Estados Unidos\u201d, explic\u00f3 el Presidente de la Asociaci\u00f3n Colombiana del GLP \u2013 GASNOVA, el gremio que agrupa a las compa\u00f1\u00edas que distribuyen esta energ\u00eda limpia en el 95% del territorio nacional (1.050 municipios).<\/p>\n<p style=\"font-weight: 400; text-align: justify;\">Cabe anotar que el 90% del GLP que se consume en el pa\u00eds es suministrado con oferta nacional de Ecopetrol, cuyo precio est\u00e1 atado a los precios internacionales del propano y butano Mont Belvieu.<\/p>\n<p style=\"font-weight: 400; text-align: justify;\">A partir de diciembre de 2020, el incremento de los precios internacionales se acentu\u00f3, debido a: (i) el aumento de la demanda en Estados Unidos por invierno at\u00edpico, (ii) el aumento de las importaciones a Asia por incrementos de demanda petroqu\u00edmica, (iii) los problemas log\u00edsticos (fletes) en Costa del Golfo y Canal de Panam\u00e1 y (iv) al aumento del precio del crudo por recorte en producci\u00f3n. El Presidente de GASNOVA advirti\u00f3 que si este incremento se sostiene en el tiempo, afectar\u00eda a los usuarios m\u00e1s pobres del pa\u00eds y por ende a las proyecciones de crecimiento del sector.<\/p>\n<p style=\"font-weight: 400; text-align: justify;\">El GLP es utilizado por 3,4 millones de hogares \u2013es decir, 12 millones de personas\u2013. El 71% de las ventas totales de este servicio p\u00fablico domiciliario corresponden al sector residencial (17% industrial, 7% comercial, 5% otros). \u201cEl 22% de las familias en Colombia utilizan este energ\u00e9tico para cocci\u00f3n de alimentos, siendo el segundo combustible m\u00e1s utilizado del pa\u00eds\u201d, afirm\u00f3 Mart\u00ednez Villegas.<\/p>\n<p style=\"font-weight: 400; text-align: justify;\">Nari\u00f1o es el 3<sup>er<\/sup>\u00a0departamento con el mayor consumo de GLP en Colombia, con un con un 9% del total nacional y una cobertura de 375.412 hogares \u2013es decir, 1\u2019201.318 personas\u2013.<\/p>\n<p style=\"font-weight: 400; text-align: justify;\">\n<p style=\"font-weight: 400; text-align: justify;\"><strong>Potencial de crecimiento del GLP\u00a0<\/strong><\/p>\n<p style=\"font-weight: 400; text-align: justify;\">Entre las pol\u00edticas gubernamentales en materia energ\u00e9tica, el Gobierno Nacional busca fortalecer la transici\u00f3n hacia energ\u00edas m\u00e1s limpias desde el Plan Nacional de Desarrollo (2018-2022) y el Plan Energ\u00e9tico Nacional (2020-2050), donde el GLP fue definido por el Ministerio de Minas y Energ\u00eda como un \u201ccombustible de cero y bajas emisiones\u201d, y por la UPME como \u201ccombustible para la transici\u00f3n energ\u00e9tica\u201d.<\/p>\n<p style=\"font-weight: 400; text-align: justify;\">Las ventas de GLP crecieron desde el 2019, entre otros factores, porque se ha contado con suficiente oferta nacional, a precios internacionales bajos. \u201cEn 2020 estas ventas crecieron un 6,6% comparado con 2019, y el promedio de crecimiento de los \u00faltimos 5 a\u00f1os del sector es del 3,1%\u201d, analiz\u00f3 el l\u00edder gremial.<\/p>\n<p style=\"font-weight: 400; text-align: justify;\">Adem\u00e1s del uso residencial como energ\u00e9tico para la cocci\u00f3n de alimentos, se impulsar\u00e1n este a\u00f1o nuevos usos: la sustituci\u00f3n de le\u00f1a por GLP y el uso como combustible vehicular y n\u00e1utico (AutoGLP y NautiGLP).<\/p>\n<p style=\"font-weight: 400; text-align: justify;\">Si bien se han dado impulsos desde el Gobierno Nacional para el crecimiento del sector, este podr\u00eda impactarse ante las incertidumbres que genera la pandemia del COVID-19 sobre la recuperaci\u00f3n de la econom\u00eda mundial y la afectaci\u00f3n de los precios internacionales.<\/p>\n<p style=\"font-weight: 400; text-align: justify;\">Finalmente, dada la proyecci\u00f3n de disminuci\u00f3n en la oferta por parte de Ecopetrol, existe la posibilidad de que se incrementen las importaciones de GLP. \u201cSin embargo, se est\u00e1n realizando las inversiones necesarias que permitan aumentar la capacidad de importaci\u00f3n, si esto llegara a ocurrir\u201d, puntualiz\u00f3 el l\u00edder gremial.<\/p>\n<p>&nbsp;<\/p>\n<p>Fuente:\u00a0 GASNOVA. Asociacion Colombiana deL GLP.<\/p>\n","protected":false},"excerpt":{"rendered":"<p>El mundo atraviesa por una excepcional incertidumbre que afecta las proyecciones del comportamiento de la econom\u00eda mundial, las cuales impactan directamente a los sectores nacionales, incluyendo al gremio del gas LP (GLP o gas propano): pese a que la demanda de este servicio p\u00fablico domiciliario est\u00e1 creciendo desde el 2019, este a\u00f1o preocupa por el [&hellip;]<\/p>\n","protected":false},"author":1,"featured_media":51043,"comment_status":"open","ping_status":"open","sticky":false,"template":"","format":"standard","meta":{"footnotes":""},"categories":[13],"tags":[],"class_list":["post-51042","post","type-post","status-publish","format-standard","has-post-thumbnail","hentry","category-economia"],"yoast_head":"<!-- This site is optimized with the Yoast SEO plugin v27.1.1 - https:\/\/yoast.com\/product\/yoast-seo-wordpress\/ -->\n<title>Precios del GLP al usuario final se incrementaron debido al aumento de los precios internacionales. | P\u00e1gina10<\/title>\n<meta name=\"robots\" content=\"index, follow, max-snippet:-1, max-image-preview:large, max-video-preview:-1\" \/>\n<link rel=\"canonical\" href=\"https:\/\/pagina10.com\/web\/precios-del-glp-al-usuario-final-se-incrementaron-debido-al-aumento-de-los-precios-internacionales\/\" \/>\n<meta property=\"og:locale\" content=\"es_ES\" \/>\n<meta property=\"og:type\" content=\"article\" \/>\n<meta property=\"og:title\" content=\"Precios del GLP al usuario final se incrementaron debido al aumento de los precios internacionales. | P\u00e1gina10\" \/>\n<meta property=\"og:description\" content=\"El mundo atraviesa por una excepcional incertidumbre que afecta las proyecciones del comportamiento de la econom\u00eda mundial, las cuales impactan directamente a los sectores nacionales, incluyendo al gremio del gas LP (GLP o gas propano): pese a que la demanda de este servicio p\u00fablico domiciliario est\u00e1 creciendo desde el 2019, este a\u00f1o preocupa por el [&hellip;]\" \/>\n<meta property=\"og:url\" content=\"https:\/\/pagina10.com\/web\/precios-del-glp-al-usuario-final-se-incrementaron-debido-al-aumento-de-los-precios-internacionales\/\" \/>\n<meta property=\"og:site_name\" content=\"P\u00e1gina10\" \/>\n<meta property=\"article:publisher\" content=\"https:\/\/www.facebook.com\/pag10com\" \/>\n<meta property=\"article:published_time\" content=\"2021-03-08T19:29:34+00:00\" \/>\n<meta property=\"og:image\" content=\"https:\/\/pagina10.com\/web\/wp-content\/uploads\/2021\/03\/Planta-de-gas-scaled.jpg\" \/>\n\t<meta property=\"og:image:width\" content=\"2560\" \/>\n\t<meta property=\"og:image:height\" content=\"1440\" \/>\n\t<meta property=\"og:image:type\" content=\"image\/jpeg\" \/>\n<meta name=\"author\" content=\"P\u00e1gina 10\" \/>\n<meta name=\"twitter:card\" content=\"summary_large_image\" \/>\n<meta name=\"twitter:creator\" content=\"@Pag10com\" \/>\n<meta name=\"twitter:site\" content=\"@Pag10com\" \/>\n<meta name=\"twitter:label1\" content=\"Escrito por\" \/>\n\t<meta name=\"twitter:data1\" content=\"P\u00e1gina 10\" \/>\n\t<meta name=\"twitter:label2\" content=\"Tiempo de lectura\" \/>\n\t<meta name=\"twitter:data2\" content=\"3 minutos\" \/>\n<script type=\"application\/ld+json\" class=\"yoast-schema-graph\">{\"@context\":\"https:\/\/schema.org\",\"@graph\":[{\"@type\":\"Article\",\"@id\":\"https:\/\/pagina10.com\/web\/precios-del-glp-al-usuario-final-se-incrementaron-debido-al-aumento-de-los-precios-internacionales\/#article\",\"isPartOf\":{\"@id\":\"https:\/\/pagina10.com\/web\/precios-del-glp-al-usuario-final-se-incrementaron-debido-al-aumento-de-los-precios-internacionales\/\"},\"author\":{\"name\":\"P\u00e1gina 10\",\"@id\":\"https:\/\/pagina10.com\/web\/#\/schema\/person\/2efc4a090d25b667d3bc796798a3a81b\"},\"headline\":\"Precios del GLP al usuario final se incrementaron debido al aumento de los precios internacionales.\",\"datePublished\":\"2021-03-08T19:29:34+00:00\",\"mainEntityOfPage\":{\"@id\":\"https:\/\/pagina10.com\/web\/precios-del-glp-al-usuario-final-se-incrementaron-debido-al-aumento-de-los-precios-internacionales\/\"},\"wordCount\":635,\"commentCount\":0,\"publisher\":{\"@id\":\"https:\/\/pagina10.com\/web\/#organization\"},\"image\":{\"@id\":\"https:\/\/pagina10.com\/web\/precios-del-glp-al-usuario-final-se-incrementaron-debido-al-aumento-de-los-precios-internacionales\/#primaryimage\"},\"thumbnailUrl\":\"https:\/\/pagina10.com\/web\/wp-content\/uploads\/2021\/03\/Planta-de-gas-scaled.jpg\",\"articleSection\":[\"Econom\u00eda\"],\"inLanguage\":\"es\",\"potentialAction\":[{\"@type\":\"CommentAction\",\"name\":\"Comment\",\"target\":[\"https:\/\/pagina10.com\/web\/precios-del-glp-al-usuario-final-se-incrementaron-debido-al-aumento-de-los-precios-internacionales\/#respond\"]}]},{\"@type\":\"WebPage\",\"@id\":\"https:\/\/pagina10.com\/web\/precios-del-glp-al-usuario-final-se-incrementaron-debido-al-aumento-de-los-precios-internacionales\/\",\"url\":\"https:\/\/pagina10.com\/web\/precios-del-glp-al-usuario-final-se-incrementaron-debido-al-aumento-de-los-precios-internacionales\/\",\"name\":\"Precios del GLP al usuario final se incrementaron debido al aumento de los precios internacionales. | P\u00e1gina10\",\"isPartOf\":{\"@id\":\"https:\/\/pagina10.com\/web\/#website\"},\"primaryImageOfPage\":{\"@id\":\"https:\/\/pagina10.com\/web\/precios-del-glp-al-usuario-final-se-incrementaron-debido-al-aumento-de-los-precios-internacionales\/#primaryimage\"},\"image\":{\"@id\":\"https:\/\/pagina10.com\/web\/precios-del-glp-al-usuario-final-se-incrementaron-debido-al-aumento-de-los-precios-internacionales\/#primaryimage\"},\"thumbnailUrl\":\"https:\/\/pagina10.com\/web\/wp-content\/uploads\/2021\/03\/Planta-de-gas-scaled.jpg\",\"datePublished\":\"2021-03-08T19:29:34+00:00\",\"breadcrumb\":{\"@id\":\"https:\/\/pagina10.com\/web\/precios-del-glp-al-usuario-final-se-incrementaron-debido-al-aumento-de-los-precios-internacionales\/#breadcrumb\"},\"inLanguage\":\"es\",\"potentialAction\":[{\"@type\":\"ReadAction\",\"target\":[\"https:\/\/pagina10.com\/web\/precios-del-glp-al-usuario-final-se-incrementaron-debido-al-aumento-de-los-precios-internacionales\/\"]}]},{\"@type\":\"ImageObject\",\"inLanguage\":\"es\",\"@id\":\"https:\/\/pagina10.com\/web\/precios-del-glp-al-usuario-final-se-incrementaron-debido-al-aumento-de-los-precios-internacionales\/#primaryimage\",\"url\":\"https:\/\/pagina10.com\/web\/wp-content\/uploads\/2021\/03\/Planta-de-gas-scaled.jpg\",\"contentUrl\":\"https:\/\/pagina10.com\/web\/wp-content\/uploads\/2021\/03\/Planta-de-gas-scaled.jpg\",\"width\":2560,\"height\":1440},{\"@type\":\"BreadcrumbList\",\"@id\":\"https:\/\/pagina10.com\/web\/precios-del-glp-al-usuario-final-se-incrementaron-debido-al-aumento-de-los-precios-internacionales\/#breadcrumb\",\"itemListElement\":[{\"@type\":\"ListItem\",\"position\":1,\"name\":\"Portada\",\"item\":\"https:\/\/pagina10.com\/web\/\"},{\"@type\":\"ListItem\",\"position\":2,\"name\":\"Precios del GLP al usuario final se incrementaron debido al aumento de los precios internacionales.\"}]},{\"@type\":\"WebSite\",\"@id\":\"https:\/\/pagina10.com\/web\/#website\",\"url\":\"https:\/\/pagina10.com\/web\/\",\"name\":\"P\u00e1gina10\",\"description\":\"Peri\u00f3dico Regional\",\"publisher\":{\"@id\":\"https:\/\/pagina10.com\/web\/#organization\"},\"alternateName\":\"P\u00e1gina10 Peri\u00f3dico Regional\",\"potentialAction\":[{\"@type\":\"SearchAction\",\"target\":{\"@type\":\"EntryPoint\",\"urlTemplate\":\"https:\/\/pagina10.com\/web\/?s={search_term_string}\"},\"query-input\":{\"@type\":\"PropertyValueSpecification\",\"valueRequired\":true,\"valueName\":\"search_term_string\"}}],\"inLanguage\":\"es\"},{\"@type\":\"Organization\",\"@id\":\"https:\/\/pagina10.com\/web\/#organization\",\"name\":\"P\u00e1gina10\",\"alternateName\":\"P\u00e1gina10 Peri\u00f3dico Regional\",\"url\":\"https:\/\/pagina10.com\/web\/\",\"logo\":{\"@type\":\"ImageObject\",\"inLanguage\":\"es\",\"@id\":\"https:\/\/pagina10.com\/web\/#\/schema\/logo\/image\/\",\"url\":\"https:\/\/pagina10.com\/web\/wp-content\/uploads\/2024\/01\/40-pagina-10-periodico-regional-pasto.jpg\",\"contentUrl\":\"https:\/\/pagina10.com\/web\/wp-content\/uploads\/2024\/01\/40-pagina-10-periodico-regional-pasto.jpg\",\"width\":1280,\"height\":720,\"caption\":\"P\u00e1gina10\"},\"image\":{\"@id\":\"https:\/\/pagina10.com\/web\/#\/schema\/logo\/image\/\"},\"sameAs\":[\"https:\/\/www.facebook.com\/pag10com\",\"https:\/\/x.com\/Pag10com\",\"https:\/\/www.instagram.com\/pagina10col\/\",\"https:\/\/youtube.com\/channel\/pag10\",\"https:\/\/www.tiktok.com\/@p10col\"]},{\"@type\":\"Person\",\"@id\":\"https:\/\/pagina10.com\/web\/#\/schema\/person\/2efc4a090d25b667d3bc796798a3a81b\",\"name\":\"P\u00e1gina 10\",\"description\":\"P\u00e1gina 10 es un peri\u00f3dico regional que nace en Colombia, en el departamento de Nari\u00f1o, con un enfoque global, fundamentado en cuatro pilares esenciales: la libertad, el pluralismo, la inclusi\u00f3n y la independencia. P\u00e1gina 10 hace referencia a Nari\u00f1o como el d\u00e9cimo departamento creado en Colombia, despu\u00e9s de un proceso pol\u00edtico liderado por actores y actrices regionales con el fin de obtener la independencia y autonom\u00eda de nuestros territorios. Con la creaci\u00f3n de P\u00e1gina 10 se pretende abrir un escenario para el dialogo, la reflexi\u00f3n y el debate que se extienda a otras geograf\u00edas de Am\u00e9rica Latina y del planeta, en una apuesta por transformar colectivamente los desaf\u00edos de un mundo contempor\u00e1neo, m\u00e1s all\u00e1 de las fronteras impuestas.\",\"url\":\"https:\/\/pagina10.com\/web\/author\/pdiezadmin\/\"}]}<\/script>\n<!-- \/ Yoast SEO plugin. -->","yoast_head_json":{"title":"Precios del GLP al usuario final se incrementaron debido al aumento de los precios internacionales. | P\u00e1gina10","robots":{"index":"index","follow":"follow","max-snippet":"max-snippet:-1","max-image-preview":"max-image-preview:large","max-video-preview":"max-video-preview:-1"},"canonical":"https:\/\/pagina10.com\/web\/precios-del-glp-al-usuario-final-se-incrementaron-debido-al-aumento-de-los-precios-internacionales\/","og_locale":"es_ES","og_type":"article","og_title":"Precios del GLP al usuario final se incrementaron debido al aumento de los precios internacionales. | P\u00e1gina10","og_description":"El mundo atraviesa por una excepcional incertidumbre que afecta las proyecciones del comportamiento de la econom\u00eda mundial, las cuales impactan directamente a los sectores nacionales, incluyendo al gremio del gas LP (GLP o gas propano): pese a que la demanda de este servicio p\u00fablico domiciliario est\u00e1 creciendo desde el 2019, este a\u00f1o preocupa por el [&hellip;]","og_url":"https:\/\/pagina10.com\/web\/precios-del-glp-al-usuario-final-se-incrementaron-debido-al-aumento-de-los-precios-internacionales\/","og_site_name":"P\u00e1gina10","article_publisher":"https:\/\/www.facebook.com\/pag10com","article_published_time":"2021-03-08T19:29:34+00:00","og_image":[{"width":2560,"height":1440,"url":"https:\/\/pagina10.com\/web\/wp-content\/uploads\/2021\/03\/Planta-de-gas-scaled.jpg","type":"image\/jpeg"}],"author":"P\u00e1gina 10","twitter_card":"summary_large_image","twitter_creator":"@Pag10com","twitter_site":"@Pag10com","twitter_misc":{"Escrito por":"P\u00e1gina 10","Tiempo de lectura":"3 minutos"},"schema":{"@context":"https:\/\/schema.org","@graph":[{"@type":"Article","@id":"https:\/\/pagina10.com\/web\/precios-del-glp-al-usuario-final-se-incrementaron-debido-al-aumento-de-los-precios-internacionales\/#article","isPartOf":{"@id":"https:\/\/pagina10.com\/web\/precios-del-glp-al-usuario-final-se-incrementaron-debido-al-aumento-de-los-precios-internacionales\/"},"author":{"name":"P\u00e1gina 10","@id":"https:\/\/pagina10.com\/web\/#\/schema\/person\/2efc4a090d25b667d3bc796798a3a81b"},"headline":"Precios del GLP al usuario final se incrementaron debido al aumento de los precios internacionales.","datePublished":"2021-03-08T19:29:34+00:00","mainEntityOfPage":{"@id":"https:\/\/pagina10.com\/web\/precios-del-glp-al-usuario-final-se-incrementaron-debido-al-aumento-de-los-precios-internacionales\/"},"wordCount":635,"commentCount":0,"publisher":{"@id":"https:\/\/pagina10.com\/web\/#organization"},"image":{"@id":"https:\/\/pagina10.com\/web\/precios-del-glp-al-usuario-final-se-incrementaron-debido-al-aumento-de-los-precios-internacionales\/#primaryimage"},"thumbnailUrl":"https:\/\/pagina10.com\/web\/wp-content\/uploads\/2021\/03\/Planta-de-gas-scaled.jpg","articleSection":["Econom\u00eda"],"inLanguage":"es","potentialAction":[{"@type":"CommentAction","name":"Comment","target":["https:\/\/pagina10.com\/web\/precios-del-glp-al-usuario-final-se-incrementaron-debido-al-aumento-de-los-precios-internacionales\/#respond"]}]},{"@type":"WebPage","@id":"https:\/\/pagina10.com\/web\/precios-del-glp-al-usuario-final-se-incrementaron-debido-al-aumento-de-los-precios-internacionales\/","url":"https:\/\/pagina10.com\/web\/precios-del-glp-al-usuario-final-se-incrementaron-debido-al-aumento-de-los-precios-internacionales\/","name":"Precios del GLP al usuario final se incrementaron debido al aumento de los precios internacionales. | P\u00e1gina10","isPartOf":{"@id":"https:\/\/pagina10.com\/web\/#website"},"primaryImageOfPage":{"@id":"https:\/\/pagina10.com\/web\/precios-del-glp-al-usuario-final-se-incrementaron-debido-al-aumento-de-los-precios-internacionales\/#primaryimage"},"image":{"@id":"https:\/\/pagina10.com\/web\/precios-del-glp-al-usuario-final-se-incrementaron-debido-al-aumento-de-los-precios-internacionales\/#primaryimage"},"thumbnailUrl":"https:\/\/pagina10.com\/web\/wp-content\/uploads\/2021\/03\/Planta-de-gas-scaled.jpg","datePublished":"2021-03-08T19:29:34+00:00","breadcrumb":{"@id":"https:\/\/pagina10.com\/web\/precios-del-glp-al-usuario-final-se-incrementaron-debido-al-aumento-de-los-precios-internacionales\/#breadcrumb"},"inLanguage":"es","potentialAction":[{"@type":"ReadAction","target":["https:\/\/pagina10.com\/web\/precios-del-glp-al-usuario-final-se-incrementaron-debido-al-aumento-de-los-precios-internacionales\/"]}]},{"@type":"ImageObject","inLanguage":"es","@id":"https:\/\/pagina10.com\/web\/precios-del-glp-al-usuario-final-se-incrementaron-debido-al-aumento-de-los-precios-internacionales\/#primaryimage","url":"https:\/\/pagina10.com\/web\/wp-content\/uploads\/2021\/03\/Planta-de-gas-scaled.jpg","contentUrl":"https:\/\/pagina10.com\/web\/wp-content\/uploads\/2021\/03\/Planta-de-gas-scaled.jpg","width":2560,"height":1440},{"@type":"BreadcrumbList","@id":"https:\/\/pagina10.com\/web\/precios-del-glp-al-usuario-final-se-incrementaron-debido-al-aumento-de-los-precios-internacionales\/#breadcrumb","itemListElement":[{"@type":"ListItem","position":1,"name":"Portada","item":"https:\/\/pagina10.com\/web\/"},{"@type":"ListItem","position":2,"name":"Precios del GLP al usuario final se incrementaron debido al aumento de los precios internacionales."}]},{"@type":"WebSite","@id":"https:\/\/pagina10.com\/web\/#website","url":"https:\/\/pagina10.com\/web\/","name":"P\u00e1gina10","description":"Peri\u00f3dico Regional","publisher":{"@id":"https:\/\/pagina10.com\/web\/#organization"},"alternateName":"P\u00e1gina10 Peri\u00f3dico Regional","potentialAction":[{"@type":"SearchAction","target":{"@type":"EntryPoint","urlTemplate":"https:\/\/pagina10.com\/web\/?s={search_term_string}"},"query-input":{"@type":"PropertyValueSpecification","valueRequired":true,"valueName":"search_term_string"}}],"inLanguage":"es"},{"@type":"Organization","@id":"https:\/\/pagina10.com\/web\/#organization","name":"P\u00e1gina10","alternateName":"P\u00e1gina10 Peri\u00f3dico Regional","url":"https:\/\/pagina10.com\/web\/","logo":{"@type":"ImageObject","inLanguage":"es","@id":"https:\/\/pagina10.com\/web\/#\/schema\/logo\/image\/","url":"https:\/\/pagina10.com\/web\/wp-content\/uploads\/2024\/01\/40-pagina-10-periodico-regional-pasto.jpg","contentUrl":"https:\/\/pagina10.com\/web\/wp-content\/uploads\/2024\/01\/40-pagina-10-periodico-regional-pasto.jpg","width":1280,"height":720,"caption":"P\u00e1gina10"},"image":{"@id":"https:\/\/pagina10.com\/web\/#\/schema\/logo\/image\/"},"sameAs":["https:\/\/www.facebook.com\/pag10com","https:\/\/x.com\/Pag10com","https:\/\/www.instagram.com\/pagina10col\/","https:\/\/youtube.com\/channel\/pag10","https:\/\/www.tiktok.com\/@p10col"]},{"@type":"Person","@id":"https:\/\/pagina10.com\/web\/#\/schema\/person\/2efc4a090d25b667d3bc796798a3a81b","name":"P\u00e1gina 10","description":"P\u00e1gina 10 es un peri\u00f3dico regional que nace en Colombia, en el departamento de Nari\u00f1o, con un enfoque global, fundamentado en cuatro pilares esenciales: la libertad, el pluralismo, la inclusi\u00f3n y la independencia. P\u00e1gina 10 hace referencia a Nari\u00f1o como el d\u00e9cimo departamento creado en Colombia, despu\u00e9s de un proceso pol\u00edtico liderado por actores y actrices regionales con el fin de obtener la independencia y autonom\u00eda de nuestros territorios. Con la creaci\u00f3n de P\u00e1gina 10 se pretende abrir un escenario para el dialogo, la reflexi\u00f3n y el debate que se extienda a otras geograf\u00edas de Am\u00e9rica Latina y del planeta, en una apuesta por transformar colectivamente los desaf\u00edos de un mundo contempor\u00e1neo, m\u00e1s all\u00e1 de las fronteras impuestas.","url":"https:\/\/pagina10.com\/web\/author\/pdiezadmin\/"}]}},"_links":{"self":[{"href":"https:\/\/pagina10.com\/web\/wp-json\/wp\/v2\/posts\/51042","targetHints":{"allow":["GET"]}}],"collection":[{"href":"https:\/\/pagina10.com\/web\/wp-json\/wp\/v2\/posts"}],"about":[{"href":"https:\/\/pagina10.com\/web\/wp-json\/wp\/v2\/types\/post"}],"author":[{"embeddable":true,"href":"https:\/\/pagina10.com\/web\/wp-json\/wp\/v2\/users\/1"}],"replies":[{"embeddable":true,"href":"https:\/\/pagina10.com\/web\/wp-json\/wp\/v2\/comments?post=51042"}],"version-history":[{"count":1,"href":"https:\/\/pagina10.com\/web\/wp-json\/wp\/v2\/posts\/51042\/revisions"}],"predecessor-version":[{"id":51044,"href":"https:\/\/pagina10.com\/web\/wp-json\/wp\/v2\/posts\/51042\/revisions\/51044"}],"wp:featuredmedia":[{"embeddable":true,"href":"https:\/\/pagina10.com\/web\/wp-json\/wp\/v2\/media\/51043"}],"wp:attachment":[{"href":"https:\/\/pagina10.com\/web\/wp-json\/wp\/v2\/media?parent=51042"}],"wp:term":[{"taxonomy":"category","embeddable":true,"href":"https:\/\/pagina10.com\/web\/wp-json\/wp\/v2\/categories?post=51042"},{"taxonomy":"post_tag","embeddable":true,"href":"https:\/\/pagina10.com\/web\/wp-json\/wp\/v2\/tags?post=51042"}],"curies":[{"name":"wp","href":"https:\/\/api.w.org\/{rel}","templated":true}]}}