{"id":51072,"date":"2021-03-10T12:59:05","date_gmt":"2021-03-10T17:59:05","guid":{"rendered":"https:\/\/pagina10.com\/web\/?p=51072"},"modified":"2021-03-10T12:59:05","modified_gmt":"2021-03-10T17:59:05","slug":"empresarios-de-la-region-se-encontraron-con-alto-consejero-presidencial-para-la-estabilizacion-y-la-consolidacion","status":"publish","type":"post","link":"https:\/\/pagina10.com\/web\/empresarios-de-la-region-se-encontraron-con-alto-consejero-presidencial-para-la-estabilizacion-y-la-consolidacion\/","title":{"rendered":"Empresarios de la regi\u00f3n se encontraron con Alto Consejero Presidencial  para la Estabilizaci\u00f3n y la Consolidaci\u00f3n."},"content":{"rendered":"<p style=\"text-align: justify;\">El Presidente Ejecutivo de la C\u00e1mara de Comercio de Pasto, Damir Bravo Molina, se reuni\u00f3 con el Alto Consejero Presidencial para la Estabilizaci\u00f3n y la Consolidaci\u00f3n, Emilio Jos\u00e9 Archilla Pe\u00f1alosa, con el fin de escuchar y atender las necesidades de mis diferentes sectores econ\u00f3micos de la regi\u00f3n.<\/p>\n<p style=\"text-align: justify;\">En esta reuni\u00f3n se dialog\u00f3 acerca de la importancia de Los Programas de Desarrollo con Enfoque Territorial (PDET) vinculados a proyectos en los cuales se buscar\u00e1 que la C\u00e1mara de Comercio de Pasto est\u00e9 presente, como lo es \u2018Obras por Impuestos\u2019 que trabajan desde la ejecuci\u00f3n de proyectos con el fin de beneficiar a los municipios m\u00e1s afectados por la violencia y la pobreza.<\/p>\n<p style=\"text-align: justify;\">El Alto Consejero Presidencial, manifest\u00f3 el compromiso que debe adquirir el sector empresarial con el prop\u00f3sito de lograr un desarrollo sostenible, y ser generadores y constructores del tejido social en el departamento de Nari\u00f1o.<\/p>\n","protected":false},"excerpt":{"rendered":"<p>El Presidente Ejecutivo de la C\u00e1mara de Comercio de Pasto, Damir Bravo Molina, se reuni\u00f3 con el Alto Consejero Presidencial para la Estabilizaci\u00f3n y la Consolidaci\u00f3n, Emilio Jos\u00e9 Archilla Pe\u00f1alosa, con el fin de escuchar y atender las necesidades de mis diferentes sectores econ\u00f3micos de la regi\u00f3n. En esta reuni\u00f3n se dialog\u00f3 acerca de la [&hellip;]<\/p>\n","protected":false},"author":1,"featured_media":51073,"comment_status":"open","ping_status":"open","sticky":false,"template":"","format":"standard","meta":{"footnotes":""},"categories":[53],"tags":[],"class_list":["post-51072","post","type-post","status-publish","format-standard","has-post-thumbnail","hentry","category-regiones"],"yoast_head":"<!-- This site is optimized with the Yoast SEO plugin v27.1.1 - https:\/\/yoast.com\/product\/yoast-seo-wordpress\/ -->\n<title>Empresarios de la regi\u00f3n se encontraron con Alto Consejero Presidencial para la Estabilizaci\u00f3n y la Consolidaci\u00f3n. | P\u00e1gina10<\/title>\n<meta name=\"robots\" content=\"index, follow, max-snippet:-1, max-image-preview:large, max-video-preview:-1\" \/>\n<link rel=\"canonical\" href=\"https:\/\/pagina10.com\/web\/empresarios-de-la-region-se-encontraron-con-alto-consejero-presidencial-para-la-estabilizacion-y-la-consolidacion\/\" \/>\n<meta property=\"og:locale\" content=\"es_ES\" \/>\n<meta property=\"og:type\" content=\"article\" \/>\n<meta property=\"og:title\" content=\"Empresarios de la regi\u00f3n se encontraron con Alto Consejero Presidencial para la Estabilizaci\u00f3n y la Consolidaci\u00f3n. | P\u00e1gina10\" \/>\n<meta property=\"og:description\" content=\"El Presidente Ejecutivo de la C\u00e1mara de Comercio de Pasto, Damir Bravo Molina, se reuni\u00f3 con el Alto Consejero Presidencial para la Estabilizaci\u00f3n y la Consolidaci\u00f3n, Emilio Jos\u00e9 Archilla Pe\u00f1alosa, con el fin de escuchar y atender las necesidades de mis diferentes sectores econ\u00f3micos de la regi\u00f3n. En esta reuni\u00f3n se dialog\u00f3 acerca de la [&hellip;]\" \/>\n<meta property=\"og:url\" content=\"https:\/\/pagina10.com\/web\/empresarios-de-la-region-se-encontraron-con-alto-consejero-presidencial-para-la-estabilizacion-y-la-consolidacion\/\" \/>\n<meta property=\"og:site_name\" content=\"P\u00e1gina10\" \/>\n<meta property=\"article:publisher\" content=\"https:\/\/www.facebook.com\/pag10com\" \/>\n<meta property=\"article:published_time\" content=\"2021-03-10T17:59:05+00:00\" \/>\n<meta property=\"og:image\" content=\"https:\/\/pagina10.com\/web\/wp-content\/uploads\/2021\/03\/638b552a-805b-4975-86a2-3d78492c3d50.jpeg\" \/>\n\t<meta property=\"og:image:width\" content=\"1280\" \/>\n\t<meta property=\"og:image:height\" content=\"960\" \/>\n\t<meta property=\"og:image:type\" content=\"image\/jpeg\" \/>\n<meta name=\"author\" content=\"P\u00e1gina 10\" \/>\n<meta name=\"twitter:card\" content=\"summary_large_image\" \/>\n<meta name=\"twitter:creator\" content=\"@Pag10com\" \/>\n<meta name=\"twitter:site\" content=\"@Pag10com\" \/>\n<meta name=\"twitter:label1\" content=\"Escrito por\" \/>\n\t<meta name=\"twitter:data1\" content=\"P\u00e1gina 10\" \/>\n\t<meta name=\"twitter:label2\" content=\"Tiempo de lectura\" \/>\n\t<meta name=\"twitter:data2\" content=\"1 minuto\" \/>\n<script type=\"application\/ld+json\" class=\"yoast-schema-graph\">{\"@context\":\"https:\/\/schema.org\",\"@graph\":[{\"@type\":\"Article\",\"@id\":\"https:\/\/pagina10.com\/web\/empresarios-de-la-region-se-encontraron-con-alto-consejero-presidencial-para-la-estabilizacion-y-la-consolidacion\/#article\",\"isPartOf\":{\"@id\":\"https:\/\/pagina10.com\/web\/empresarios-de-la-region-se-encontraron-con-alto-consejero-presidencial-para-la-estabilizacion-y-la-consolidacion\/\"},\"author\":{\"name\":\"P\u00e1gina 10\",\"@id\":\"https:\/\/pagina10.com\/web\/#\/schema\/person\/2efc4a090d25b667d3bc796798a3a81b\"},\"headline\":\"Empresarios de la regi\u00f3n se encontraron con Alto Consejero Presidencial para la Estabilizaci\u00f3n y la Consolidaci\u00f3n.\",\"datePublished\":\"2021-03-10T17:59:05+00:00\",\"mainEntityOfPage\":{\"@id\":\"https:\/\/pagina10.com\/web\/empresarios-de-la-region-se-encontraron-con-alto-consejero-presidencial-para-la-estabilizacion-y-la-consolidacion\/\"},\"wordCount\":176,\"commentCount\":0,\"publisher\":{\"@id\":\"https:\/\/pagina10.com\/web\/#organization\"},\"image\":{\"@id\":\"https:\/\/pagina10.com\/web\/empresarios-de-la-region-se-encontraron-con-alto-consejero-presidencial-para-la-estabilizacion-y-la-consolidacion\/#primaryimage\"},\"thumbnailUrl\":\"https:\/\/pagina10.com\/web\/wp-content\/uploads\/2021\/03\/638b552a-805b-4975-86a2-3d78492c3d50.jpeg\",\"articleSection\":[\"Regiones\"],\"inLanguage\":\"es\",\"potentialAction\":[{\"@type\":\"CommentAction\",\"name\":\"Comment\",\"target\":[\"https:\/\/pagina10.com\/web\/empresarios-de-la-region-se-encontraron-con-alto-consejero-presidencial-para-la-estabilizacion-y-la-consolidacion\/#respond\"]}]},{\"@type\":\"WebPage\",\"@id\":\"https:\/\/pagina10.com\/web\/empresarios-de-la-region-se-encontraron-con-alto-consejero-presidencial-para-la-estabilizacion-y-la-consolidacion\/\",\"url\":\"https:\/\/pagina10.com\/web\/empresarios-de-la-region-se-encontraron-con-alto-consejero-presidencial-para-la-estabilizacion-y-la-consolidacion\/\",\"name\":\"Empresarios de la regi\u00f3n se encontraron con Alto Consejero Presidencial para la Estabilizaci\u00f3n y la Consolidaci\u00f3n. | P\u00e1gina10\",\"isPartOf\":{\"@id\":\"https:\/\/pagina10.com\/web\/#website\"},\"primaryImageOfPage\":{\"@id\":\"https:\/\/pagina10.com\/web\/empresarios-de-la-region-se-encontraron-con-alto-consejero-presidencial-para-la-estabilizacion-y-la-consolidacion\/#primaryimage\"},\"image\":{\"@id\":\"https:\/\/pagina10.com\/web\/empresarios-de-la-region-se-encontraron-con-alto-consejero-presidencial-para-la-estabilizacion-y-la-consolidacion\/#primaryimage\"},\"thumbnailUrl\":\"https:\/\/pagina10.com\/web\/wp-content\/uploads\/2021\/03\/638b552a-805b-4975-86a2-3d78492c3d50.jpeg\",\"datePublished\":\"2021-03-10T17:59:05+00:00\",\"breadcrumb\":{\"@id\":\"https:\/\/pagina10.com\/web\/empresarios-de-la-region-se-encontraron-con-alto-consejero-presidencial-para-la-estabilizacion-y-la-consolidacion\/#breadcrumb\"},\"inLanguage\":\"es\",\"potentialAction\":[{\"@type\":\"ReadAction\",\"target\":[\"https:\/\/pagina10.com\/web\/empresarios-de-la-region-se-encontraron-con-alto-consejero-presidencial-para-la-estabilizacion-y-la-consolidacion\/\"]}]},{\"@type\":\"ImageObject\",\"inLanguage\":\"es\",\"@id\":\"https:\/\/pagina10.com\/web\/empresarios-de-la-region-se-encontraron-con-alto-consejero-presidencial-para-la-estabilizacion-y-la-consolidacion\/#primaryimage\",\"url\":\"https:\/\/pagina10.com\/web\/wp-content\/uploads\/2021\/03\/638b552a-805b-4975-86a2-3d78492c3d50.jpeg\",\"contentUrl\":\"https:\/\/pagina10.com\/web\/wp-content\/uploads\/2021\/03\/638b552a-805b-4975-86a2-3d78492c3d50.jpeg\",\"width\":1280,\"height\":960},{\"@type\":\"BreadcrumbList\",\"@id\":\"https:\/\/pagina10.com\/web\/empresarios-de-la-region-se-encontraron-con-alto-consejero-presidencial-para-la-estabilizacion-y-la-consolidacion\/#breadcrumb\",\"itemListElement\":[{\"@type\":\"ListItem\",\"position\":1,\"name\":\"Portada\",\"item\":\"https:\/\/pagina10.com\/web\/\"},{\"@type\":\"ListItem\",\"position\":2,\"name\":\"Empresarios de la regi\u00f3n se encontraron con Alto Consejero Presidencial para la Estabilizaci\u00f3n y la Consolidaci\u00f3n.\"}]},{\"@type\":\"WebSite\",\"@id\":\"https:\/\/pagina10.com\/web\/#website\",\"url\":\"https:\/\/pagina10.com\/web\/\",\"name\":\"P\u00e1gina10\",\"description\":\"Peri\u00f3dico Regional\",\"publisher\":{\"@id\":\"https:\/\/pagina10.com\/web\/#organization\"},\"alternateName\":\"P\u00e1gina10 Peri\u00f3dico Regional\",\"potentialAction\":[{\"@type\":\"SearchAction\",\"target\":{\"@type\":\"EntryPoint\",\"urlTemplate\":\"https:\/\/pagina10.com\/web\/?s={search_term_string}\"},\"query-input\":{\"@type\":\"PropertyValueSpecification\",\"valueRequired\":true,\"valueName\":\"search_term_string\"}}],\"inLanguage\":\"es\"},{\"@type\":\"Organization\",\"@id\":\"https:\/\/pagina10.com\/web\/#organization\",\"name\":\"P\u00e1gina10\",\"alternateName\":\"P\u00e1gina10 Peri\u00f3dico Regional\",\"url\":\"https:\/\/pagina10.com\/web\/\",\"logo\":{\"@type\":\"ImageObject\",\"inLanguage\":\"es\",\"@id\":\"https:\/\/pagina10.com\/web\/#\/schema\/logo\/image\/\",\"url\":\"https:\/\/pagina10.com\/web\/wp-content\/uploads\/2024\/01\/40-pagina-10-periodico-regional-pasto.jpg\",\"contentUrl\":\"https:\/\/pagina10.com\/web\/wp-content\/uploads\/2024\/01\/40-pagina-10-periodico-regional-pasto.jpg\",\"width\":1280,\"height\":720,\"caption\":\"P\u00e1gina10\"},\"image\":{\"@id\":\"https:\/\/pagina10.com\/web\/#\/schema\/logo\/image\/\"},\"sameAs\":[\"https:\/\/www.facebook.com\/pag10com\",\"https:\/\/x.com\/Pag10com\",\"https:\/\/www.instagram.com\/pagina10col\/\",\"https:\/\/youtube.com\/channel\/pag10\",\"https:\/\/www.tiktok.com\/@p10col\"]},{\"@type\":\"Person\",\"@id\":\"https:\/\/pagina10.com\/web\/#\/schema\/person\/2efc4a090d25b667d3bc796798a3a81b\",\"name\":\"P\u00e1gina 10\",\"description\":\"P\u00e1gina 10 es un peri\u00f3dico regional que nace en Colombia, en el departamento de Nari\u00f1o, con un enfoque global, fundamentado en cuatro pilares esenciales: la libertad, el pluralismo, la inclusi\u00f3n y la independencia. P\u00e1gina 10 hace referencia a Nari\u00f1o como el d\u00e9cimo departamento creado en Colombia, despu\u00e9s de un proceso pol\u00edtico liderado por actores y actrices regionales con el fin de obtener la independencia y autonom\u00eda de nuestros territorios. Con la creaci\u00f3n de P\u00e1gina 10 se pretende abrir un escenario para el dialogo, la reflexi\u00f3n y el debate que se extienda a otras geograf\u00edas de Am\u00e9rica Latina y del planeta, en una apuesta por transformar colectivamente los desaf\u00edos de un mundo contempor\u00e1neo, m\u00e1s all\u00e1 de las fronteras impuestas.\",\"url\":\"https:\/\/pagina10.com\/web\/author\/pdiezadmin\/\"}]}<\/script>\n<!-- \/ Yoast SEO plugin. -->","yoast_head_json":{"title":"Empresarios de la regi\u00f3n se encontraron con Alto Consejero Presidencial para la Estabilizaci\u00f3n y la Consolidaci\u00f3n. | P\u00e1gina10","robots":{"index":"index","follow":"follow","max-snippet":"max-snippet:-1","max-image-preview":"max-image-preview:large","max-video-preview":"max-video-preview:-1"},"canonical":"https:\/\/pagina10.com\/web\/empresarios-de-la-region-se-encontraron-con-alto-consejero-presidencial-para-la-estabilizacion-y-la-consolidacion\/","og_locale":"es_ES","og_type":"article","og_title":"Empresarios de la regi\u00f3n se encontraron con Alto Consejero Presidencial para la Estabilizaci\u00f3n y la Consolidaci\u00f3n. | P\u00e1gina10","og_description":"El Presidente Ejecutivo de la C\u00e1mara de Comercio de Pasto, Damir Bravo Molina, se reuni\u00f3 con el Alto Consejero Presidencial para la Estabilizaci\u00f3n y la Consolidaci\u00f3n, Emilio Jos\u00e9 Archilla Pe\u00f1alosa, con el fin de escuchar y atender las necesidades de mis diferentes sectores econ\u00f3micos de la regi\u00f3n. En esta reuni\u00f3n se dialog\u00f3 acerca de la [&hellip;]","og_url":"https:\/\/pagina10.com\/web\/empresarios-de-la-region-se-encontraron-con-alto-consejero-presidencial-para-la-estabilizacion-y-la-consolidacion\/","og_site_name":"P\u00e1gina10","article_publisher":"https:\/\/www.facebook.com\/pag10com","article_published_time":"2021-03-10T17:59:05+00:00","og_image":[{"width":1280,"height":960,"url":"https:\/\/pagina10.com\/web\/wp-content\/uploads\/2021\/03\/638b552a-805b-4975-86a2-3d78492c3d50.jpeg","type":"image\/jpeg"}],"author":"P\u00e1gina 10","twitter_card":"summary_large_image","twitter_creator":"@Pag10com","twitter_site":"@Pag10com","twitter_misc":{"Escrito por":"P\u00e1gina 10","Tiempo de lectura":"1 minuto"},"schema":{"@context":"https:\/\/schema.org","@graph":[{"@type":"Article","@id":"https:\/\/pagina10.com\/web\/empresarios-de-la-region-se-encontraron-con-alto-consejero-presidencial-para-la-estabilizacion-y-la-consolidacion\/#article","isPartOf":{"@id":"https:\/\/pagina10.com\/web\/empresarios-de-la-region-se-encontraron-con-alto-consejero-presidencial-para-la-estabilizacion-y-la-consolidacion\/"},"author":{"name":"P\u00e1gina 10","@id":"https:\/\/pagina10.com\/web\/#\/schema\/person\/2efc4a090d25b667d3bc796798a3a81b"},"headline":"Empresarios de la regi\u00f3n se encontraron con Alto Consejero Presidencial para la Estabilizaci\u00f3n y la Consolidaci\u00f3n.","datePublished":"2021-03-10T17:59:05+00:00","mainEntityOfPage":{"@id":"https:\/\/pagina10.com\/web\/empresarios-de-la-region-se-encontraron-con-alto-consejero-presidencial-para-la-estabilizacion-y-la-consolidacion\/"},"wordCount":176,"commentCount":0,"publisher":{"@id":"https:\/\/pagina10.com\/web\/#organization"},"image":{"@id":"https:\/\/pagina10.com\/web\/empresarios-de-la-region-se-encontraron-con-alto-consejero-presidencial-para-la-estabilizacion-y-la-consolidacion\/#primaryimage"},"thumbnailUrl":"https:\/\/pagina10.com\/web\/wp-content\/uploads\/2021\/03\/638b552a-805b-4975-86a2-3d78492c3d50.jpeg","articleSection":["Regiones"],"inLanguage":"es","potentialAction":[{"@type":"CommentAction","name":"Comment","target":["https:\/\/pagina10.com\/web\/empresarios-de-la-region-se-encontraron-con-alto-consejero-presidencial-para-la-estabilizacion-y-la-consolidacion\/#respond"]}]},{"@type":"WebPage","@id":"https:\/\/pagina10.com\/web\/empresarios-de-la-region-se-encontraron-con-alto-consejero-presidencial-para-la-estabilizacion-y-la-consolidacion\/","url":"https:\/\/pagina10.com\/web\/empresarios-de-la-region-se-encontraron-con-alto-consejero-presidencial-para-la-estabilizacion-y-la-consolidacion\/","name":"Empresarios de la regi\u00f3n se encontraron con Alto Consejero Presidencial para la Estabilizaci\u00f3n y la Consolidaci\u00f3n. | P\u00e1gina10","isPartOf":{"@id":"https:\/\/pagina10.com\/web\/#website"},"primaryImageOfPage":{"@id":"https:\/\/pagina10.com\/web\/empresarios-de-la-region-se-encontraron-con-alto-consejero-presidencial-para-la-estabilizacion-y-la-consolidacion\/#primaryimage"},"image":{"@id":"https:\/\/pagina10.com\/web\/empresarios-de-la-region-se-encontraron-con-alto-consejero-presidencial-para-la-estabilizacion-y-la-consolidacion\/#primaryimage"},"thumbnailUrl":"https:\/\/pagina10.com\/web\/wp-content\/uploads\/2021\/03\/638b552a-805b-4975-86a2-3d78492c3d50.jpeg","datePublished":"2021-03-10T17:59:05+00:00","breadcrumb":{"@id":"https:\/\/pagina10.com\/web\/empresarios-de-la-region-se-encontraron-con-alto-consejero-presidencial-para-la-estabilizacion-y-la-consolidacion\/#breadcrumb"},"inLanguage":"es","potentialAction":[{"@type":"ReadAction","target":["https:\/\/pagina10.com\/web\/empresarios-de-la-region-se-encontraron-con-alto-consejero-presidencial-para-la-estabilizacion-y-la-consolidacion\/"]}]},{"@type":"ImageObject","inLanguage":"es","@id":"https:\/\/pagina10.com\/web\/empresarios-de-la-region-se-encontraron-con-alto-consejero-presidencial-para-la-estabilizacion-y-la-consolidacion\/#primaryimage","url":"https:\/\/pagina10.com\/web\/wp-content\/uploads\/2021\/03\/638b552a-805b-4975-86a2-3d78492c3d50.jpeg","contentUrl":"https:\/\/pagina10.com\/web\/wp-content\/uploads\/2021\/03\/638b552a-805b-4975-86a2-3d78492c3d50.jpeg","width":1280,"height":960},{"@type":"BreadcrumbList","@id":"https:\/\/pagina10.com\/web\/empresarios-de-la-region-se-encontraron-con-alto-consejero-presidencial-para-la-estabilizacion-y-la-consolidacion\/#breadcrumb","itemListElement":[{"@type":"ListItem","position":1,"name":"Portada","item":"https:\/\/pagina10.com\/web\/"},{"@type":"ListItem","position":2,"name":"Empresarios de la regi\u00f3n se encontraron con Alto Consejero Presidencial para la Estabilizaci\u00f3n y la Consolidaci\u00f3n."}]},{"@type":"WebSite","@id":"https:\/\/pagina10.com\/web\/#website","url":"https:\/\/pagina10.com\/web\/","name":"P\u00e1gina10","description":"Peri\u00f3dico Regional","publisher":{"@id":"https:\/\/pagina10.com\/web\/#organization"},"alternateName":"P\u00e1gina10 Peri\u00f3dico Regional","potentialAction":[{"@type":"SearchAction","target":{"@type":"EntryPoint","urlTemplate":"https:\/\/pagina10.com\/web\/?s={search_term_string}"},"query-input":{"@type":"PropertyValueSpecification","valueRequired":true,"valueName":"search_term_string"}}],"inLanguage":"es"},{"@type":"Organization","@id":"https:\/\/pagina10.com\/web\/#organization","name":"P\u00e1gina10","alternateName":"P\u00e1gina10 Peri\u00f3dico Regional","url":"https:\/\/pagina10.com\/web\/","logo":{"@type":"ImageObject","inLanguage":"es","@id":"https:\/\/pagina10.com\/web\/#\/schema\/logo\/image\/","url":"https:\/\/pagina10.com\/web\/wp-content\/uploads\/2024\/01\/40-pagina-10-periodico-regional-pasto.jpg","contentUrl":"https:\/\/pagina10.com\/web\/wp-content\/uploads\/2024\/01\/40-pagina-10-periodico-regional-pasto.jpg","width":1280,"height":720,"caption":"P\u00e1gina10"},"image":{"@id":"https:\/\/pagina10.com\/web\/#\/schema\/logo\/image\/"},"sameAs":["https:\/\/www.facebook.com\/pag10com","https:\/\/x.com\/Pag10com","https:\/\/www.instagram.com\/pagina10col\/","https:\/\/youtube.com\/channel\/pag10","https:\/\/www.tiktok.com\/@p10col"]},{"@type":"Person","@id":"https:\/\/pagina10.com\/web\/#\/schema\/person\/2efc4a090d25b667d3bc796798a3a81b","name":"P\u00e1gina 10","description":"P\u00e1gina 10 es un peri\u00f3dico regional que nace en Colombia, en el departamento de Nari\u00f1o, con un enfoque global, fundamentado en cuatro pilares esenciales: la libertad, el pluralismo, la inclusi\u00f3n y la independencia. P\u00e1gina 10 hace referencia a Nari\u00f1o como el d\u00e9cimo departamento creado en Colombia, despu\u00e9s de un proceso pol\u00edtico liderado por actores y actrices regionales con el fin de obtener la independencia y autonom\u00eda de nuestros territorios. Con la creaci\u00f3n de P\u00e1gina 10 se pretende abrir un escenario para el dialogo, la reflexi\u00f3n y el debate que se extienda a otras geograf\u00edas de Am\u00e9rica Latina y del planeta, en una apuesta por transformar colectivamente los desaf\u00edos de un mundo contempor\u00e1neo, m\u00e1s all\u00e1 de las fronteras impuestas.","url":"https:\/\/pagina10.com\/web\/author\/pdiezadmin\/"}]}},"_links":{"self":[{"href":"https:\/\/pagina10.com\/web\/wp-json\/wp\/v2\/posts\/51072","targetHints":{"allow":["GET"]}}],"collection":[{"href":"https:\/\/pagina10.com\/web\/wp-json\/wp\/v2\/posts"}],"about":[{"href":"https:\/\/pagina10.com\/web\/wp-json\/wp\/v2\/types\/post"}],"author":[{"embeddable":true,"href":"https:\/\/pagina10.com\/web\/wp-json\/wp\/v2\/users\/1"}],"replies":[{"embeddable":true,"href":"https:\/\/pagina10.com\/web\/wp-json\/wp\/v2\/comments?post=51072"}],"version-history":[{"count":1,"href":"https:\/\/pagina10.com\/web\/wp-json\/wp\/v2\/posts\/51072\/revisions"}],"predecessor-version":[{"id":51074,"href":"https:\/\/pagina10.com\/web\/wp-json\/wp\/v2\/posts\/51072\/revisions\/51074"}],"wp:featuredmedia":[{"embeddable":true,"href":"https:\/\/pagina10.com\/web\/wp-json\/wp\/v2\/media\/51073"}],"wp:attachment":[{"href":"https:\/\/pagina10.com\/web\/wp-json\/wp\/v2\/media?parent=51072"}],"wp:term":[{"taxonomy":"category","embeddable":true,"href":"https:\/\/pagina10.com\/web\/wp-json\/wp\/v2\/categories?post=51072"},{"taxonomy":"post_tag","embeddable":true,"href":"https:\/\/pagina10.com\/web\/wp-json\/wp\/v2\/tags?post=51072"}],"curies":[{"name":"wp","href":"https:\/\/api.w.org\/{rel}","templated":true}]}}