{"id":51092,"date":"2021-03-11T12:25:26","date_gmt":"2021-03-11T17:25:26","guid":{"rendered":"https:\/\/pagina10.com\/web\/?p=51092"},"modified":"2021-03-11T12:25:26","modified_gmt":"2021-03-11T17:25:26","slug":"tribunal-administrativo-de-cundinamarca-ordena-indemnizar-a-dos-hijas-de-petro-por-chuzadas-del-das","status":"publish","type":"post","link":"https:\/\/pagina10.com\/web\/tribunal-administrativo-de-cundinamarca-ordena-indemnizar-a-dos-hijas-de-petro-por-chuzadas-del-das\/","title":{"rendered":"Tribunal Administrativo de Cundinamarca ordena indemnizar a dos hijas de Petro por chuzadas del DAS."},"content":{"rendered":"<p style=\"text-align: justify;\">La subsecci\u00f3n C de la secci\u00f3n tercera del Tribunal Administrativo de Cundinamarca tom\u00f3 la decisi\u00f3n de a\u00f1adir a dos hijas del senador Gustavo Petro, a una sentencia que el a\u00f1o pasado hab\u00eda ordenado reparaciones para el senador y sus familiares por las chuzadas del DAS.<\/p>\n<p style=\"text-align: justify;\">El 19 de febrero de 2020 ese tribunal considerando que el\u00a0DAS, el\u00a0Departamento Administrativo de la Presidencia de la Rep\u00fablica y la Unidad de Informaci\u00f3n y An\u00e1lisis Financiero, eran responsables de interceptaciones y seguimientos durante varios a\u00f1os a Petro y a sus familiares, orden\u00f3 a estas tres entidades pagar una indemnizaci\u00f3n a Petro de 100 salarios m\u00ednimos mensuales vigentes (smmlv) y a otros 7 miembros de su familia<strong>\u00a0<\/strong>500 smmlv entre todos. Sentencia en la que no fueron incluidas las dos hijas menores de Gustavo Petro.<\/p>\n<p>La subsecci\u00f3n revis\u00f3 un recurso de la defensa de\u00a0Petro\u00a0por la no inclusi\u00f3n de sus hijas menores, y concluy\u00f3 que hubo una omisi\u00f3n al no incluirlas en la sentencia.\u00a0 &#8220;En criterio de la Sala, a las mismas debe serle reconocido el mismo monto de perjuicios que se reconoci\u00f3 a los dem\u00e1s hijos de la v\u00edctima directa, en tanto est\u00e1 acreditada que estas\u00a0hab\u00edan nacido para el momento en el que el se\u00f1or Gustavo Petro Urrego fue v\u00edctima del sistem\u00e1tico seguimiento y control a sus actividades\u201d\u00a0 se\u00f1ala el documento.<\/p>\n<p style=\"text-align: justify;\">Por lo anterior, la subsecci\u00f3n determin\u00f3 adicionar a las hijas de Petro en la reparaci\u00f3n y orden\u00f3 a las entidades responsables,\u00a0 pagar a cada una, como indemnizaci\u00f3n por perjuicios morales, 80 smmlv. Pago que deber\u00e1 hacerlo en un 45 por ciento el DAS, en un 45 por ciento el Departamento Administrativo de la Presidencia de la Rep\u00fablica y el 10 por ciento restante la Unidad de Informaci\u00f3n y An\u00e1lisis Financiero.<\/p>\n","protected":false},"excerpt":{"rendered":"<p>La subsecci\u00f3n C de la secci\u00f3n tercera del Tribunal Administrativo de Cundinamarca tom\u00f3 la decisi\u00f3n de a\u00f1adir a dos hijas del senador Gustavo Petro, a una sentencia que el a\u00f1o pasado hab\u00eda ordenado reparaciones para el senador y sus familiares por las chuzadas del DAS. El 19 de febrero de 2020 ese tribunal considerando que [&hellip;]<\/p>\n","protected":false},"author":1,"featured_media":50827,"comment_status":"open","ping_status":"open","sticky":false,"template":"","format":"standard","meta":{"footnotes":""},"categories":[61],"tags":[],"class_list":["post-51092","post","type-post","status-publish","format-standard","has-post-thumbnail","hentry","category-judicial"],"yoast_head":"<!-- This site is optimized with the Yoast SEO plugin v27.1.1 - https:\/\/yoast.com\/product\/yoast-seo-wordpress\/ -->\n<title>Tribunal Administrativo de Cundinamarca ordena indemnizar a dos hijas de Petro por chuzadas del DAS. | P\u00e1gina10<\/title>\n<meta name=\"robots\" content=\"index, follow, max-snippet:-1, max-image-preview:large, max-video-preview:-1\" \/>\n<link rel=\"canonical\" href=\"https:\/\/pagina10.com\/web\/tribunal-administrativo-de-cundinamarca-ordena-indemnizar-a-dos-hijas-de-petro-por-chuzadas-del-das\/\" \/>\n<meta property=\"og:locale\" content=\"es_ES\" \/>\n<meta property=\"og:type\" content=\"article\" \/>\n<meta property=\"og:title\" content=\"Tribunal Administrativo de Cundinamarca ordena indemnizar a dos hijas de Petro por chuzadas del DAS. | P\u00e1gina10\" \/>\n<meta property=\"og:description\" content=\"La subsecci\u00f3n C de la secci\u00f3n tercera del Tribunal Administrativo de Cundinamarca tom\u00f3 la decisi\u00f3n de a\u00f1adir a dos hijas del senador Gustavo Petro, a una sentencia que el a\u00f1o pasado hab\u00eda ordenado reparaciones para el senador y sus familiares por las chuzadas del DAS. El 19 de febrero de 2020 ese tribunal considerando que [&hellip;]\" \/>\n<meta property=\"og:url\" content=\"https:\/\/pagina10.com\/web\/tribunal-administrativo-de-cundinamarca-ordena-indemnizar-a-dos-hijas-de-petro-por-chuzadas-del-das\/\" \/>\n<meta property=\"og:site_name\" content=\"P\u00e1gina10\" \/>\n<meta property=\"article:publisher\" content=\"https:\/\/www.facebook.com\/pag10com\" \/>\n<meta property=\"article:published_time\" content=\"2021-03-11T17:25:26+00:00\" \/>\n<meta property=\"og:image\" content=\"https:\/\/pagina10.com\/web\/wp-content\/uploads\/2021\/02\/1595526045_566491_1595526317_noticia_normal.jpg\" \/>\n\t<meta property=\"og:image:width\" content=\"1170\" \/>\n\t<meta property=\"og:image:height\" content=\"900\" \/>\n\t<meta property=\"og:image:type\" content=\"image\/jpeg\" \/>\n<meta name=\"author\" content=\"P\u00e1gina 10\" \/>\n<meta name=\"twitter:card\" content=\"summary_large_image\" \/>\n<meta name=\"twitter:creator\" content=\"@Pag10com\" \/>\n<meta name=\"twitter:site\" content=\"@Pag10com\" \/>\n<meta name=\"twitter:label1\" content=\"Escrito por\" \/>\n\t<meta name=\"twitter:data1\" content=\"P\u00e1gina 10\" \/>\n\t<meta name=\"twitter:label2\" content=\"Tiempo de lectura\" \/>\n\t<meta name=\"twitter:data2\" content=\"2 minutos\" \/>\n<script type=\"application\/ld+json\" class=\"yoast-schema-graph\">{\"@context\":\"https:\/\/schema.org\",\"@graph\":[{\"@type\":\"Article\",\"@id\":\"https:\/\/pagina10.com\/web\/tribunal-administrativo-de-cundinamarca-ordena-indemnizar-a-dos-hijas-de-petro-por-chuzadas-del-das\/#article\",\"isPartOf\":{\"@id\":\"https:\/\/pagina10.com\/web\/tribunal-administrativo-de-cundinamarca-ordena-indemnizar-a-dos-hijas-de-petro-por-chuzadas-del-das\/\"},\"author\":{\"name\":\"P\u00e1gina 10\",\"@id\":\"https:\/\/pagina10.com\/web\/#\/schema\/person\/2efc4a090d25b667d3bc796798a3a81b\"},\"headline\":\"Tribunal Administrativo de Cundinamarca ordena indemnizar a dos hijas de Petro por chuzadas del DAS.\",\"datePublished\":\"2021-03-11T17:25:26+00:00\",\"mainEntityOfPage\":{\"@id\":\"https:\/\/pagina10.com\/web\/tribunal-administrativo-de-cundinamarca-ordena-indemnizar-a-dos-hijas-de-petro-por-chuzadas-del-das\/\"},\"wordCount\":325,\"commentCount\":0,\"publisher\":{\"@id\":\"https:\/\/pagina10.com\/web\/#organization\"},\"image\":{\"@id\":\"https:\/\/pagina10.com\/web\/tribunal-administrativo-de-cundinamarca-ordena-indemnizar-a-dos-hijas-de-petro-por-chuzadas-del-das\/#primaryimage\"},\"thumbnailUrl\":\"https:\/\/pagina10.com\/web\/wp-content\/uploads\/2021\/02\/1595526045_566491_1595526317_noticia_normal.jpg\",\"articleSection\":[\"Judicial\"],\"inLanguage\":\"es\",\"potentialAction\":[{\"@type\":\"CommentAction\",\"name\":\"Comment\",\"target\":[\"https:\/\/pagina10.com\/web\/tribunal-administrativo-de-cundinamarca-ordena-indemnizar-a-dos-hijas-de-petro-por-chuzadas-del-das\/#respond\"]}]},{\"@type\":\"WebPage\",\"@id\":\"https:\/\/pagina10.com\/web\/tribunal-administrativo-de-cundinamarca-ordena-indemnizar-a-dos-hijas-de-petro-por-chuzadas-del-das\/\",\"url\":\"https:\/\/pagina10.com\/web\/tribunal-administrativo-de-cundinamarca-ordena-indemnizar-a-dos-hijas-de-petro-por-chuzadas-del-das\/\",\"name\":\"Tribunal Administrativo de Cundinamarca ordena indemnizar a dos hijas de Petro por chuzadas del DAS. | P\u00e1gina10\",\"isPartOf\":{\"@id\":\"https:\/\/pagina10.com\/web\/#website\"},\"primaryImageOfPage\":{\"@id\":\"https:\/\/pagina10.com\/web\/tribunal-administrativo-de-cundinamarca-ordena-indemnizar-a-dos-hijas-de-petro-por-chuzadas-del-das\/#primaryimage\"},\"image\":{\"@id\":\"https:\/\/pagina10.com\/web\/tribunal-administrativo-de-cundinamarca-ordena-indemnizar-a-dos-hijas-de-petro-por-chuzadas-del-das\/#primaryimage\"},\"thumbnailUrl\":\"https:\/\/pagina10.com\/web\/wp-content\/uploads\/2021\/02\/1595526045_566491_1595526317_noticia_normal.jpg\",\"datePublished\":\"2021-03-11T17:25:26+00:00\",\"breadcrumb\":{\"@id\":\"https:\/\/pagina10.com\/web\/tribunal-administrativo-de-cundinamarca-ordena-indemnizar-a-dos-hijas-de-petro-por-chuzadas-del-das\/#breadcrumb\"},\"inLanguage\":\"es\",\"potentialAction\":[{\"@type\":\"ReadAction\",\"target\":[\"https:\/\/pagina10.com\/web\/tribunal-administrativo-de-cundinamarca-ordena-indemnizar-a-dos-hijas-de-petro-por-chuzadas-del-das\/\"]}]},{\"@type\":\"ImageObject\",\"inLanguage\":\"es\",\"@id\":\"https:\/\/pagina10.com\/web\/tribunal-administrativo-de-cundinamarca-ordena-indemnizar-a-dos-hijas-de-petro-por-chuzadas-del-das\/#primaryimage\",\"url\":\"https:\/\/pagina10.com\/web\/wp-content\/uploads\/2021\/02\/1595526045_566491_1595526317_noticia_normal.jpg\",\"contentUrl\":\"https:\/\/pagina10.com\/web\/wp-content\/uploads\/2021\/02\/1595526045_566491_1595526317_noticia_normal.jpg\",\"width\":1170,\"height\":900},{\"@type\":\"BreadcrumbList\",\"@id\":\"https:\/\/pagina10.com\/web\/tribunal-administrativo-de-cundinamarca-ordena-indemnizar-a-dos-hijas-de-petro-por-chuzadas-del-das\/#breadcrumb\",\"itemListElement\":[{\"@type\":\"ListItem\",\"position\":1,\"name\":\"Portada\",\"item\":\"https:\/\/pagina10.com\/web\/\"},{\"@type\":\"ListItem\",\"position\":2,\"name\":\"Tribunal Administrativo de Cundinamarca ordena indemnizar a dos hijas de Petro por chuzadas del DAS.\"}]},{\"@type\":\"WebSite\",\"@id\":\"https:\/\/pagina10.com\/web\/#website\",\"url\":\"https:\/\/pagina10.com\/web\/\",\"name\":\"P\u00e1gina10\",\"description\":\"Peri\u00f3dico Regional\",\"publisher\":{\"@id\":\"https:\/\/pagina10.com\/web\/#organization\"},\"alternateName\":\"P\u00e1gina10 Peri\u00f3dico Regional\",\"potentialAction\":[{\"@type\":\"SearchAction\",\"target\":{\"@type\":\"EntryPoint\",\"urlTemplate\":\"https:\/\/pagina10.com\/web\/?s={search_term_string}\"},\"query-input\":{\"@type\":\"PropertyValueSpecification\",\"valueRequired\":true,\"valueName\":\"search_term_string\"}}],\"inLanguage\":\"es\"},{\"@type\":\"Organization\",\"@id\":\"https:\/\/pagina10.com\/web\/#organization\",\"name\":\"P\u00e1gina10\",\"alternateName\":\"P\u00e1gina10 Peri\u00f3dico Regional\",\"url\":\"https:\/\/pagina10.com\/web\/\",\"logo\":{\"@type\":\"ImageObject\",\"inLanguage\":\"es\",\"@id\":\"https:\/\/pagina10.com\/web\/#\/schema\/logo\/image\/\",\"url\":\"https:\/\/pagina10.com\/web\/wp-content\/uploads\/2024\/01\/40-pagina-10-periodico-regional-pasto.jpg\",\"contentUrl\":\"https:\/\/pagina10.com\/web\/wp-content\/uploads\/2024\/01\/40-pagina-10-periodico-regional-pasto.jpg\",\"width\":1280,\"height\":720,\"caption\":\"P\u00e1gina10\"},\"image\":{\"@id\":\"https:\/\/pagina10.com\/web\/#\/schema\/logo\/image\/\"},\"sameAs\":[\"https:\/\/www.facebook.com\/pag10com\",\"https:\/\/x.com\/Pag10com\",\"https:\/\/www.instagram.com\/pagina10col\/\",\"https:\/\/youtube.com\/channel\/pag10\",\"https:\/\/www.tiktok.com\/@p10col\"]},{\"@type\":\"Person\",\"@id\":\"https:\/\/pagina10.com\/web\/#\/schema\/person\/2efc4a090d25b667d3bc796798a3a81b\",\"name\":\"P\u00e1gina 10\",\"description\":\"P\u00e1gina 10 es un peri\u00f3dico regional que nace en Colombia, en el departamento de Nari\u00f1o, con un enfoque global, fundamentado en cuatro pilares esenciales: la libertad, el pluralismo, la inclusi\u00f3n y la independencia. P\u00e1gina 10 hace referencia a Nari\u00f1o como el d\u00e9cimo departamento creado en Colombia, despu\u00e9s de un proceso pol\u00edtico liderado por actores y actrices regionales con el fin de obtener la independencia y autonom\u00eda de nuestros territorios. Con la creaci\u00f3n de P\u00e1gina 10 se pretende abrir un escenario para el dialogo, la reflexi\u00f3n y el debate que se extienda a otras geograf\u00edas de Am\u00e9rica Latina y del planeta, en una apuesta por transformar colectivamente los desaf\u00edos de un mundo contempor\u00e1neo, m\u00e1s all\u00e1 de las fronteras impuestas.\",\"url\":\"https:\/\/pagina10.com\/web\/author\/pdiezadmin\/\"}]}<\/script>\n<!-- \/ Yoast SEO plugin. -->","yoast_head_json":{"title":"Tribunal Administrativo de Cundinamarca ordena indemnizar a dos hijas de Petro por chuzadas del DAS. | P\u00e1gina10","robots":{"index":"index","follow":"follow","max-snippet":"max-snippet:-1","max-image-preview":"max-image-preview:large","max-video-preview":"max-video-preview:-1"},"canonical":"https:\/\/pagina10.com\/web\/tribunal-administrativo-de-cundinamarca-ordena-indemnizar-a-dos-hijas-de-petro-por-chuzadas-del-das\/","og_locale":"es_ES","og_type":"article","og_title":"Tribunal Administrativo de Cundinamarca ordena indemnizar a dos hijas de Petro por chuzadas del DAS. | P\u00e1gina10","og_description":"La subsecci\u00f3n C de la secci\u00f3n tercera del Tribunal Administrativo de Cundinamarca tom\u00f3 la decisi\u00f3n de a\u00f1adir a dos hijas del senador Gustavo Petro, a una sentencia que el a\u00f1o pasado hab\u00eda ordenado reparaciones para el senador y sus familiares por las chuzadas del DAS. El 19 de febrero de 2020 ese tribunal considerando que [&hellip;]","og_url":"https:\/\/pagina10.com\/web\/tribunal-administrativo-de-cundinamarca-ordena-indemnizar-a-dos-hijas-de-petro-por-chuzadas-del-das\/","og_site_name":"P\u00e1gina10","article_publisher":"https:\/\/www.facebook.com\/pag10com","article_published_time":"2021-03-11T17:25:26+00:00","og_image":[{"width":1170,"height":900,"url":"https:\/\/pagina10.com\/web\/wp-content\/uploads\/2021\/02\/1595526045_566491_1595526317_noticia_normal.jpg","type":"image\/jpeg"}],"author":"P\u00e1gina 10","twitter_card":"summary_large_image","twitter_creator":"@Pag10com","twitter_site":"@Pag10com","twitter_misc":{"Escrito por":"P\u00e1gina 10","Tiempo de lectura":"2 minutos"},"schema":{"@context":"https:\/\/schema.org","@graph":[{"@type":"Article","@id":"https:\/\/pagina10.com\/web\/tribunal-administrativo-de-cundinamarca-ordena-indemnizar-a-dos-hijas-de-petro-por-chuzadas-del-das\/#article","isPartOf":{"@id":"https:\/\/pagina10.com\/web\/tribunal-administrativo-de-cundinamarca-ordena-indemnizar-a-dos-hijas-de-petro-por-chuzadas-del-das\/"},"author":{"name":"P\u00e1gina 10","@id":"https:\/\/pagina10.com\/web\/#\/schema\/person\/2efc4a090d25b667d3bc796798a3a81b"},"headline":"Tribunal Administrativo de Cundinamarca ordena indemnizar a dos hijas de Petro por chuzadas del DAS.","datePublished":"2021-03-11T17:25:26+00:00","mainEntityOfPage":{"@id":"https:\/\/pagina10.com\/web\/tribunal-administrativo-de-cundinamarca-ordena-indemnizar-a-dos-hijas-de-petro-por-chuzadas-del-das\/"},"wordCount":325,"commentCount":0,"publisher":{"@id":"https:\/\/pagina10.com\/web\/#organization"},"image":{"@id":"https:\/\/pagina10.com\/web\/tribunal-administrativo-de-cundinamarca-ordena-indemnizar-a-dos-hijas-de-petro-por-chuzadas-del-das\/#primaryimage"},"thumbnailUrl":"https:\/\/pagina10.com\/web\/wp-content\/uploads\/2021\/02\/1595526045_566491_1595526317_noticia_normal.jpg","articleSection":["Judicial"],"inLanguage":"es","potentialAction":[{"@type":"CommentAction","name":"Comment","target":["https:\/\/pagina10.com\/web\/tribunal-administrativo-de-cundinamarca-ordena-indemnizar-a-dos-hijas-de-petro-por-chuzadas-del-das\/#respond"]}]},{"@type":"WebPage","@id":"https:\/\/pagina10.com\/web\/tribunal-administrativo-de-cundinamarca-ordena-indemnizar-a-dos-hijas-de-petro-por-chuzadas-del-das\/","url":"https:\/\/pagina10.com\/web\/tribunal-administrativo-de-cundinamarca-ordena-indemnizar-a-dos-hijas-de-petro-por-chuzadas-del-das\/","name":"Tribunal Administrativo de Cundinamarca ordena indemnizar a dos hijas de Petro por chuzadas del DAS. | P\u00e1gina10","isPartOf":{"@id":"https:\/\/pagina10.com\/web\/#website"},"primaryImageOfPage":{"@id":"https:\/\/pagina10.com\/web\/tribunal-administrativo-de-cundinamarca-ordena-indemnizar-a-dos-hijas-de-petro-por-chuzadas-del-das\/#primaryimage"},"image":{"@id":"https:\/\/pagina10.com\/web\/tribunal-administrativo-de-cundinamarca-ordena-indemnizar-a-dos-hijas-de-petro-por-chuzadas-del-das\/#primaryimage"},"thumbnailUrl":"https:\/\/pagina10.com\/web\/wp-content\/uploads\/2021\/02\/1595526045_566491_1595526317_noticia_normal.jpg","datePublished":"2021-03-11T17:25:26+00:00","breadcrumb":{"@id":"https:\/\/pagina10.com\/web\/tribunal-administrativo-de-cundinamarca-ordena-indemnizar-a-dos-hijas-de-petro-por-chuzadas-del-das\/#breadcrumb"},"inLanguage":"es","potentialAction":[{"@type":"ReadAction","target":["https:\/\/pagina10.com\/web\/tribunal-administrativo-de-cundinamarca-ordena-indemnizar-a-dos-hijas-de-petro-por-chuzadas-del-das\/"]}]},{"@type":"ImageObject","inLanguage":"es","@id":"https:\/\/pagina10.com\/web\/tribunal-administrativo-de-cundinamarca-ordena-indemnizar-a-dos-hijas-de-petro-por-chuzadas-del-das\/#primaryimage","url":"https:\/\/pagina10.com\/web\/wp-content\/uploads\/2021\/02\/1595526045_566491_1595526317_noticia_normal.jpg","contentUrl":"https:\/\/pagina10.com\/web\/wp-content\/uploads\/2021\/02\/1595526045_566491_1595526317_noticia_normal.jpg","width":1170,"height":900},{"@type":"BreadcrumbList","@id":"https:\/\/pagina10.com\/web\/tribunal-administrativo-de-cundinamarca-ordena-indemnizar-a-dos-hijas-de-petro-por-chuzadas-del-das\/#breadcrumb","itemListElement":[{"@type":"ListItem","position":1,"name":"Portada","item":"https:\/\/pagina10.com\/web\/"},{"@type":"ListItem","position":2,"name":"Tribunal Administrativo de Cundinamarca ordena indemnizar a dos hijas de Petro por chuzadas del DAS."}]},{"@type":"WebSite","@id":"https:\/\/pagina10.com\/web\/#website","url":"https:\/\/pagina10.com\/web\/","name":"P\u00e1gina10","description":"Peri\u00f3dico Regional","publisher":{"@id":"https:\/\/pagina10.com\/web\/#organization"},"alternateName":"P\u00e1gina10 Peri\u00f3dico Regional","potentialAction":[{"@type":"SearchAction","target":{"@type":"EntryPoint","urlTemplate":"https:\/\/pagina10.com\/web\/?s={search_term_string}"},"query-input":{"@type":"PropertyValueSpecification","valueRequired":true,"valueName":"search_term_string"}}],"inLanguage":"es"},{"@type":"Organization","@id":"https:\/\/pagina10.com\/web\/#organization","name":"P\u00e1gina10","alternateName":"P\u00e1gina10 Peri\u00f3dico Regional","url":"https:\/\/pagina10.com\/web\/","logo":{"@type":"ImageObject","inLanguage":"es","@id":"https:\/\/pagina10.com\/web\/#\/schema\/logo\/image\/","url":"https:\/\/pagina10.com\/web\/wp-content\/uploads\/2024\/01\/40-pagina-10-periodico-regional-pasto.jpg","contentUrl":"https:\/\/pagina10.com\/web\/wp-content\/uploads\/2024\/01\/40-pagina-10-periodico-regional-pasto.jpg","width":1280,"height":720,"caption":"P\u00e1gina10"},"image":{"@id":"https:\/\/pagina10.com\/web\/#\/schema\/logo\/image\/"},"sameAs":["https:\/\/www.facebook.com\/pag10com","https:\/\/x.com\/Pag10com","https:\/\/www.instagram.com\/pagina10col\/","https:\/\/youtube.com\/channel\/pag10","https:\/\/www.tiktok.com\/@p10col"]},{"@type":"Person","@id":"https:\/\/pagina10.com\/web\/#\/schema\/person\/2efc4a090d25b667d3bc796798a3a81b","name":"P\u00e1gina 10","description":"P\u00e1gina 10 es un peri\u00f3dico regional que nace en Colombia, en el departamento de Nari\u00f1o, con un enfoque global, fundamentado en cuatro pilares esenciales: la libertad, el pluralismo, la inclusi\u00f3n y la independencia. P\u00e1gina 10 hace referencia a Nari\u00f1o como el d\u00e9cimo departamento creado en Colombia, despu\u00e9s de un proceso pol\u00edtico liderado por actores y actrices regionales con el fin de obtener la independencia y autonom\u00eda de nuestros territorios. Con la creaci\u00f3n de P\u00e1gina 10 se pretende abrir un escenario para el dialogo, la reflexi\u00f3n y el debate que se extienda a otras geograf\u00edas de Am\u00e9rica Latina y del planeta, en una apuesta por transformar colectivamente los desaf\u00edos de un mundo contempor\u00e1neo, m\u00e1s all\u00e1 de las fronteras impuestas.","url":"https:\/\/pagina10.com\/web\/author\/pdiezadmin\/"}]}},"_links":{"self":[{"href":"https:\/\/pagina10.com\/web\/wp-json\/wp\/v2\/posts\/51092","targetHints":{"allow":["GET"]}}],"collection":[{"href":"https:\/\/pagina10.com\/web\/wp-json\/wp\/v2\/posts"}],"about":[{"href":"https:\/\/pagina10.com\/web\/wp-json\/wp\/v2\/types\/post"}],"author":[{"embeddable":true,"href":"https:\/\/pagina10.com\/web\/wp-json\/wp\/v2\/users\/1"}],"replies":[{"embeddable":true,"href":"https:\/\/pagina10.com\/web\/wp-json\/wp\/v2\/comments?post=51092"}],"version-history":[{"count":1,"href":"https:\/\/pagina10.com\/web\/wp-json\/wp\/v2\/posts\/51092\/revisions"}],"predecessor-version":[{"id":51093,"href":"https:\/\/pagina10.com\/web\/wp-json\/wp\/v2\/posts\/51092\/revisions\/51093"}],"wp:featuredmedia":[{"embeddable":true,"href":"https:\/\/pagina10.com\/web\/wp-json\/wp\/v2\/media\/50827"}],"wp:attachment":[{"href":"https:\/\/pagina10.com\/web\/wp-json\/wp\/v2\/media?parent=51092"}],"wp:term":[{"taxonomy":"category","embeddable":true,"href":"https:\/\/pagina10.com\/web\/wp-json\/wp\/v2\/categories?post=51092"},{"taxonomy":"post_tag","embeddable":true,"href":"https:\/\/pagina10.com\/web\/wp-json\/wp\/v2\/tags?post=51092"}],"curies":[{"name":"wp","href":"https:\/\/api.w.org\/{rel}","templated":true}]}}