{"id":51094,"date":"2021-03-11T16:18:26","date_gmt":"2021-03-11T21:18:26","guid":{"rendered":"https:\/\/pagina10.com\/web\/?p=51094"},"modified":"2021-03-11T16:20:51","modified_gmt":"2021-03-11T21:20:51","slug":"gerente-nacional-de-fronteras-visita-el-paso-fronterizo-con-el-ecuador-en-conjunto-con-funcionarios-de-la-oim-colombia-y-la-acnur","status":"publish","type":"post","link":"https:\/\/pagina10.com\/web\/gerente-nacional-de-fronteras-visita-el-paso-fronterizo-con-el-ecuador-en-conjunto-con-funcionarios-de-la-oim-colombia-y-la-acnur\/","title":{"rendered":"Gerente Nacional de Fronteras visita el paso fronterizo con el Ecuador en conjunto con funcionarios de la OIM Colombia y la ACNUR."},"content":{"rendered":"<p>En horas de la ma\u00f1ana del d\u00eda de hoy, Ana Dur\u00e1n, Jefe de Misi\u00f3n OIM Colombia, Sander Van Niekerk, Jefe de Oficina Suroccidente de la Agencia de la ONU para los Refugiados ACNUR y Lucas G\u00f3mez, Gerente Nacional de Fronteras de la Presidencia de la Rep\u00fablica, visitaron el paso fronterizo con el Ecuador, con el fin de recoger solicitudes en el territorio para una mejor integraci\u00f3n de los migrantes. Durante la jornada, que cont\u00f3 con el acompa\u00f1amiento del gobierno departamental y los alcaldes de Pasto, Cumbal y Carlosama, se trataron temas como pasos irregulares en la fronterav y atenci\u00f3n a migrantes.<\/p>\n<p>Durante su visita, el Gerente Nacional de Fronteras, Lucas G\u00f3mez, se refiri\u00f3 al Estatuto de Protecci\u00f3n a Migrantes y recalc\u00f3 que \u201cel gobierno nacional ha tomado una medida sin precedentes, extremadamente progresista, extremadamente humanitaria, tenemos que explicarla en muchos sentidos a nuestra misma poblaci\u00f3n colombiana\u201d. Puntualiz\u00f3 que tal Estatuto no \u201ces una medida que le va a quitar recursos a los colombianos, esta no es una medida donde van a competir los Venezolanos con los Colombianos, esta es incluso una medida para poblaci\u00f3n que ya est\u00e1 en nuestro territorio\u201d.<\/p>\n<p>Afirm\u00f3, que el gobierno nacional ha orientado sus esfuerzos a \u201cgenerar las condiciones necesarias para tenerlos con seguridad, con dignidad, hay muchas familias y yo creo que ah\u00ed a todos nos genera una sensibilidad este tema\u201d, para lo cual ha estado trabajando de la mano con las autoridades competentes.<\/p>\n<p>Finalmente hizo un reconocimiento a la Gobernaci\u00f3n del Departamento de Nari\u00f1o y a los municipios de Pasto e Ipiales, \u201cporque se est\u00e1n poniendo la camiseta\u201d para enfrentar el tema de la migraci\u00f3n de la mejor manera y sobre todo porque han mostrado una gran sensibilidad frente a la migraci\u00f3n de poblaci\u00f3n venezolana.<\/p>\n<p><span style=\"text-transform: initial;\">Por su parte, el gobierno departamental manifest\u00f3 su voluntad de seguir trabajando en pro de la tranquilidad y seguridad de las comunidades de Nari\u00f1o que habitan en los pasos de frontera.<\/span><\/p>\n","protected":false},"excerpt":{"rendered":"<p>En horas de la ma\u00f1ana del d\u00eda de hoy, Ana Dur\u00e1n, Jefe de Misi\u00f3n OIM Colombia, Sander Van Niekerk, Jefe de Oficina Suroccidente de la Agencia de la ONU para los Refugiados ACNUR y Lucas G\u00f3mez, Gerente Nacional de Fronteras de la Presidencia de la Rep\u00fablica, visitaron el paso fronterizo con el Ecuador, con el [&hellip;]<\/p>\n","protected":false},"author":1,"featured_media":51095,"comment_status":"open","ping_status":"open","sticky":false,"template":"","format":"standard","meta":{"footnotes":""},"categories":[53],"tags":[],"class_list":["post-51094","post","type-post","status-publish","format-standard","has-post-thumbnail","hentry","category-regiones"],"yoast_head":"<!-- This site is optimized with the Yoast SEO plugin v27.1.1 - https:\/\/yoast.com\/product\/yoast-seo-wordpress\/ -->\n<title>Gerente Nacional de Fronteras visita el paso fronterizo con el Ecuador en conjunto con funcionarios de la OIM Colombia y la ACNUR. | P\u00e1gina10<\/title>\n<meta name=\"robots\" content=\"index, follow, max-snippet:-1, max-image-preview:large, max-video-preview:-1\" \/>\n<link rel=\"canonical\" href=\"https:\/\/pagina10.com\/web\/gerente-nacional-de-fronteras-visita-el-paso-fronterizo-con-el-ecuador-en-conjunto-con-funcionarios-de-la-oim-colombia-y-la-acnur\/\" \/>\n<meta property=\"og:locale\" content=\"es_ES\" \/>\n<meta property=\"og:type\" content=\"article\" \/>\n<meta property=\"og:title\" content=\"Gerente Nacional de Fronteras visita el paso fronterizo con el Ecuador en conjunto con funcionarios de la OIM Colombia y la ACNUR. | P\u00e1gina10\" \/>\n<meta property=\"og:description\" content=\"En horas de la ma\u00f1ana del d\u00eda de hoy, Ana Dur\u00e1n, Jefe de Misi\u00f3n OIM Colombia, Sander Van Niekerk, Jefe de Oficina Suroccidente de la Agencia de la ONU para los Refugiados ACNUR y Lucas G\u00f3mez, Gerente Nacional de Fronteras de la Presidencia de la Rep\u00fablica, visitaron el paso fronterizo con el Ecuador, con el [&hellip;]\" \/>\n<meta property=\"og:url\" content=\"https:\/\/pagina10.com\/web\/gerente-nacional-de-fronteras-visita-el-paso-fronterizo-con-el-ecuador-en-conjunto-con-funcionarios-de-la-oim-colombia-y-la-acnur\/\" \/>\n<meta property=\"og:site_name\" content=\"P\u00e1gina10\" \/>\n<meta property=\"article:publisher\" content=\"https:\/\/www.facebook.com\/pag10com\" \/>\n<meta property=\"article:published_time\" content=\"2021-03-11T21:18:26+00:00\" \/>\n<meta property=\"article:modified_time\" content=\"2021-03-11T21:20:51+00:00\" \/>\n<meta property=\"og:image\" content=\"https:\/\/pagina10.com\/web\/wp-content\/uploads\/2021\/03\/WhatsApp-Image-2021-03-11-at-4.09.46-PM.jpeg\" \/>\n\t<meta property=\"og:image:width\" content=\"720\" \/>\n\t<meta property=\"og:image:height\" content=\"385\" \/>\n\t<meta property=\"og:image:type\" content=\"image\/jpeg\" \/>\n<meta name=\"author\" content=\"P\u00e1gina 10\" \/>\n<meta name=\"twitter:card\" content=\"summary_large_image\" \/>\n<meta name=\"twitter:creator\" content=\"@Pag10com\" \/>\n<meta name=\"twitter:site\" content=\"@Pag10com\" \/>\n<meta name=\"twitter:label1\" content=\"Escrito por\" \/>\n\t<meta name=\"twitter:data1\" content=\"P\u00e1gina 10\" \/>\n\t<meta name=\"twitter:label2\" content=\"Tiempo de lectura\" \/>\n\t<meta name=\"twitter:data2\" content=\"2 minutos\" \/>\n<script type=\"application\/ld+json\" class=\"yoast-schema-graph\">{\"@context\":\"https:\/\/schema.org\",\"@graph\":[{\"@type\":\"Article\",\"@id\":\"https:\/\/pagina10.com\/web\/gerente-nacional-de-fronteras-visita-el-paso-fronterizo-con-el-ecuador-en-conjunto-con-funcionarios-de-la-oim-colombia-y-la-acnur\/#article\",\"isPartOf\":{\"@id\":\"https:\/\/pagina10.com\/web\/gerente-nacional-de-fronteras-visita-el-paso-fronterizo-con-el-ecuador-en-conjunto-con-funcionarios-de-la-oim-colombia-y-la-acnur\/\"},\"author\":{\"name\":\"P\u00e1gina 10\",\"@id\":\"https:\/\/pagina10.com\/web\/#\/schema\/person\/2efc4a090d25b667d3bc796798a3a81b\"},\"headline\":\"Gerente Nacional de Fronteras visita el paso fronterizo con el Ecuador en conjunto con funcionarios de la OIM Colombia y la ACNUR.\",\"datePublished\":\"2021-03-11T21:18:26+00:00\",\"dateModified\":\"2021-03-11T21:20:51+00:00\",\"mainEntityOfPage\":{\"@id\":\"https:\/\/pagina10.com\/web\/gerente-nacional-de-fronteras-visita-el-paso-fronterizo-con-el-ecuador-en-conjunto-con-funcionarios-de-la-oim-colombia-y-la-acnur\/\"},\"wordCount\":364,\"commentCount\":0,\"publisher\":{\"@id\":\"https:\/\/pagina10.com\/web\/#organization\"},\"image\":{\"@id\":\"https:\/\/pagina10.com\/web\/gerente-nacional-de-fronteras-visita-el-paso-fronterizo-con-el-ecuador-en-conjunto-con-funcionarios-de-la-oim-colombia-y-la-acnur\/#primaryimage\"},\"thumbnailUrl\":\"https:\/\/pagina10.com\/web\/wp-content\/uploads\/2021\/03\/WhatsApp-Image-2021-03-11-at-4.09.46-PM.jpeg\",\"articleSection\":[\"Regiones\"],\"inLanguage\":\"es\",\"potentialAction\":[{\"@type\":\"CommentAction\",\"name\":\"Comment\",\"target\":[\"https:\/\/pagina10.com\/web\/gerente-nacional-de-fronteras-visita-el-paso-fronterizo-con-el-ecuador-en-conjunto-con-funcionarios-de-la-oim-colombia-y-la-acnur\/#respond\"]}]},{\"@type\":\"WebPage\",\"@id\":\"https:\/\/pagina10.com\/web\/gerente-nacional-de-fronteras-visita-el-paso-fronterizo-con-el-ecuador-en-conjunto-con-funcionarios-de-la-oim-colombia-y-la-acnur\/\",\"url\":\"https:\/\/pagina10.com\/web\/gerente-nacional-de-fronteras-visita-el-paso-fronterizo-con-el-ecuador-en-conjunto-con-funcionarios-de-la-oim-colombia-y-la-acnur\/\",\"name\":\"Gerente Nacional de Fronteras visita el paso fronterizo con el Ecuador en conjunto con funcionarios de la OIM Colombia y la ACNUR. | P\u00e1gina10\",\"isPartOf\":{\"@id\":\"https:\/\/pagina10.com\/web\/#website\"},\"primaryImageOfPage\":{\"@id\":\"https:\/\/pagina10.com\/web\/gerente-nacional-de-fronteras-visita-el-paso-fronterizo-con-el-ecuador-en-conjunto-con-funcionarios-de-la-oim-colombia-y-la-acnur\/#primaryimage\"},\"image\":{\"@id\":\"https:\/\/pagina10.com\/web\/gerente-nacional-de-fronteras-visita-el-paso-fronterizo-con-el-ecuador-en-conjunto-con-funcionarios-de-la-oim-colombia-y-la-acnur\/#primaryimage\"},\"thumbnailUrl\":\"https:\/\/pagina10.com\/web\/wp-content\/uploads\/2021\/03\/WhatsApp-Image-2021-03-11-at-4.09.46-PM.jpeg\",\"datePublished\":\"2021-03-11T21:18:26+00:00\",\"dateModified\":\"2021-03-11T21:20:51+00:00\",\"breadcrumb\":{\"@id\":\"https:\/\/pagina10.com\/web\/gerente-nacional-de-fronteras-visita-el-paso-fronterizo-con-el-ecuador-en-conjunto-con-funcionarios-de-la-oim-colombia-y-la-acnur\/#breadcrumb\"},\"inLanguage\":\"es\",\"potentialAction\":[{\"@type\":\"ReadAction\",\"target\":[\"https:\/\/pagina10.com\/web\/gerente-nacional-de-fronteras-visita-el-paso-fronterizo-con-el-ecuador-en-conjunto-con-funcionarios-de-la-oim-colombia-y-la-acnur\/\"]}]},{\"@type\":\"ImageObject\",\"inLanguage\":\"es\",\"@id\":\"https:\/\/pagina10.com\/web\/gerente-nacional-de-fronteras-visita-el-paso-fronterizo-con-el-ecuador-en-conjunto-con-funcionarios-de-la-oim-colombia-y-la-acnur\/#primaryimage\",\"url\":\"https:\/\/pagina10.com\/web\/wp-content\/uploads\/2021\/03\/WhatsApp-Image-2021-03-11-at-4.09.46-PM.jpeg\",\"contentUrl\":\"https:\/\/pagina10.com\/web\/wp-content\/uploads\/2021\/03\/WhatsApp-Image-2021-03-11-at-4.09.46-PM.jpeg\",\"width\":720,\"height\":385},{\"@type\":\"BreadcrumbList\",\"@id\":\"https:\/\/pagina10.com\/web\/gerente-nacional-de-fronteras-visita-el-paso-fronterizo-con-el-ecuador-en-conjunto-con-funcionarios-de-la-oim-colombia-y-la-acnur\/#breadcrumb\",\"itemListElement\":[{\"@type\":\"ListItem\",\"position\":1,\"name\":\"Portada\",\"item\":\"https:\/\/pagina10.com\/web\/\"},{\"@type\":\"ListItem\",\"position\":2,\"name\":\"Gerente Nacional de Fronteras visita el paso fronterizo con el Ecuador en conjunto con funcionarios de la OIM Colombia y la ACNUR.\"}]},{\"@type\":\"WebSite\",\"@id\":\"https:\/\/pagina10.com\/web\/#website\",\"url\":\"https:\/\/pagina10.com\/web\/\",\"name\":\"P\u00e1gina10\",\"description\":\"Peri\u00f3dico Regional\",\"publisher\":{\"@id\":\"https:\/\/pagina10.com\/web\/#organization\"},\"alternateName\":\"P\u00e1gina10 Peri\u00f3dico Regional\",\"potentialAction\":[{\"@type\":\"SearchAction\",\"target\":{\"@type\":\"EntryPoint\",\"urlTemplate\":\"https:\/\/pagina10.com\/web\/?s={search_term_string}\"},\"query-input\":{\"@type\":\"PropertyValueSpecification\",\"valueRequired\":true,\"valueName\":\"search_term_string\"}}],\"inLanguage\":\"es\"},{\"@type\":\"Organization\",\"@id\":\"https:\/\/pagina10.com\/web\/#organization\",\"name\":\"P\u00e1gina10\",\"alternateName\":\"P\u00e1gina10 Peri\u00f3dico Regional\",\"url\":\"https:\/\/pagina10.com\/web\/\",\"logo\":{\"@type\":\"ImageObject\",\"inLanguage\":\"es\",\"@id\":\"https:\/\/pagina10.com\/web\/#\/schema\/logo\/image\/\",\"url\":\"https:\/\/pagina10.com\/web\/wp-content\/uploads\/2024\/01\/40-pagina-10-periodico-regional-pasto.jpg\",\"contentUrl\":\"https:\/\/pagina10.com\/web\/wp-content\/uploads\/2024\/01\/40-pagina-10-periodico-regional-pasto.jpg\",\"width\":1280,\"height\":720,\"caption\":\"P\u00e1gina10\"},\"image\":{\"@id\":\"https:\/\/pagina10.com\/web\/#\/schema\/logo\/image\/\"},\"sameAs\":[\"https:\/\/www.facebook.com\/pag10com\",\"https:\/\/x.com\/Pag10com\",\"https:\/\/www.instagram.com\/pagina10col\/\",\"https:\/\/youtube.com\/channel\/pag10\",\"https:\/\/www.tiktok.com\/@p10col\"]},{\"@type\":\"Person\",\"@id\":\"https:\/\/pagina10.com\/web\/#\/schema\/person\/2efc4a090d25b667d3bc796798a3a81b\",\"name\":\"P\u00e1gina 10\",\"description\":\"P\u00e1gina 10 es un peri\u00f3dico regional que nace en Colombia, en el departamento de Nari\u00f1o, con un enfoque global, fundamentado en cuatro pilares esenciales: la libertad, el pluralismo, la inclusi\u00f3n y la independencia. P\u00e1gina 10 hace referencia a Nari\u00f1o como el d\u00e9cimo departamento creado en Colombia, despu\u00e9s de un proceso pol\u00edtico liderado por actores y actrices regionales con el fin de obtener la independencia y autonom\u00eda de nuestros territorios. Con la creaci\u00f3n de P\u00e1gina 10 se pretende abrir un escenario para el dialogo, la reflexi\u00f3n y el debate que se extienda a otras geograf\u00edas de Am\u00e9rica Latina y del planeta, en una apuesta por transformar colectivamente los desaf\u00edos de un mundo contempor\u00e1neo, m\u00e1s all\u00e1 de las fronteras impuestas.\",\"url\":\"https:\/\/pagina10.com\/web\/author\/pdiezadmin\/\"}]}<\/script>\n<!-- \/ Yoast SEO plugin. -->","yoast_head_json":{"title":"Gerente Nacional de Fronteras visita el paso fronterizo con el Ecuador en conjunto con funcionarios de la OIM Colombia y la ACNUR. | P\u00e1gina10","robots":{"index":"index","follow":"follow","max-snippet":"max-snippet:-1","max-image-preview":"max-image-preview:large","max-video-preview":"max-video-preview:-1"},"canonical":"https:\/\/pagina10.com\/web\/gerente-nacional-de-fronteras-visita-el-paso-fronterizo-con-el-ecuador-en-conjunto-con-funcionarios-de-la-oim-colombia-y-la-acnur\/","og_locale":"es_ES","og_type":"article","og_title":"Gerente Nacional de Fronteras visita el paso fronterizo con el Ecuador en conjunto con funcionarios de la OIM Colombia y la ACNUR. | P\u00e1gina10","og_description":"En horas de la ma\u00f1ana del d\u00eda de hoy, Ana Dur\u00e1n, Jefe de Misi\u00f3n OIM Colombia, Sander Van Niekerk, Jefe de Oficina Suroccidente de la Agencia de la ONU para los Refugiados ACNUR y Lucas G\u00f3mez, Gerente Nacional de Fronteras de la Presidencia de la Rep\u00fablica, visitaron el paso fronterizo con el Ecuador, con el [&hellip;]","og_url":"https:\/\/pagina10.com\/web\/gerente-nacional-de-fronteras-visita-el-paso-fronterizo-con-el-ecuador-en-conjunto-con-funcionarios-de-la-oim-colombia-y-la-acnur\/","og_site_name":"P\u00e1gina10","article_publisher":"https:\/\/www.facebook.com\/pag10com","article_published_time":"2021-03-11T21:18:26+00:00","article_modified_time":"2021-03-11T21:20:51+00:00","og_image":[{"width":720,"height":385,"url":"https:\/\/pagina10.com\/web\/wp-content\/uploads\/2021\/03\/WhatsApp-Image-2021-03-11-at-4.09.46-PM.jpeg","type":"image\/jpeg"}],"author":"P\u00e1gina 10","twitter_card":"summary_large_image","twitter_creator":"@Pag10com","twitter_site":"@Pag10com","twitter_misc":{"Escrito por":"P\u00e1gina 10","Tiempo de lectura":"2 minutos"},"schema":{"@context":"https:\/\/schema.org","@graph":[{"@type":"Article","@id":"https:\/\/pagina10.com\/web\/gerente-nacional-de-fronteras-visita-el-paso-fronterizo-con-el-ecuador-en-conjunto-con-funcionarios-de-la-oim-colombia-y-la-acnur\/#article","isPartOf":{"@id":"https:\/\/pagina10.com\/web\/gerente-nacional-de-fronteras-visita-el-paso-fronterizo-con-el-ecuador-en-conjunto-con-funcionarios-de-la-oim-colombia-y-la-acnur\/"},"author":{"name":"P\u00e1gina 10","@id":"https:\/\/pagina10.com\/web\/#\/schema\/person\/2efc4a090d25b667d3bc796798a3a81b"},"headline":"Gerente Nacional de Fronteras visita el paso fronterizo con el Ecuador en conjunto con funcionarios de la OIM Colombia y la ACNUR.","datePublished":"2021-03-11T21:18:26+00:00","dateModified":"2021-03-11T21:20:51+00:00","mainEntityOfPage":{"@id":"https:\/\/pagina10.com\/web\/gerente-nacional-de-fronteras-visita-el-paso-fronterizo-con-el-ecuador-en-conjunto-con-funcionarios-de-la-oim-colombia-y-la-acnur\/"},"wordCount":364,"commentCount":0,"publisher":{"@id":"https:\/\/pagina10.com\/web\/#organization"},"image":{"@id":"https:\/\/pagina10.com\/web\/gerente-nacional-de-fronteras-visita-el-paso-fronterizo-con-el-ecuador-en-conjunto-con-funcionarios-de-la-oim-colombia-y-la-acnur\/#primaryimage"},"thumbnailUrl":"https:\/\/pagina10.com\/web\/wp-content\/uploads\/2021\/03\/WhatsApp-Image-2021-03-11-at-4.09.46-PM.jpeg","articleSection":["Regiones"],"inLanguage":"es","potentialAction":[{"@type":"CommentAction","name":"Comment","target":["https:\/\/pagina10.com\/web\/gerente-nacional-de-fronteras-visita-el-paso-fronterizo-con-el-ecuador-en-conjunto-con-funcionarios-de-la-oim-colombia-y-la-acnur\/#respond"]}]},{"@type":"WebPage","@id":"https:\/\/pagina10.com\/web\/gerente-nacional-de-fronteras-visita-el-paso-fronterizo-con-el-ecuador-en-conjunto-con-funcionarios-de-la-oim-colombia-y-la-acnur\/","url":"https:\/\/pagina10.com\/web\/gerente-nacional-de-fronteras-visita-el-paso-fronterizo-con-el-ecuador-en-conjunto-con-funcionarios-de-la-oim-colombia-y-la-acnur\/","name":"Gerente Nacional de Fronteras visita el paso fronterizo con el Ecuador en conjunto con funcionarios de la OIM Colombia y la ACNUR. | P\u00e1gina10","isPartOf":{"@id":"https:\/\/pagina10.com\/web\/#website"},"primaryImageOfPage":{"@id":"https:\/\/pagina10.com\/web\/gerente-nacional-de-fronteras-visita-el-paso-fronterizo-con-el-ecuador-en-conjunto-con-funcionarios-de-la-oim-colombia-y-la-acnur\/#primaryimage"},"image":{"@id":"https:\/\/pagina10.com\/web\/gerente-nacional-de-fronteras-visita-el-paso-fronterizo-con-el-ecuador-en-conjunto-con-funcionarios-de-la-oim-colombia-y-la-acnur\/#primaryimage"},"thumbnailUrl":"https:\/\/pagina10.com\/web\/wp-content\/uploads\/2021\/03\/WhatsApp-Image-2021-03-11-at-4.09.46-PM.jpeg","datePublished":"2021-03-11T21:18:26+00:00","dateModified":"2021-03-11T21:20:51+00:00","breadcrumb":{"@id":"https:\/\/pagina10.com\/web\/gerente-nacional-de-fronteras-visita-el-paso-fronterizo-con-el-ecuador-en-conjunto-con-funcionarios-de-la-oim-colombia-y-la-acnur\/#breadcrumb"},"inLanguage":"es","potentialAction":[{"@type":"ReadAction","target":["https:\/\/pagina10.com\/web\/gerente-nacional-de-fronteras-visita-el-paso-fronterizo-con-el-ecuador-en-conjunto-con-funcionarios-de-la-oim-colombia-y-la-acnur\/"]}]},{"@type":"ImageObject","inLanguage":"es","@id":"https:\/\/pagina10.com\/web\/gerente-nacional-de-fronteras-visita-el-paso-fronterizo-con-el-ecuador-en-conjunto-con-funcionarios-de-la-oim-colombia-y-la-acnur\/#primaryimage","url":"https:\/\/pagina10.com\/web\/wp-content\/uploads\/2021\/03\/WhatsApp-Image-2021-03-11-at-4.09.46-PM.jpeg","contentUrl":"https:\/\/pagina10.com\/web\/wp-content\/uploads\/2021\/03\/WhatsApp-Image-2021-03-11-at-4.09.46-PM.jpeg","width":720,"height":385},{"@type":"BreadcrumbList","@id":"https:\/\/pagina10.com\/web\/gerente-nacional-de-fronteras-visita-el-paso-fronterizo-con-el-ecuador-en-conjunto-con-funcionarios-de-la-oim-colombia-y-la-acnur\/#breadcrumb","itemListElement":[{"@type":"ListItem","position":1,"name":"Portada","item":"https:\/\/pagina10.com\/web\/"},{"@type":"ListItem","position":2,"name":"Gerente Nacional de Fronteras visita el paso fronterizo con el Ecuador en conjunto con funcionarios de la OIM Colombia y la ACNUR."}]},{"@type":"WebSite","@id":"https:\/\/pagina10.com\/web\/#website","url":"https:\/\/pagina10.com\/web\/","name":"P\u00e1gina10","description":"Peri\u00f3dico Regional","publisher":{"@id":"https:\/\/pagina10.com\/web\/#organization"},"alternateName":"P\u00e1gina10 Peri\u00f3dico Regional","potentialAction":[{"@type":"SearchAction","target":{"@type":"EntryPoint","urlTemplate":"https:\/\/pagina10.com\/web\/?s={search_term_string}"},"query-input":{"@type":"PropertyValueSpecification","valueRequired":true,"valueName":"search_term_string"}}],"inLanguage":"es"},{"@type":"Organization","@id":"https:\/\/pagina10.com\/web\/#organization","name":"P\u00e1gina10","alternateName":"P\u00e1gina10 Peri\u00f3dico Regional","url":"https:\/\/pagina10.com\/web\/","logo":{"@type":"ImageObject","inLanguage":"es","@id":"https:\/\/pagina10.com\/web\/#\/schema\/logo\/image\/","url":"https:\/\/pagina10.com\/web\/wp-content\/uploads\/2024\/01\/40-pagina-10-periodico-regional-pasto.jpg","contentUrl":"https:\/\/pagina10.com\/web\/wp-content\/uploads\/2024\/01\/40-pagina-10-periodico-regional-pasto.jpg","width":1280,"height":720,"caption":"P\u00e1gina10"},"image":{"@id":"https:\/\/pagina10.com\/web\/#\/schema\/logo\/image\/"},"sameAs":["https:\/\/www.facebook.com\/pag10com","https:\/\/x.com\/Pag10com","https:\/\/www.instagram.com\/pagina10col\/","https:\/\/youtube.com\/channel\/pag10","https:\/\/www.tiktok.com\/@p10col"]},{"@type":"Person","@id":"https:\/\/pagina10.com\/web\/#\/schema\/person\/2efc4a090d25b667d3bc796798a3a81b","name":"P\u00e1gina 10","description":"P\u00e1gina 10 es un peri\u00f3dico regional que nace en Colombia, en el departamento de Nari\u00f1o, con un enfoque global, fundamentado en cuatro pilares esenciales: la libertad, el pluralismo, la inclusi\u00f3n y la independencia. P\u00e1gina 10 hace referencia a Nari\u00f1o como el d\u00e9cimo departamento creado en Colombia, despu\u00e9s de un proceso pol\u00edtico liderado por actores y actrices regionales con el fin de obtener la independencia y autonom\u00eda de nuestros territorios. Con la creaci\u00f3n de P\u00e1gina 10 se pretende abrir un escenario para el dialogo, la reflexi\u00f3n y el debate que se extienda a otras geograf\u00edas de Am\u00e9rica Latina y del planeta, en una apuesta por transformar colectivamente los desaf\u00edos de un mundo contempor\u00e1neo, m\u00e1s all\u00e1 de las fronteras impuestas.","url":"https:\/\/pagina10.com\/web\/author\/pdiezadmin\/"}]}},"_links":{"self":[{"href":"https:\/\/pagina10.com\/web\/wp-json\/wp\/v2\/posts\/51094","targetHints":{"allow":["GET"]}}],"collection":[{"href":"https:\/\/pagina10.com\/web\/wp-json\/wp\/v2\/posts"}],"about":[{"href":"https:\/\/pagina10.com\/web\/wp-json\/wp\/v2\/types\/post"}],"author":[{"embeddable":true,"href":"https:\/\/pagina10.com\/web\/wp-json\/wp\/v2\/users\/1"}],"replies":[{"embeddable":true,"href":"https:\/\/pagina10.com\/web\/wp-json\/wp\/v2\/comments?post=51094"}],"version-history":[{"count":2,"href":"https:\/\/pagina10.com\/web\/wp-json\/wp\/v2\/posts\/51094\/revisions"}],"predecessor-version":[{"id":51098,"href":"https:\/\/pagina10.com\/web\/wp-json\/wp\/v2\/posts\/51094\/revisions\/51098"}],"wp:featuredmedia":[{"embeddable":true,"href":"https:\/\/pagina10.com\/web\/wp-json\/wp\/v2\/media\/51095"}],"wp:attachment":[{"href":"https:\/\/pagina10.com\/web\/wp-json\/wp\/v2\/media?parent=51094"}],"wp:term":[{"taxonomy":"category","embeddable":true,"href":"https:\/\/pagina10.com\/web\/wp-json\/wp\/v2\/categories?post=51094"},{"taxonomy":"post_tag","embeddable":true,"href":"https:\/\/pagina10.com\/web\/wp-json\/wp\/v2\/tags?post=51094"}],"curies":[{"name":"wp","href":"https:\/\/api.w.org\/{rel}","templated":true}]}}