{"id":51102,"date":"2021-03-12T09:30:17","date_gmt":"2021-03-12T14:30:17","guid":{"rendered":"https:\/\/pagina10.com\/web\/?p=51102"},"modified":"2021-03-12T09:30:17","modified_gmt":"2021-03-12T14:30:17","slug":"gobernacion-cumple-acciones-de-preparacion-ante-lluvias-provocadas-por-fenomeno-de-la-nina","status":"publish","type":"post","link":"https:\/\/pagina10.com\/web\/gobernacion-cumple-acciones-de-preparacion-ante-lluvias-provocadas-por-fenomeno-de-la-nina\/","title":{"rendered":"Gobernaci\u00f3n cumple acciones de preparaci\u00f3n ante lluvias provocadas por &#8216;Fen\u00f3meno de La Ni\u00f1a&#8217;."},"content":{"rendered":"<p style=\"text-align: justify;\">\u00a0Seg\u00fan lo informado por el Instituto de Hidrolog\u00eda, Meteorolog\u00eda y Estudios Ambientales &#8211; Ideam, se inici\u00f3 la primera temporada de lluvias del presente a\u00f1o, el incremento de precipitaciones alcanzar\u00e1 su tope en los meses de marzo y abril.<\/p>\n<div style=\"text-align: justify;\">\nAnte el anuncio, la Direcci\u00f3n Administrativa de Gesti\u00f3n del Riesgo de Desastres de la Gobernaci\u00f3n de Nari\u00f1o -DAGRD, cumple acciones de preparaci\u00f3n frente a los efectos de las lluvias, a trav\u00e9s de planes sectoriales, para ello se convoc\u00f3 a Consejo Departamental de Gesti\u00f3n del Riesgo con el fin de analizar los escenarios, revisar puntos cr\u00edticos, actualizaci\u00f3n de capacidades con las que cuentan los organismos operativos como Invias, Secretar\u00eda de Infraestructura, organismos de socorro entre otros, as\u00ed como, \u00a0los procedimientos para la activaci\u00f3n de entidades, \u00a0con el fin actuar de manera oportuna.<\/p>\n<p>\u201cLos reportes indican que, desde el 1 al 11 marzo, se han presentado un total de 39 emergencias por lluvias que corresponden a 34 deslizamientos y 5 inundaciones, afectando a 164 familias, en 25 municipios con los que se adelanta la evaluaci\u00f3n de da\u00f1os y an\u00e1lisis de necesidades\u201d, indic\u00f3 el Director Administrativo de Gesti\u00f3n del Riesgo de Desastres, Jader Francisco \u00a0Gaviria.<\/p>\n<p>Adem\u00e1s, desde la DAGRD se desarrollan espacios de fortalecimiento de capacidades con los coordinadores municipales de gesti\u00f3n del riesgo de desastres, para que se dispongan de manera efectiva y oportuna sus planes de contingencia y se establezcan las acciones de coordinaci\u00f3n institucional a trav\u00e9s de convenios con organismos de socorro.<\/p>\n<p>La Direcci\u00f3n Administrativa de Gesti\u00f3n del Riesgo de Desastres hace un llamado a la comunidad a tomar las medidas que conduzcan a reducir los riesgos.<\/p><\/div>\n","protected":false},"excerpt":{"rendered":"<p>\u00a0Seg\u00fan lo informado por el Instituto de Hidrolog\u00eda, Meteorolog\u00eda y Estudios Ambientales &#8211; Ideam, se inici\u00f3 la primera temporada de lluvias del presente a\u00f1o, el incremento de precipitaciones alcanzar\u00e1 su tope en los meses de marzo y abril. Ante el anuncio, la Direcci\u00f3n Administrativa de Gesti\u00f3n del Riesgo de Desastres de la Gobernaci\u00f3n de Nari\u00f1o [&hellip;]<\/p>\n","protected":false},"author":1,"featured_media":51103,"comment_status":"open","ping_status":"open","sticky":false,"template":"","format":"standard","meta":{"footnotes":""},"categories":[53],"tags":[],"class_list":["post-51102","post","type-post","status-publish","format-standard","has-post-thumbnail","hentry","category-regiones"],"yoast_head":"<!-- This site is optimized with the Yoast SEO plugin v27.1.1 - https:\/\/yoast.com\/product\/yoast-seo-wordpress\/ -->\n<title>Gobernaci\u00f3n cumple acciones de preparaci\u00f3n ante lluvias provocadas por &#039;Fen\u00f3meno de La Ni\u00f1a&#039;. | P\u00e1gina10<\/title>\n<meta name=\"robots\" content=\"index, follow, max-snippet:-1, max-image-preview:large, max-video-preview:-1\" \/>\n<link rel=\"canonical\" href=\"https:\/\/pagina10.com\/web\/gobernacion-cumple-acciones-de-preparacion-ante-lluvias-provocadas-por-fenomeno-de-la-nina\/\" \/>\n<meta property=\"og:locale\" content=\"es_ES\" \/>\n<meta property=\"og:type\" content=\"article\" \/>\n<meta property=\"og:title\" content=\"Gobernaci\u00f3n cumple acciones de preparaci\u00f3n ante lluvias provocadas por &#039;Fen\u00f3meno de La Ni\u00f1a&#039;. | P\u00e1gina10\" \/>\n<meta property=\"og:description\" content=\"\u00a0Seg\u00fan lo informado por el Instituto de Hidrolog\u00eda, Meteorolog\u00eda y Estudios Ambientales &#8211; Ideam, se inici\u00f3 la primera temporada de lluvias del presente a\u00f1o, el incremento de precipitaciones alcanzar\u00e1 su tope en los meses de marzo y abril. Ante el anuncio, la Direcci\u00f3n Administrativa de Gesti\u00f3n del Riesgo de Desastres de la Gobernaci\u00f3n de Nari\u00f1o [&hellip;]\" \/>\n<meta property=\"og:url\" content=\"https:\/\/pagina10.com\/web\/gobernacion-cumple-acciones-de-preparacion-ante-lluvias-provocadas-por-fenomeno-de-la-nina\/\" \/>\n<meta property=\"og:site_name\" content=\"P\u00e1gina10\" \/>\n<meta property=\"article:publisher\" content=\"https:\/\/www.facebook.com\/pag10com\" \/>\n<meta property=\"article:published_time\" content=\"2021-03-12T14:30:17+00:00\" \/>\n<meta property=\"og:image\" content=\"https:\/\/pagina10.com\/web\/wp-content\/uploads\/2021\/03\/Captura-de-pantalla-93.png\" \/>\n\t<meta property=\"og:image:width\" content=\"522\" \/>\n\t<meta property=\"og:image:height\" content=\"353\" \/>\n\t<meta property=\"og:image:type\" content=\"image\/png\" \/>\n<meta name=\"author\" content=\"P\u00e1gina 10\" \/>\n<meta name=\"twitter:card\" content=\"summary_large_image\" \/>\n<meta name=\"twitter:creator\" content=\"@Pag10com\" \/>\n<meta name=\"twitter:site\" content=\"@Pag10com\" \/>\n<meta name=\"twitter:label1\" content=\"Escrito por\" \/>\n\t<meta name=\"twitter:data1\" content=\"P\u00e1gina 10\" \/>\n\t<meta name=\"twitter:label2\" content=\"Tiempo de lectura\" \/>\n\t<meta name=\"twitter:data2\" content=\"1 minuto\" \/>\n<script type=\"application\/ld+json\" class=\"yoast-schema-graph\">{\"@context\":\"https:\/\/schema.org\",\"@graph\":[{\"@type\":\"Article\",\"@id\":\"https:\/\/pagina10.com\/web\/gobernacion-cumple-acciones-de-preparacion-ante-lluvias-provocadas-por-fenomeno-de-la-nina\/#article\",\"isPartOf\":{\"@id\":\"https:\/\/pagina10.com\/web\/gobernacion-cumple-acciones-de-preparacion-ante-lluvias-provocadas-por-fenomeno-de-la-nina\/\"},\"author\":{\"name\":\"P\u00e1gina 10\",\"@id\":\"https:\/\/pagina10.com\/web\/#\/schema\/person\/2efc4a090d25b667d3bc796798a3a81b\"},\"headline\":\"Gobernaci\u00f3n cumple acciones de preparaci\u00f3n ante lluvias provocadas por &#8216;Fen\u00f3meno de La Ni\u00f1a&#8217;.\",\"datePublished\":\"2021-03-12T14:30:17+00:00\",\"mainEntityOfPage\":{\"@id\":\"https:\/\/pagina10.com\/web\/gobernacion-cumple-acciones-de-preparacion-ante-lluvias-provocadas-por-fenomeno-de-la-nina\/\"},\"wordCount\":300,\"commentCount\":0,\"publisher\":{\"@id\":\"https:\/\/pagina10.com\/web\/#organization\"},\"image\":{\"@id\":\"https:\/\/pagina10.com\/web\/gobernacion-cumple-acciones-de-preparacion-ante-lluvias-provocadas-por-fenomeno-de-la-nina\/#primaryimage\"},\"thumbnailUrl\":\"https:\/\/pagina10.com\/web\/wp-content\/uploads\/2021\/03\/Captura-de-pantalla-93.png\",\"articleSection\":[\"Regiones\"],\"inLanguage\":\"es\",\"potentialAction\":[{\"@type\":\"CommentAction\",\"name\":\"Comment\",\"target\":[\"https:\/\/pagina10.com\/web\/gobernacion-cumple-acciones-de-preparacion-ante-lluvias-provocadas-por-fenomeno-de-la-nina\/#respond\"]}]},{\"@type\":\"WebPage\",\"@id\":\"https:\/\/pagina10.com\/web\/gobernacion-cumple-acciones-de-preparacion-ante-lluvias-provocadas-por-fenomeno-de-la-nina\/\",\"url\":\"https:\/\/pagina10.com\/web\/gobernacion-cumple-acciones-de-preparacion-ante-lluvias-provocadas-por-fenomeno-de-la-nina\/\",\"name\":\"Gobernaci\u00f3n cumple acciones de preparaci\u00f3n ante lluvias provocadas por 'Fen\u00f3meno de La Ni\u00f1a'. | P\u00e1gina10\",\"isPartOf\":{\"@id\":\"https:\/\/pagina10.com\/web\/#website\"},\"primaryImageOfPage\":{\"@id\":\"https:\/\/pagina10.com\/web\/gobernacion-cumple-acciones-de-preparacion-ante-lluvias-provocadas-por-fenomeno-de-la-nina\/#primaryimage\"},\"image\":{\"@id\":\"https:\/\/pagina10.com\/web\/gobernacion-cumple-acciones-de-preparacion-ante-lluvias-provocadas-por-fenomeno-de-la-nina\/#primaryimage\"},\"thumbnailUrl\":\"https:\/\/pagina10.com\/web\/wp-content\/uploads\/2021\/03\/Captura-de-pantalla-93.png\",\"datePublished\":\"2021-03-12T14:30:17+00:00\",\"breadcrumb\":{\"@id\":\"https:\/\/pagina10.com\/web\/gobernacion-cumple-acciones-de-preparacion-ante-lluvias-provocadas-por-fenomeno-de-la-nina\/#breadcrumb\"},\"inLanguage\":\"es\",\"potentialAction\":[{\"@type\":\"ReadAction\",\"target\":[\"https:\/\/pagina10.com\/web\/gobernacion-cumple-acciones-de-preparacion-ante-lluvias-provocadas-por-fenomeno-de-la-nina\/\"]}]},{\"@type\":\"ImageObject\",\"inLanguage\":\"es\",\"@id\":\"https:\/\/pagina10.com\/web\/gobernacion-cumple-acciones-de-preparacion-ante-lluvias-provocadas-por-fenomeno-de-la-nina\/#primaryimage\",\"url\":\"https:\/\/pagina10.com\/web\/wp-content\/uploads\/2021\/03\/Captura-de-pantalla-93.png\",\"contentUrl\":\"https:\/\/pagina10.com\/web\/wp-content\/uploads\/2021\/03\/Captura-de-pantalla-93.png\",\"width\":522,\"height\":353},{\"@type\":\"BreadcrumbList\",\"@id\":\"https:\/\/pagina10.com\/web\/gobernacion-cumple-acciones-de-preparacion-ante-lluvias-provocadas-por-fenomeno-de-la-nina\/#breadcrumb\",\"itemListElement\":[{\"@type\":\"ListItem\",\"position\":1,\"name\":\"Portada\",\"item\":\"https:\/\/pagina10.com\/web\/\"},{\"@type\":\"ListItem\",\"position\":2,\"name\":\"Gobernaci\u00f3n cumple acciones de preparaci\u00f3n ante lluvias provocadas por &#8216;Fen\u00f3meno de La Ni\u00f1a&#8217;.\"}]},{\"@type\":\"WebSite\",\"@id\":\"https:\/\/pagina10.com\/web\/#website\",\"url\":\"https:\/\/pagina10.com\/web\/\",\"name\":\"P\u00e1gina10\",\"description\":\"Peri\u00f3dico Regional\",\"publisher\":{\"@id\":\"https:\/\/pagina10.com\/web\/#organization\"},\"alternateName\":\"P\u00e1gina10 Peri\u00f3dico Regional\",\"potentialAction\":[{\"@type\":\"SearchAction\",\"target\":{\"@type\":\"EntryPoint\",\"urlTemplate\":\"https:\/\/pagina10.com\/web\/?s={search_term_string}\"},\"query-input\":{\"@type\":\"PropertyValueSpecification\",\"valueRequired\":true,\"valueName\":\"search_term_string\"}}],\"inLanguage\":\"es\"},{\"@type\":\"Organization\",\"@id\":\"https:\/\/pagina10.com\/web\/#organization\",\"name\":\"P\u00e1gina10\",\"alternateName\":\"P\u00e1gina10 Peri\u00f3dico Regional\",\"url\":\"https:\/\/pagina10.com\/web\/\",\"logo\":{\"@type\":\"ImageObject\",\"inLanguage\":\"es\",\"@id\":\"https:\/\/pagina10.com\/web\/#\/schema\/logo\/image\/\",\"url\":\"https:\/\/pagina10.com\/web\/wp-content\/uploads\/2024\/01\/40-pagina-10-periodico-regional-pasto.jpg\",\"contentUrl\":\"https:\/\/pagina10.com\/web\/wp-content\/uploads\/2024\/01\/40-pagina-10-periodico-regional-pasto.jpg\",\"width\":1280,\"height\":720,\"caption\":\"P\u00e1gina10\"},\"image\":{\"@id\":\"https:\/\/pagina10.com\/web\/#\/schema\/logo\/image\/\"},\"sameAs\":[\"https:\/\/www.facebook.com\/pag10com\",\"https:\/\/x.com\/Pag10com\",\"https:\/\/www.instagram.com\/pagina10col\/\",\"https:\/\/youtube.com\/channel\/pag10\",\"https:\/\/www.tiktok.com\/@p10col\"]},{\"@type\":\"Person\",\"@id\":\"https:\/\/pagina10.com\/web\/#\/schema\/person\/2efc4a090d25b667d3bc796798a3a81b\",\"name\":\"P\u00e1gina 10\",\"description\":\"P\u00e1gina 10 es un peri\u00f3dico regional que nace en Colombia, en el departamento de Nari\u00f1o, con un enfoque global, fundamentado en cuatro pilares esenciales: la libertad, el pluralismo, la inclusi\u00f3n y la independencia. P\u00e1gina 10 hace referencia a Nari\u00f1o como el d\u00e9cimo departamento creado en Colombia, despu\u00e9s de un proceso pol\u00edtico liderado por actores y actrices regionales con el fin de obtener la independencia y autonom\u00eda de nuestros territorios. Con la creaci\u00f3n de P\u00e1gina 10 se pretende abrir un escenario para el dialogo, la reflexi\u00f3n y el debate que se extienda a otras geograf\u00edas de Am\u00e9rica Latina y del planeta, en una apuesta por transformar colectivamente los desaf\u00edos de un mundo contempor\u00e1neo, m\u00e1s all\u00e1 de las fronteras impuestas.\",\"url\":\"https:\/\/pagina10.com\/web\/author\/pdiezadmin\/\"}]}<\/script>\n<!-- \/ Yoast SEO plugin. -->","yoast_head_json":{"title":"Gobernaci\u00f3n cumple acciones de preparaci\u00f3n ante lluvias provocadas por 'Fen\u00f3meno de La Ni\u00f1a'. | P\u00e1gina10","robots":{"index":"index","follow":"follow","max-snippet":"max-snippet:-1","max-image-preview":"max-image-preview:large","max-video-preview":"max-video-preview:-1"},"canonical":"https:\/\/pagina10.com\/web\/gobernacion-cumple-acciones-de-preparacion-ante-lluvias-provocadas-por-fenomeno-de-la-nina\/","og_locale":"es_ES","og_type":"article","og_title":"Gobernaci\u00f3n cumple acciones de preparaci\u00f3n ante lluvias provocadas por 'Fen\u00f3meno de La Ni\u00f1a'. | P\u00e1gina10","og_description":"\u00a0Seg\u00fan lo informado por el Instituto de Hidrolog\u00eda, Meteorolog\u00eda y Estudios Ambientales &#8211; Ideam, se inici\u00f3 la primera temporada de lluvias del presente a\u00f1o, el incremento de precipitaciones alcanzar\u00e1 su tope en los meses de marzo y abril. Ante el anuncio, la Direcci\u00f3n Administrativa de Gesti\u00f3n del Riesgo de Desastres de la Gobernaci\u00f3n de Nari\u00f1o [&hellip;]","og_url":"https:\/\/pagina10.com\/web\/gobernacion-cumple-acciones-de-preparacion-ante-lluvias-provocadas-por-fenomeno-de-la-nina\/","og_site_name":"P\u00e1gina10","article_publisher":"https:\/\/www.facebook.com\/pag10com","article_published_time":"2021-03-12T14:30:17+00:00","og_image":[{"width":522,"height":353,"url":"https:\/\/pagina10.com\/web\/wp-content\/uploads\/2021\/03\/Captura-de-pantalla-93.png","type":"image\/png"}],"author":"P\u00e1gina 10","twitter_card":"summary_large_image","twitter_creator":"@Pag10com","twitter_site":"@Pag10com","twitter_misc":{"Escrito por":"P\u00e1gina 10","Tiempo de lectura":"1 minuto"},"schema":{"@context":"https:\/\/schema.org","@graph":[{"@type":"Article","@id":"https:\/\/pagina10.com\/web\/gobernacion-cumple-acciones-de-preparacion-ante-lluvias-provocadas-por-fenomeno-de-la-nina\/#article","isPartOf":{"@id":"https:\/\/pagina10.com\/web\/gobernacion-cumple-acciones-de-preparacion-ante-lluvias-provocadas-por-fenomeno-de-la-nina\/"},"author":{"name":"P\u00e1gina 10","@id":"https:\/\/pagina10.com\/web\/#\/schema\/person\/2efc4a090d25b667d3bc796798a3a81b"},"headline":"Gobernaci\u00f3n cumple acciones de preparaci\u00f3n ante lluvias provocadas por &#8216;Fen\u00f3meno de La Ni\u00f1a&#8217;.","datePublished":"2021-03-12T14:30:17+00:00","mainEntityOfPage":{"@id":"https:\/\/pagina10.com\/web\/gobernacion-cumple-acciones-de-preparacion-ante-lluvias-provocadas-por-fenomeno-de-la-nina\/"},"wordCount":300,"commentCount":0,"publisher":{"@id":"https:\/\/pagina10.com\/web\/#organization"},"image":{"@id":"https:\/\/pagina10.com\/web\/gobernacion-cumple-acciones-de-preparacion-ante-lluvias-provocadas-por-fenomeno-de-la-nina\/#primaryimage"},"thumbnailUrl":"https:\/\/pagina10.com\/web\/wp-content\/uploads\/2021\/03\/Captura-de-pantalla-93.png","articleSection":["Regiones"],"inLanguage":"es","potentialAction":[{"@type":"CommentAction","name":"Comment","target":["https:\/\/pagina10.com\/web\/gobernacion-cumple-acciones-de-preparacion-ante-lluvias-provocadas-por-fenomeno-de-la-nina\/#respond"]}]},{"@type":"WebPage","@id":"https:\/\/pagina10.com\/web\/gobernacion-cumple-acciones-de-preparacion-ante-lluvias-provocadas-por-fenomeno-de-la-nina\/","url":"https:\/\/pagina10.com\/web\/gobernacion-cumple-acciones-de-preparacion-ante-lluvias-provocadas-por-fenomeno-de-la-nina\/","name":"Gobernaci\u00f3n cumple acciones de preparaci\u00f3n ante lluvias provocadas por 'Fen\u00f3meno de La Ni\u00f1a'. | P\u00e1gina10","isPartOf":{"@id":"https:\/\/pagina10.com\/web\/#website"},"primaryImageOfPage":{"@id":"https:\/\/pagina10.com\/web\/gobernacion-cumple-acciones-de-preparacion-ante-lluvias-provocadas-por-fenomeno-de-la-nina\/#primaryimage"},"image":{"@id":"https:\/\/pagina10.com\/web\/gobernacion-cumple-acciones-de-preparacion-ante-lluvias-provocadas-por-fenomeno-de-la-nina\/#primaryimage"},"thumbnailUrl":"https:\/\/pagina10.com\/web\/wp-content\/uploads\/2021\/03\/Captura-de-pantalla-93.png","datePublished":"2021-03-12T14:30:17+00:00","breadcrumb":{"@id":"https:\/\/pagina10.com\/web\/gobernacion-cumple-acciones-de-preparacion-ante-lluvias-provocadas-por-fenomeno-de-la-nina\/#breadcrumb"},"inLanguage":"es","potentialAction":[{"@type":"ReadAction","target":["https:\/\/pagina10.com\/web\/gobernacion-cumple-acciones-de-preparacion-ante-lluvias-provocadas-por-fenomeno-de-la-nina\/"]}]},{"@type":"ImageObject","inLanguage":"es","@id":"https:\/\/pagina10.com\/web\/gobernacion-cumple-acciones-de-preparacion-ante-lluvias-provocadas-por-fenomeno-de-la-nina\/#primaryimage","url":"https:\/\/pagina10.com\/web\/wp-content\/uploads\/2021\/03\/Captura-de-pantalla-93.png","contentUrl":"https:\/\/pagina10.com\/web\/wp-content\/uploads\/2021\/03\/Captura-de-pantalla-93.png","width":522,"height":353},{"@type":"BreadcrumbList","@id":"https:\/\/pagina10.com\/web\/gobernacion-cumple-acciones-de-preparacion-ante-lluvias-provocadas-por-fenomeno-de-la-nina\/#breadcrumb","itemListElement":[{"@type":"ListItem","position":1,"name":"Portada","item":"https:\/\/pagina10.com\/web\/"},{"@type":"ListItem","position":2,"name":"Gobernaci\u00f3n cumple acciones de preparaci\u00f3n ante lluvias provocadas por &#8216;Fen\u00f3meno de La Ni\u00f1a&#8217;."}]},{"@type":"WebSite","@id":"https:\/\/pagina10.com\/web\/#website","url":"https:\/\/pagina10.com\/web\/","name":"P\u00e1gina10","description":"Peri\u00f3dico Regional","publisher":{"@id":"https:\/\/pagina10.com\/web\/#organization"},"alternateName":"P\u00e1gina10 Peri\u00f3dico Regional","potentialAction":[{"@type":"SearchAction","target":{"@type":"EntryPoint","urlTemplate":"https:\/\/pagina10.com\/web\/?s={search_term_string}"},"query-input":{"@type":"PropertyValueSpecification","valueRequired":true,"valueName":"search_term_string"}}],"inLanguage":"es"},{"@type":"Organization","@id":"https:\/\/pagina10.com\/web\/#organization","name":"P\u00e1gina10","alternateName":"P\u00e1gina10 Peri\u00f3dico Regional","url":"https:\/\/pagina10.com\/web\/","logo":{"@type":"ImageObject","inLanguage":"es","@id":"https:\/\/pagina10.com\/web\/#\/schema\/logo\/image\/","url":"https:\/\/pagina10.com\/web\/wp-content\/uploads\/2024\/01\/40-pagina-10-periodico-regional-pasto.jpg","contentUrl":"https:\/\/pagina10.com\/web\/wp-content\/uploads\/2024\/01\/40-pagina-10-periodico-regional-pasto.jpg","width":1280,"height":720,"caption":"P\u00e1gina10"},"image":{"@id":"https:\/\/pagina10.com\/web\/#\/schema\/logo\/image\/"},"sameAs":["https:\/\/www.facebook.com\/pag10com","https:\/\/x.com\/Pag10com","https:\/\/www.instagram.com\/pagina10col\/","https:\/\/youtube.com\/channel\/pag10","https:\/\/www.tiktok.com\/@p10col"]},{"@type":"Person","@id":"https:\/\/pagina10.com\/web\/#\/schema\/person\/2efc4a090d25b667d3bc796798a3a81b","name":"P\u00e1gina 10","description":"P\u00e1gina 10 es un peri\u00f3dico regional que nace en Colombia, en el departamento de Nari\u00f1o, con un enfoque global, fundamentado en cuatro pilares esenciales: la libertad, el pluralismo, la inclusi\u00f3n y la independencia. P\u00e1gina 10 hace referencia a Nari\u00f1o como el d\u00e9cimo departamento creado en Colombia, despu\u00e9s de un proceso pol\u00edtico liderado por actores y actrices regionales con el fin de obtener la independencia y autonom\u00eda de nuestros territorios. Con la creaci\u00f3n de P\u00e1gina 10 se pretende abrir un escenario para el dialogo, la reflexi\u00f3n y el debate que se extienda a otras geograf\u00edas de Am\u00e9rica Latina y del planeta, en una apuesta por transformar colectivamente los desaf\u00edos de un mundo contempor\u00e1neo, m\u00e1s all\u00e1 de las fronteras impuestas.","url":"https:\/\/pagina10.com\/web\/author\/pdiezadmin\/"}]}},"_links":{"self":[{"href":"https:\/\/pagina10.com\/web\/wp-json\/wp\/v2\/posts\/51102","targetHints":{"allow":["GET"]}}],"collection":[{"href":"https:\/\/pagina10.com\/web\/wp-json\/wp\/v2\/posts"}],"about":[{"href":"https:\/\/pagina10.com\/web\/wp-json\/wp\/v2\/types\/post"}],"author":[{"embeddable":true,"href":"https:\/\/pagina10.com\/web\/wp-json\/wp\/v2\/users\/1"}],"replies":[{"embeddable":true,"href":"https:\/\/pagina10.com\/web\/wp-json\/wp\/v2\/comments?post=51102"}],"version-history":[{"count":1,"href":"https:\/\/pagina10.com\/web\/wp-json\/wp\/v2\/posts\/51102\/revisions"}],"predecessor-version":[{"id":51104,"href":"https:\/\/pagina10.com\/web\/wp-json\/wp\/v2\/posts\/51102\/revisions\/51104"}],"wp:featuredmedia":[{"embeddable":true,"href":"https:\/\/pagina10.com\/web\/wp-json\/wp\/v2\/media\/51103"}],"wp:attachment":[{"href":"https:\/\/pagina10.com\/web\/wp-json\/wp\/v2\/media?parent=51102"}],"wp:term":[{"taxonomy":"category","embeddable":true,"href":"https:\/\/pagina10.com\/web\/wp-json\/wp\/v2\/categories?post=51102"},{"taxonomy":"post_tag","embeddable":true,"href":"https:\/\/pagina10.com\/web\/wp-json\/wp\/v2\/tags?post=51102"}],"curies":[{"name":"wp","href":"https:\/\/api.w.org\/{rel}","templated":true}]}}