{"id":51108,"date":"2021-03-12T13:22:09","date_gmt":"2021-03-12T18:22:09","guid":{"rendered":"https:\/\/pagina10.com\/web\/?p=51108"},"modified":"2021-03-12T13:22:09","modified_gmt":"2021-03-12T18:22:09","slug":"caso-de-feminicidio-genera-conmocion-en-samaniego","status":"publish","type":"post","link":"https:\/\/pagina10.com\/web\/caso-de-feminicidio-genera-conmocion-en-samaniego\/","title":{"rendered":"Caso de feminicidio genera conmoci\u00f3n en Samaniego."},"content":{"rendered":"<p style=\"text-align: justify;\">Jueves 11 de marzo de 2021, Samaniego se estremece ante un nuevo caso de violencia desmedida en contra de las mujeres. En la periferia del caso urbano del municipio y con tan solo 20 a\u00f1os de edad, Diana Fernanda Morales Yela fue asesinada por su compa\u00f1ero sentimental.<\/p>\n<p style=\"text-align: justify;\">Despu\u00e9s de propinarle en repetidas ocasiones machetazos en todo su cuerpo, el victimario huyo del Barrio El Placer, lugar donde se cometi\u00f3 el delito, e intent\u00f3 suicidarse. De acuerdo a fuentes extraoficiales, al no lograr su cometido el victimario posteriormente se entreg\u00f3 a las autoridades del municipio donde ser\u00e1 judicializado por cuenta de este feminicidio.<\/p>\n<p style=\"text-align: justify;\">\n<p style=\"text-align: justify;\">En el mes de marzo, en el departamento de Nari\u00f1o se han cometido dos feminicidios, el primero en el municipio de Cumbal el d\u00eda 3 de marzo y el segundo el d\u00eda de ayer en Samaniego.<\/p>\n<p style=\"text-align: justify;\">La persistente y desmedida violencia en contra de las mujeres en el departamento requiere de la atenci\u00f3n urgente de las autoridades competentes para que hechos tan tr\u00e1gicos como estos no se vuelvan a repetir. El rechazo continuo a los feminicidios y a cualquier tipo de violencia en contra de las mujeres es un llamado a hombres y mujeres a la no indiferencia y una exigencia a las instituciones competentes para que garanticen el derecho a la vida de las nari\u00f1enses.<\/p>\n<p style=\"text-align: justify;\">\n<p style=\"text-align: justify;\">\u00a1Vivas nos queremos!<\/p>\n<p style=\"text-align: justify;\">\n","protected":false},"excerpt":{"rendered":"<p>Jueves 11 de marzo de 2021, Samaniego se estremece ante un nuevo caso de violencia desmedida en contra de las mujeres. En la periferia del caso urbano del municipio y con tan solo 20 a\u00f1os de edad, Diana Fernanda Morales Yela fue asesinada por su compa\u00f1ero sentimental. Despu\u00e9s de propinarle en repetidas ocasiones machetazos en [&hellip;]<\/p>\n","protected":false},"author":1,"featured_media":51109,"comment_status":"open","ping_status":"open","sticky":false,"template":"","format":"standard","meta":{"footnotes":""},"categories":[53],"tags":[],"class_list":["post-51108","post","type-post","status-publish","format-standard","has-post-thumbnail","hentry","category-regiones"],"yoast_head":"<!-- This site is optimized with the Yoast SEO plugin v27.1.1 - https:\/\/yoast.com\/product\/yoast-seo-wordpress\/ -->\n<title>Caso de feminicidio genera conmoci\u00f3n en Samaniego. | P\u00e1gina10<\/title>\n<meta name=\"robots\" content=\"index, follow, max-snippet:-1, max-image-preview:large, max-video-preview:-1\" \/>\n<link rel=\"canonical\" href=\"https:\/\/pagina10.com\/web\/caso-de-feminicidio-genera-conmocion-en-samaniego\/\" \/>\n<meta property=\"og:locale\" content=\"es_ES\" \/>\n<meta property=\"og:type\" content=\"article\" \/>\n<meta property=\"og:title\" content=\"Caso de feminicidio genera conmoci\u00f3n en Samaniego. | P\u00e1gina10\" \/>\n<meta property=\"og:description\" content=\"Jueves 11 de marzo de 2021, Samaniego se estremece ante un nuevo caso de violencia desmedida en contra de las mujeres. En la periferia del caso urbano del municipio y con tan solo 20 a\u00f1os de edad, Diana Fernanda Morales Yela fue asesinada por su compa\u00f1ero sentimental. Despu\u00e9s de propinarle en repetidas ocasiones machetazos en [&hellip;]\" \/>\n<meta property=\"og:url\" content=\"https:\/\/pagina10.com\/web\/caso-de-feminicidio-genera-conmocion-en-samaniego\/\" \/>\n<meta property=\"og:site_name\" content=\"P\u00e1gina10\" \/>\n<meta property=\"article:publisher\" content=\"https:\/\/www.facebook.com\/pag10com\" \/>\n<meta property=\"article:published_time\" content=\"2021-03-12T18:22:09+00:00\" \/>\n<meta property=\"og:image\" content=\"https:\/\/pagina10.com\/web\/wp-content\/uploads\/2021\/03\/157861492_274434954232975_5850206517544688185_o.jpg\" \/>\n\t<meta property=\"og:image:width\" content=\"1069\" \/>\n\t<meta property=\"og:image:height\" content=\"1029\" \/>\n\t<meta property=\"og:image:type\" content=\"image\/jpeg\" \/>\n<meta name=\"author\" content=\"P\u00e1gina 10\" \/>\n<meta name=\"twitter:card\" content=\"summary_large_image\" \/>\n<meta name=\"twitter:creator\" content=\"@Pag10com\" \/>\n<meta name=\"twitter:site\" content=\"@Pag10com\" \/>\n<meta name=\"twitter:label1\" content=\"Escrito por\" \/>\n\t<meta name=\"twitter:data1\" content=\"P\u00e1gina 10\" \/>\n\t<meta name=\"twitter:label2\" content=\"Tiempo de lectura\" \/>\n\t<meta name=\"twitter:data2\" content=\"1 minuto\" \/>\n<script type=\"application\/ld+json\" class=\"yoast-schema-graph\">{\"@context\":\"https:\/\/schema.org\",\"@graph\":[{\"@type\":\"Article\",\"@id\":\"https:\/\/pagina10.com\/web\/caso-de-feminicidio-genera-conmocion-en-samaniego\/#article\",\"isPartOf\":{\"@id\":\"https:\/\/pagina10.com\/web\/caso-de-feminicidio-genera-conmocion-en-samaniego\/\"},\"author\":{\"name\":\"P\u00e1gina 10\",\"@id\":\"https:\/\/pagina10.com\/web\/#\/schema\/person\/2efc4a090d25b667d3bc796798a3a81b\"},\"headline\":\"Caso de feminicidio genera conmoci\u00f3n en Samaniego.\",\"datePublished\":\"2021-03-12T18:22:09+00:00\",\"mainEntityOfPage\":{\"@id\":\"https:\/\/pagina10.com\/web\/caso-de-feminicidio-genera-conmocion-en-samaniego\/\"},\"wordCount\":234,\"commentCount\":0,\"publisher\":{\"@id\":\"https:\/\/pagina10.com\/web\/#organization\"},\"image\":{\"@id\":\"https:\/\/pagina10.com\/web\/caso-de-feminicidio-genera-conmocion-en-samaniego\/#primaryimage\"},\"thumbnailUrl\":\"https:\/\/pagina10.com\/web\/wp-content\/uploads\/2021\/03\/157861492_274434954232975_5850206517544688185_o.jpg\",\"articleSection\":[\"Regiones\"],\"inLanguage\":\"es\",\"potentialAction\":[{\"@type\":\"CommentAction\",\"name\":\"Comment\",\"target\":[\"https:\/\/pagina10.com\/web\/caso-de-feminicidio-genera-conmocion-en-samaniego\/#respond\"]}]},{\"@type\":\"WebPage\",\"@id\":\"https:\/\/pagina10.com\/web\/caso-de-feminicidio-genera-conmocion-en-samaniego\/\",\"url\":\"https:\/\/pagina10.com\/web\/caso-de-feminicidio-genera-conmocion-en-samaniego\/\",\"name\":\"Caso de feminicidio genera conmoci\u00f3n en Samaniego. | P\u00e1gina10\",\"isPartOf\":{\"@id\":\"https:\/\/pagina10.com\/web\/#website\"},\"primaryImageOfPage\":{\"@id\":\"https:\/\/pagina10.com\/web\/caso-de-feminicidio-genera-conmocion-en-samaniego\/#primaryimage\"},\"image\":{\"@id\":\"https:\/\/pagina10.com\/web\/caso-de-feminicidio-genera-conmocion-en-samaniego\/#primaryimage\"},\"thumbnailUrl\":\"https:\/\/pagina10.com\/web\/wp-content\/uploads\/2021\/03\/157861492_274434954232975_5850206517544688185_o.jpg\",\"datePublished\":\"2021-03-12T18:22:09+00:00\",\"breadcrumb\":{\"@id\":\"https:\/\/pagina10.com\/web\/caso-de-feminicidio-genera-conmocion-en-samaniego\/#breadcrumb\"},\"inLanguage\":\"es\",\"potentialAction\":[{\"@type\":\"ReadAction\",\"target\":[\"https:\/\/pagina10.com\/web\/caso-de-feminicidio-genera-conmocion-en-samaniego\/\"]}]},{\"@type\":\"ImageObject\",\"inLanguage\":\"es\",\"@id\":\"https:\/\/pagina10.com\/web\/caso-de-feminicidio-genera-conmocion-en-samaniego\/#primaryimage\",\"url\":\"https:\/\/pagina10.com\/web\/wp-content\/uploads\/2021\/03\/157861492_274434954232975_5850206517544688185_o.jpg\",\"contentUrl\":\"https:\/\/pagina10.com\/web\/wp-content\/uploads\/2021\/03\/157861492_274434954232975_5850206517544688185_o.jpg\",\"width\":1069,\"height\":1029},{\"@type\":\"BreadcrumbList\",\"@id\":\"https:\/\/pagina10.com\/web\/caso-de-feminicidio-genera-conmocion-en-samaniego\/#breadcrumb\",\"itemListElement\":[{\"@type\":\"ListItem\",\"position\":1,\"name\":\"Portada\",\"item\":\"https:\/\/pagina10.com\/web\/\"},{\"@type\":\"ListItem\",\"position\":2,\"name\":\"Caso de feminicidio genera conmoci\u00f3n en Samaniego.\"}]},{\"@type\":\"WebSite\",\"@id\":\"https:\/\/pagina10.com\/web\/#website\",\"url\":\"https:\/\/pagina10.com\/web\/\",\"name\":\"P\u00e1gina10\",\"description\":\"Peri\u00f3dico Regional\",\"publisher\":{\"@id\":\"https:\/\/pagina10.com\/web\/#organization\"},\"alternateName\":\"P\u00e1gina10 Peri\u00f3dico Regional\",\"potentialAction\":[{\"@type\":\"SearchAction\",\"target\":{\"@type\":\"EntryPoint\",\"urlTemplate\":\"https:\/\/pagina10.com\/web\/?s={search_term_string}\"},\"query-input\":{\"@type\":\"PropertyValueSpecification\",\"valueRequired\":true,\"valueName\":\"search_term_string\"}}],\"inLanguage\":\"es\"},{\"@type\":\"Organization\",\"@id\":\"https:\/\/pagina10.com\/web\/#organization\",\"name\":\"P\u00e1gina10\",\"alternateName\":\"P\u00e1gina10 Peri\u00f3dico Regional\",\"url\":\"https:\/\/pagina10.com\/web\/\",\"logo\":{\"@type\":\"ImageObject\",\"inLanguage\":\"es\",\"@id\":\"https:\/\/pagina10.com\/web\/#\/schema\/logo\/image\/\",\"url\":\"https:\/\/pagina10.com\/web\/wp-content\/uploads\/2024\/01\/40-pagina-10-periodico-regional-pasto.jpg\",\"contentUrl\":\"https:\/\/pagina10.com\/web\/wp-content\/uploads\/2024\/01\/40-pagina-10-periodico-regional-pasto.jpg\",\"width\":1280,\"height\":720,\"caption\":\"P\u00e1gina10\"},\"image\":{\"@id\":\"https:\/\/pagina10.com\/web\/#\/schema\/logo\/image\/\"},\"sameAs\":[\"https:\/\/www.facebook.com\/pag10com\",\"https:\/\/x.com\/Pag10com\",\"https:\/\/www.instagram.com\/pagina10col\/\",\"https:\/\/youtube.com\/channel\/pag10\",\"https:\/\/www.tiktok.com\/@p10col\"]},{\"@type\":\"Person\",\"@id\":\"https:\/\/pagina10.com\/web\/#\/schema\/person\/2efc4a090d25b667d3bc796798a3a81b\",\"name\":\"P\u00e1gina 10\",\"description\":\"P\u00e1gina 10 es un peri\u00f3dico regional que nace en Colombia, en el departamento de Nari\u00f1o, con un enfoque global, fundamentado en cuatro pilares esenciales: la libertad, el pluralismo, la inclusi\u00f3n y la independencia. P\u00e1gina 10 hace referencia a Nari\u00f1o como el d\u00e9cimo departamento creado en Colombia, despu\u00e9s de un proceso pol\u00edtico liderado por actores y actrices regionales con el fin de obtener la independencia y autonom\u00eda de nuestros territorios. Con la creaci\u00f3n de P\u00e1gina 10 se pretende abrir un escenario para el dialogo, la reflexi\u00f3n y el debate que se extienda a otras geograf\u00edas de Am\u00e9rica Latina y del planeta, en una apuesta por transformar colectivamente los desaf\u00edos de un mundo contempor\u00e1neo, m\u00e1s all\u00e1 de las fronteras impuestas.\",\"url\":\"https:\/\/pagina10.com\/web\/author\/pdiezadmin\/\"}]}<\/script>\n<!-- \/ Yoast SEO plugin. -->","yoast_head_json":{"title":"Caso de feminicidio genera conmoci\u00f3n en Samaniego. | P\u00e1gina10","robots":{"index":"index","follow":"follow","max-snippet":"max-snippet:-1","max-image-preview":"max-image-preview:large","max-video-preview":"max-video-preview:-1"},"canonical":"https:\/\/pagina10.com\/web\/caso-de-feminicidio-genera-conmocion-en-samaniego\/","og_locale":"es_ES","og_type":"article","og_title":"Caso de feminicidio genera conmoci\u00f3n en Samaniego. | P\u00e1gina10","og_description":"Jueves 11 de marzo de 2021, Samaniego se estremece ante un nuevo caso de violencia desmedida en contra de las mujeres. En la periferia del caso urbano del municipio y con tan solo 20 a\u00f1os de edad, Diana Fernanda Morales Yela fue asesinada por su compa\u00f1ero sentimental. Despu\u00e9s de propinarle en repetidas ocasiones machetazos en [&hellip;]","og_url":"https:\/\/pagina10.com\/web\/caso-de-feminicidio-genera-conmocion-en-samaniego\/","og_site_name":"P\u00e1gina10","article_publisher":"https:\/\/www.facebook.com\/pag10com","article_published_time":"2021-03-12T18:22:09+00:00","og_image":[{"width":1069,"height":1029,"url":"https:\/\/pagina10.com\/web\/wp-content\/uploads\/2021\/03\/157861492_274434954232975_5850206517544688185_o.jpg","type":"image\/jpeg"}],"author":"P\u00e1gina 10","twitter_card":"summary_large_image","twitter_creator":"@Pag10com","twitter_site":"@Pag10com","twitter_misc":{"Escrito por":"P\u00e1gina 10","Tiempo de lectura":"1 minuto"},"schema":{"@context":"https:\/\/schema.org","@graph":[{"@type":"Article","@id":"https:\/\/pagina10.com\/web\/caso-de-feminicidio-genera-conmocion-en-samaniego\/#article","isPartOf":{"@id":"https:\/\/pagina10.com\/web\/caso-de-feminicidio-genera-conmocion-en-samaniego\/"},"author":{"name":"P\u00e1gina 10","@id":"https:\/\/pagina10.com\/web\/#\/schema\/person\/2efc4a090d25b667d3bc796798a3a81b"},"headline":"Caso de feminicidio genera conmoci\u00f3n en Samaniego.","datePublished":"2021-03-12T18:22:09+00:00","mainEntityOfPage":{"@id":"https:\/\/pagina10.com\/web\/caso-de-feminicidio-genera-conmocion-en-samaniego\/"},"wordCount":234,"commentCount":0,"publisher":{"@id":"https:\/\/pagina10.com\/web\/#organization"},"image":{"@id":"https:\/\/pagina10.com\/web\/caso-de-feminicidio-genera-conmocion-en-samaniego\/#primaryimage"},"thumbnailUrl":"https:\/\/pagina10.com\/web\/wp-content\/uploads\/2021\/03\/157861492_274434954232975_5850206517544688185_o.jpg","articleSection":["Regiones"],"inLanguage":"es","potentialAction":[{"@type":"CommentAction","name":"Comment","target":["https:\/\/pagina10.com\/web\/caso-de-feminicidio-genera-conmocion-en-samaniego\/#respond"]}]},{"@type":"WebPage","@id":"https:\/\/pagina10.com\/web\/caso-de-feminicidio-genera-conmocion-en-samaniego\/","url":"https:\/\/pagina10.com\/web\/caso-de-feminicidio-genera-conmocion-en-samaniego\/","name":"Caso de feminicidio genera conmoci\u00f3n en Samaniego. | P\u00e1gina10","isPartOf":{"@id":"https:\/\/pagina10.com\/web\/#website"},"primaryImageOfPage":{"@id":"https:\/\/pagina10.com\/web\/caso-de-feminicidio-genera-conmocion-en-samaniego\/#primaryimage"},"image":{"@id":"https:\/\/pagina10.com\/web\/caso-de-feminicidio-genera-conmocion-en-samaniego\/#primaryimage"},"thumbnailUrl":"https:\/\/pagina10.com\/web\/wp-content\/uploads\/2021\/03\/157861492_274434954232975_5850206517544688185_o.jpg","datePublished":"2021-03-12T18:22:09+00:00","breadcrumb":{"@id":"https:\/\/pagina10.com\/web\/caso-de-feminicidio-genera-conmocion-en-samaniego\/#breadcrumb"},"inLanguage":"es","potentialAction":[{"@type":"ReadAction","target":["https:\/\/pagina10.com\/web\/caso-de-feminicidio-genera-conmocion-en-samaniego\/"]}]},{"@type":"ImageObject","inLanguage":"es","@id":"https:\/\/pagina10.com\/web\/caso-de-feminicidio-genera-conmocion-en-samaniego\/#primaryimage","url":"https:\/\/pagina10.com\/web\/wp-content\/uploads\/2021\/03\/157861492_274434954232975_5850206517544688185_o.jpg","contentUrl":"https:\/\/pagina10.com\/web\/wp-content\/uploads\/2021\/03\/157861492_274434954232975_5850206517544688185_o.jpg","width":1069,"height":1029},{"@type":"BreadcrumbList","@id":"https:\/\/pagina10.com\/web\/caso-de-feminicidio-genera-conmocion-en-samaniego\/#breadcrumb","itemListElement":[{"@type":"ListItem","position":1,"name":"Portada","item":"https:\/\/pagina10.com\/web\/"},{"@type":"ListItem","position":2,"name":"Caso de feminicidio genera conmoci\u00f3n en Samaniego."}]},{"@type":"WebSite","@id":"https:\/\/pagina10.com\/web\/#website","url":"https:\/\/pagina10.com\/web\/","name":"P\u00e1gina10","description":"Peri\u00f3dico Regional","publisher":{"@id":"https:\/\/pagina10.com\/web\/#organization"},"alternateName":"P\u00e1gina10 Peri\u00f3dico Regional","potentialAction":[{"@type":"SearchAction","target":{"@type":"EntryPoint","urlTemplate":"https:\/\/pagina10.com\/web\/?s={search_term_string}"},"query-input":{"@type":"PropertyValueSpecification","valueRequired":true,"valueName":"search_term_string"}}],"inLanguage":"es"},{"@type":"Organization","@id":"https:\/\/pagina10.com\/web\/#organization","name":"P\u00e1gina10","alternateName":"P\u00e1gina10 Peri\u00f3dico Regional","url":"https:\/\/pagina10.com\/web\/","logo":{"@type":"ImageObject","inLanguage":"es","@id":"https:\/\/pagina10.com\/web\/#\/schema\/logo\/image\/","url":"https:\/\/pagina10.com\/web\/wp-content\/uploads\/2024\/01\/40-pagina-10-periodico-regional-pasto.jpg","contentUrl":"https:\/\/pagina10.com\/web\/wp-content\/uploads\/2024\/01\/40-pagina-10-periodico-regional-pasto.jpg","width":1280,"height":720,"caption":"P\u00e1gina10"},"image":{"@id":"https:\/\/pagina10.com\/web\/#\/schema\/logo\/image\/"},"sameAs":["https:\/\/www.facebook.com\/pag10com","https:\/\/x.com\/Pag10com","https:\/\/www.instagram.com\/pagina10col\/","https:\/\/youtube.com\/channel\/pag10","https:\/\/www.tiktok.com\/@p10col"]},{"@type":"Person","@id":"https:\/\/pagina10.com\/web\/#\/schema\/person\/2efc4a090d25b667d3bc796798a3a81b","name":"P\u00e1gina 10","description":"P\u00e1gina 10 es un peri\u00f3dico regional que nace en Colombia, en el departamento de Nari\u00f1o, con un enfoque global, fundamentado en cuatro pilares esenciales: la libertad, el pluralismo, la inclusi\u00f3n y la independencia. P\u00e1gina 10 hace referencia a Nari\u00f1o como el d\u00e9cimo departamento creado en Colombia, despu\u00e9s de un proceso pol\u00edtico liderado por actores y actrices regionales con el fin de obtener la independencia y autonom\u00eda de nuestros territorios. Con la creaci\u00f3n de P\u00e1gina 10 se pretende abrir un escenario para el dialogo, la reflexi\u00f3n y el debate que se extienda a otras geograf\u00edas de Am\u00e9rica Latina y del planeta, en una apuesta por transformar colectivamente los desaf\u00edos de un mundo contempor\u00e1neo, m\u00e1s all\u00e1 de las fronteras impuestas.","url":"https:\/\/pagina10.com\/web\/author\/pdiezadmin\/"}]}},"_links":{"self":[{"href":"https:\/\/pagina10.com\/web\/wp-json\/wp\/v2\/posts\/51108","targetHints":{"allow":["GET"]}}],"collection":[{"href":"https:\/\/pagina10.com\/web\/wp-json\/wp\/v2\/posts"}],"about":[{"href":"https:\/\/pagina10.com\/web\/wp-json\/wp\/v2\/types\/post"}],"author":[{"embeddable":true,"href":"https:\/\/pagina10.com\/web\/wp-json\/wp\/v2\/users\/1"}],"replies":[{"embeddable":true,"href":"https:\/\/pagina10.com\/web\/wp-json\/wp\/v2\/comments?post=51108"}],"version-history":[{"count":2,"href":"https:\/\/pagina10.com\/web\/wp-json\/wp\/v2\/posts\/51108\/revisions"}],"predecessor-version":[{"id":51111,"href":"https:\/\/pagina10.com\/web\/wp-json\/wp\/v2\/posts\/51108\/revisions\/51111"}],"wp:featuredmedia":[{"embeddable":true,"href":"https:\/\/pagina10.com\/web\/wp-json\/wp\/v2\/media\/51109"}],"wp:attachment":[{"href":"https:\/\/pagina10.com\/web\/wp-json\/wp\/v2\/media?parent=51108"}],"wp:term":[{"taxonomy":"category","embeddable":true,"href":"https:\/\/pagina10.com\/web\/wp-json\/wp\/v2\/categories?post=51108"},{"taxonomy":"post_tag","embeddable":true,"href":"https:\/\/pagina10.com\/web\/wp-json\/wp\/v2\/tags?post=51108"}],"curies":[{"name":"wp","href":"https:\/\/api.w.org\/{rel}","templated":true}]}}