{"id":51112,"date":"2021-03-12T14:50:24","date_gmt":"2021-03-12T19:50:24","guid":{"rendered":"https:\/\/pagina10.com\/web\/?p=51112"},"modified":"2021-03-12T14:50:24","modified_gmt":"2021-03-12T19:50:24","slug":"ricardo-oviedo-renuncia-de-manera-irrevocable-a-ser-candidato-a-la-rectoria-de-la-universidad-de-narino","status":"publish","type":"post","link":"https:\/\/pagina10.com\/web\/ricardo-oviedo-renuncia-de-manera-irrevocable-a-ser-candidato-a-la-rectoria-de-la-universidad-de-narino\/","title":{"rendered":"Ricardo Oviedo renuncia de manera irrevocable a ser candidato a la rector\u00eda de la Universidad de Nari\u00f1o."},"content":{"rendered":"<p style=\"text-align: justify;\">En una carta que fue enviada el d\u00eda de hoy al Comit\u00e9 Electoral de la Universidad de Nari\u00f1o, el doctor Ricardo Oviedo renunci\u00f3, de manera irrevocable, a la candidatura de rector que hab\u00eda venido adelantando hace algunas semanas.<\/p>\n<p style=\"text-align: justify;\">En la carta, el exdirector del programa de Sociolog\u00eda, Ricardo Oviedo, manifest\u00f3 que la raz\u00f3n que lo obliga a tomar esta decisi\u00f3n es la atenci\u00f3n prioritaria que debe dedicar a su actual estado de salud. Recalc\u00f3, que actualmente se ha visto obligado a tratar de manera rigurosa su diabetes y a seguir con el tratamiento de un cuadro de glicemia que fue alterado por los efectos de la pandemia. De igual manera, manifest\u00f3 que actualmente ha tenido que seguir al pie de la letra todas las recomendaciones que los m\u00e9dicos especializados le han sugerido despu\u00e9s de que, el hoy excandidato, diera positivo para covid-19 en el pasado mes de febrero. Circunstancias que lo han obligado a guardar reposo absoluto.<\/p>\n<p style=\"text-align: justify;\">Ricardo Oviedo se\u00f1al\u00f3 que, \u201cmi inter\u00e9s como el de un buen n\u00famero de profesores, estudiantes y trabajadores, es aportar al debate de ideas, es la construcci\u00f3n de una UDENAR, cada vez m\u00e1s democr\u00e1tica y con altos est\u00e1ndares de calidad acad\u00e9mica, interacci\u00f3n social e innovaci\u00f3n, pero los resultados m\u00e9dicos son contundentes y los de mi salud tambi\u00e9n, por tanto me veo en la obligaci\u00f3n de RENUNCIAR irrevocablemente, como candidato a rector\u201d.<\/p>\n<p style=\"text-align: justify;\">Por \u00faltimo, envi\u00f3 un saludo a todo el equipo de profesores, trabajadores y estudiantes que lo acompa\u00f1aron en este proceso e hizo un llamado para que \u201csigan enarbolando los principios de + Universidad, para que en el futuro tengamos una instituci\u00f3n cada vez m\u00e1s democr\u00e1tica y transparente\u201d.<\/p>\n","protected":false},"excerpt":{"rendered":"<p>En una carta que fue enviada el d\u00eda de hoy al Comit\u00e9 Electoral de la Universidad de Nari\u00f1o, el doctor Ricardo Oviedo renunci\u00f3, de manera irrevocable, a la candidatura de rector que hab\u00eda venido adelantando hace algunas semanas. En la carta, el exdirector del programa de Sociolog\u00eda, Ricardo Oviedo, manifest\u00f3 que la raz\u00f3n que lo [&hellip;]<\/p>\n","protected":false},"author":1,"featured_media":51113,"comment_status":"open","ping_status":"open","sticky":false,"template":"","format":"standard","meta":{"footnotes":""},"categories":[53],"tags":[],"class_list":["post-51112","post","type-post","status-publish","format-standard","has-post-thumbnail","hentry","category-regiones"],"yoast_head":"<!-- This site is optimized with the Yoast SEO plugin v27.1.1 - https:\/\/yoast.com\/product\/yoast-seo-wordpress\/ -->\n<title>Ricardo Oviedo renuncia de manera irrevocable a ser candidato a la rector\u00eda de la Universidad de Nari\u00f1o. | P\u00e1gina10<\/title>\n<meta name=\"robots\" content=\"index, follow, max-snippet:-1, max-image-preview:large, max-video-preview:-1\" \/>\n<link rel=\"canonical\" href=\"https:\/\/pagina10.com\/web\/ricardo-oviedo-renuncia-de-manera-irrevocable-a-ser-candidato-a-la-rectoria-de-la-universidad-de-narino\/\" \/>\n<meta property=\"og:locale\" content=\"es_ES\" \/>\n<meta property=\"og:type\" content=\"article\" \/>\n<meta property=\"og:title\" content=\"Ricardo Oviedo renuncia de manera irrevocable a ser candidato a la rector\u00eda de la Universidad de Nari\u00f1o. | P\u00e1gina10\" \/>\n<meta property=\"og:description\" content=\"En una carta que fue enviada el d\u00eda de hoy al Comit\u00e9 Electoral de la Universidad de Nari\u00f1o, el doctor Ricardo Oviedo renunci\u00f3, de manera irrevocable, a la candidatura de rector que hab\u00eda venido adelantando hace algunas semanas. En la carta, el exdirector del programa de Sociolog\u00eda, Ricardo Oviedo, manifest\u00f3 que la raz\u00f3n que lo [&hellip;]\" \/>\n<meta property=\"og:url\" content=\"https:\/\/pagina10.com\/web\/ricardo-oviedo-renuncia-de-manera-irrevocable-a-ser-candidato-a-la-rectoria-de-la-universidad-de-narino\/\" \/>\n<meta property=\"og:site_name\" content=\"P\u00e1gina10\" \/>\n<meta property=\"article:publisher\" content=\"https:\/\/www.facebook.com\/pag10com\" \/>\n<meta property=\"article:published_time\" content=\"2021-03-12T19:50:24+00:00\" \/>\n<meta property=\"og:image\" content=\"https:\/\/pagina10.com\/web\/wp-content\/uploads\/2021\/03\/dr-ricardo-oviedo-udenarperiodico.jpg\" \/>\n\t<meta property=\"og:image:width\" content=\"1200\" \/>\n\t<meta property=\"og:image:height\" content=\"673\" \/>\n\t<meta property=\"og:image:type\" content=\"image\/jpeg\" \/>\n<meta name=\"author\" content=\"P\u00e1gina 10\" \/>\n<meta name=\"twitter:card\" content=\"summary_large_image\" \/>\n<meta name=\"twitter:creator\" content=\"@Pag10com\" \/>\n<meta name=\"twitter:site\" content=\"@Pag10com\" \/>\n<meta name=\"twitter:label1\" content=\"Escrito por\" \/>\n\t<meta name=\"twitter:data1\" content=\"P\u00e1gina 10\" \/>\n\t<meta name=\"twitter:label2\" content=\"Tiempo de lectura\" \/>\n\t<meta name=\"twitter:data2\" content=\"1 minuto\" \/>\n<script type=\"application\/ld+json\" class=\"yoast-schema-graph\">{\"@context\":\"https:\/\/schema.org\",\"@graph\":[{\"@type\":\"Article\",\"@id\":\"https:\/\/pagina10.com\/web\/ricardo-oviedo-renuncia-de-manera-irrevocable-a-ser-candidato-a-la-rectoria-de-la-universidad-de-narino\/#article\",\"isPartOf\":{\"@id\":\"https:\/\/pagina10.com\/web\/ricardo-oviedo-renuncia-de-manera-irrevocable-a-ser-candidato-a-la-rectoria-de-la-universidad-de-narino\/\"},\"author\":{\"name\":\"P\u00e1gina 10\",\"@id\":\"https:\/\/pagina10.com\/web\/#\/schema\/person\/2efc4a090d25b667d3bc796798a3a81b\"},\"headline\":\"Ricardo Oviedo renuncia de manera irrevocable a ser candidato a la rector\u00eda de la Universidad de Nari\u00f1o.\",\"datePublished\":\"2021-03-12T19:50:24+00:00\",\"mainEntityOfPage\":{\"@id\":\"https:\/\/pagina10.com\/web\/ricardo-oviedo-renuncia-de-manera-irrevocable-a-ser-candidato-a-la-rectoria-de-la-universidad-de-narino\/\"},\"wordCount\":318,\"commentCount\":0,\"publisher\":{\"@id\":\"https:\/\/pagina10.com\/web\/#organization\"},\"image\":{\"@id\":\"https:\/\/pagina10.com\/web\/ricardo-oviedo-renuncia-de-manera-irrevocable-a-ser-candidato-a-la-rectoria-de-la-universidad-de-narino\/#primaryimage\"},\"thumbnailUrl\":\"https:\/\/pagina10.com\/web\/wp-content\/uploads\/2021\/03\/dr-ricardo-oviedo-udenarperiodico.jpg\",\"articleSection\":[\"Regiones\"],\"inLanguage\":\"es\",\"potentialAction\":[{\"@type\":\"CommentAction\",\"name\":\"Comment\",\"target\":[\"https:\/\/pagina10.com\/web\/ricardo-oviedo-renuncia-de-manera-irrevocable-a-ser-candidato-a-la-rectoria-de-la-universidad-de-narino\/#respond\"]}]},{\"@type\":\"WebPage\",\"@id\":\"https:\/\/pagina10.com\/web\/ricardo-oviedo-renuncia-de-manera-irrevocable-a-ser-candidato-a-la-rectoria-de-la-universidad-de-narino\/\",\"url\":\"https:\/\/pagina10.com\/web\/ricardo-oviedo-renuncia-de-manera-irrevocable-a-ser-candidato-a-la-rectoria-de-la-universidad-de-narino\/\",\"name\":\"Ricardo Oviedo renuncia de manera irrevocable a ser candidato a la rector\u00eda de la Universidad de Nari\u00f1o. | P\u00e1gina10\",\"isPartOf\":{\"@id\":\"https:\/\/pagina10.com\/web\/#website\"},\"primaryImageOfPage\":{\"@id\":\"https:\/\/pagina10.com\/web\/ricardo-oviedo-renuncia-de-manera-irrevocable-a-ser-candidato-a-la-rectoria-de-la-universidad-de-narino\/#primaryimage\"},\"image\":{\"@id\":\"https:\/\/pagina10.com\/web\/ricardo-oviedo-renuncia-de-manera-irrevocable-a-ser-candidato-a-la-rectoria-de-la-universidad-de-narino\/#primaryimage\"},\"thumbnailUrl\":\"https:\/\/pagina10.com\/web\/wp-content\/uploads\/2021\/03\/dr-ricardo-oviedo-udenarperiodico.jpg\",\"datePublished\":\"2021-03-12T19:50:24+00:00\",\"breadcrumb\":{\"@id\":\"https:\/\/pagina10.com\/web\/ricardo-oviedo-renuncia-de-manera-irrevocable-a-ser-candidato-a-la-rectoria-de-la-universidad-de-narino\/#breadcrumb\"},\"inLanguage\":\"es\",\"potentialAction\":[{\"@type\":\"ReadAction\",\"target\":[\"https:\/\/pagina10.com\/web\/ricardo-oviedo-renuncia-de-manera-irrevocable-a-ser-candidato-a-la-rectoria-de-la-universidad-de-narino\/\"]}]},{\"@type\":\"ImageObject\",\"inLanguage\":\"es\",\"@id\":\"https:\/\/pagina10.com\/web\/ricardo-oviedo-renuncia-de-manera-irrevocable-a-ser-candidato-a-la-rectoria-de-la-universidad-de-narino\/#primaryimage\",\"url\":\"https:\/\/pagina10.com\/web\/wp-content\/uploads\/2021\/03\/dr-ricardo-oviedo-udenarperiodico.jpg\",\"contentUrl\":\"https:\/\/pagina10.com\/web\/wp-content\/uploads\/2021\/03\/dr-ricardo-oviedo-udenarperiodico.jpg\",\"width\":1200,\"height\":673},{\"@type\":\"BreadcrumbList\",\"@id\":\"https:\/\/pagina10.com\/web\/ricardo-oviedo-renuncia-de-manera-irrevocable-a-ser-candidato-a-la-rectoria-de-la-universidad-de-narino\/#breadcrumb\",\"itemListElement\":[{\"@type\":\"ListItem\",\"position\":1,\"name\":\"Portada\",\"item\":\"https:\/\/pagina10.com\/web\/\"},{\"@type\":\"ListItem\",\"position\":2,\"name\":\"Ricardo Oviedo renuncia de manera irrevocable a ser candidato a la rector\u00eda de la Universidad de Nari\u00f1o.\"}]},{\"@type\":\"WebSite\",\"@id\":\"https:\/\/pagina10.com\/web\/#website\",\"url\":\"https:\/\/pagina10.com\/web\/\",\"name\":\"P\u00e1gina10\",\"description\":\"Peri\u00f3dico Regional\",\"publisher\":{\"@id\":\"https:\/\/pagina10.com\/web\/#organization\"},\"alternateName\":\"P\u00e1gina10 Peri\u00f3dico Regional\",\"potentialAction\":[{\"@type\":\"SearchAction\",\"target\":{\"@type\":\"EntryPoint\",\"urlTemplate\":\"https:\/\/pagina10.com\/web\/?s={search_term_string}\"},\"query-input\":{\"@type\":\"PropertyValueSpecification\",\"valueRequired\":true,\"valueName\":\"search_term_string\"}}],\"inLanguage\":\"es\"},{\"@type\":\"Organization\",\"@id\":\"https:\/\/pagina10.com\/web\/#organization\",\"name\":\"P\u00e1gina10\",\"alternateName\":\"P\u00e1gina10 Peri\u00f3dico Regional\",\"url\":\"https:\/\/pagina10.com\/web\/\",\"logo\":{\"@type\":\"ImageObject\",\"inLanguage\":\"es\",\"@id\":\"https:\/\/pagina10.com\/web\/#\/schema\/logo\/image\/\",\"url\":\"https:\/\/pagina10.com\/web\/wp-content\/uploads\/2024\/01\/40-pagina-10-periodico-regional-pasto.jpg\",\"contentUrl\":\"https:\/\/pagina10.com\/web\/wp-content\/uploads\/2024\/01\/40-pagina-10-periodico-regional-pasto.jpg\",\"width\":1280,\"height\":720,\"caption\":\"P\u00e1gina10\"},\"image\":{\"@id\":\"https:\/\/pagina10.com\/web\/#\/schema\/logo\/image\/\"},\"sameAs\":[\"https:\/\/www.facebook.com\/pag10com\",\"https:\/\/x.com\/Pag10com\",\"https:\/\/www.instagram.com\/pagina10col\/\",\"https:\/\/youtube.com\/channel\/pag10\",\"https:\/\/www.tiktok.com\/@p10col\"]},{\"@type\":\"Person\",\"@id\":\"https:\/\/pagina10.com\/web\/#\/schema\/person\/2efc4a090d25b667d3bc796798a3a81b\",\"name\":\"P\u00e1gina 10\",\"description\":\"P\u00e1gina 10 es un peri\u00f3dico regional que nace en Colombia, en el departamento de Nari\u00f1o, con un enfoque global, fundamentado en cuatro pilares esenciales: la libertad, el pluralismo, la inclusi\u00f3n y la independencia. P\u00e1gina 10 hace referencia a Nari\u00f1o como el d\u00e9cimo departamento creado en Colombia, despu\u00e9s de un proceso pol\u00edtico liderado por actores y actrices regionales con el fin de obtener la independencia y autonom\u00eda de nuestros territorios. Con la creaci\u00f3n de P\u00e1gina 10 se pretende abrir un escenario para el dialogo, la reflexi\u00f3n y el debate que se extienda a otras geograf\u00edas de Am\u00e9rica Latina y del planeta, en una apuesta por transformar colectivamente los desaf\u00edos de un mundo contempor\u00e1neo, m\u00e1s all\u00e1 de las fronteras impuestas.\",\"url\":\"https:\/\/pagina10.com\/web\/author\/pdiezadmin\/\"}]}<\/script>\n<!-- \/ Yoast SEO plugin. -->","yoast_head_json":{"title":"Ricardo Oviedo renuncia de manera irrevocable a ser candidato a la rector\u00eda de la Universidad de Nari\u00f1o. | P\u00e1gina10","robots":{"index":"index","follow":"follow","max-snippet":"max-snippet:-1","max-image-preview":"max-image-preview:large","max-video-preview":"max-video-preview:-1"},"canonical":"https:\/\/pagina10.com\/web\/ricardo-oviedo-renuncia-de-manera-irrevocable-a-ser-candidato-a-la-rectoria-de-la-universidad-de-narino\/","og_locale":"es_ES","og_type":"article","og_title":"Ricardo Oviedo renuncia de manera irrevocable a ser candidato a la rector\u00eda de la Universidad de Nari\u00f1o. | P\u00e1gina10","og_description":"En una carta que fue enviada el d\u00eda de hoy al Comit\u00e9 Electoral de la Universidad de Nari\u00f1o, el doctor Ricardo Oviedo renunci\u00f3, de manera irrevocable, a la candidatura de rector que hab\u00eda venido adelantando hace algunas semanas. En la carta, el exdirector del programa de Sociolog\u00eda, Ricardo Oviedo, manifest\u00f3 que la raz\u00f3n que lo [&hellip;]","og_url":"https:\/\/pagina10.com\/web\/ricardo-oviedo-renuncia-de-manera-irrevocable-a-ser-candidato-a-la-rectoria-de-la-universidad-de-narino\/","og_site_name":"P\u00e1gina10","article_publisher":"https:\/\/www.facebook.com\/pag10com","article_published_time":"2021-03-12T19:50:24+00:00","og_image":[{"width":1200,"height":673,"url":"https:\/\/pagina10.com\/web\/wp-content\/uploads\/2021\/03\/dr-ricardo-oviedo-udenarperiodico.jpg","type":"image\/jpeg"}],"author":"P\u00e1gina 10","twitter_card":"summary_large_image","twitter_creator":"@Pag10com","twitter_site":"@Pag10com","twitter_misc":{"Escrito por":"P\u00e1gina 10","Tiempo de lectura":"1 minuto"},"schema":{"@context":"https:\/\/schema.org","@graph":[{"@type":"Article","@id":"https:\/\/pagina10.com\/web\/ricardo-oviedo-renuncia-de-manera-irrevocable-a-ser-candidato-a-la-rectoria-de-la-universidad-de-narino\/#article","isPartOf":{"@id":"https:\/\/pagina10.com\/web\/ricardo-oviedo-renuncia-de-manera-irrevocable-a-ser-candidato-a-la-rectoria-de-la-universidad-de-narino\/"},"author":{"name":"P\u00e1gina 10","@id":"https:\/\/pagina10.com\/web\/#\/schema\/person\/2efc4a090d25b667d3bc796798a3a81b"},"headline":"Ricardo Oviedo renuncia de manera irrevocable a ser candidato a la rector\u00eda de la Universidad de Nari\u00f1o.","datePublished":"2021-03-12T19:50:24+00:00","mainEntityOfPage":{"@id":"https:\/\/pagina10.com\/web\/ricardo-oviedo-renuncia-de-manera-irrevocable-a-ser-candidato-a-la-rectoria-de-la-universidad-de-narino\/"},"wordCount":318,"commentCount":0,"publisher":{"@id":"https:\/\/pagina10.com\/web\/#organization"},"image":{"@id":"https:\/\/pagina10.com\/web\/ricardo-oviedo-renuncia-de-manera-irrevocable-a-ser-candidato-a-la-rectoria-de-la-universidad-de-narino\/#primaryimage"},"thumbnailUrl":"https:\/\/pagina10.com\/web\/wp-content\/uploads\/2021\/03\/dr-ricardo-oviedo-udenarperiodico.jpg","articleSection":["Regiones"],"inLanguage":"es","potentialAction":[{"@type":"CommentAction","name":"Comment","target":["https:\/\/pagina10.com\/web\/ricardo-oviedo-renuncia-de-manera-irrevocable-a-ser-candidato-a-la-rectoria-de-la-universidad-de-narino\/#respond"]}]},{"@type":"WebPage","@id":"https:\/\/pagina10.com\/web\/ricardo-oviedo-renuncia-de-manera-irrevocable-a-ser-candidato-a-la-rectoria-de-la-universidad-de-narino\/","url":"https:\/\/pagina10.com\/web\/ricardo-oviedo-renuncia-de-manera-irrevocable-a-ser-candidato-a-la-rectoria-de-la-universidad-de-narino\/","name":"Ricardo Oviedo renuncia de manera irrevocable a ser candidato a la rector\u00eda de la Universidad de Nari\u00f1o. | P\u00e1gina10","isPartOf":{"@id":"https:\/\/pagina10.com\/web\/#website"},"primaryImageOfPage":{"@id":"https:\/\/pagina10.com\/web\/ricardo-oviedo-renuncia-de-manera-irrevocable-a-ser-candidato-a-la-rectoria-de-la-universidad-de-narino\/#primaryimage"},"image":{"@id":"https:\/\/pagina10.com\/web\/ricardo-oviedo-renuncia-de-manera-irrevocable-a-ser-candidato-a-la-rectoria-de-la-universidad-de-narino\/#primaryimage"},"thumbnailUrl":"https:\/\/pagina10.com\/web\/wp-content\/uploads\/2021\/03\/dr-ricardo-oviedo-udenarperiodico.jpg","datePublished":"2021-03-12T19:50:24+00:00","breadcrumb":{"@id":"https:\/\/pagina10.com\/web\/ricardo-oviedo-renuncia-de-manera-irrevocable-a-ser-candidato-a-la-rectoria-de-la-universidad-de-narino\/#breadcrumb"},"inLanguage":"es","potentialAction":[{"@type":"ReadAction","target":["https:\/\/pagina10.com\/web\/ricardo-oviedo-renuncia-de-manera-irrevocable-a-ser-candidato-a-la-rectoria-de-la-universidad-de-narino\/"]}]},{"@type":"ImageObject","inLanguage":"es","@id":"https:\/\/pagina10.com\/web\/ricardo-oviedo-renuncia-de-manera-irrevocable-a-ser-candidato-a-la-rectoria-de-la-universidad-de-narino\/#primaryimage","url":"https:\/\/pagina10.com\/web\/wp-content\/uploads\/2021\/03\/dr-ricardo-oviedo-udenarperiodico.jpg","contentUrl":"https:\/\/pagina10.com\/web\/wp-content\/uploads\/2021\/03\/dr-ricardo-oviedo-udenarperiodico.jpg","width":1200,"height":673},{"@type":"BreadcrumbList","@id":"https:\/\/pagina10.com\/web\/ricardo-oviedo-renuncia-de-manera-irrevocable-a-ser-candidato-a-la-rectoria-de-la-universidad-de-narino\/#breadcrumb","itemListElement":[{"@type":"ListItem","position":1,"name":"Portada","item":"https:\/\/pagina10.com\/web\/"},{"@type":"ListItem","position":2,"name":"Ricardo Oviedo renuncia de manera irrevocable a ser candidato a la rector\u00eda de la Universidad de Nari\u00f1o."}]},{"@type":"WebSite","@id":"https:\/\/pagina10.com\/web\/#website","url":"https:\/\/pagina10.com\/web\/","name":"P\u00e1gina10","description":"Peri\u00f3dico Regional","publisher":{"@id":"https:\/\/pagina10.com\/web\/#organization"},"alternateName":"P\u00e1gina10 Peri\u00f3dico Regional","potentialAction":[{"@type":"SearchAction","target":{"@type":"EntryPoint","urlTemplate":"https:\/\/pagina10.com\/web\/?s={search_term_string}"},"query-input":{"@type":"PropertyValueSpecification","valueRequired":true,"valueName":"search_term_string"}}],"inLanguage":"es"},{"@type":"Organization","@id":"https:\/\/pagina10.com\/web\/#organization","name":"P\u00e1gina10","alternateName":"P\u00e1gina10 Peri\u00f3dico Regional","url":"https:\/\/pagina10.com\/web\/","logo":{"@type":"ImageObject","inLanguage":"es","@id":"https:\/\/pagina10.com\/web\/#\/schema\/logo\/image\/","url":"https:\/\/pagina10.com\/web\/wp-content\/uploads\/2024\/01\/40-pagina-10-periodico-regional-pasto.jpg","contentUrl":"https:\/\/pagina10.com\/web\/wp-content\/uploads\/2024\/01\/40-pagina-10-periodico-regional-pasto.jpg","width":1280,"height":720,"caption":"P\u00e1gina10"},"image":{"@id":"https:\/\/pagina10.com\/web\/#\/schema\/logo\/image\/"},"sameAs":["https:\/\/www.facebook.com\/pag10com","https:\/\/x.com\/Pag10com","https:\/\/www.instagram.com\/pagina10col\/","https:\/\/youtube.com\/channel\/pag10","https:\/\/www.tiktok.com\/@p10col"]},{"@type":"Person","@id":"https:\/\/pagina10.com\/web\/#\/schema\/person\/2efc4a090d25b667d3bc796798a3a81b","name":"P\u00e1gina 10","description":"P\u00e1gina 10 es un peri\u00f3dico regional que nace en Colombia, en el departamento de Nari\u00f1o, con un enfoque global, fundamentado en cuatro pilares esenciales: la libertad, el pluralismo, la inclusi\u00f3n y la independencia. P\u00e1gina 10 hace referencia a Nari\u00f1o como el d\u00e9cimo departamento creado en Colombia, despu\u00e9s de un proceso pol\u00edtico liderado por actores y actrices regionales con el fin de obtener la independencia y autonom\u00eda de nuestros territorios. Con la creaci\u00f3n de P\u00e1gina 10 se pretende abrir un escenario para el dialogo, la reflexi\u00f3n y el debate que se extienda a otras geograf\u00edas de Am\u00e9rica Latina y del planeta, en una apuesta por transformar colectivamente los desaf\u00edos de un mundo contempor\u00e1neo, m\u00e1s all\u00e1 de las fronteras impuestas.","url":"https:\/\/pagina10.com\/web\/author\/pdiezadmin\/"}]}},"_links":{"self":[{"href":"https:\/\/pagina10.com\/web\/wp-json\/wp\/v2\/posts\/51112","targetHints":{"allow":["GET"]}}],"collection":[{"href":"https:\/\/pagina10.com\/web\/wp-json\/wp\/v2\/posts"}],"about":[{"href":"https:\/\/pagina10.com\/web\/wp-json\/wp\/v2\/types\/post"}],"author":[{"embeddable":true,"href":"https:\/\/pagina10.com\/web\/wp-json\/wp\/v2\/users\/1"}],"replies":[{"embeddable":true,"href":"https:\/\/pagina10.com\/web\/wp-json\/wp\/v2\/comments?post=51112"}],"version-history":[{"count":1,"href":"https:\/\/pagina10.com\/web\/wp-json\/wp\/v2\/posts\/51112\/revisions"}],"predecessor-version":[{"id":51114,"href":"https:\/\/pagina10.com\/web\/wp-json\/wp\/v2\/posts\/51112\/revisions\/51114"}],"wp:featuredmedia":[{"embeddable":true,"href":"https:\/\/pagina10.com\/web\/wp-json\/wp\/v2\/media\/51113"}],"wp:attachment":[{"href":"https:\/\/pagina10.com\/web\/wp-json\/wp\/v2\/media?parent=51112"}],"wp:term":[{"taxonomy":"category","embeddable":true,"href":"https:\/\/pagina10.com\/web\/wp-json\/wp\/v2\/categories?post=51112"},{"taxonomy":"post_tag","embeddable":true,"href":"https:\/\/pagina10.com\/web\/wp-json\/wp\/v2\/tags?post=51112"}],"curies":[{"name":"wp","href":"https:\/\/api.w.org\/{rel}","templated":true}]}}